{"id":3787,"global_id":"www.satb.sk?id=3787","global_id_lineage":["www.satb.sk?id=3787"],"author":"1","status":"publish","date":"2019-03-17 03:21:24","date_utc":"2019-03-17 03:21:24","modified":"2019-03-17 03:21:24","modified_utc":"2019-03-17 03:21:24","url":"https:\/\/www.satb.sk\/index.php\/udalosti\/akademicka-banska-bystrica\/","rest_url":"https:\/\/www.satb.sk\/index.php\/wp-json\/tribe\/events\/v1\/events\/3787","title":"Akademick\u00e1 Bansk\u00e1 Bystrica","description":"<p>Medzin\u00e1rodn\u00fd s\u00fa\u0165a\u017en\u00fd festival<\/p>\n<p>Festival je ur\u010den\u00fd pre vysoko\u0161kolsk\u00e9 a stredo\u0161kolsk\u00e9 spev\u00e1cke zbory a tie\u017e pre vok\u00e1lne zoskupenia.\u00a0S\u00fa\u0165a\u017eiaci v\u0161ak musia splni\u0165 viacer\u00e9 podmienky, medzi ktor\u00e9 patr\u00ed predov\u0161etk\u00fdm s\u00fa\u0165a\u017en\u00fd reperto\u00e1r. Do s\u00fa\u0165a\u017en\u00e9ho reperto\u00e1ru je potrebn\u00e9 zaradi\u0165 zborov\u00fa skladbu vlastn\u00e9ho n\u00e1roda skomponovan\u00fa po roku 1985, polyf\u00f3nnu skladbu z obdobia renesancie alebo baroka a v pr\u00edpade vysoko\u0161kolsk\u00fdch zborov je nutn\u00e9 nacvi\u010di\u0165 aj povinn\u00fa skladbu slovensk\u00e9ho skladate\u013ea (Pavol Kr\u0161ka alebo Ivan Hru\u0161ovsk\u00fd).<\/p>","excerpt":"","slug":"akademicka-banska-bystrica","image":false,"all_day":false,"start_date":"2019-05-09 08:00:00","start_date_details":{"year":"2019","month":"05","day":"09","hour":"08","minutes":"00","seconds":"00"},"end_date":"2019-05-12 17:00:00","end_date_details":{"year":"2019","month":"05","day":"12","hour":"17","minutes":"00","seconds":"00"},"utc_start_date":"2019-05-09 08:00:00","utc_start_date_details":{"year":"2019","month":"05","day":"09","hour":"08","minutes":"00","seconds":"00"},"utc_end_date":"2019-05-12 17:00:00","utc_end_date_details":{"year":"2019","month":"05","day":"12","hour":"17","minutes":"00","seconds":"00"},"timezone":"UTC+0","timezone_abbr":"UTC+0","cost":"","cost_details":{"currency_symbol":"","currency_position":"prefix","values":[]},"website":"https:\/\/www.satb.sk\/index.php\/2019\/02\/11\/festival-akademicka-banska-bystrica\/#more-2505","show_map":false,"show_map_link":false,"hide_from_listings":false,"sticky":false,"featured":false,"categories":[],"tags":[{"name":"festivaly","slug":"festivaly","term_group":0,"term_taxonomy_id":28,"taxonomy":"post_tag","description":"","parent":0,"count":13,"filter":"raw","id":28,"urls":{"self":"https:\/\/www.satb.sk\/index.php\/wp-json\/tribe\/events\/v1\/tags\/28","collection":"https:\/\/www.satb.sk\/index.php\/wp-json\/tribe\/events\/v1\/tags"}}],"venue":{"id":3789,"author":"1","status":"publish","date":"2019-03-17 03:21:24","date_utc":"2019-03-17 03:21:24","modified":"2019-03-17 03:21:24","modified_utc":"2019-03-17 03:21:24","url":"https:\/\/www.satb.sk\/index.php\/miesto-udalosti\/aula-beliana-univerzity-mateja-belu\/","venue":"Aula BELIANA Univerzity Mateja Belu","slug":"aula-beliana-univerzity-mateja-belu","city":"Bansk\u00e1 Bystrica","json_ld":{"@type":"Place","name":"Aula BELIANA Univerzity Mateja Belu","description":"","url":"","address":{"@type":"PostalAddress","addressLocality":"Bansk\u00e1 Bystrica"},"telephone":"","sameAs":""},"show_map":true,"show_map_link":true,"global_id":"www.satb.sk?id=3789","global_id_lineage":["www.satb.sk?id=3789"]},"organizer":[],"json_ld":{"@context":"http:\/\/schema.org","@type":"Event","name":"Akademick\u00e1 Bansk\u00e1 Bystrica","description":"&lt;p&gt;Medzin\u00e1rodn\u00fd s\u00fa\u0165a\u017en\u00fd festival Festival je ur\u010den\u00fd pre vysoko\u0161kolsk\u00e9 a stredo\u0161kolsk\u00e9 spev\u00e1cke zbory a tie\u017e pre vok\u00e1lne zoskupenia.\u00a0S\u00fa\u0165a\u017eiaci v\u0161ak musia splni\u0165 viacer\u00e9 podmienky, medzi ktor\u00e9 patr\u00ed predov\u0161etk\u00fdm s\u00fa\u0165a\u017en\u00fd reperto\u00e1r. Do s\u00fa\u0165a\u017en\u00e9ho reperto\u00e1ru je potrebn\u00e9 zaradi\u0165 zborov\u00fa skladbu vlastn\u00e9ho n\u00e1roda skomponovan\u00fa po roku 1985, polyf\u00f3nnu skladbu z obdobia renesancie alebo baroka a v pr\u00edpade vysoko\u0161kolsk\u00fdch zborov je &lt;a class=&quot;read-more&quot; href=&quot;https:\/\/www.satb.sk\/index.php\/udalosti\/akademicka-banska-bystrica\/&quot;&gt;READ MORE&lt;\/a&gt;&lt;\/p&gt;\\n","url":"https:\/\/www.satb.sk\/index.php\/udalosti\/akademicka-banska-bystrica\/","startDate":"2019-05-09T08:00:00+00:00","endDate":"2019-05-12T17:00:00+00:00","location":{"@type":"Place","name":"Aula BELIANA Univerzity Mateja Belu","description":"","url":"","address":{"@type":"PostalAddress","addressLocality":"Bansk\u00e1 Bystrica"},"telephone":"","sameAs":""},"performer":"Organization"}}