{"id":1505,"date":"2019-01-30T02:12:24","date_gmt":"2019-01-30T02:12:24","guid":{"rendered":"https:\/\/www.satb.sk\/?p=1505"},"modified":"2019-10-16T08:59:53","modified_gmt":"2019-10-16T08:59:53","slug":"2-1-zo-zborovej-kniznice","status":"publish","type":"post","link":"https:\/\/www.satb.sk\/index.php\/2019\/01\/30\/2-1-zo-zborovej-kniznice\/","title":{"rendered":"Ola Gjeilo: Northern Lights"},"content":{"rendered":"<h6><strong><em>Do na\u0161ej zborovej kni\u017enice tentokr\u00e1t pribudne dielo od skladate\u013ea, ktor\u00e9ho v\u00e1m ur\u010dite nemus\u00edme predstavova\u0165.<\/em><\/strong><\/h6>\n<p><!--more--><\/p>\n<p><strong>Vhodn\u00e9 pre:<\/strong> Mie\u0161an\u00fd spev\u00e1cky zbor<br \/>\n<strong>N\u00e1ro\u010dnos\u0165:\u00a0<\/strong><br \/>\n<img loading=\"lazy\" decoding=\"async\" data-attachment-id=\"3904\" data-permalink=\"https:\/\/www.satb.sk\/index.php\/2019\/02\/20\/5-2-zo-zborovej-kniznice\/1-6\/\" data-orig-file=\"https:\/\/i0.wp.com\/www.satb.sk\/wp-content\/uploads\/2019\/02\/1-e1554521430570.png?fit=367%2C89&amp;ssl=1\" data-orig-size=\"367,89\" data-comments-opened=\"0\" data-image-meta=\"{&quot;aperture&quot;:&quot;0&quot;,&quot;credit&quot;:&quot;&quot;,&quot;camera&quot;:&quot;&quot;,&quot;caption&quot;:&quot;&quot;,&quot;created_timestamp&quot;:&quot;0&quot;,&quot;copyright&quot;:&quot;&quot;,&quot;focal_length&quot;:&quot;0&quot;,&quot;iso&quot;:&quot;0&quot;,&quot;shutter_speed&quot;:&quot;0&quot;,&quot;title&quot;:&quot;&quot;,&quot;orientation&quot;:&quot;0&quot;}\" data-image-title=\"1\" data-image-description=\"\" data-image-caption=\"\" data-medium-file=\"https:\/\/i0.wp.com\/www.satb.sk\/wp-content\/uploads\/2019\/02\/1-e1554521430570.png?fit=300%2C73&amp;ssl=1\" data-large-file=\"https:\/\/i0.wp.com\/www.satb.sk\/wp-content\/uploads\/2019\/02\/1-e1554521430570.png?fit=367%2C89&amp;ssl=1\" class=\"alignnone wp-image-3904\" src=\"https:\/\/i1.wp.com\/www.satb.sk\/wp-content\/uploads\/2019\/02\/1-e1554521430570-300x73.png?resize=66%2C16&#038;ssl=1\" alt=\"\" width=\"66\" height=\"16\" srcset=\"https:\/\/i0.wp.com\/www.satb.sk\/wp-content\/uploads\/2019\/02\/1-e1554521430570.png?resize=300%2C73&amp;ssl=1 300w, https:\/\/i0.wp.com\/www.satb.sk\/wp-content\/uploads\/2019\/02\/1-e1554521430570.png?w=367&amp;ssl=1 367w\" sizes=\"(max-width: 66px) 100vw, 66px\" data-recalc-dims=\"1\" \/><\/p>\n<p class=\"p1\"><span class=\"s1\">Pr\u00edroda v\u017edy \u013eud\u00ed fascinovala a\u00a0neraz i\u00a0podnecovala k jej umeleck\u00e9mu zobrazeniu v\u00a0obrazoch, slov\u00e1ch, \u010di hudbe. Aurora borealis &#8211; farebn\u00e9 svetl\u00e1 na no\u010dnej oblohe, oby\u010dajne naz\u00fdvan\u00e9 pol\u00e1rna \u017eiara, o\u010darili i\u00a0n\u00f3rskeho skladate\u013ea <strong>Ola Gjeila<\/strong>. Na Vianoce v\u00a0roku 2007 ho ich pozorovanie nad hladinou jazera pri Osle viedlo k\u00a0nap\u00edsaniu skladby pre mie\u0161an\u00fd zbor a capella <i>Northern Lights<\/i>. Zam\u00fd\u0161\u013eaj\u00fac sa nad silou, ktor\u00fa tieto svetl\u00e1 maj\u00fa a\u00a0nad t\u00fdm, \u010do museli u\u00a0\u013eud\u00ed vzbudzova\u0165 p\u00e1r storo\u010d\u00ed dozadu, kedy ich vznik e\u0161te nevedeli vedecky podlo\u017ei\u0165, Gjeilo zaodieva ve\u013emi pr\u00edjemn\u00fdm hudobn\u00fdm harmonick\u00fdm spektrom akordov. V\u00a0symbi\u00f3ze so svojimi \u00favahami Gjeilo sp\u00e1ja star\u00e9 n\u00e1h\u013eady na pol\u00e1rnu \u017eiaru s\u00a0nov\u00fdmi<span class=\"Apple-converted-space\">\u00a0 <\/span>i\u00a0po hudobnej str\u00e1nke. V\u00fdstavba mel\u00f3die a\u00a0recitovanie biblick\u00e9ho latinsk\u00e9ho textu (6 kapitola z\u00a0Piesne Piesn\u00ed) v\u00a0\u0161t\u00fdle gregori\u00e1nskych chor\u00e1lov je obohaten\u00e1 o\u00a0modernej\u0161ie akordick\u00e9 vrstvenie hlasov. Hromadenie sa t\u00f3nov vrchol\u00ed v\u00a0jedinom vn\u00fatornom delen\u00ed hlasov v\u00a0spleti t\u00f3nov d-e-fis-g. Jemn\u00e9 vlniv\u00e9 pohyby no\u010dn\u00fdch svetiel kop\u00edruj\u00fa i\u00a0striedmo sa pohybuj\u00face deklamovan\u00e9 mel\u00f3die. Ak\u00fa Auroru borealis budete ma\u0165 vo svojich predstav\u00e1ch po\u010das po\u010d\u00favania <i>Northern Lights<\/i> vy, n\u00e1m m\u00f4\u017eete nap\u00edsa\u0165 do koment\u00e1rov.<br \/>\nNotov\u00fd materi\u00e1l pre mie\u0161an\u00fd zbor si m\u00f4\u017eete zak\u00fapi\u0165 na tejto <a href=\"https:\/\/www.musicroom.com\/product-detail\/product1048212\/variant1048212\/ola-gjeilo-northern-lights\/\" target=\"_blank\" rel=\"noopener\">webovej str\u00e1nke<\/a> alebo si ho m\u00f4\u017eete zadarmo stiahnu\u0165 <a href=\"https:\/\/www.bostonchoral.org\/wp-content\/uploads\/2012\/07\/Gjeilo-Northern-lights-marked.pdf\" target=\"_blank\" rel=\"noopener\">TU<\/a>. \u00dapravu pre mu\u017esk\u00fd spev\u00e1cky zbor n\u00e1jdete <a href=\"https:\/\/www.giamusic.com\/store\/resource\/northern-lights-ttbb-pdf-dww1764\" target=\"_blank\" rel=\"noopener\">TU<\/a>.<\/span><\/p>\n<p><span class=\"embed-youtube\" style=\"text-align:center; display: block;\"><iframe loading=\"lazy\" class=\"youtube-player\" width=\"837\" height=\"471\" src=\"https:\/\/www.youtube.com\/embed\/-s4_FsuOvG4?version=3&#038;rel=1&#038;showsearch=0&#038;showinfo=1&#038;iv_load_policy=1&#038;fs=1&#038;hl=sk-SK&#038;autohide=2&#038;wmode=transparent\" allowfullscreen=\"true\" style=\"border:0;\" sandbox=\"allow-scripts allow-same-origin allow-popups allow-presentation\"><\/iframe><\/span><\/p>\n<p>Pripravila: Krist\u00edna Gotthardty<\/p>\n","protected":false},"excerpt":{"rendered":"<p>Do na\u0161ej zborovej kni\u017enice tentokr\u00e1t pribudne dielo od skladate\u013ea, ktor\u00e9ho v\u00e1m ur\u010dite nemus\u00edme predstavova\u0165.<\/p>\n","protected":false},"author":1,"featured_media":1551,"comment_status":"closed","ping_status":"closed","sticky":false,"template":"","format":"standard","meta":{"om_disable_all_campaigns":false,"_monsterinsights_skip_tracking":false,"_monsterinsights_sitenote_active":false,"_monsterinsights_sitenote_note":"","_monsterinsights_sitenote_category":0,"spay_email":"","footnotes":"","jetpack_publicize_message":"","jetpack_is_tweetstorm":false},"categories":[40],"tags":[45,43],"class_list":["post-1505","post","type-post","status-publish","format-standard","has-post-thumbnail","hentry","category-zo-zborovej-kniznice","tag-miesany-zbor","tag-zo-zborovej-kniznice"],"aioseo_notices":[],"jetpack_featured_media_url":"https:\/\/i2.wp.com\/www.satb.sk\/wp-content\/uploads\/2019\/01\/21-Northern-Lights.png?fit=1920%2C1080&ssl=1","jetpack_publicize_connections":[],"jetpack_sharing_enabled":true,"jetpack_shortlink":"https:\/\/wp.me\/pav5wC-oh","jetpack-related-posts":[{"id":759,"url":"https:\/\/www.satb.sk\/index.php\/2019\/01\/23\/1-1-zo-zborovej-kniznice\/","url_meta":{"origin":1505,"position":0},"title":"Carlos Simon: Sanctus","date":"23 janu\u00e1ra, 2019","format":false,"excerpt":"Prv\u00e9 dielo, ktor\u00e9 v\u00e1m predstav\u00edme v na\u0161ej zborovej kni\u017enici, bude skladba americk\u00e9ho skladate\u013ea Carlosa Simona.\u00a0 Vhodn\u00e9 pre: Mie\u0161an\u00fd spev\u00e1cky zbor N\u00e1ro\u010dnos\u0165:\u00a0 Skladate\u013e a aran\u017e\u00e9r Carlos Simon je rod\u00e1kom z Atlanty. V r\u00e1mci svojej tvorby sa zameriava na komponovanie orchestr\u00e1lnej a filmovej hudby, no pr\u00edle\u017eitostne sklad\u00e1 hudbu aj pre komorn\u00e9 a\u2026","rel":"","context":"V &quot;ZO ZBOROVEJ KNI\u017dNICE&quot;","img":{"alt_text":"","src":"https:\/\/i1.wp.com\/www.satb.sk\/wp-content\/uploads\/2019\/01\/Sanctus.png?fit=1200%2C675&ssl=1&resize=350%2C200","width":350,"height":200},"classes":[]},{"id":3193,"url":"https:\/\/www.satb.sk\/index.php\/2019\/02\/13\/4-2-zo-zborovej-kniznice\/","url_meta":{"origin":1505,"position":1},"title":"Bob Chilcott: The Making of the Drum","date":"13 febru\u00e1ra, 2019","format":false,"excerpt":"Pozorovanie spolu\u017eitia \u010dloveka a\u00a0pr\u00edrody vie by\u0165 pre umelcov ve\u013ekou in\u0161pir\u00e1ciou. Vie n\u00e1s napr\u00edklad nau\u010di\u0165 ako vyrobi\u0165 bubon. Ak ste dom\u00e1ci kutil a\u00a0chcete n\u00e1vod na v\u00fdrobu bubna, tak ur\u010dite siahnite do na\u0161ej zborovej kni\u017enice. Vhodn\u00e9 pre: Mie\u0161an\u00fd spev\u00e1cky zborN\u00e1ro\u010dnos\u0165: Anglick\u00fd skladate\u013e Bob Chilcott zasv\u00e4til zboru cel\u00fd svoj profesion\u00e1lny \u017eivot \u2013 najsk\u00f4r\u2026","rel":"","context":"V &quot;ZO ZBOROVEJ KNI\u017dNICE&quot;","img":{"alt_text":"","src":"https:\/\/i2.wp.com\/www.satb.sk\/wp-content\/uploads\/2019\/02\/MAKING-OF-DRUM.png?fit=1200%2C675&ssl=1&resize=350%2C200","width":350,"height":200},"classes":[]},{"id":5180,"url":"https:\/\/www.satb.sk\/index.php\/2020\/02\/19\/alfred-schnittke-stikhi-pokayanniye\/","url_meta":{"origin":1505,"position":2},"title":"Alfred Schnittke: Stikhi Pokayanniye","date":"19 febru\u00e1ra, 2020","format":false,"excerpt":"Nepatr\u00edm k nikomu, nem\u00e1m nijak\u00fa krajinu a nem\u00e1m nijak\u00e9 miesto. Vhodn\u00e9 pre:\u00a0mu\u017esk\u00fd\/mie\u0161an\u00fd spev\u00e1cky zbor N\u00e1ro\u010dnos\u0165: Alfred Schnittke (1934 - 1998) bol \u010dlovekom, v\u00a0ktorom sa sp\u00e1jali rusk\u00e9, nemeck\u00e9 a\u00a0z\u00e1rove\u0148 i\u00a0\u017eidovsk\u00e9 korene. Mie\u0161anie trad\u00edci\u00ed, jazykov i\u00a0n\u00e1bo\u017eensk\u00fdch zvykov sa prejavilo na formovan\u00ed skladate\u013eovho hudobn\u00e9ho prejavu. Hudobn\u00e1 poly\u0161t\u00fdlovos\u0165 bola v\u00fdslednicou spracovania podnetov, ktor\u00e9 skladate\u013ea\u2026","rel":"","context":"V &quot;ZO ZBOROVEJ KNI\u017dNICE&quot;","img":{"alt_text":"","src":"https:\/\/i1.wp.com\/www.satb.sk\/wp-content\/uploads\/2020\/02\/Alfred-Schnittke-Pokaniye.png?fit=1200%2C675&ssl=1&resize=350%2C200","width":350,"height":200},"classes":[]},{"id":3708,"url":"https:\/\/www.satb.sk\/index.php\/2019\/02\/27\/6-2-zo-zborovej-kniznice\/","url_meta":{"origin":1505,"position":3},"title":"Meredith Monk: Panda Chant","date":"27 febru\u00e1ra, 2019","format":false,"excerpt":"Panda, panda, panda ... Nie, nejde o\u00a0piese\u0148 na z\u00e1chranu p\u00e1nd, ide o\u00a0viac. O \u010do? Do\u010d\u00edtate sa v na\u0161ej kni\u017enici. Vhodn\u00e9 pre: Mie\u0161an\u00fd spev\u00e1cky zbor N\u00e1ro\u010dnos\u0165: Tvorivos\u0165, kreativita \u2013 s\u00a0t\u00fdmito pojmami sa \u010doraz \u010dastej\u0161ie stret\u00e1vame pri na\u0161ej ka\u017edodennej pr\u00e1ci. Meredith Monk objavuje mo\u017enosti t\u00fdchto dvoch pojmov u\u017e nieko\u013eko desiatok rokov vo\u2026","rel":"","context":"V &quot;ZO ZBOROVEJ KNI\u017dNICE&quot;","img":{"alt_text":"","src":"https:\/\/i2.wp.com\/www.satb.sk\/wp-content\/uploads\/2019\/02\/Panda-Chant.png?fit=1200%2C675&ssl=1&resize=350%2C200","width":350,"height":200},"classes":[]},{"id":5080,"url":"https:\/\/www.satb.sk\/index.php\/2020\/02\/05\/kile-smith-why-did-they-all-shout\/","url_meta":{"origin":1505,"position":4},"title":"Kile Smith: Why did they all shout","date":"5 febru\u00e1ra, 2020","format":false,"excerpt":"Lah\u00f4dky zo zborovej Grammy kni\u017enice! Vhodn\u00e9 pre:\u00a0mie\u0161an\u00fd spev\u00e1cky zbor N\u00e1ro\u010dnos\u0165: Americk\u00fd skladate\u013e Kile Smith\u00a0(1956) spieval v\u00a0kostoln\u00fdch a\u00a0\u0161kolsk\u00fdch zboroch u\u017e ako die\u0165a, no noty sa nau\u010dil \u010d\u00edta\u0165 a\u017e ako 17-ro\u010dn\u00fd. A v tom \u010dase sa z\u00e1rove\u0148 rozhodol, \u017ee sa stane skladate\u013eom. Viedla ho k tomu najm\u00e4 k\u00fapa platne, na ktorej bolo\u2026","rel":"","context":"V &quot;ZO ZBOROVEJ KNI\u017dNICE&quot;","img":{"alt_text":"","src":"https:\/\/i0.wp.com\/www.satb.sk\/wp-content\/uploads\/2020\/02\/Kile-Smith-Why-did-they-all-shout-1.png?fit=1200%2C675&ssl=1&resize=350%2C200","width":350,"height":200},"classes":[]},{"id":2417,"url":"https:\/\/www.satb.sk\/index.php\/2019\/02\/06\/3-2-zo-zborovej-kniznice\/","url_meta":{"origin":1505,"position":5},"title":"Eugen Sucho\u0148: Varila my\u0161i\u010dka ka\u0161i\u010dku","date":"6 febru\u00e1ra, 2019","format":false,"excerpt":"Dnes si s\u00a0varen\u00edm nemus\u00edte robi\u0165 starosti. Pre\u010do? Navarili sme pre v\u00e1s my v na\u0161ej zborovej kni\u017enici! Presnej\u0161ie navaril Eugen Sucho\u0148 a\u00a0\u00faplne najpresnej\u0161ie navarila My\u0161i\u010dka. P\u00fdtate sa \u010do navarila? No predsa ka\u0161i\u010dku. Vhodn\u00e9 pre: Detsk\u00fd spev\u00e1cky zbor N\u00e1ro\u010dnos\u0165: Ka\u017ed\u00e9 detsk\u00e9 srdce iste pote\u0161\u00ed kompoz\u00edcia slovensk\u00e9ho n\u00e1rodn\u00e9ho umelca Eugena Sucho\u0148a \u2013 Varila\u2026","rel":"","context":"V &quot;ZO ZBOROVEJ KNI\u017dNICE&quot;","img":{"alt_text":"","src":"https:\/\/i0.wp.com\/www.satb.sk\/wp-content\/uploads\/2019\/02\/Varila-mys\u030cic\u030cka-kas\u030cic\u030cku.png?fit=1200%2C675&ssl=1&resize=350%2C200","width":350,"height":200},"classes":[]}],"_links":{"self":[{"href":"https:\/\/www.satb.sk\/index.php\/wp-json\/wp\/v2\/posts\/1505"}],"collection":[{"href":"https:\/\/www.satb.sk\/index.php\/wp-json\/wp\/v2\/posts"}],"about":[{"href":"https:\/\/www.satb.sk\/index.php\/wp-json\/wp\/v2\/types\/post"}],"author":[{"embeddable":true,"href":"https:\/\/www.satb.sk\/index.php\/wp-json\/wp\/v2\/users\/1"}],"replies":[{"embeddable":true,"href":"https:\/\/www.satb.sk\/index.php\/wp-json\/wp\/v2\/comments?post=1505"}],"version-history":[{"count":10,"href":"https:\/\/www.satb.sk\/index.php\/wp-json\/wp\/v2\/posts\/1505\/revisions"}],"predecessor-version":[{"id":4491,"href":"https:\/\/www.satb.sk\/index.php\/wp-json\/wp\/v2\/posts\/1505\/revisions\/4491"}],"wp:featuredmedia":[{"embeddable":true,"href":"https:\/\/www.satb.sk\/index.php\/wp-json\/wp\/v2\/media\/1551"}],"wp:attachment":[{"href":"https:\/\/www.satb.sk\/index.php\/wp-json\/wp\/v2\/media?parent=1505"}],"wp:term":[{"taxonomy":"category","embeddable":true,"href":"https:\/\/www.satb.sk\/index.php\/wp-json\/wp\/v2\/categories?post=1505"},{"taxonomy":"post_tag","embeddable":true,"href":"https:\/\/www.satb.sk\/index.php\/wp-json\/wp\/v2\/tags?post=1505"}],"curies":[{"name":"wp","href":"https:\/\/api.w.org\/{rel}","templated":true}]}}