{"id":1700,"date":"2019-02-04T13:45:44","date_gmt":"2019-02-04T13:45:44","guid":{"rendered":"https:\/\/www.satb.sk\/?p=1700"},"modified":"2019-02-04T17:31:07","modified_gmt":"2019-02-04T17:31:07","slug":"prihlaste-sa-na-vranovske-zborove-slavnosti","status":"publish","type":"post","link":"https:\/\/www.satb.sk\/index.php\/2019\/02\/04\/prihlaste-sa-na-vranovske-zborove-slavnosti\/","title":{"rendered":"Prihl\u00e1ste sa na Vranovsk\u00e9 zborov\u00e9 sl\u00e1vnosti"},"content":{"rendered":"<p><em><span style=\"font-size: 14px; letter-spacing: 0px;\">Ob\u013e\u00faben\u00fd zborov\u00fd festival z v\u00fdchodn\u00e9ho Slovenska zverejnil svoj predbe\u017en\u00fd program.\u00a0<\/span><\/em><\/p>\n<p><!--more--><\/p>\n<p><span style=\"font-size: 14px; letter-spacing: 0px;\">Vranovsk\u00e9 zborov\u00e9 sl\u00e1vnosti patria k najstar\u0161\u00edm zborov\u00fdm festivalom na Slovensku. Tento festival je nes\u00fa\u0165a\u017en\u00fd a je ur\u010den\u00fd pre spev\u00e1cke zbory v\u0161etk\u00fdch vekov\u00fdch kateg\u00f3ri\u00ed. Z\u00fa\u010dastni\u0165 sa ho m\u00f4\u017eu nielen spev\u00e1cke zbory zo Slovenska, ale aj zo zahrani\u010dia, pri\u010dom zbory maj\u00fa mo\u017enos\u0165 podie\u013ea\u0165 sa na recipro\u010dnej v\u00fdmene. Festival sa bude kona\u0165\u00a0<strong>20.\u00a0\u2013 23. j\u00fana vo Vranove nad Top\u013eou\u00a0<\/strong>a tento rok sa uskuto\u010dn\u00ed u\u017e jeho 32. ro\u010dn\u00edk. <\/span><\/p>\n<p>Organiz\u00e1tori festivalu u\u017e tradi\u010dne pripravili pre \u00fa\u010dastn\u00edkov bohat\u00fd program. Podujatie sa ofici\u00e1lne za\u010dne sl\u00e1vnostn\u00fdm prijat\u00edm host\u00ed prim\u00e1torom mesta Vranov nad Top\u013eou, po ktorom spev\u00e1cke zbory nav\u0161t\u00edvia vranovsk\u00e9 z\u00e1kladn\u00e9 \u0161koly v r\u00e1mci akcie &#8220;Zbory de\u0165om&#8221;. Okrem toho sa \u00fa\u010dastn\u00edci m\u00f4\u017eu z\u00fa\u010dastni\u0165 festivalov\u00fdch koncertov, workshopov, semin\u00e1rov, diskusn\u00fdch ve\u010derov \u010di prehliadok kult\u00farnych pamiatok. Podujatie vyvrchol\u00ed sl\u00e1vnostn\u00fdm galakoncertom, na ktorom spolo\u010dne zaspievaj\u00fa spev\u00e1cke zbory skladbu Eugena Sucho\u0148a <em>Ak\u00e1 si mi kr\u00e1sna<\/em>.<\/p>\n<p>Festivalov\u00e9 koncerty sa uskuto\u010dnia v Mestkom dome kult\u00fary a v chr\u00e1moch vo Vranove nad Top\u013eou, v Humennom,<br \/>\nv Hanu\u0161ovciach nad Top\u013eou a v obciach okresu Vranov nad Top\u013eou. Spev\u00e1cke zbory m\u00f4\u017eu okrem toho dobrovo\u013ene \u00fa\u010dinkova\u0165 aj na bohoslu\u017eb\u00e1ch v tamoj\u0161\u00edch kostoloch. Ofici\u00e1lny program festivalu si m\u00f4\u017eete pozrie\u0165 na tejto <a href=\"http:\/\/www.ozvena.sk\/portal\/index.php?option=com_frontpage&amp;Itemid=1\" target=\"_blank\" rel=\"noopener\">webovej str\u00e1nke<\/a>.<\/p>\n<p style=\"text-align: center;\"><a href=\"http:\/\/www.ozvena.sk\/portal\/media\/stories\/application_form_32.pdf\" target=\"_blank\" rel=\"noopener\"><strong>CHCEM SA PRIHL\u00c1SI\u0164 NA VRANOVSK\u00c9 ZBOROV\u00c9 SL\u00c1VNOSTI<\/strong><\/a><\/p>\n<p><span class=\"embed-youtube\" style=\"text-align:center; display: block;\"><iframe loading=\"lazy\" class=\"youtube-player\" width=\"837\" height=\"471\" src=\"https:\/\/www.youtube.com\/embed\/yfmtgrdoNlM?version=3&#038;rel=1&#038;showsearch=0&#038;showinfo=1&#038;iv_load_policy=1&#038;fs=1&#038;hl=sk-SK&#038;autohide=2&#038;wmode=transparent\" allowfullscreen=\"true\" style=\"border:0;\" sandbox=\"allow-scripts allow-same-origin allow-popups allow-presentation\"><\/iframe><\/span><\/p>\n<p>Autor: satb.sk<br \/>\nFoto: Arch\u00edv ozvena.sk<\/p>\n","protected":false},"excerpt":{"rendered":"<p>Ob\u013e\u00faben\u00fd zborov\u00fd festival z v\u00fdchodn\u00e9ho Slovenska zverejnil svoj predbe\u017en\u00fd program.\u00a0<\/p>\n","protected":false},"author":1,"featured_media":1730,"comment_status":"open","ping_status":"open","sticky":false,"template":"","format":"standard","meta":{"om_disable_all_campaigns":false,"_monsterinsights_skip_tracking":false,"_monsterinsights_sitenote_active":false,"_monsterinsights_sitenote_note":"","_monsterinsights_sitenote_category":0,"spay_email":"","footnotes":"","jetpack_publicize_message":"","jetpack_is_tweetstorm":false},"categories":[22],"tags":[],"class_list":["post-1700","post","type-post","status-publish","format-standard","has-post-thumbnail","hentry","category-podujatia"],"aioseo_notices":[],"jetpack_featured_media_url":"https:\/\/i0.wp.com\/www.satb.sk\/wp-content\/uploads\/2019\/02\/056.jpg?fit=2048%2C1536&ssl=1","jetpack_publicize_connections":[],"jetpack_sharing_enabled":true,"jetpack_shortlink":"https:\/\/wp.me\/pav5wC-rq","jetpack-related-posts":[{"id":4165,"url":"https:\/\/www.satb.sk\/index.php\/2019\/07\/11\/ake-boli-vranovske-zborove-slavnosti\/","url_meta":{"origin":1700,"position":0},"title":"Ak\u00e9 boli Vranovsk\u00e9 zborov\u00e9 sl\u00e1vnosti?","date":"11 j\u00fala, 2019","format":false,"excerpt":"Skon\u010dil sa 32. ro\u010dn\u00edk medzin\u00e1rodn\u00e9ho zborov\u00e9ho festivalu vo Vranove nad Top\u013eou. Vranovsk\u00e9 zborov\u00e9 sl\u00e1vnosti patria k najstar\u0161\u00edm zborov\u00fdm festivalom na Slovensku. Tohtoro\u010dn\u00fd festival sa konal 20. - 23. j\u00fana vo Vranove nad Top\u013eou a predstavilo sa na \u0148om osem spev\u00e1ckych zborov zo \u0161tyroch kraj\u00edn. Z\u00e1\u0161titu nad podujat\u00edm prebrala ministerka kult\u00fary\u2026","rel":"","context":"V &quot;AKTU\u00c1LNE&quot;","img":{"alt_text":"","src":"https:\/\/i1.wp.com\/www.satb.sk\/wp-content\/uploads\/2019\/07\/017-1.jpg?fit=1200%2C900&ssl=1&resize=350%2C200","width":350,"height":200},"classes":[]},{"id":4121,"url":"https:\/\/www.satb.sk\/index.php\/2019\/06\/10\/zaspievajte-si-na-horehroni\/","url_meta":{"origin":1700,"position":1},"title":"Zaspievajte si na Horehron\u00ed","date":"10 j\u00fana, 2019","format":false,"excerpt":"Horehronsk\u00e9 sl\u00e1vnosti zborov\u00e9ho spevu v Brezne sp\u00fa\u0161\u0165aj\u00fa prihlasovanie pre spev\u00e1cke zbory.\u00a0 Horehronsk\u00e9 sl\u00e1vnosti zborov\u00e9ho spevu v Brezne patria k \u010fal\u0161\u00edm nes\u00fa\u0165a\u017en\u00fdm zborov\u00fdm festivalom na Slovensku. \u0160trn\u00e1sty ro\u010dn\u00edk tohto podujatia sa tento rok uskuto\u010dn\u00ed 3. - 6. okt\u00f3bra v Brezne. Festival je ur\u010den\u00fd pre spev\u00e1cke zbory v\u0161etk\u00fdch vekov\u00fdch kateg\u00f3ri\u00ed a z\u00fa\u010dastni\u0165\u2026","rel":"","context":"V &quot;Nezaraden\u00e9&quot;","img":{"alt_text":"","src":"https:\/\/i1.wp.com\/www.satb.sk\/wp-content\/uploads\/2019\/06\/17042712064144.jpg?fit=764%2C530&ssl=1&resize=350%2C200","width":350,"height":200},"classes":[]},{"id":4018,"url":"https:\/\/www.satb.sk\/index.php\/2019\/05\/13\/festival-voce-magna-2019-spustil-prihlasovanie\/","url_meta":{"origin":1700,"position":2},"title":"Festival Voce Magna 2019 spustil prihlasovanie","date":"13 m\u00e1ja, 2019","format":false,"excerpt":"Prihl\u00e1ste sa na\u00a0X. Medzin\u00e1rodn\u00fd festival a s\u00fa\u0165a\u017e \u017dilina Voce Magna 2019.\u00a0 Festival Voce Magna patr\u00ed u\u017e desa\u0165 rokov k v\u00fdznamn\u00fdm kult\u00farnym podujatiam v \u017diline. V priebehu rokov sa festivalu z\u00fa\u010dastnilo u\u017e nieko\u013eko desiatok spev\u00e1ckych zborov zo Slovenska i zo zahrani\u010dia. Festival sa v roku 2017 stal z\u00e1rove\u0148 aj s\u00fa\u0165a\u017eou a\u2026","rel":"","context":"V &quot;PODUJATIA&quot;","img":{"alt_text":"","src":"https:\/\/i2.wp.com\/www.satb.sk\/wp-content\/uploads\/2019\/05\/unnamed.jpg?fit=1200%2C846&ssl=1&resize=350%2C200","width":350,"height":200},"classes":[]},{"id":6115,"url":"https:\/\/www.satb.sk\/index.php\/2022\/01\/26\/pozname-terminy-mladez-spieva\/","url_meta":{"origin":1700,"position":3},"title":"Spojen\u00e9 ro\u010dn\u00edky a bez povinnej skladby. Pozn\u00e1me term\u00edny Ml\u00e1de\u017e spieva","date":"26 janu\u00e1ra, 2022","format":false,"excerpt":"Najstar\u0161ie zborov\u00e9 podujatie na Slovensku sa bude kona\u0165 aj napriek pand\u00e9mii.\u00a0 Po pandemickej odmlke sa pomaly vracaj\u00fa do kult\u00farneho \u017eivota aj podujatia pre spev\u00e1cke zbory. Tento rok sa uskuto\u010dn\u00ed 51. ro\u010dn\u00edk Celo\u0161t\u00e1tnej postupovej s\u00fa\u0165a\u017ee a prehliadky detsk\u00fdch a ml\u00e1de\u017en\u00edckych spev\u00e1ckych zborov Ml\u00e1de\u017e spieva 2022. Ml\u00e1de\u017e spieva patr\u00ed k vrcholn\u00fdm podujatiam\u2026","rel":"","context":"V &quot;AKTU\u00c1LNE&quot;","img":{"alt_text":"","src":"https:\/\/i0.wp.com\/www.satb.sk\/wp-content\/uploads\/2022\/01\/61852989_2298332020419336_8870836856296570880_n.jpeg?fit=1200%2C800&ssl=1&resize=350%2C200","width":350,"height":200},"classes":[]},{"id":4586,"url":"https:\/\/www.satb.sk\/index.php\/2019\/10\/28\/koncertujte-v-cine\/","url_meta":{"origin":1700,"position":4},"title":"Koncertujte v \u010c\u00edne!","date":"28 okt\u00f3bra, 2019","format":false,"excerpt":"Spev\u00e1cke zbory maj\u00fa jedine\u010dn\u00fa mo\u017enos\u0165 za\u017ei\u0165 koncertn\u00e9 turn\u00e9 v \u010c\u00edne.\u00a0 Medzin\u00e1rodn\u00e1 feder\u00e1cia pre zborov\u00fa hudbu (IFCM) sa spojila s partnermi v \u010c\u00edne. Spolo\u010dne pon\u00fakaj\u00fa spev\u00e1ckym zborom z cel\u00e9ho sveta pr\u00edle\u017eitos\u0165 v\u00fdhodne koncertova\u0165 v r\u00e1mci troch medzin\u00e1rodn\u00fdch festivalov. Spev\u00e1cke zbory sa prihl\u00e1sia a n\u00e1sledne organiz\u00e1tori vyber\u00fa najlep\u0161ie zbory, ktor\u00e9 pozv\u00fa na\u2026","rel":"","context":"V &quot;PODUJATIA&quot;","img":{"alt_text":"","src":"https:\/\/i0.wp.com\/www.satb.sk\/wp-content\/uploads\/2019\/10\/chuttersnap-aku7Zlj_x_o-unsplash.jpg?fit=1200%2C801&ssl=1&resize=350%2C200","width":350,"height":200},"classes":[]},{"id":6159,"url":"https:\/\/www.satb.sk\/index.php\/2022\/04\/03\/prihlaste-svoj-zbor-na-festival-v-bratislave\/","url_meta":{"origin":1700,"position":5},"title":"Prihl\u00e1ste svoj zbor na festival v Bratislave","date":"3 apr\u00edla, 2022","format":false,"excerpt":"Bratislava Music Agency poz\u00fdva spev\u00e1cke zbory na festivaly zborov\u00e9ho spevu.\u00a0 Zborov\u00e9 podujatia po dvoch rokoch pand\u00e9mie kone\u010dne otv\u00e1raj\u00fa svoje br\u00e1ny pre spev\u00e1cke zbory. K nim patria aj \u00faspe\u0161n\u00e9 medzin\u00e1rodn\u00e9 festivalov\u00e9 podujatia agent\u00fary Bratislava Music Agency, ktor\u00e9 sa konali ka\u017edoro\u010dne v Bratislave. \"Po dvoch rokoch prest\u00e1vky a v\u010faka postupne sa zlep\u0161uj\u00facej\u2026","rel":"","context":"V &quot;AKTU\u00c1LNE&quot;","img":{"alt_text":"","src":"https:\/\/i1.wp.com\/www.satb.sk\/wp-content\/uploads\/2022\/04\/242752831_240158434792446_3392868837901045435_n.jpeg?fit=1200%2C800&ssl=1&resize=350%2C200","width":350,"height":200},"classes":[]}],"_links":{"self":[{"href":"https:\/\/www.satb.sk\/index.php\/wp-json\/wp\/v2\/posts\/1700"}],"collection":[{"href":"https:\/\/www.satb.sk\/index.php\/wp-json\/wp\/v2\/posts"}],"about":[{"href":"https:\/\/www.satb.sk\/index.php\/wp-json\/wp\/v2\/types\/post"}],"author":[{"embeddable":true,"href":"https:\/\/www.satb.sk\/index.php\/wp-json\/wp\/v2\/users\/1"}],"replies":[{"embeddable":true,"href":"https:\/\/www.satb.sk\/index.php\/wp-json\/wp\/v2\/comments?post=1700"}],"version-history":[{"count":7,"href":"https:\/\/www.satb.sk\/index.php\/wp-json\/wp\/v2\/posts\/1700\/revisions"}],"predecessor-version":[{"id":2344,"href":"https:\/\/www.satb.sk\/index.php\/wp-json\/wp\/v2\/posts\/1700\/revisions\/2344"}],"wp:featuredmedia":[{"embeddable":true,"href":"https:\/\/www.satb.sk\/index.php\/wp-json\/wp\/v2\/media\/1730"}],"wp:attachment":[{"href":"https:\/\/www.satb.sk\/index.php\/wp-json\/wp\/v2\/media?parent=1700"}],"wp:term":[{"taxonomy":"category","embeddable":true,"href":"https:\/\/www.satb.sk\/index.php\/wp-json\/wp\/v2\/categories?post=1700"},{"taxonomy":"post_tag","embeddable":true,"href":"https:\/\/www.satb.sk\/index.php\/wp-json\/wp\/v2\/tags?post=1700"}],"curies":[{"name":"wp","href":"https:\/\/api.w.org\/{rel}","templated":true}]}}