{"id":2417,"date":"2019-02-06T03:07:49","date_gmt":"2019-02-06T03:07:49","guid":{"rendered":"https:\/\/www.satb.sk\/?p=2417"},"modified":"2019-10-16T09:01:21","modified_gmt":"2019-10-16T09:01:21","slug":"3-2-zo-zborovej-kniznice","status":"publish","type":"post","link":"https:\/\/www.satb.sk\/index.php\/2019\/02\/06\/3-2-zo-zborovej-kniznice\/","title":{"rendered":"Eugen Sucho\u0148: Varila my\u0161i\u010dka ka\u0161i\u010dku"},"content":{"rendered":"<h6 class=\"p1\"><strong><em><span class=\"s1\">Dnes si s\u00a0varen\u00edm nemus\u00edte robi\u0165 starosti. Pre\u010do? Navarili sme pre v\u00e1s my v na\u0161ej zborovej kni\u017enici! Presnej\u0161ie navaril Eugen Sucho\u0148 a\u00a0\u00faplne najpresnej\u0161ie navarila My\u0161i\u010dka. P\u00fdtate sa \u010do navarila? No predsa ka\u0161i\u010dku.<\/span><\/em><\/strong><\/h6>\n<p><!--more--><\/p>\n<p><strong>Vhodn\u00e9 pre:<\/strong> Detsk\u00fd spev\u00e1cky zbor<br \/>\n<strong>N\u00e1ro\u010dnos\u0165:<\/strong><br \/>\n<img loading=\"lazy\" decoding=\"async\" data-attachment-id=\"3906\" data-permalink=\"https:\/\/www.satb.sk\/index.php\/2019\/02\/20\/5-2-zo-zborovej-kniznice\/attachment\/2\/\" data-orig-file=\"https:\/\/i0.wp.com\/www.satb.sk\/wp-content\/uploads\/2019\/02\/2-e1554523506598.png?fit=351%2C87&amp;ssl=1\" data-orig-size=\"351,87\" data-comments-opened=\"0\" data-image-meta=\"{&quot;aperture&quot;:&quot;0&quot;,&quot;credit&quot;:&quot;&quot;,&quot;camera&quot;:&quot;&quot;,&quot;caption&quot;:&quot;&quot;,&quot;created_timestamp&quot;:&quot;0&quot;,&quot;copyright&quot;:&quot;&quot;,&quot;focal_length&quot;:&quot;0&quot;,&quot;iso&quot;:&quot;0&quot;,&quot;shutter_speed&quot;:&quot;0&quot;,&quot;title&quot;:&quot;&quot;,&quot;orientation&quot;:&quot;0&quot;}\" data-image-title=\"2\" data-image-description=\"\" data-image-caption=\"\" data-medium-file=\"https:\/\/i0.wp.com\/www.satb.sk\/wp-content\/uploads\/2019\/02\/2-e1554523506598.png?fit=300%2C74&amp;ssl=1\" data-large-file=\"https:\/\/i0.wp.com\/www.satb.sk\/wp-content\/uploads\/2019\/02\/2-e1554523506598.png?fit=351%2C87&amp;ssl=1\" class=\"alignnone wp-image-3906\" src=\"https:\/\/i1.wp.com\/www.satb.sk\/wp-content\/uploads\/2019\/02\/2-e1554523506598-300x74.png?resize=61%2C15&#038;ssl=1\" alt=\"\" width=\"61\" height=\"15\" srcset=\"https:\/\/i0.wp.com\/www.satb.sk\/wp-content\/uploads\/2019\/02\/2-e1554523506598.png?resize=300%2C74&amp;ssl=1 300w, https:\/\/i0.wp.com\/www.satb.sk\/wp-content\/uploads\/2019\/02\/2-e1554523506598.png?w=351&amp;ssl=1 351w\" sizes=\"(max-width: 61px) 100vw, 61px\" data-recalc-dims=\"1\" \/><\/p>\n<p class=\"p1\"><span class=\"s1\">Ka\u017ed\u00e9 detsk\u00e9 srdce iste pote\u0161\u00ed kompoz\u00edcia slovensk\u00e9ho n\u00e1rodn\u00e9ho umelca Eugena Sucho\u0148a \u2013<i> Varila my\u0161i\u010dka ka\u0161i\u010dku ESD 88<\/i>. Sucho\u0148 toto dielo nap\u00edsal v\u00a0roku 1966 ako hudbu k\u00a0obr\u00e1zkom \u013dudov\u00edta Fullu. Osem min\u00fatov\u00e1 kompoz\u00edcia je vyskladan\u00e1 z\u00a0desiatich detsk\u00fdch riekaniek, ktor\u00e9 si kedysi t\u00ed najmen\u0161\u00ed spievali na slovenskom vidieku. Je to unik\u00e1tna sple\u0165 ihrav\u00fdch i\u00a0v\u00e1\u017enej\u0161\u00edch riekaniek a\u00a0piesn\u00ed, ktor\u00e9 odzrkad\u013euj\u00fa probl\u00e9my detsk\u00e9ho sveta. Upozor\u0148uje na f\u00f3biu z\u00a0pav\u00fakov (<i>Chod\u00ed pav\u00fak po papu\u010di<\/i>), na kradnutie potrav\u00edn (<i>Hij\u00f3, hij\u00f3, na kon\u00ed\u010dku<\/i>), na bezplatn\u00fa detsk\u00fa pr\u00e1cu (<i>Osievame m\u00fa\u010dku<\/i>), na neboj\u00e1cnos\u0165 a\u00a0presadzovanie si vlastn\u00fdch ide\u00ed (<i>Dana r\u00fa\u010dky, dana<\/i>), na n\u00edzku kvalitu v\u00fdrobkov (<i>Kolo, kolo mlynsk\u00e9<\/i>), no poukazuje i\u00a0na benefity varenia si doma (<i>Varila my\u0161i\u010dka ka\u0161i\u010dku, Haju, haju, haju\u0161ky<\/i>) a\u00a0v\u00fdhody manu\u00e1lnych \u010dinnost\u00ed <i>(Jeden kov\u00e1\u010d ko\u0148a kuje, \u0164ap, \u0165ap, \u0165apu\u0161ky<\/i>). Z\u00e1va\u017en\u00e9 detsk\u00e9 rozj\u00edmanie o\u00a0svete nav\u00f4kol dofarbuje Sucho\u0148ova orchestr\u00e1lna in\u0161trument\u00e1cia, v\u00a0ktorej sa predstav\u00ed viacero n\u00e1strojov na kr\u00e1tky moment i\u00a0s\u00f3lovo.<br \/>\nNa <a href=\"http:\/\/www.musicaslovaca.sk\/index.php?route=product%2Fproduct&amp;product_id=2867&amp;fbclid=IwAR35mKZdH3pwvbNMCfIMxPPTNX1u7iYwcssY61p1iZfInj8UjMVC8RK-1jA\" target=\"_blank\" rel=\"noopener\">str\u00e1nke Hudobn\u00e9ho fondu<\/a> si m\u00f4\u017eete aktu\u00e1ne zak\u00fapi\u0165 CD nosi\u010d s nahr\u00e1vkami t\u00fdchto ikonick\u00fdch piesn\u00ed spolu s ilustrovan\u00fdm bookletom s textami a notovou pr\u00edlohovou v PDF form\u00e1te. Samostatn\u00fd notov\u00fd materi\u00e1l v tla\u010denej podobe si m\u00f4\u017eete zak\u00fapi\u0165 na <strong><a href=\"http:\/\/www.musicaslovaca.sk\/index.php?route=product\/product&amp;path=62_63&amp;product_id=1699&amp;mfp=search[Varila]\" target=\"_blank\" rel=\"noopener\">TU<\/a>.<\/strong>\u00a0<\/span><\/p>\n<p>Pozrite si aj toto kr\u00e1tke video s ilustr\u00e1ciami \u013dudov\u00edta Fullu.<\/p>\n<p><span class=\"embed-youtube\" style=\"text-align:center; display: block;\"><iframe loading=\"lazy\" class=\"youtube-player\" width=\"837\" height=\"471\" src=\"https:\/\/www.youtube.com\/embed\/om72YAXU-TM?version=3&#038;rel=1&#038;showsearch=0&#038;showinfo=1&#038;iv_load_policy=1&#038;fs=1&#038;hl=sk-SK&#038;autohide=2&#038;wmode=transparent\" allowfullscreen=\"true\" style=\"border:0;\" sandbox=\"allow-scripts allow-same-origin allow-popups allow-presentation\"><\/iframe><\/span><\/p>\n<p>Pripravila: Krist\u00edna Gotthardty<\/p>\n","protected":false},"excerpt":{"rendered":"<p>Dnes si s\u00a0varen\u00edm nemus\u00edte robi\u0165 starosti. Pre\u010do? Navarili sme pre v\u00e1s my v na\u0161ej zborovej kni\u017enici! Presnej\u0161ie navaril Eugen Sucho\u0148 a\u00a0\u00faplne najpresnej\u0161ie navarila My\u0161i\u010dka. P\u00fdtate sa \u010do navarila? No predsa ka\u0161i\u010dku.<\/p>\n","protected":false},"author":1,"featured_media":2428,"comment_status":"closed","ping_status":"closed","sticky":false,"template":"","format":"standard","meta":{"om_disable_all_campaigns":false,"_monsterinsights_skip_tracking":false,"_monsterinsights_sitenote_active":false,"_monsterinsights_sitenote_note":"","_monsterinsights_sitenote_category":0,"spay_email":"","footnotes":"","jetpack_publicize_message":"","jetpack_is_tweetstorm":false},"categories":[40],"tags":[51,43],"class_list":["post-2417","post","type-post","status-publish","format-standard","has-post-thumbnail","hentry","category-zo-zborovej-kniznice","tag-detsky-zbor","tag-zo-zborovej-kniznice"],"aioseo_notices":[],"jetpack_featured_media_url":"https:\/\/i0.wp.com\/www.satb.sk\/wp-content\/uploads\/2019\/02\/Varila-mys\u030cic\u030cka-kas\u030cic\u030cku.png?fit=1920%2C1080&ssl=1","jetpack_publicize_connections":[],"jetpack_sharing_enabled":true,"jetpack_shortlink":"https:\/\/wp.me\/pav5wC-CZ","jetpack-related-posts":[{"id":3708,"url":"https:\/\/www.satb.sk\/index.php\/2019\/02\/27\/6-2-zo-zborovej-kniznice\/","url_meta":{"origin":2417,"position":0},"title":"Meredith Monk: Panda Chant","date":"27 febru\u00e1ra, 2019","format":false,"excerpt":"Panda, panda, panda ... Nie, nejde o\u00a0piese\u0148 na z\u00e1chranu p\u00e1nd, ide o\u00a0viac. O \u010do? Do\u010d\u00edtate sa v na\u0161ej kni\u017enici. Vhodn\u00e9 pre: Mie\u0161an\u00fd spev\u00e1cky zbor N\u00e1ro\u010dnos\u0165: Tvorivos\u0165, kreativita \u2013 s\u00a0t\u00fdmito pojmami sa \u010doraz \u010dastej\u0161ie stret\u00e1vame pri na\u0161ej ka\u017edodennej pr\u00e1ci. Meredith Monk objavuje mo\u017enosti t\u00fdchto dvoch pojmov u\u017e nieko\u013eko desiatok rokov vo\u2026","rel":"","context":"V &quot;ZO ZBOROVEJ KNI\u017dNICE&quot;","img":{"alt_text":"","src":"https:\/\/i2.wp.com\/www.satb.sk\/wp-content\/uploads\/2019\/02\/Panda-Chant.png?fit=1200%2C675&ssl=1&resize=350%2C200","width":350,"height":200},"classes":[]},{"id":759,"url":"https:\/\/www.satb.sk\/index.php\/2019\/01\/23\/1-1-zo-zborovej-kniznice\/","url_meta":{"origin":2417,"position":1},"title":"Carlos Simon: Sanctus","date":"23 janu\u00e1ra, 2019","format":false,"excerpt":"Prv\u00e9 dielo, ktor\u00e9 v\u00e1m predstav\u00edme v na\u0161ej zborovej kni\u017enici, bude skladba americk\u00e9ho skladate\u013ea Carlosa Simona.\u00a0 Vhodn\u00e9 pre: Mie\u0161an\u00fd spev\u00e1cky zbor N\u00e1ro\u010dnos\u0165:\u00a0 Skladate\u013e a aran\u017e\u00e9r Carlos Simon je rod\u00e1kom z Atlanty. V r\u00e1mci svojej tvorby sa zameriava na komponovanie orchestr\u00e1lnej a filmovej hudby, no pr\u00edle\u017eitostne sklad\u00e1 hudbu aj pre komorn\u00e9 a\u2026","rel":"","context":"V &quot;ZO ZBOROVEJ KNI\u017dNICE&quot;","img":{"alt_text":"","src":"https:\/\/i1.wp.com\/www.satb.sk\/wp-content\/uploads\/2019\/01\/Sanctus.png?fit=1200%2C675&ssl=1&resize=350%2C200","width":350,"height":200},"classes":[]},{"id":5680,"url":"https:\/\/www.satb.sk\/index.php\/2021\/02\/07\/spievanie-v-zbore-z-pohodlia-obyvacky\/","url_meta":{"origin":2417,"position":2},"title":"Spievanie v zbore z pohodlia ob\u00fdva\u010dky","date":"7 febru\u00e1ra, 2021","format":false,"excerpt":"Online zborov\u00e1 kni\u017enica spev\u00e1ckeho zboru Technik STU. Je to u\u017e takmer rok, \u010do svet zasiahla pand\u00e9mia koronav\u00edrusu. T\u00e1 v\u00fdrazne skomplikovala aj n\u00e1cviky spev\u00e1ckych zborov a aj preto viacer\u00e9 z nich u\u017e takmer rok nemali spolo\u010dn\u00fa sk\u00fa\u0161ku. Dirigenti a zbory sa v\u0161ak nevzdali a napriek komplikovanej situ\u00e1ci\u00ed sa st\u00e1le sna\u017eia r\u00f4znymi\u2026","rel":"","context":"V &quot;AKTU\u00c1LNE&quot;","img":{"alt_text":"","src":"https:\/\/i1.wp.com\/www.satb.sk\/wp-content\/uploads\/2021\/02\/Online-kniz\u030cnica.png?fit=1200%2C675&ssl=1&resize=350%2C200","width":350,"height":200},"classes":[]},{"id":4524,"url":"https:\/\/www.satb.sk\/index.php\/2019\/10\/23\/andrew-miller-the-tyger\/","url_meta":{"origin":2417,"position":3},"title":"Andrew Miller: The Tyger","date":"23 okt\u00f3bra, 2019","format":false,"excerpt":"Stretn\u00fa sa tiger, anglick\u00fd b\u00e1snik a americk\u00fd skladate\u013e. Nie, nie je to vtip. To len do na\u0161ej kni\u017enice pribudlo nov\u00e9 dielo. Vhodn\u00e9 pre:\u00a0mie\u0161an\u00fd spev\u00e1cky zbor N\u00e1ro\u010dnos\u0165: Anglick\u00fd b\u00e1snik William Blake nap\u00edsal b\u00e1se\u0148 The Tyger okolo roku 1794. Odvtedy t\u00e1to b\u00e1se\u0148 o\u00a0tigrovi in\u0161pirovala viacer\u00fdch skladate\u013eov, ktor\u00ed sa ju sna\u017eili zaodie\u0165 do\u2026","rel":"","context":"V &quot;ZO ZBOROVEJ KNI\u017dNICE&quot;","img":{"alt_text":"","src":"https:\/\/i2.wp.com\/www.satb.sk\/wp-content\/uploads\/2019\/10\/ZBOROVA\u0301-KNIZ\u030cNICA-1.png?fit=1200%2C675&ssl=1&resize=350%2C200","width":350,"height":200},"classes":[]},{"id":4683,"url":"https:\/\/www.satb.sk\/index.php\/2019\/11\/06\/petr-eben-elce-pelce-kotrmelce\/","url_meta":{"origin":2417,"position":4},"title":"Petr Eben: Elce pelce kotrmelce","date":"6 novembra, 2019","format":false,"excerpt":"Spev a pohyb. Dve veci, ktor\u00e9 s\u00fa pre deti ako stvoren\u00e9, a preto nem\u00f4\u017eu ch\u00fdba\u0165 ani v na\u0161ej zborovej kni\u017enici. Vhodn\u00e9 pre:\u00a0detsk\u00fd spev\u00e1cky zbor N\u00e1ro\u010dnos\u0165: V\u00fdchova zborov\u00fdch spev\u00e1kov je d\u00f4le\u017eit\u00e1 a\u00a0treba s\u00a0\u0148ou za\u010da\u0165 u\u017e v\u00a0\u00fatlom detstve. Uvedomoval si to aj \u010desk\u00fd skladate\u013e Petr Eben, ktor\u00fd zhudobnil 50 b\u00e1sn\u00ed V\u00e1clava Fischera.\u00a0Eben\u2026","rel":"","context":"V &quot;ZO ZBOROVEJ KNI\u017dNICE&quot;","img":{"alt_text":"","src":"https:\/\/i2.wp.com\/www.satb.sk\/wp-content\/uploads\/2019\/11\/ZBOROVA\u0301-KNIZ\u030cNICA.png?fit=1200%2C675&ssl=1&resize=350%2C200","width":350,"height":200},"classes":[]},{"id":1505,"url":"https:\/\/www.satb.sk\/index.php\/2019\/01\/30\/2-1-zo-zborovej-kniznice\/","url_meta":{"origin":2417,"position":5},"title":"Ola Gjeilo: Northern Lights","date":"30 janu\u00e1ra, 2019","format":false,"excerpt":"Do na\u0161ej zborovej kni\u017enice tentokr\u00e1t pribudne dielo od skladate\u013ea, ktor\u00e9ho v\u00e1m ur\u010dite nemus\u00edme predstavova\u0165. Vhodn\u00e9 pre: Mie\u0161an\u00fd spev\u00e1cky zbor N\u00e1ro\u010dnos\u0165:\u00a0 Pr\u00edroda v\u017edy \u013eud\u00ed fascinovala a\u00a0neraz i\u00a0podnecovala k jej umeleck\u00e9mu zobrazeniu v\u00a0obrazoch, slov\u00e1ch, \u010di hudbe. Aurora borealis - farebn\u00e9 svetl\u00e1 na no\u010dnej oblohe, oby\u010dajne naz\u00fdvan\u00e9 pol\u00e1rna \u017eiara, o\u010darili i\u00a0n\u00f3rskeho skladate\u013ea Ola\u2026","rel":"","context":"V &quot;ZO ZBOROVEJ KNI\u017dNICE&quot;","img":{"alt_text":"","src":"https:\/\/i2.wp.com\/www.satb.sk\/wp-content\/uploads\/2019\/01\/21-Northern-Lights.png?fit=1200%2C675&ssl=1&resize=350%2C200","width":350,"height":200},"classes":[]}],"_links":{"self":[{"href":"https:\/\/www.satb.sk\/index.php\/wp-json\/wp\/v2\/posts\/2417"}],"collection":[{"href":"https:\/\/www.satb.sk\/index.php\/wp-json\/wp\/v2\/posts"}],"about":[{"href":"https:\/\/www.satb.sk\/index.php\/wp-json\/wp\/v2\/types\/post"}],"author":[{"embeddable":true,"href":"https:\/\/www.satb.sk\/index.php\/wp-json\/wp\/v2\/users\/1"}],"replies":[{"embeddable":true,"href":"https:\/\/www.satb.sk\/index.php\/wp-json\/wp\/v2\/comments?post=2417"}],"version-history":[{"count":5,"href":"https:\/\/www.satb.sk\/index.php\/wp-json\/wp\/v2\/posts\/2417\/revisions"}],"predecessor-version":[{"id":4492,"href":"https:\/\/www.satb.sk\/index.php\/wp-json\/wp\/v2\/posts\/2417\/revisions\/4492"}],"wp:featuredmedia":[{"embeddable":true,"href":"https:\/\/www.satb.sk\/index.php\/wp-json\/wp\/v2\/media\/2428"}],"wp:attachment":[{"href":"https:\/\/www.satb.sk\/index.php\/wp-json\/wp\/v2\/media?parent=2417"}],"wp:term":[{"taxonomy":"category","embeddable":true,"href":"https:\/\/www.satb.sk\/index.php\/wp-json\/wp\/v2\/categories?post=2417"},{"taxonomy":"post_tag","embeddable":true,"href":"https:\/\/www.satb.sk\/index.php\/wp-json\/wp\/v2\/tags?post=2417"}],"curies":[{"name":"wp","href":"https:\/\/api.w.org\/{rel}","templated":true}]}}