{"id":2505,"date":"2019-02-11T23:15:38","date_gmt":"2019-02-11T23:15:38","guid":{"rendered":"https:\/\/www.satb.sk\/?p=2505"},"modified":"2019-03-15T19:54:59","modified_gmt":"2019-03-15T19:54:59","slug":"festival-akademicka-banska-bystrica","status":"publish","type":"post","link":"https:\/\/www.satb.sk\/index.php\/2019\/02\/11\/festival-akademicka-banska-bystrica\/","title":{"rendered":"Festival Akademick\u00e1 Bansk\u00e1 Bystrica"},"content":{"rendered":"<p><em>Po podujat\u00ed&nbsp;<a href=\"https:\/\/www.satb.sk\/index.php\/2019\/01\/21\/podujatie-mladez-spieva-zverejnilo-propozicie\/?relatedposts_hit=1&amp;relatedposts_origin=1700&amp;relatedposts_position=2\" target=\"_blank\" rel=\"noopener\">Ml\u00e1de\u017e spieva<\/a> a po&nbsp;<a href=\"https:\/\/www.satb.sk\/index.php\/2019\/02\/04\/prihlaste-sa-na-vranovske-zborove-slavnosti\/#more-1700\" target=\"_blank\" rel=\"noopener\">Vranovsk\u00fdch zborov\u00fdch sl\u00e1vnostiach<\/a> zverejnili s\u00fa\u0165a\u017en\u00e9 propoz\u00edcie aj organiz\u00e1tori \u010fal\u0161ieho zborov\u00e9ho festivalu na Slovensku.<\/em><\/p>\n<p><!--more--><\/p>\n<p>Po dvoch rokoch sa n\u00e1m znovu vracia medzin\u00e1rodn\u00fd s\u00fa\u0165a\u017en\u00fd festival Akademick\u00e1 Bansk\u00e1 Bystrica. Toto podujatie m\u00e1 dvojro\u010dn\u00fa periodicitu a u\u017e osemn\u00e1s\u0165 rokov sa te\u0161\u00ed ob\u013eube u dom\u00e1cich, ale i u zahrani\u010dn\u00fdch spev\u00e1ckych zborov. Tento rok sa uskuto\u010dn\u00ed<br>\n<strong>9.&nbsp;\u2013&nbsp;12. m\u00e1ja 2019<\/strong> v aule BELIANA Univerzity Mateja Belu v Banskej Bystrici.<\/p>\n<p>Festival je ur\u010den\u00fd pre vysoko\u0161kolsk\u00e9 a stredo\u0161kolsk\u00e9 spev\u00e1cke zbory a tie\u017e pre vok\u00e1lne zoskupenia.&nbsp;S\u00fa\u0165a\u017eiaci v\u0161ak musia splni\u0165 viacer\u00e9 podmienky, medzi ktor\u00e9 patr\u00ed predov\u0161etk\u00fdm s\u00fa\u0165a\u017en\u00fd reperto\u00e1r. Do s\u00fa\u0165a\u017en\u00e9ho reperto\u00e1ru je potrebn\u00e9 zaradi\u0165 zborov\u00fa skladbu vlastn\u00e9ho n\u00e1roda skomponovan\u00fa po roku 1985, polyf\u00f3nnu skladbu z obdobia renesancie alebo baroka a<br>\nv pr\u00edpade vysoko\u0161kolsk\u00fdch zborov je nutn\u00e9 nacvi\u010di\u0165 aj povinn\u00fa skladbu slovensk\u00e9ho skladate\u013ea (Pavol Kr\u0161ka alebo Ivan Hru\u0161ovsk\u00fd). S\u00fa\u0165a\u017e bude hodnoti\u0165 p\u00e4\u0165\u010dlenn\u00e1 medzin\u00e1rodn\u00e1 porota, pozost\u00e1vaj\u00faca z renomovan\u00fdch odborn\u00edkov v oblasti zborov\u00e9ho spevu. Z\u00fa\u010dastnen\u00e9 zbory bud\u00fa ma\u0165 \u0161ancu z\u00edska\u0165 diplomy, finan\u010dn\u00e9 i vecn\u00e9 ceny. Spev\u00e1ckemu zboru z kateg\u00f3rie vysoko\u0161kolsk\u00fdch zborov, ktor\u00fd z\u00edska navy\u0161\u0161\u00ed po\u010det bodov, udel\u00ed porota titul absol\u00fatneho v\u00ed\u0165aza festivalu.<\/p>\n<p>S\u00fa\u0165a\u017eiaci bud\u00fa ma\u0165 okrem in\u00e9ho aj mo\u017enos\u0165 vyst\u00fapi\u0165 na festivalovom koncerte, na promen\u00e1dnom koncerte pri Pam\u00e4tn\u00edku SNP a taktie\u017e na z\u00e1vere\u010dnom galakoncerte, po\u010das ktor\u00e9ho v\u0161etky z\u00fa\u010dastnen\u00e9 zbory zaspievaj\u00fa spolo\u010dne piesne&nbsp;<em>Ak\u00e1 si mi kr\u00e1sna<\/em>&nbsp;a&nbsp;<em>Gaudeamus Igitur<\/em>. Akademick\u00e1 Bansk\u00e1 Bystrica je otvoren\u00e1 aj pre spev\u00e1cke zbory, ktor\u00e9 s\u00fa\u0165a\u017ei\u0165 nepl\u00e1nuj\u00fa. Na festival sa m\u00f4\u017eu prihl\u00e1si\u0165 v r\u00e1mci nes\u00fa\u0165a\u017enej kateg\u00f3rie.<br>\nUz\u00e1vierka prihl\u00e1\u0161ok pre s\u00fa\u0165a\u017en\u00e9 aj nes\u00fa\u0165a\u017en\u00e9 spev\u00e1cke zbory je <strong>15. marca 2019.<\/strong><\/p>\n<p>Hlavn\u00fdmi organiz\u00e1tormi Akademickej Banskej Bystrice s\u00fa Ministerstvo \u0161kolstva, vedy, v\u00fdsku a \u0161portu SR, Univerzita Mateja Bela<br>\nv Banskej Bystrici a Katedra hudobnej kult\u00fary Pedagogickej fakulty UMB v Banskej Bystrici.\n<\/p><p style=\"text-align: center;\"><a href=\"https:\/\/www.pdf.umb.sk\/katedry\/katedra-hudobnej-kultury\/akademicka-banska-bystrica-2019\/uvod.html\" target=\"_blank\" rel=\"noopener\"><strong>CHCEM SA PRIHL\u00c1SI\u0164 NA FESTIVAL AKADEMICK\u00c1 BANSK\u00c1 BYSTRICA<\/strong><\/a><\/p>\n<p style=\"text-align: center;\"><a href=\"https:\/\/www.pdf.umb.sk\/app\/cmsFile.php?disposition=a&amp;ID=21055\" target=\"_blank\" rel=\"noopener\"><strong>PROPOZ\u00cdCIE FESTIVALU<\/strong><\/a><\/p>\n<p style=\"text-align: center;\">&nbsp;<a href=\"https:\/\/www.pdf.umb.sk\/katedry\/katedra-hudobnej-kultury\/akademicka-banska-bystrica-2019\/povinne-skladby-a-skladby-na-spolocny-spev-abb-2019.html\" target=\"_blank\" rel=\"noopener\"><strong>POVINN\u00c9 SKLADBY<\/strong><\/a><\/p>\n<p><span class=\"embed-youtube\" style=\"text-align:center; display: block;\"><iframe loading=\"lazy\" class=\"youtube-player\" width=\"837\" height=\"471\" src=\"https:\/\/www.youtube.com\/embed\/JrBfVHxY_RU?version=3&#038;rel=1&#038;showsearch=0&#038;showinfo=1&#038;iv_load_policy=1&#038;fs=1&#038;hl=sk-SK&#038;autohide=2&#038;wmode=transparent\" allowfullscreen=\"true\" style=\"border:0;\" sandbox=\"allow-scripts allow-same-origin allow-popups allow-presentation\"><\/iframe><\/span><\/p>\n<p>Pripravil: satb.sk<br>\nFoto: www.pdf.umb.sk<\/p>\n\n\n<div class=\"wp-block-image\"><figure class=\"aligncenter is-resized\"><a href=\"https:\/\/www.satb.sk\/index.php\/newsletter\/prihlasit-sa-na-odber\/\" target=\"_blank\" rel=\"noreferrer noopener\"><img loading=\"lazy\" decoding=\"async\" data-attachment-id=\"3120\" data-permalink=\"https:\/\/www.satb.sk\/index.php\/2019\/02\/12\/hudobne-ocenenia-grammy-patria-aj-spevackym-zborom\/prihlasit-sa-na-odber-emailov-2\/\" data-orig-file=\"https:\/\/i2.wp.com\/www.satb.sk\/wp-content\/uploads\/2019\/02\/PRIHLA\u0301SIT\u030c-SA-NA-ODBER-EMAILOV-2.png?fit=728%2C90&amp;ssl=1\" data-orig-size=\"728,90\" data-comments-opened=\"0\" data-image-meta=\"{&quot;aperture&quot;:&quot;0&quot;,&quot;credit&quot;:&quot;&quot;,&quot;camera&quot;:&quot;&quot;,&quot;caption&quot;:&quot;&quot;,&quot;created_timestamp&quot;:&quot;0&quot;,&quot;copyright&quot;:&quot;&quot;,&quot;focal_length&quot;:&quot;0&quot;,&quot;iso&quot;:&quot;0&quot;,&quot;shutter_speed&quot;:&quot;0&quot;,&quot;title&quot;:&quot;&quot;,&quot;orientation&quot;:&quot;0&quot;}\" data-image-title=\"PRIHLA\u0301SIT\u030c SA NA ODBER EMAILOV (2)\" data-image-description=\"\" data-image-caption=\"\" data-medium-file=\"https:\/\/i2.wp.com\/www.satb.sk\/wp-content\/uploads\/2019\/02\/PRIHLA\u0301SIT\u030c-SA-NA-ODBER-EMAILOV-2.png?fit=300%2C37&amp;ssl=1\" data-large-file=\"https:\/\/i2.wp.com\/www.satb.sk\/wp-content\/uploads\/2019\/02\/PRIHLA\u0301SIT\u030c-SA-NA-ODBER-EMAILOV-2.png?fit=728%2C90&amp;ssl=1\" src=\"https:\/\/i2.wp.com\/www.satb.sk\/wp-content\/uploads\/2019\/02\/PRIHLA\u0301SIT\u030c-SA-NA-ODBER-EMAILOV-2.png?resize=339%2C41&#038;ssl=1\" alt=\"\" class=\"wp-image-3120\" width=\"339\" height=\"41\" srcset=\"https:\/\/i2.wp.com\/www.satb.sk\/wp-content\/uploads\/2019\/02\/PRIHLA\u0301SIT\u030c-SA-NA-ODBER-EMAILOV-2.png?w=728&amp;ssl=1 728w, https:\/\/i2.wp.com\/www.satb.sk\/wp-content\/uploads\/2019\/02\/PRIHLA\u0301SIT\u030c-SA-NA-ODBER-EMAILOV-2.png?resize=300%2C37&amp;ssl=1 300w, https:\/\/i2.wp.com\/www.satb.sk\/wp-content\/uploads\/2019\/02\/PRIHLA\u0301SIT\u030c-SA-NA-ODBER-EMAILOV-2.png?resize=600%2C74&amp;ssl=1 600w\" sizes=\"(max-width: 339px) 100vw, 339px\" data-recalc-dims=\"1\" \/><\/a><\/figure><\/div>\n","protected":false},"excerpt":{"rendered":"<p>Po podujat\u00ed&nbsp;Ml\u00e1de\u017e spieva a po&nbsp;Vranovsk\u00fdch zborov\u00fdch sl\u00e1vnostiach zverejnili s\u00fa\u0165a\u017en\u00e9 propoz\u00edcie aj organiz\u00e1tori \u010fal\u0161ieho zborov\u00e9ho festivalu na Slovensku.<\/p>\n","protected":false},"author":1,"featured_media":2564,"comment_status":"closed","ping_status":"closed","sticky":false,"template":"","format":"standard","meta":{"om_disable_all_campaigns":false,"_monsterinsights_skip_tracking":false,"_monsterinsights_sitenote_active":false,"_monsterinsights_sitenote_note":"","_monsterinsights_sitenote_category":0,"spay_email":"","footnotes":"","jetpack_publicize_message":"","jetpack_is_tweetstorm":false},"categories":[49,22],"tags":[28],"class_list":["post-2505","post","type-post","status-publish","format-standard","has-post-thumbnail","hentry","category-aktualne","category-podujatia","tag-festivaly"],"aioseo_notices":[],"jetpack_featured_media_url":"https:\/\/i2.wp.com\/www.satb.sk\/wp-content\/uploads\/2019\/02\/siteIcon-4829.jpg?fit=570%2C388&ssl=1","jetpack_publicize_connections":[],"jetpack_sharing_enabled":true,"jetpack_shortlink":"https:\/\/wp.me\/pav5wC-Ep","jetpack-related-posts":[{"id":5851,"url":"https:\/\/www.satb.sk\/index.php\/2021\/11\/12\/zaujimave-ocenenia-a-online-kategoria-zaspievajte-si-na-festivale-akademicka-banska-bystrica\/","url_meta":{"origin":2505,"position":0},"title":"Zauj\u00edmav\u00e9 ocenenia a online kateg\u00f3ria. Zaspievajte si na Festivale Akademick\u00e1 Bansk\u00e1 Bystrica","date":"12 novembra, 2021","format":false,"excerpt":"Medzin\u00e1rodn\u00fd s\u00fa\u0165a\u017en\u00fd festival op\u00e4\u0165 otv\u00e1ra svoje br\u00e1ny pre slovensk\u00e9, ale aj zahrani\u010dn\u00e9 vok\u00e1lne teles\u00e1. Celosvetov\u00e1 pand\u00e9mia ovplyvnila mno\u017estvo kult\u00farnych podujat\u00ed. Nako\u013eko sa situ\u00e1cia na Slovensku znova zhor\u0161uje, 19. ro\u010dn\u00edk Akademickej Banskej Bystrice sa prv\u00fdkr\u00e1t v hist\u00f3rii festivalu uskuto\u010dn\u00ed v zimnom mesiaci a to od 10. \u2013 13. febru\u00e1ra 2022 v\u2026","rel":"","context":"V &quot;AKTU\u00c1LNE&quot;","img":{"alt_text":"","src":"https:\/\/i2.wp.com\/www.satb.sk\/wp-content\/uploads\/2021\/11\/11182806_634517116692932_2588923029342370995_o.jpeg?fit=1200%2C900&ssl=1&resize=350%2C200","width":350,"height":200},"classes":[]},{"id":455,"url":"https:\/\/www.satb.sk\/index.php\/2018\/12\/03\/spoznajte-vitazov-dirigentskej-sutaze\/","url_meta":{"origin":2505,"position":1},"title":"Spoznajte v\u00ed\u0165azov dirigentskej s\u00fa\u0165a\u017ee","date":"3 decembra, 2018","format":false,"excerpt":"V Banskej Bystrici sa uskuto\u010dnil tret\u00ed ro\u010dn\u00edk medzin\u00e1rodnej dirigentskej s\u00fa\u0165a\u017ee s n\u00e1zvom Stretnutie nad zborovou partit\u00farou.\u00a0 S\u00fa\u0165a\u017e sa uskuto\u010dnila 23. \u2013 24. novembra na p\u00f4de Akad\u00e9mie umen\u00ed v Banskej Bystrici a bola ur\u010den\u00e1 pre \u0161tudentov dirigovania na konzervat\u00f3ri\u00e1ch, pedagogick\u00fdch fakult\u00e1ch a vysok\u00fdch umeleck\u00fdch \u0161kol\u00e1ch. Do s\u00fa\u0165a\u017ee sa prihl\u00e1silo celkovo dev\u00e4\u0165\u2026","rel":"","context":"V &quot;PODUJATIA&quot;","img":{"alt_text":"","src":"https:\/\/i0.wp.com\/www.satb.sk\/wp-content\/uploads\/2018\/12\/IMG_4215.jpg?fit=1200%2C799&ssl=1&resize=350%2C200","width":350,"height":200},"classes":[]},{"id":4057,"url":"https:\/\/www.satb.sk\/index.php\/2019\/05\/20\/pozname-vitazov-akademickej-banskej-bystrice\/","url_meta":{"origin":2505,"position":2},"title":"Pozn\u00e1me v\u00ed\u0165azov Akademickej Banskej Bystrice","date":"20 m\u00e1ja, 2019","format":false,"excerpt":"Pozrite si v\u00fdsledky z 18. ro\u010dn\u00edka Medzin\u00e1rodn\u00e9ho festivalu stredo\u0161kolsk\u00fdch a vysoko\u0161kolsk\u00fdch spev\u00e1ckych zborov Akademick\u00e1 Bansk\u00e1 Bystrica. Festival sa uskuto\u010dnil od 9. - 12. m\u00e1ja na v aule Beliana na Univerzite Mateja Bela v Banskej Bystrici. S\u00fa\u0165a\u017enej \u010dasti podujatia sa z\u00fa\u010dastnilo celkovo \u0161es\u0165 spev\u00e1ckych zborov zo Slovenska, \u010ceska a Po\u013eska. S\u00fa\u0165a\u017en\u00e9\u2026","rel":"","context":"V &quot;PODUJATIA&quot;","img":{"alt_text":"","src":"https:\/\/i2.wp.com\/www.satb.sk\/wp-content\/uploads\/2019\/05\/CP-KU-Praha-P5100272.jpg?fit=1200%2C900&ssl=1&resize=350%2C200","width":350,"height":200},"classes":[]},{"id":3894,"url":"https:\/\/www.satb.sk\/index.php\/2019\/04\/01\/slovensky-dirigent-ziskal-cenu-unie-ceskych-peveckych-sboru\/","url_meta":{"origin":2505,"position":3},"title":"Slovensk\u00fd dirigent z\u00edskal prest\u00ed\u017enu cenu Unie \u010desk\u00fdch p\u011bveck\u00fdch sbor\u016f","date":"1 apr\u00edla, 2019","format":false,"excerpt":"Dirigent Adam Sedlick\u00fd z\u00edskal ocenenie \"Sbormistr junior\" za rok 2018. Unie \u010desk\u00fdch p\u011bveck\u00fdch sbor\u016f ka\u017edoro\u010dne ude\u013euje dirigentom a spev\u00e1ckym zborom v\u00fdro\u010dn\u00e9 ocenenia. V r\u00e1mci kateg\u00f3rie \"Sbormister junior\" z\u00edskal ocenenie mlad\u00fd slovensk\u00fd dirigent Adam Sedlick\u00fd, ktor\u00fd p\u00f4sob\u00ed v opernom s\u00fabore N\u00e1rodn\u00e9ho divadla\u00a0moravskoslezsk\u00e9ho v Ostrave\u00a0a z\u00e1rove\u0148 je zbormajstrom\u00a0Akademick\u00e9ho spev\u00e1ckeho zboru Vysokej \u0161koly\u2026","rel":"","context":"V &quot;AKTU\u00c1LNE&quot;","img":{"alt_text":"","src":"https:\/\/i0.wp.com\/www.satb.sk\/wp-content\/uploads\/2019\/04\/10380665_10202987655358153_7081504423693996369_o.jpg?fit=1024%2C754&ssl=1&resize=350%2C200","width":350,"height":200},"classes":[]},{"id":692,"url":"https:\/\/www.satb.sk\/index.php\/2019\/01\/21\/podujatie-mladez-spieva-zverejnilo-propozicie\/","url_meta":{"origin":2505,"position":4},"title":"Podujatie Ml\u00e1de\u017e spieva zverejnilo propoz\u00edcie","date":"21 janu\u00e1ra, 2019","format":false,"excerpt":"Najstar\u0161ia postupov\u00e1 s\u00fa\u0165a\u017e a prehliadka v oblasti zborov\u00e9ho spevu na Slovensku zverejnila podmienky, na z\u00e1klade ktor\u00fdch sa m\u00f4\u017eu prihl\u00e1si\u0165 detsk\u00e9 spev\u00e1cke zbory do krajsk\u00fdch k\u00f4l s\u00fa\u0165a\u017ee. Podujatie Ml\u00e1de\u017e spieva je na zborovej sc\u00e9ne u\u017e od roku 1969 a tento rok sa pripravuje na oslavu svojho p\u00e4\u0165desiateho v\u00fdro\u010dia. S\u00fa\u0165a\u017en\u00e1 prehliadka bola\u2026","rel":"","context":"V &quot;PODUJATIA&quot;","img":{"alt_text":"","src":"https:\/\/i2.wp.com\/www.satb.sk\/wp-content\/uploads\/2019\/01\/19621074_252383868500134_2984842279771165822_o.jpg?fit=1200%2C900&ssl=1&resize=350%2C200","width":350,"height":200},"classes":[]},{"id":6159,"url":"https:\/\/www.satb.sk\/index.php\/2022\/04\/03\/prihlaste-svoj-zbor-na-festival-v-bratislave\/","url_meta":{"origin":2505,"position":5},"title":"Prihl\u00e1ste svoj zbor na festival v Bratislave","date":"3 apr\u00edla, 2022","format":false,"excerpt":"Bratislava Music Agency poz\u00fdva spev\u00e1cke zbory na festivaly zborov\u00e9ho spevu.\u00a0 Zborov\u00e9 podujatia po dvoch rokoch pand\u00e9mie kone\u010dne otv\u00e1raj\u00fa svoje br\u00e1ny pre spev\u00e1cke zbory. K nim patria aj \u00faspe\u0161n\u00e9 medzin\u00e1rodn\u00e9 festivalov\u00e9 podujatia agent\u00fary Bratislava Music Agency, ktor\u00e9 sa konali ka\u017edoro\u010dne v Bratislave. \"Po dvoch rokoch prest\u00e1vky a v\u010faka postupne sa zlep\u0161uj\u00facej\u2026","rel":"","context":"V &quot;AKTU\u00c1LNE&quot;","img":{"alt_text":"","src":"https:\/\/i1.wp.com\/www.satb.sk\/wp-content\/uploads\/2022\/04\/242752831_240158434792446_3392868837901045435_n.jpeg?fit=1200%2C800&ssl=1&resize=350%2C200","width":350,"height":200},"classes":[]}],"_links":{"self":[{"href":"https:\/\/www.satb.sk\/index.php\/wp-json\/wp\/v2\/posts\/2505"}],"collection":[{"href":"https:\/\/www.satb.sk\/index.php\/wp-json\/wp\/v2\/posts"}],"about":[{"href":"https:\/\/www.satb.sk\/index.php\/wp-json\/wp\/v2\/types\/post"}],"author":[{"embeddable":true,"href":"https:\/\/www.satb.sk\/index.php\/wp-json\/wp\/v2\/users\/1"}],"replies":[{"embeddable":true,"href":"https:\/\/www.satb.sk\/index.php\/wp-json\/wp\/v2\/comments?post=2505"}],"version-history":[{"count":11,"href":"https:\/\/www.satb.sk\/index.php\/wp-json\/wp\/v2\/posts\/2505\/revisions"}],"predecessor-version":[{"id":3132,"href":"https:\/\/www.satb.sk\/index.php\/wp-json\/wp\/v2\/posts\/2505\/revisions\/3132"}],"wp:featuredmedia":[{"embeddable":true,"href":"https:\/\/www.satb.sk\/index.php\/wp-json\/wp\/v2\/media\/2564"}],"wp:attachment":[{"href":"https:\/\/www.satb.sk\/index.php\/wp-json\/wp\/v2\/media?parent=2505"}],"wp:term":[{"taxonomy":"category","embeddable":true,"href":"https:\/\/www.satb.sk\/index.php\/wp-json\/wp\/v2\/categories?post=2505"},{"taxonomy":"post_tag","embeddable":true,"href":"https:\/\/www.satb.sk\/index.php\/wp-json\/wp\/v2\/tags?post=2505"}],"curies":[{"name":"wp","href":"https:\/\/api.w.org\/{rel}","templated":true}]}}