{"id":3311,"date":"2019-02-18T08:04:12","date_gmt":"2019-02-18T08:04:12","guid":{"rendered":"https:\/\/www.satb.sk\/?p=3311"},"modified":"2019-03-15T19:54:31","modified_gmt":"2019-03-15T19:54:31","slug":"prilezitosti-pre-zborovych-nadsencov","status":"publish","type":"post","link":"https:\/\/www.satb.sk\/index.php\/2019\/02\/18\/prilezitosti-pre-zborovych-nadsencov\/","title":{"rendered":"Pr\u00edle\u017eitosti pre zborov\u00fdch nad\u0161encov"},"content":{"rendered":"<p><em>Zapojte sa do medzin\u00e1rodn\u00fdch projektov pre zborov\u00fdch spev\u00e1kov a spievajte v zbore spolo\u010dne s cel\u00fdm svetom.<\/em><\/p>\n<p><!--more--><\/p>\n<p><strong>The World Youth Choir<\/strong><\/p>\n<p>Franc\u00fazko bude tento rok hlavn\u00fdm dejiskom\u00a0<strong>Svetov\u00e9ho ml\u00e1de\u017en\u00edckeho zboru<\/strong> (The World Youth Choir). Tento projekt pon\u00faka unik\u00e1tnu mo\u017enos\u0165 \u0161es\u0165desiatim talentovan\u00fdm spev\u00e1kom spieva\u0165 pod veden\u00edm v\u00fdborn\u00e9ho dirigenta\u00a0Josepa Vila i Casa\u00f1asa. Do zboru sa m\u00f4\u017eu prihl\u00e1si\u0165 sk\u00fasen\u00ed spev\u00e1ci z cel\u00e9ho sveta, ktor\u00ed sa chc\u00fa zlep\u0161ova\u0165 v zborovom spievan\u00ed. Prihl\u00e1sen\u00ed \u00fa\u010dastn\u00edci musia by\u0165 zdatn\u00fdmi spev\u00e1kmi vo veku 17 a\u017e 26 rokov, musia ma\u0165 aspo\u0148 z\u00e1kladn\u00e9 hudobn\u00e9 vzdelanie, musia by\u0165 zdatn\u00ed v anglickom jazyku a musia by\u0165 z\u00e1rove\u0148 pripraven\u00ed str\u00e1vi\u0165 3 &#8211; 4 t\u00fd\u017edne v zahrani\u010d\u00ed. S\u00fastredenie a n\u00e1sledn\u00e9 turn\u00e9 zboru sa uskuto\u010dn\u00ed<br \/>\n<strong>od 14. j\u00fala do 4. augusta<\/strong> vo franc\u00fazskom regi\u00f3ne\u00a0Occitanie. Po desa\u0165d\u0148ovom s\u00fastreden\u00ed vyraz\u00ed spev\u00e1cky zbor na turn\u00e9, v r\u00e1mci ktor\u00e9ho nav\u0161t\u00edvi aj portugalsk\u00e9 hlavn\u00e9 mesto Lisabon.\u00a0Reperto\u00e1r tohto zboru bude obsahova\u0165 v\u00fdznamn\u00e9 diela skladate\u013eov 20. a 21. storo\u010dia, tvorbu s\u00fa\u010dasn\u00fdch skladate\u013eov, dielo dirigenta Svetov\u00e9ho ml\u00e1de\u017en\u00edckeho zboru\u00a0<span class=\"color_12\">Josep Vila\u00a0<\/span><span class=\"color_12\">i<\/span><span class=\"color_12\">\u00a0Casa\u00f1asa a \u00fapravy \u013eudov\u00fdch piesn\u00ed z piatich kontinentov. Vybran\u00fdm spev\u00e1kom bude hraden\u00e9 ubytovanie, strava a doprava v r\u00e1mci turn\u00e9. \u00da\u010dastn\u00edk si v\u0161ak mus\u00ed hradi\u0165 cestovn\u00e9 n\u00e1klady na miesto konania a tie\u017e \u00fa\u010dastn\u00edcky poplatok v cene 100 EUR. V pr\u00edpade potreby sa spev\u00e1ci m\u00f4\u017eu uch\u00e1dza\u0165 o<strong> \u0161tipendium<\/strong>, v\u010faka ktor\u00e9mu je mo\u017en\u00e9 \u00fa\u010dastn\u00edcky poplatok odpusti\u0165.<br \/>\nUz\u00e1vierka prihl\u00e1\u0161ok je <strong>28. Febru\u00e1ra 2019<\/strong>.\u00a0<\/span><\/p>\n<p style=\"text-align: center;\"><a href=\"https:\/\/www.worldyouthchoir.org\/request-direct-application\" target=\"_blank\" rel=\"noopener\"><strong>CHCEM BY\u0164 S\u00da\u010cAS\u0164OU SVETOV\u00c9HO ML\u00c1DE\u017dN\u00cdCKEHO ZBORU<\/strong><\/a><\/p>\n<p><span class=\"embed-youtube\" style=\"text-align:center; display: block;\"><iframe loading=\"lazy\" class=\"youtube-player\" width=\"837\" height=\"471\" src=\"https:\/\/www.youtube.com\/embed\/V886BQCR934?version=3&#038;rel=1&#038;showsearch=0&#038;showinfo=1&#038;iv_load_policy=1&#038;fs=1&#038;hl=sk-SK&#038;autohide=2&#038;wmode=transparent\" allowfullscreen=\"true\" style=\"border:0;\" sandbox=\"allow-scripts allow-same-origin allow-popups allow-presentation\"><\/iframe><\/span><\/p>\n<p><strong>The EuroChoir 2019<\/strong><\/p>\n<p>Ak sa v\u00e1m zd\u00e1 predch\u00e1dzaj\u00faci projekt \u010dasovo pr\u00edli\u0161 n\u00e1ro\u010dn\u00fd, tak je tu pre v\u00e1s <strong>The EuroChoir 2019<\/strong>. EuroChoir je \u0161peci\u00e1lny projekt, ktor\u00fd vznikol za \u00fa\u010delom networkingu talentovan\u00fdch mlad\u00fdch spev\u00e1kov v r\u00e1mci Eur\u00f3py s cie\u013eom podpori\u0165 vznik novej gener\u00e1cie talentov. EuroChoir sa deje v\u017edy v inej krajine a tento rok sa uskuto\u010dn\u00ed v r\u00e1mci festivalu Choralies v meste Vaison La Romaine vo Franc\u00fazsku, ktor\u00fd sa bude kona\u0165 <strong>od 1. augusta a\u017e do 10. augusta<\/strong>. Do zboru sa m\u00f4\u017eu prihl\u00e1si\u0165 spev\u00e1ci z celej Eur\u00f3py vo veku 18 &#8211; 30 rokov. Z\u00e1ujemcovia musia vyplni\u0165 prihl\u00e1\u0161ku a spolo\u010dne s \u0148ou musia posla\u0165 svoju nahr\u00e1vku piesne\u00a0<a href=\"http:\/\/www1.cpdl.org\/wiki\/images\/d\/da\/Reger-op138-3-Nachtlied.pdf\" target=\"_blank\" rel=\"noopener\">Nachtlied<\/a> od Maxa Regera, nahr\u00e1vku stupnice (s r\u00f4znymi vok\u00e1lmi) a fotografiu. \u00da\u010dastn\u00edcky poplatok je 42 EUR na jeden de\u0148 (all inclusive).\u00a0Spev\u00e1ci sa m\u00f4\u017eu v pr\u00edpade potreby uch\u00e1dza\u0165 o \u0161tipendium v r\u00e1mci <a href=\"https:\/\/europeanchoralassociation.org\/noel-minet-fund-scholarship\/\" target=\"_blank\" rel=\"noopener\">Fondu Noel Minet<\/a>, na z\u00e1klade ktor\u00e9ho je mo\u017en\u00e9 poplatok odpusti\u0165.<br \/>\nUz\u00e1vierka prihl\u00e1\u0161ok je <strong>28. febru\u00e1ra.<\/strong><\/p>\n<p style=\"text-align: center;\"><a href=\"https:\/\/goo.gl\/forms\/xrAHELfcYbafLsxg1\" target=\"_blank\" rel=\"noopener\"><strong>CHCEM SA PRIHL\u00c1SI\u0164 NA EUROCHOIR<\/strong><\/a><\/p>\n<p><span class=\"embed-youtube\" style=\"text-align:center; display: block;\"><iframe loading=\"lazy\" class=\"youtube-player\" width=\"837\" height=\"471\" src=\"https:\/\/www.youtube.com\/embed\/YB-QOMn1HAg?version=3&#038;rel=1&#038;showsearch=0&#038;showinfo=1&#038;iv_load_policy=1&#038;fs=1&#038;hl=sk-SK&#038;autohide=2&#038;wmode=transparent\" allowfullscreen=\"true\" style=\"border:0;\" sandbox=\"allow-scripts allow-same-origin allow-popups allow-presentation\"><\/iframe><\/span><\/p>\n<p>Pripravil: satb.sk<br \/>\nFoto: The World Youth Choir<\/p>\n<p><a href=\"https:\/\/www.satb.sk\/index.php\/newsletter\/prihlasit-sa-na-odber\/\" target=\"_blank\" rel=\"noopener\"><img loading=\"lazy\" decoding=\"async\" data-attachment-id=\"3120\" data-permalink=\"https:\/\/www.satb.sk\/index.php\/2019\/02\/12\/hudobne-ocenenia-grammy-patria-aj-spevackym-zborom\/prihlasit-sa-na-odber-emailov-2\/\" data-orig-file=\"https:\/\/i2.wp.com\/www.satb.sk\/wp-content\/uploads\/2019\/02\/PRIHLA\u0301SIT\u030c-SA-NA-ODBER-EMAILOV-2.png?fit=728%2C90&amp;ssl=1\" data-orig-size=\"728,90\" data-comments-opened=\"0\" data-image-meta=\"{&quot;aperture&quot;:&quot;0&quot;,&quot;credit&quot;:&quot;&quot;,&quot;camera&quot;:&quot;&quot;,&quot;caption&quot;:&quot;&quot;,&quot;created_timestamp&quot;:&quot;0&quot;,&quot;copyright&quot;:&quot;&quot;,&quot;focal_length&quot;:&quot;0&quot;,&quot;iso&quot;:&quot;0&quot;,&quot;shutter_speed&quot;:&quot;0&quot;,&quot;title&quot;:&quot;&quot;,&quot;orientation&quot;:&quot;0&quot;}\" data-image-title=\"PRIHLA\u0301SIT\u030c SA NA ODBER EMAILOV (2)\" data-image-description=\"\" data-image-caption=\"\" data-medium-file=\"https:\/\/i2.wp.com\/www.satb.sk\/wp-content\/uploads\/2019\/02\/PRIHLA\u0301SIT\u030c-SA-NA-ODBER-EMAILOV-2.png?fit=300%2C37&amp;ssl=1\" data-large-file=\"https:\/\/i2.wp.com\/www.satb.sk\/wp-content\/uploads\/2019\/02\/PRIHLA\u0301SIT\u030c-SA-NA-ODBER-EMAILOV-2.png?fit=728%2C90&amp;ssl=1\" class=\"aligncenter wp-image-3120 size-medium\" src=\"https:\/\/i2.wp.com\/www.satb.sk\/wp-content\/uploads\/2019\/02\/PRIHLA\u0301SIT\u030c-SA-NA-ODBER-EMAILOV-2.png?resize=300%2C37&#038;ssl=1\" alt=\"\" width=\"300\" height=\"37\" srcset=\"https:\/\/i2.wp.com\/www.satb.sk\/wp-content\/uploads\/2019\/02\/PRIHLA\u0301SIT\u030c-SA-NA-ODBER-EMAILOV-2.png?resize=300%2C37&amp;ssl=1 300w, https:\/\/i2.wp.com\/www.satb.sk\/wp-content\/uploads\/2019\/02\/PRIHLA\u0301SIT\u030c-SA-NA-ODBER-EMAILOV-2.png?resize=600%2C74&amp;ssl=1 600w, https:\/\/i2.wp.com\/www.satb.sk\/wp-content\/uploads\/2019\/02\/PRIHLA\u0301SIT\u030c-SA-NA-ODBER-EMAILOV-2.png?w=728&amp;ssl=1 728w\" sizes=\"(max-width: 300px) 100vw, 300px\" data-recalc-dims=\"1\" \/><\/a><\/p>\n<p>&nbsp;<\/p>\n","protected":false},"excerpt":{"rendered":"<p>Zapojte sa do medzin\u00e1rodn\u00fdch projektov pre zborov\u00fdch spev\u00e1kov a spievajte v zbore spolo\u010dne s cel\u00fdm svetom.<\/p>\n","protected":false},"author":1,"featured_media":3661,"comment_status":"closed","ping_status":"closed","sticky":false,"template":"","format":"standard","meta":{"om_disable_all_campaigns":false,"_monsterinsights_skip_tracking":false,"_monsterinsights_sitenote_active":false,"_monsterinsights_sitenote_note":"","_monsterinsights_sitenote_category":0,"spay_email":"","footnotes":"","jetpack_publicize_message":"","jetpack_is_tweetstorm":false},"categories":[49,21],"tags":[],"class_list":["post-3311","post","type-post","status-publish","format-standard","has-post-thumbnail","hentry","category-aktualne","category-svet"],"aioseo_notices":[],"jetpack_featured_media_url":"https:\/\/i1.wp.com\/www.satb.sk\/wp-content\/uploads\/2019\/02\/48182756_10156949810379241_6065127716175216640_o.jpg?fit=1640%2C624&ssl=1","jetpack_publicize_connections":[],"jetpack_sharing_enabled":true,"jetpack_shortlink":"https:\/\/wp.me\/pav5wC-Rp","jetpack-related-posts":[{"id":5449,"url":"https:\/\/www.satb.sk\/index.php\/2020\/05\/30\/spievat-ci-nespievat-spevacke-zbory-a-uvolnovanie-opatreni\/","url_meta":{"origin":3311,"position":0},"title":"Spieva\u0165 \u010di nespieva\u0165? Op\u00fdtali sme sa za v\u00e1s (aktualizovan\u00e9)","date":"30 m\u00e1ja, 2020","format":false,"excerpt":"Ako sa vz\u0165ahuje uvo\u013e\u0148ovanie opatren\u00ed na spev\u00e1cke zbory? Do redakcie n\u00e1m pri\u0161lo mnoho ot\u00e1zok t\u00fdkaj\u00facich sa opatren\u00ed v s\u00favislosti s pand\u00e9miou koronav\u00edrusu. P\u00fdtali ste sa n\u00e1s, \u010di u\u017e m\u00f4\u017eete ma\u0165 so zborom n\u00e1cviky, \u010di m\u00f4\u017eete usporiada\u0165 koncert alebo \u010di mus\u00edte dodr\u017eiava\u0165 dvojmetrov\u00e9 odstupy. Na va\u0161e ot\u00e1zky v\u00e1m prin\u00e1\u0161ame odpovede na\u2026","rel":"","context":"V &quot;AKTU\u00c1LNE&quot;","img":{"alt_text":"","src":"https:\/\/i0.wp.com\/www.satb.sk\/wp-content\/uploads\/2020\/05\/globe-5116641_1920.jpg?fit=1200%2C798&ssl=1&resize=350%2C200","width":350,"height":200},"classes":[]},{"id":4586,"url":"https:\/\/www.satb.sk\/index.php\/2019\/10\/28\/koncertujte-v-cine\/","url_meta":{"origin":3311,"position":1},"title":"Koncertujte v \u010c\u00edne!","date":"28 okt\u00f3bra, 2019","format":false,"excerpt":"Spev\u00e1cke zbory maj\u00fa jedine\u010dn\u00fa mo\u017enos\u0165 za\u017ei\u0165 koncertn\u00e9 turn\u00e9 v \u010c\u00edne.\u00a0 Medzin\u00e1rodn\u00e1 feder\u00e1cia pre zborov\u00fa hudbu (IFCM) sa spojila s partnermi v \u010c\u00edne. Spolo\u010dne pon\u00fakaj\u00fa spev\u00e1ckym zborom z cel\u00e9ho sveta pr\u00edle\u017eitos\u0165 v\u00fdhodne koncertova\u0165 v r\u00e1mci troch medzin\u00e1rodn\u00fdch festivalov. Spev\u00e1cke zbory sa prihl\u00e1sia a n\u00e1sledne organiz\u00e1tori vyber\u00fa najlep\u0161ie zbory, ktor\u00e9 pozv\u00fa na\u2026","rel":"","context":"V &quot;PODUJATIA&quot;","img":{"alt_text":"","src":"https:\/\/i0.wp.com\/www.satb.sk\/wp-content\/uploads\/2019\/10\/chuttersnap-aku7Zlj_x_o-unsplash.jpg?fit=1200%2C801&ssl=1&resize=350%2C200","width":350,"height":200},"classes":[]},{"id":3817,"url":"https:\/\/www.satb.sk\/index.php\/2019\/03\/18\/exkluzivne-rozhovory\/","url_meta":{"origin":3311,"position":2},"title":"Exkluz\u00edvne rozhovory","date":"18 marca, 2019","format":false,"excerpt":"Pripravujeme pre v\u00e1s tri exkluz\u00edvne rozhovory, ktor\u00e9 port\u00e1lu SATB.SK poskytli renomovan\u00ed zahrani\u010dn\u00ed umelci.\u00a0 V r\u00e1mci ACDA konferencie v Kansase sme sa stretli s viacer\u00fdmi renomovan\u00fdmi hudobn\u00edkmi v oblasti zborov\u00e9ho spevu. Tieto stretnutia sme samozrejme vyu\u017eili a pripravili sme pre \u010ditate\u013eov n\u00e1\u0161ho port\u00e1lu tri rozhovory s v\u00fdnimo\u010dn\u00fdmi umelcami - so skladate\u013emi\u2026","rel":"","context":"V &quot;MAGAZ\u00cdN&quot;","img":{"alt_text":"","src":"https:\/\/i2.wp.com\/www.satb.sk\/wp-content\/uploads\/2019\/03\/Rozhovor.png?fit=945%2C756&ssl=1&resize=350%2C200","width":350,"height":200},"classes":[]},{"id":4135,"url":"https:\/\/www.satb.sk\/index.php\/2019\/07\/02\/velky-uspech-detskeho-spevackeho-zboru\/","url_meta":{"origin":3311,"position":3},"title":"Ve\u013ek\u00fd \u00faspech detsk\u00e9ho spev\u00e1ckeho zboru","date":"2 j\u00fala, 2019","format":false,"excerpt":"Detsk\u00fd spev\u00e1cky zbor Pro Musica\u00a0\u2013\u00a0Magn\u00f3lia zahviezdil na zborovom festivale v Po\u013esku. V prvej polovici j\u00fana sa v po\u013esk\u00fdch Miedzyzdrojoch konal 54. ro\u010dn\u00edk Medzin\u00e1rodn\u00e9ho festivalu zborov\u00fdch piesni. Slovensko na tomto podujat\u00ed reprezentoval Detsk\u00fd spev\u00e1cky zbor Pro Musica\u00a0\u2013 Magn\u00f3lia zo Sobraniec a Michaloviec pod veden\u00edm dirigentky Viery D\u017eoganovej. Zbor svoj\u00edm v\u00fdkonom presved\u010dil\u2026","rel":"","context":"V &quot;AKTU\u00c1LNE&quot;","img":{"alt_text":"","src":"https:\/\/i1.wp.com\/www.satb.sk\/wp-content\/uploads\/2019\/07\/64428178_10206122457656837_3759402711187980288_o.jpg?fit=1200%2C800&ssl=1&resize=350%2C200","width":350,"height":200},"classes":[]},{"id":635,"url":"https:\/\/www.satb.sk\/index.php\/2019\/01\/07\/jorg-zwicker-hudobnici-si-musia-byt-vedomi-ze-strach-je-pre-nas-dolezity\/","url_meta":{"origin":3311,"position":4},"title":"J\u00f6rg Zwicker: Hudobn\u00edci si musia by\u0165 vedom\u00ed, \u017ee strach je pre n\u00e1s d\u00f4le\u017eit\u00fd","date":"7 janu\u00e1ra, 2019","format":false,"excerpt":"O tom \u010do je tr\u00e9ma a ako ju m\u00f4\u017eu hudobn\u00edci zvl\u00e1da\u0165 n\u00e1m porozpr\u00e1va hudobn\u00edk a ment\u00e1lny kou\u010d\u00a0J\u00f6rg Zwicker, ktor\u00fd ned\u00e1vno nav\u0161t\u00edvil Bratislavu v r\u00e1mci workshopu na Vysokej \u0161kole m\u00fazick\u00fdch umen\u00ed. P\u00e1n Zwicker, v hudobnom odvetv\u00ed p\u00f4sob\u00edte u\u017e nejak\u00fd \u010das\u2026 \u00c1no, 35 rokov. Okrem toho, \u017ee ste akt\u00edvny hr\u00e1\u010d, ste z\u00e1rove\u0148\u2026","rel":"","context":"V &quot;MAGAZ\u00cdN&quot;","img":{"alt_text":"","src":"https:\/\/i0.wp.com\/www.satb.sk\/wp-content\/uploads\/2019\/01\/seminar4_72_16zu9.jpg?fit=850%2C478&ssl=1&resize=350%2C200","width":350,"height":200},"classes":[]},{"id":2505,"url":"https:\/\/www.satb.sk\/index.php\/2019\/02\/11\/festival-akademicka-banska-bystrica\/","url_meta":{"origin":3311,"position":5},"title":"Festival Akademick\u00e1 Bansk\u00e1 Bystrica","date":"11 febru\u00e1ra, 2019","format":false,"excerpt":"Po podujat\u00ed\u00a0Ml\u00e1de\u017e spieva a po\u00a0Vranovsk\u00fdch zborov\u00fdch sl\u00e1vnostiach zverejnili s\u00fa\u0165a\u017en\u00e9 propoz\u00edcie aj organiz\u00e1tori \u010fal\u0161ieho zborov\u00e9ho festivalu na Slovensku. Po dvoch rokoch sa n\u00e1m znovu vracia medzin\u00e1rodn\u00fd s\u00fa\u0165a\u017en\u00fd festival Akademick\u00e1 Bansk\u00e1 Bystrica. Toto podujatie m\u00e1 dvojro\u010dn\u00fa periodicitu a u\u017e osemn\u00e1s\u0165 rokov sa te\u0161\u00ed ob\u013eube u dom\u00e1cich, ale i u zahrani\u010dn\u00fdch spev\u00e1ckych zborov.\u2026","rel":"","context":"V &quot;AKTU\u00c1LNE&quot;","img":{"alt_text":"","src":"https:\/\/i2.wp.com\/www.satb.sk\/wp-content\/uploads\/2019\/02\/siteIcon-4829.jpg?fit=570%2C388&ssl=1&resize=350%2C200","width":350,"height":200},"classes":[]}],"_links":{"self":[{"href":"https:\/\/www.satb.sk\/index.php\/wp-json\/wp\/v2\/posts\/3311"}],"collection":[{"href":"https:\/\/www.satb.sk\/index.php\/wp-json\/wp\/v2\/posts"}],"about":[{"href":"https:\/\/www.satb.sk\/index.php\/wp-json\/wp\/v2\/types\/post"}],"author":[{"embeddable":true,"href":"https:\/\/www.satb.sk\/index.php\/wp-json\/wp\/v2\/users\/1"}],"replies":[{"embeddable":true,"href":"https:\/\/www.satb.sk\/index.php\/wp-json\/wp\/v2\/comments?post=3311"}],"version-history":[{"count":3,"href":"https:\/\/www.satb.sk\/index.php\/wp-json\/wp\/v2\/posts\/3311\/revisions"}],"predecessor-version":[{"id":3664,"href":"https:\/\/www.satb.sk\/index.php\/wp-json\/wp\/v2\/posts\/3311\/revisions\/3664"}],"wp:featuredmedia":[{"embeddable":true,"href":"https:\/\/www.satb.sk\/index.php\/wp-json\/wp\/v2\/media\/3661"}],"wp:attachment":[{"href":"https:\/\/www.satb.sk\/index.php\/wp-json\/wp\/v2\/media?parent=3311"}],"wp:term":[{"taxonomy":"category","embeddable":true,"href":"https:\/\/www.satb.sk\/index.php\/wp-json\/wp\/v2\/categories?post=3311"},{"taxonomy":"post_tag","embeddable":true,"href":"https:\/\/www.satb.sk\/index.php\/wp-json\/wp\/v2\/tags?post=3311"}],"curies":[{"name":"wp","href":"https:\/\/api.w.org\/{rel}","templated":true}]}}