{"id":3484,"date":"2019-02-18T05:17:00","date_gmt":"2019-02-18T05:17:00","guid":{"rendered":"https:\/\/www.satb.sk\/?p=3484"},"modified":"2019-03-15T19:55:48","modified_gmt":"2019-03-15T19:55:48","slug":"nove-hudobne-tituly-pre-zenske-spevacke-zbory","status":"publish","type":"post","link":"https:\/\/www.satb.sk\/index.php\/2019\/02\/18\/nove-hudobne-tituly-pre-zenske-spevacke-zbory\/","title":{"rendered":"Nov\u00e9 hudobn\u00e9 tituly pre \u017eensk\u00e9 spev\u00e1cke zbory"},"content":{"rendered":"<p><em>Hudobn\u00fd fond vydal nov\u00fd notov\u00fd materi\u00e1l zo zborovej tvorby Eugena Sucho\u0148a.\u00a0<\/em><\/p>\n<p><!--more--><\/p>\n<p style=\"text-align: left;\">V r\u00e1mci ed\u00edcie Musica Slovaca vydal Hudobn\u00fd fond dva nov\u00e9 tituly pre \u017eensk\u00e9 spev\u00e1cke zbory. Oba tituly poch\u00e1dzaj\u00fa zo zborovej tvorby Eugena Sucho\u0148a (1908\u00a0\u2013\u00a01993). V prv\u00fd z nich s n\u00e1zvom <em>Dva spev\u00e1cke zbory <\/em>obsahuje dve piesne &#8211; T\u00ed\u0161ko letia a \u0160tef\u00e1nik.<br \/>\nV oboch pies\u0148ach ide o hudobn\u00e9 spracovanie textov \u0160tefana Kr\u010dm\u00e9ryho (1892 \u2013 1955), ktor\u00fd ich nap\u00edsal v rokoch<br \/>\n1931 \u2013 1933.\u00a0\u00a0Druh\u00fd vydan\u00fd titul z produkcie Hudobn\u00e9ho fondu m\u00e1 n\u00e1zov Ani\u010dka du\u0161i\u010dka, a ako u\u017e samotn\u00fd n\u00e1zov napoved\u00e1, nach\u00e1dza sa v \u0148om \u00faprava zn\u00e1mej \u013eudovej piesne.<\/p>\n<p>Oba tituly je mo\u017en\u00e9 zak\u00fapi\u0165 na str\u00e1nke\u00a0<a href=\"http:\/\/www.musicaslovaca.sk\/?fbclid=IwAR0qknZCwtVqOhm6i6ayIBPN111UVGFTF5jDnNg9fXoXFqkgZvIky_3YO7I\" target=\"_blank\" rel=\"noopener nofollow\" data-ft=\"{&quot;tn&quot;:&quot;-U&quot;}\" data-lynx-mode=\"async\">www.musicaslovaca.sk<\/a>.<\/p>\n<p>&nbsp;<\/p>\n<p>Pripravil: satb.sk<br \/>\nFoto: Hudobn\u00fd fond<\/p>\n<p><a href=\"https:\/\/www.satb.sk\/index.php\/newsletter\/prihlasit-sa-na-odber\/\" target=\"_blank\" rel=\"noopener\"><img loading=\"lazy\" decoding=\"async\" data-attachment-id=\"3120\" data-permalink=\"https:\/\/www.satb.sk\/index.php\/2019\/02\/12\/hudobne-ocenenia-grammy-patria-aj-spevackym-zborom\/prihlasit-sa-na-odber-emailov-2\/\" data-orig-file=\"https:\/\/i2.wp.com\/www.satb.sk\/wp-content\/uploads\/2019\/02\/PRIHLA\u0301SIT\u030c-SA-NA-ODBER-EMAILOV-2.png?fit=728%2C90&amp;ssl=1\" data-orig-size=\"728,90\" data-comments-opened=\"0\" data-image-meta=\"{&quot;aperture&quot;:&quot;0&quot;,&quot;credit&quot;:&quot;&quot;,&quot;camera&quot;:&quot;&quot;,&quot;caption&quot;:&quot;&quot;,&quot;created_timestamp&quot;:&quot;0&quot;,&quot;copyright&quot;:&quot;&quot;,&quot;focal_length&quot;:&quot;0&quot;,&quot;iso&quot;:&quot;0&quot;,&quot;shutter_speed&quot;:&quot;0&quot;,&quot;title&quot;:&quot;&quot;,&quot;orientation&quot;:&quot;0&quot;}\" data-image-title=\"PRIHLA\u0301SIT\u030c SA NA ODBER EMAILOV (2)\" data-image-description=\"\" data-image-caption=\"\" data-medium-file=\"https:\/\/i2.wp.com\/www.satb.sk\/wp-content\/uploads\/2019\/02\/PRIHLA\u0301SIT\u030c-SA-NA-ODBER-EMAILOV-2.png?fit=300%2C37&amp;ssl=1\" data-large-file=\"https:\/\/i2.wp.com\/www.satb.sk\/wp-content\/uploads\/2019\/02\/PRIHLA\u0301SIT\u030c-SA-NA-ODBER-EMAILOV-2.png?fit=728%2C90&amp;ssl=1\" class=\"aligncenter wp-image-3120 size-medium\" src=\"https:\/\/i2.wp.com\/www.satb.sk\/wp-content\/uploads\/2019\/02\/PRIHLA\u0301SIT\u030c-SA-NA-ODBER-EMAILOV-2.png?resize=300%2C37&#038;ssl=1\" alt=\"\" width=\"300\" height=\"37\" srcset=\"https:\/\/i2.wp.com\/www.satb.sk\/wp-content\/uploads\/2019\/02\/PRIHLA\u0301SIT\u030c-SA-NA-ODBER-EMAILOV-2.png?resize=300%2C37&amp;ssl=1 300w, https:\/\/i2.wp.com\/www.satb.sk\/wp-content\/uploads\/2019\/02\/PRIHLA\u0301SIT\u030c-SA-NA-ODBER-EMAILOV-2.png?resize=600%2C74&amp;ssl=1 600w, https:\/\/i2.wp.com\/www.satb.sk\/wp-content\/uploads\/2019\/02\/PRIHLA\u0301SIT\u030c-SA-NA-ODBER-EMAILOV-2.png?w=728&amp;ssl=1 728w\" sizes=\"(max-width: 300px) 100vw, 300px\" data-recalc-dims=\"1\" \/><\/a><\/p>\n","protected":false},"excerpt":{"rendered":"<p>Hudobn\u00fd fond vydal nov\u00fd notov\u00fd materi\u00e1l zo zborovej tvorby Eugena Sucho\u0148a.\u00a0<\/p>\n","protected":false},"author":1,"featured_media":3639,"comment_status":"closed","ping_status":"closed","sticky":false,"template":"","format":"standard","meta":{"om_disable_all_campaigns":false,"_monsterinsights_skip_tracking":false,"_monsterinsights_sitenote_active":false,"_monsterinsights_sitenote_note":"","_monsterinsights_sitenote_category":0,"spay_email":"","footnotes":"","jetpack_publicize_message":"","jetpack_is_tweetstorm":false},"categories":[49],"tags":[],"class_list":["post-3484","post","type-post","status-publish","format-standard","has-post-thumbnail","hentry","category-aktualne"],"aioseo_notices":[],"jetpack_featured_media_url":"https:\/\/i2.wp.com\/www.satb.sk\/wp-content\/uploads\/2019\/02\/Hudobny\u0301-fond.png?fit=560%2C315&ssl=1","jetpack_publicize_connections":[],"jetpack_sharing_enabled":true,"jetpack_shortlink":"https:\/\/wp.me\/pav5wC-Uc","jetpack-related-posts":[{"id":1700,"url":"https:\/\/www.satb.sk\/index.php\/2019\/02\/04\/prihlaste-sa-na-vranovske-zborove-slavnosti\/","url_meta":{"origin":3484,"position":0},"title":"Prihl\u00e1ste sa na Vranovsk\u00e9 zborov\u00e9 sl\u00e1vnosti","date":"4 febru\u00e1ra, 2019","format":false,"excerpt":"Ob\u013e\u00faben\u00fd zborov\u00fd festival z v\u00fdchodn\u00e9ho Slovenska zverejnil svoj predbe\u017en\u00fd program.\u00a0 Vranovsk\u00e9 zborov\u00e9 sl\u00e1vnosti patria k najstar\u0161\u00edm zborov\u00fdm festivalom na Slovensku. Tento festival je nes\u00fa\u0165a\u017en\u00fd a je ur\u010den\u00fd pre spev\u00e1cke zbory v\u0161etk\u00fdch vekov\u00fdch kateg\u00f3ri\u00ed. Z\u00fa\u010dastni\u0165 sa ho m\u00f4\u017eu nielen spev\u00e1cke zbory zo Slovenska, ale aj zo zahrani\u010dia, pri\u010dom zbory maj\u00fa mo\u017enos\u0165\u2026","rel":"","context":"V &quot;PODUJATIA&quot;","img":{"alt_text":"","src":"https:\/\/i0.wp.com\/www.satb.sk\/wp-content\/uploads\/2019\/02\/056.jpg?fit=1200%2C900&ssl=1&resize=350%2C200","width":350,"height":200},"classes":[]},{"id":6180,"url":"https:\/\/www.satb.sk\/index.php\/2024\/05\/13\/mladez-spieva-2024-plna-slovenskej-tvorby-a-kvalitnych-vykonov\/","url_meta":{"origin":3484,"position":1},"title":"Ml\u00e1de\u017e spieva 2024 pln\u00e1 slovenskej tvorby a\u00a0kvalitn\u00fdch umeleck\u00fdch v\u00fdkonov","date":"13 m\u00e1ja, 2024","format":false,"excerpt":"Pozn\u00e1me v\u00ed\u0165azov celo\u0161t\u00e1tnej s\u00fa\u0165a\u017ee a prehliadky Ml\u00e1de\u017e spieva 2024. Premi\u00e9ry slovensk\u00fdch skladieb, bohat\u00fd program a\u00a0predov\u0161etk\u00fdm vysok\u00e1 umeleck\u00e1 \u00farove\u0148. Aj tak by sa dal op\u00edsa\u0165 52. ro\u010dn\u00edk celo\u0161t\u00e1tnej s\u00fa\u0165a\u017ee a\u00a0prehliadky detsk\u00fdch a\u00a0ml\u00e1de\u017en\u00edckych spev\u00e1ckych zborov Ml\u00e1de\u017e spieva 2024. Celo\u0161t\u00e1tne kolo s\u00fa\u0165a\u017ee Ml\u00e1de\u017e spieva sa uskuto\u010dnilo 10. \u2013 11. m\u00e1ja 2024 v\u00a0Prievidzi a\u00a0z\u00fa\u010dastnilo\u2026","rel":"","context":"V &quot;AKTU\u00c1LNE&quot;","img":{"alt_text":"","src":"https:\/\/i0.wp.com\/www.satb.sk\/wp-content\/uploads\/2024\/05\/IMG_0433-scaled.jpg?fit=1200%2C900&ssl=1&resize=350%2C200","width":350,"height":200},"classes":[]},{"id":4174,"url":"https:\/\/www.satb.sk\/index.php\/2019\/07\/15\/nove-uspechy-slovenskych-zboristov\/","url_meta":{"origin":3484,"position":2},"title":"Nov\u00e9 \u00faspechy slovensk\u00fdch zboristov na zahrani\u010dn\u00fdch p\u00f3di\u00e1ch","date":"15 j\u00fala, 2019","format":false,"excerpt":"Po \u00faspechu spev\u00e1ckeho zboru Pro Musica - Magn\u00f3lia si ocenenia zo zahrani\u010dn\u00fdch festivalov priniesli aj \u010fal\u0161ie dva spev\u00e1cke zbory zo Slovenska. Prv\u00fdm z nich bol \u017densk\u00fd spev\u00e1cky zbor Vocals z Pre\u0161ova, ktor\u00fd sa z\u00fa\u010dastnil\u00a0Medzin\u00e1rodn\u00e9ho festivalu Severnoje Belcanto v Petrohrade. Zo s\u00fa\u0165a\u017ee si doniesol tretie miesto v kateg\u00f3ri\u00ed \u017eensk\u00e9 zbory, prv\u00e9\u2026","rel":"","context":"V &quot;AKTU\u00c1LNE&quot;","img":{"alt_text":"","src":"https:\/\/i2.wp.com\/www.satb.sk\/wp-content\/uploads\/2019\/07\/65602526_2804127446295554_5188464336317710336_n.jpg?fit=960%2C540&ssl=1&resize=350%2C200","width":350,"height":200},"classes":[]},{"id":6159,"url":"https:\/\/www.satb.sk\/index.php\/2022\/04\/03\/prihlaste-svoj-zbor-na-festival-v-bratislave\/","url_meta":{"origin":3484,"position":3},"title":"Prihl\u00e1ste svoj zbor na festival v Bratislave","date":"3 apr\u00edla, 2022","format":false,"excerpt":"Bratislava Music Agency poz\u00fdva spev\u00e1cke zbory na festivaly zborov\u00e9ho spevu.\u00a0 Zborov\u00e9 podujatia po dvoch rokoch pand\u00e9mie kone\u010dne otv\u00e1raj\u00fa svoje br\u00e1ny pre spev\u00e1cke zbory. K nim patria aj \u00faspe\u0161n\u00e9 medzin\u00e1rodn\u00e9 festivalov\u00e9 podujatia agent\u00fary Bratislava Music Agency, ktor\u00e9 sa konali ka\u017edoro\u010dne v Bratislave. \"Po dvoch rokoch prest\u00e1vky a v\u010faka postupne sa zlep\u0161uj\u00facej\u2026","rel":"","context":"V &quot;AKTU\u00c1LNE&quot;","img":{"alt_text":"","src":"https:\/\/i1.wp.com\/www.satb.sk\/wp-content\/uploads\/2022\/04\/242752831_240158434792446_3392868837901045435_n.jpeg?fit=1200%2C800&ssl=1&resize=350%2C200","width":350,"height":200},"classes":[]},{"id":4336,"url":"https:\/\/www.satb.sk\/index.php\/2019\/08\/12\/slovenske-zbory-ziskali-dalsie-cenne-kovy\/","url_meta":{"origin":3484,"position":4},"title":"Slovensk\u00e9 zbory z\u00edskali \u010fal\u0161ie cenn\u00e9 kovy","date":"12 augusta, 2019","format":false,"excerpt":"Jedna strieborn\u00e1 a \u0161tyri zlat\u00e9 medaily. To s\u00fa ocenenia, ktor\u00e9 z Eur\u00f3pskych zborov\u00fdch hier priniesli spev\u00e1cke zbory zo Slovenska. Eur\u00f3pske zborov\u00e9 hry patria k najv\u00e4\u010d\u0161\u00edm a najprest\u00ed\u017enej\u0161\u00edm zborov\u00fdm podujatiam v Eur\u00f3pe. \u0160tvrt\u00fd ro\u010dn\u00edk hier sa tento rok uskuto\u010dnil od 3. - 10. augusta v \u0161v\u00e9dskom meste G\u00f6teborg a z\u00fa\u010dastnilo sa\u2026","rel":"","context":"V &quot;Nezaraden\u00e9&quot;","img":{"alt_text":"","src":"https:\/\/i2.wp.com\/www.satb.sk\/wp-content\/uploads\/2019\/08\/68453454_343333016612361_8097268866389901312_n.jpg?fit=1024%2C768&ssl=1&resize=350%2C200","width":350,"height":200},"classes":[]},{"id":3817,"url":"https:\/\/www.satb.sk\/index.php\/2019\/03\/18\/exkluzivne-rozhovory\/","url_meta":{"origin":3484,"position":5},"title":"Exkluz\u00edvne rozhovory","date":"18 marca, 2019","format":false,"excerpt":"Pripravujeme pre v\u00e1s tri exkluz\u00edvne rozhovory, ktor\u00e9 port\u00e1lu SATB.SK poskytli renomovan\u00ed zahrani\u010dn\u00ed umelci.\u00a0 V r\u00e1mci ACDA konferencie v Kansase sme sa stretli s viacer\u00fdmi renomovan\u00fdmi hudobn\u00edkmi v oblasti zborov\u00e9ho spevu. Tieto stretnutia sme samozrejme vyu\u017eili a pripravili sme pre \u010ditate\u013eov n\u00e1\u0161ho port\u00e1lu tri rozhovory s v\u00fdnimo\u010dn\u00fdmi umelcami - so skladate\u013emi\u2026","rel":"","context":"V &quot;MAGAZ\u00cdN&quot;","img":{"alt_text":"","src":"https:\/\/i2.wp.com\/www.satb.sk\/wp-content\/uploads\/2019\/03\/Rozhovor.png?fit=945%2C756&ssl=1&resize=350%2C200","width":350,"height":200},"classes":[]}],"_links":{"self":[{"href":"https:\/\/www.satb.sk\/index.php\/wp-json\/wp\/v2\/posts\/3484"}],"collection":[{"href":"https:\/\/www.satb.sk\/index.php\/wp-json\/wp\/v2\/posts"}],"about":[{"href":"https:\/\/www.satb.sk\/index.php\/wp-json\/wp\/v2\/types\/post"}],"author":[{"embeddable":true,"href":"https:\/\/www.satb.sk\/index.php\/wp-json\/wp\/v2\/users\/1"}],"replies":[{"embeddable":true,"href":"https:\/\/www.satb.sk\/index.php\/wp-json\/wp\/v2\/comments?post=3484"}],"version-history":[{"count":23,"href":"https:\/\/www.satb.sk\/index.php\/wp-json\/wp\/v2\/posts\/3484\/revisions"}],"predecessor-version":[{"id":3658,"href":"https:\/\/www.satb.sk\/index.php\/wp-json\/wp\/v2\/posts\/3484\/revisions\/3658"}],"wp:featuredmedia":[{"embeddable":true,"href":"https:\/\/www.satb.sk\/index.php\/wp-json\/wp\/v2\/media\/3639"}],"wp:attachment":[{"href":"https:\/\/www.satb.sk\/index.php\/wp-json\/wp\/v2\/media?parent=3484"}],"wp:term":[{"taxonomy":"category","embeddable":true,"href":"https:\/\/www.satb.sk\/index.php\/wp-json\/wp\/v2\/categories?post=3484"},{"taxonomy":"post_tag","embeddable":true,"href":"https:\/\/www.satb.sk\/index.php\/wp-json\/wp\/v2\/tags?post=3484"}],"curies":[{"name":"wp","href":"https:\/\/api.w.org\/{rel}","templated":true}]}}