{"id":3659,"date":"2019-02-18T08:30:24","date_gmt":"2019-02-18T08:30:24","guid":{"rendered":"https:\/\/www.satb.sk\/?p=3659"},"modified":"2019-02-18T08:31:53","modified_gmt":"2019-02-18T08:31:53","slug":"podte-s-nami-na-konferenciu-do-usa","status":"publish","type":"post","link":"https:\/\/www.satb.sk\/index.php\/2019\/02\/18\/podte-s-nami-na-konferenciu-do-usa\/","title":{"rendered":"Po\u010fte s nami na konferenciu do USA"},"content":{"rendered":"<p><em>Po\u010fte sa s nami\u00a0pozrie\u0165 na<strong>\u00a0N\u00e1rodn\u00fa konferenciu o zborovom speve<\/strong> v Spojen\u00fdch \u0161t\u00e1toch americk\u00fdch.<\/em><\/p>\n<p><!--more--><\/p>\n<p>Koncom febru\u00e1ra sa v americkom meste Kansas v \u0161t\u00e1te Missouri uskuto\u010dn\u00ed najv\u00e4\u010d\u0161ia zborov\u00e1 konferencia v r\u00e1mci USA. Na konferencii pravidelne vystupuj\u00fa najlep\u0161ie americk\u00e9 spev\u00e1cke zbory, prezentuj\u00fa sa renomovan\u00e9 in\u0161tit\u00facie a svetov\u00ed skladatelia.<br \/>\nS ve\u013ekou rados\u0165ou v\u00e1m oznamujeme, \u017ee port\u00e1l SATB.SK sa tejto konferencie z\u00fa\u010dastn\u00ed a bude v\u00e1m prin\u00e1\u0161a\u0165 aktu\u00e1lne inform\u00e1cie z tohto podujatia. Konferencia sa bude kona\u0165\u00a0<strong>od 26. febru\u00e1ra do 2. marca <\/strong>a tohtoro\u010dn\u00fdm hlavn\u00fdm hos\u0165om podujatia bude svetozn\u00e1my skladate\u013e\u00a0\u00a0<strong>John Rutter.\u00a0<\/strong><\/p>\n<p style=\"text-align: center;\">Ak chcete ma\u0165 \u010derstv\u00e9 inform\u00e1cie z tohto podujatia, sledujte n\u00e1s prostredn\u00edctvom na\u0161ich soci\u00e1lnych sieti.<\/p>\n<p><a href=\"https:\/\/www.facebook.com\/satbsk\/?modal=admin_todo_tour\" target=\"_blank\" rel=\"noopener\"><img loading=\"lazy\" decoding=\"async\" data-attachment-id=\"3665\" data-permalink=\"https:\/\/www.satb.sk\/index.php\/2019\/02\/18\/podte-s-nami-na-konferenciu-do-usa\/face\/\" data-orig-file=\"https:\/\/i0.wp.com\/www.satb.sk\/wp-content\/uploads\/2019\/02\/Face.png?fit=500%2C500&amp;ssl=1\" data-orig-size=\"500,500\" data-comments-opened=\"0\" data-image-meta=\"{&quot;aperture&quot;:&quot;0&quot;,&quot;credit&quot;:&quot;&quot;,&quot;camera&quot;:&quot;&quot;,&quot;caption&quot;:&quot;&quot;,&quot;created_timestamp&quot;:&quot;0&quot;,&quot;copyright&quot;:&quot;&quot;,&quot;focal_length&quot;:&quot;0&quot;,&quot;iso&quot;:&quot;0&quot;,&quot;shutter_speed&quot;:&quot;0&quot;,&quot;title&quot;:&quot;&quot;,&quot;orientation&quot;:&quot;0&quot;}\" data-image-title=\"Face\" data-image-description=\"\" data-image-caption=\"\" data-medium-file=\"https:\/\/i0.wp.com\/www.satb.sk\/wp-content\/uploads\/2019\/02\/Face.png?fit=300%2C300&amp;ssl=1\" data-large-file=\"https:\/\/i0.wp.com\/www.satb.sk\/wp-content\/uploads\/2019\/02\/Face.png?fit=500%2C500&amp;ssl=1\" class=\"aligncenter wp-image-3665\" src=\"https:\/\/i0.wp.com\/www.satb.sk\/wp-content\/uploads\/2019\/02\/Face.png?resize=76%2C76&#038;ssl=1\" alt=\"\" width=\"76\" height=\"76\" srcset=\"https:\/\/i0.wp.com\/www.satb.sk\/wp-content\/uploads\/2019\/02\/Face.png?resize=300%2C300&amp;ssl=1 300w, https:\/\/i0.wp.com\/www.satb.sk\/wp-content\/uploads\/2019\/02\/Face.png?resize=150%2C150&amp;ssl=1 150w, https:\/\/i0.wp.com\/www.satb.sk\/wp-content\/uploads\/2019\/02\/Face.png?resize=45%2C45&amp;ssl=1 45w, https:\/\/i0.wp.com\/www.satb.sk\/wp-content\/uploads\/2019\/02\/Face.png?w=500&amp;ssl=1 500w\" sizes=\"(max-width: 76px) 100vw, 76px\" data-recalc-dims=\"1\" \/><\/a><a href=\"https:\/\/www.instagram.com\/satbsk\/\" target=\"_blank\" rel=\"noopener\"><img loading=\"lazy\" decoding=\"async\" data-attachment-id=\"3666\" data-permalink=\"https:\/\/www.satb.sk\/index.php\/2019\/02\/18\/podte-s-nami-na-konferenciu-do-usa\/insta\/\" data-orig-file=\"https:\/\/i1.wp.com\/www.satb.sk\/wp-content\/uploads\/2019\/02\/Insta.png?fit=500%2C500&amp;ssl=1\" data-orig-size=\"500,500\" data-comments-opened=\"0\" data-image-meta=\"{&quot;aperture&quot;:&quot;0&quot;,&quot;credit&quot;:&quot;&quot;,&quot;camera&quot;:&quot;&quot;,&quot;caption&quot;:&quot;&quot;,&quot;created_timestamp&quot;:&quot;0&quot;,&quot;copyright&quot;:&quot;&quot;,&quot;focal_length&quot;:&quot;0&quot;,&quot;iso&quot;:&quot;0&quot;,&quot;shutter_speed&quot;:&quot;0&quot;,&quot;title&quot;:&quot;&quot;,&quot;orientation&quot;:&quot;0&quot;}\" data-image-title=\"Insta\" data-image-description=\"\" data-image-caption=\"\" data-medium-file=\"https:\/\/i1.wp.com\/www.satb.sk\/wp-content\/uploads\/2019\/02\/Insta.png?fit=300%2C300&amp;ssl=1\" data-large-file=\"https:\/\/i1.wp.com\/www.satb.sk\/wp-content\/uploads\/2019\/02\/Insta.png?fit=500%2C500&amp;ssl=1\" class=\"aligncenter wp-image-3666\" src=\"https:\/\/i1.wp.com\/www.satb.sk\/wp-content\/uploads\/2019\/02\/Insta.png?resize=69%2C69&#038;ssl=1\" alt=\"\" width=\"69\" height=\"69\" srcset=\"https:\/\/i1.wp.com\/www.satb.sk\/wp-content\/uploads\/2019\/02\/Insta.png?resize=300%2C300&amp;ssl=1 300w, https:\/\/i1.wp.com\/www.satb.sk\/wp-content\/uploads\/2019\/02\/Insta.png?resize=150%2C150&amp;ssl=1 150w, https:\/\/i1.wp.com\/www.satb.sk\/wp-content\/uploads\/2019\/02\/Insta.png?resize=45%2C45&amp;ssl=1 45w, https:\/\/i1.wp.com\/www.satb.sk\/wp-content\/uploads\/2019\/02\/Insta.png?w=500&amp;ssl=1 500w\" sizes=\"(max-width: 69px) 100vw, 69px\" data-recalc-dims=\"1\" \/><\/a><\/p>\n<p>&nbsp;<\/p>\n<p>Pripravil: satb.sk<br \/>\nFoto:\u00a0\u00a0<a href=\"https:\/\/unsplash.com\/photos\/6mXWOm43zZg?utm_source=unsplash&amp;utm_medium=referral&amp;utm_content=creditCopyText\">Radek Grzybowski<\/a>\u00a0on\u00a0<a href=\"https:\/\/unsplash.com\/search\/photos\/music?utm_source=unsplash&amp;utm_medium=referral&amp;utm_content=creditCopyText\">Unsplash<\/a><\/p>\n<p><a href=\"https:\/\/www.satb.sk\/index.php\/newsletter\/prihlasit-sa-na-odber\/\" target=\"_blank\" rel=\"noopener\"><img loading=\"lazy\" decoding=\"async\" data-attachment-id=\"3120\" data-permalink=\"https:\/\/www.satb.sk\/index.php\/2019\/02\/12\/hudobne-ocenenia-grammy-patria-aj-spevackym-zborom\/prihlasit-sa-na-odber-emailov-2\/\" data-orig-file=\"https:\/\/i2.wp.com\/www.satb.sk\/wp-content\/uploads\/2019\/02\/PRIHLA\u0301SIT\u030c-SA-NA-ODBER-EMAILOV-2.png?fit=728%2C90&amp;ssl=1\" data-orig-size=\"728,90\" data-comments-opened=\"0\" data-image-meta=\"{&quot;aperture&quot;:&quot;0&quot;,&quot;credit&quot;:&quot;&quot;,&quot;camera&quot;:&quot;&quot;,&quot;caption&quot;:&quot;&quot;,&quot;created_timestamp&quot;:&quot;0&quot;,&quot;copyright&quot;:&quot;&quot;,&quot;focal_length&quot;:&quot;0&quot;,&quot;iso&quot;:&quot;0&quot;,&quot;shutter_speed&quot;:&quot;0&quot;,&quot;title&quot;:&quot;&quot;,&quot;orientation&quot;:&quot;0&quot;}\" data-image-title=\"PRIHLA\u0301SIT\u030c SA NA ODBER EMAILOV (2)\" data-image-description=\"\" data-image-caption=\"\" data-medium-file=\"https:\/\/i2.wp.com\/www.satb.sk\/wp-content\/uploads\/2019\/02\/PRIHLA\u0301SIT\u030c-SA-NA-ODBER-EMAILOV-2.png?fit=300%2C37&amp;ssl=1\" data-large-file=\"https:\/\/i2.wp.com\/www.satb.sk\/wp-content\/uploads\/2019\/02\/PRIHLA\u0301SIT\u030c-SA-NA-ODBER-EMAILOV-2.png?fit=728%2C90&amp;ssl=1\" class=\"aligncenter wp-image-3120 size-medium\" src=\"https:\/\/i2.wp.com\/www.satb.sk\/wp-content\/uploads\/2019\/02\/PRIHLA\u0301SIT\u030c-SA-NA-ODBER-EMAILOV-2.png?resize=300%2C37&#038;ssl=1\" alt=\"\" width=\"300\" height=\"37\" srcset=\"https:\/\/i2.wp.com\/www.satb.sk\/wp-content\/uploads\/2019\/02\/PRIHLA\u0301SIT\u030c-SA-NA-ODBER-EMAILOV-2.png?resize=300%2C37&amp;ssl=1 300w, https:\/\/i2.wp.com\/www.satb.sk\/wp-content\/uploads\/2019\/02\/PRIHLA\u0301SIT\u030c-SA-NA-ODBER-EMAILOV-2.png?resize=600%2C74&amp;ssl=1 600w, https:\/\/i2.wp.com\/www.satb.sk\/wp-content\/uploads\/2019\/02\/PRIHLA\u0301SIT\u030c-SA-NA-ODBER-EMAILOV-2.png?w=728&amp;ssl=1 728w\" sizes=\"(max-width: 300px) 100vw, 300px\" data-recalc-dims=\"1\" \/><\/a><\/p>\n<p>&nbsp;<\/p>\n<p>&nbsp;<\/p>\n","protected":false},"excerpt":{"rendered":"<p>Po\u010fte sa s nami\u00a0pozrie\u0165 na\u00a0N\u00e1rodn\u00fa konferenciu o zborovom speve v Spojen\u00fdch \u0161t\u00e1toch americk\u00fdch.<\/p>\n","protected":false},"author":1,"featured_media":3667,"comment_status":"open","ping_status":"open","sticky":false,"template":"","format":"standard","meta":{"om_disable_all_campaigns":false,"_monsterinsights_skip_tracking":false,"_monsterinsights_sitenote_active":false,"_monsterinsights_sitenote_note":"","_monsterinsights_sitenote_category":0,"spay_email":"","footnotes":"","jetpack_publicize_message":"","jetpack_is_tweetstorm":false},"categories":[22],"tags":[],"class_list":["post-3659","post","type-post","status-publish","format-standard","has-post-thumbnail","hentry","category-podujatia"],"aioseo_notices":[],"jetpack_featured_media_url":"https:\/\/i0.wp.com\/www.satb.sk\/wp-content\/uploads\/2019\/02\/Zo.png?fit=1920%2C1080&ssl=1","jetpack_publicize_connections":[],"jetpack_sharing_enabled":true,"jetpack_shortlink":"https:\/\/wp.me\/pav5wC-X1","jetpack-related-posts":[{"id":3687,"url":"https:\/\/www.satb.sk\/index.php\/2019\/02\/25\/narodna-konferencia-v-kansase-zacina-uz-zajtra\/","url_meta":{"origin":3659,"position":0},"title":"N\u00e1rodn\u00e1 konferencia v Kansase za\u010d\u00edna u\u017e zajtra","date":"25 febru\u00e1ra, 2019","format":false,"excerpt":"Viete \u010do v\u0161etko na n\u00e1s \u010dak\u00e1 na najv\u00e4\u010d\u0161ej konferencii o zborovom speve v Spojen\u00fdch \u0161t\u00e1toch americk\u00fdch? Tento t\u00fd\u017ede\u0148 v\u00e1s port\u00e1l SATB.SK vezme do Kansas City, kde sa bude kona\u0165 od 26. febru\u00e1ra do 2. marca jubilejn\u00fd 60. ro\u010dn\u00edk najv\u00e4\u010d\u0161ej americkej konferencie o zborovom speve. Organiz\u00e1torom konferencie je Americk\u00e1 asoci\u00e1cia zborov\u00fdch\u2026","rel":"","context":"V &quot;AKTU\u00c1LNE&quot;","img":{"alt_text":"","src":"https:\/\/i1.wp.com\/www.satb.sk\/wp-content\/uploads\/2019\/02\/Logo-2.jpg?fit=1200%2C645&ssl=1&resize=350%2C200","width":350,"height":200},"classes":[]},{"id":4424,"url":"https:\/\/www.satb.sk\/index.php\/2019\/09\/26\/nesmrtelne-melodie-a-radost-z-rytmu\/","url_meta":{"origin":3659,"position":1},"title":"Nesmrte\u013en\u00e9 mel\u00f3die a rados\u0165 z rytmu","date":"26 septembra, 2019","format":false,"excerpt":"Prievidzsk\u00e9 zborov\u00e9 dielne pon\u00fakaj\u00fa jedine\u010dn\u00fa mo\u017enos\u0165 preh\u013abi\u0165 poznatky v oblasti zborov\u00e9ho spevu. Region\u00e1lne kult\u00farne centrum (RKC) v Prievidzi organizuje dvojd\u0148ov\u00e9 \u0161kolenie ur\u010den\u00e9 pre dirigentov, \u010dlenov spev\u00e1ckych zborov a z\u00e1ujemcov o zborov\u00fd spev. \u0160kolenie, ktor\u00e9 sa uskuto\u010dn\u00ed 5. - 6. okt\u00f3bra, bude prebieha\u0165 formou tvoriv\u00fdch dieln\u00ed pod veden\u00edm sk\u00fasen\u00fdch slovensk\u00fdch dirigentov\u2026","rel":"","context":"V &quot;PODUJATIA&quot;","img":{"alt_text":"","src":"https:\/\/i2.wp.com\/www.satb.sk\/wp-content\/uploads\/2019\/09\/69701833_3006885386202600_3201446219888984064_n.jpg?fit=960%2C640&ssl=1&resize=350%2C200","width":350,"height":200},"classes":[]},{"id":5489,"url":"https:\/\/www.satb.sk\/index.php\/2020\/07\/08\/stretnutie-nad-zborovou-partiturou-sutaz-pre-dirigentov-sa-uskutocni-aj-tento-rok\/","url_meta":{"origin":3659,"position":2},"title":"Stretnutie nad zborovou partit\u00farou. S\u00fa\u0165a\u017e pre dirigentov sa uskuto\u010dn\u00ed aj tento rok","date":"8 j\u00fala, 2020","format":false,"excerpt":"Zborov\u00e9 podujatia na Slovensku znovu o\u017e\u00edvaj\u00fa. Po kult\u00farnej odm\u013ake v s\u00favislosti s pand\u00e9miou koronav\u00edrusu sa m\u00f4\u017eeme te\u0161i\u0165 na \u010fal\u0161\u00ed ro\u010dn\u00edk Medzin\u00e1rodnej s\u00fa\u0165a\u017ee pre dirigentov spev\u00e1ckych zborov.\u00a0 Tvoriv\u00e1 atmosf\u00e9ra, finan\u010dn\u00e9 ceny a koncentr\u00e1cia skvelej zborovej tvorby. To je piaty ro\u010dn\u00edk Medzin\u00e1rodnej s\u00fa\u0165a\u017ee v zborovom dirigovan\u00ed, ktor\u00fa op\u00e4\u0165 organizuje Katedra kompoz\u00edcie a\u2026","rel":"","context":"V &quot;AKTU\u00c1LNE&quot;","img":{"alt_text":"","src":"https:\/\/i1.wp.com\/www.satb.sk\/wp-content\/uploads\/2020\/07\/Foto_Su\u0301t\u030caz\u030c-dirigentov.jpg?fit=960%2C720&ssl=1&resize=350%2C200","width":350,"height":200},"classes":[]},{"id":5336,"url":"https:\/\/www.satb.sk\/index.php\/2020\/03\/22\/zaspievajte-si-pocas-karanteny-beethovena\/","url_meta":{"origin":3659,"position":3},"title":"Zaspievajte si po\u010das karant\u00e9ny Beethovena","date":"22 marca, 2020","format":false,"excerpt":"Zapojte sa do virtu\u00e1lneho zboru a orchestra priamo u seba doma.\u00a0 Situ\u00e1cia okolo koronav\u00edrusu nepraje predov\u0161etk\u00fdm kult\u00farnym usporiadate\u013eom a milovn\u00edkom umenia. Kv\u00f4li ochrane zdravia boli zru\u0161en\u00e9 v\u0161etky podujatia a zatvoren\u00e9 v\u0161etky kult\u00farne in\u0161tit\u00facie. O.z \u0160tArt sa preto rozhodlo oslovi\u0165 hudobn\u00edkov z cel\u00e9ho Slovenska a okolit\u00fdch kraj\u00edn s \u00famyslom vytvori\u0165 virtu\u00e1lny\u2026","rel":"","context":"V &quot;AKTU\u00c1LNE&quot;","img":{"alt_text":"","src":"https:\/\/i2.wp.com\/www.satb.sk\/wp-content\/uploads\/2020\/03\/Beethoven-vizua\u0301l.png?fit=1200%2C675&ssl=1&resize=350%2C200","width":350,"height":200},"classes":[]},{"id":5507,"url":"https:\/\/www.satb.sk\/index.php\/2020\/07\/29\/festival-svatky-pisni-sa-uskutocni-v-jeseni\/","url_meta":{"origin":3659,"position":4},"title":"Festival Sv\u00e1tky p\u00edsni sa uskuto\u010dn\u00ed v jeseni","date":"29 j\u00fala, 2020","format":false,"excerpt":"Chcete \u00eds\u0165 so svoj\u00edm zborom e\u0161te tento rok na zborov\u00fd festival? Prihl\u00e1ste sa na tohtoro\u010dn\u00fa najv\u00e4\u010d\u0161iu\u00a0zborov\u00fa udalos\u0165 v \u010ceskej republike. Pand\u00e9mia koronav\u00edrusu zapr\u00ed\u010dinila mas\u00edvne ru\u0161enie zborov\u00fd podujat\u00ed po celom svete. Organiz\u00e1tori Medzin\u00e1rodn\u00e9ho festivalu spev\u00e1ckych zborov a ml\u00e1de\u017en\u00edckych orchestrov Sv\u00e1tky p\u00edsni v Olomouci sa v\u0161ak po vzore viacer\u00fdch zahrani\u010dn\u00fdch festivalov rozhodli\u2026","rel":"","context":"V &quot;AKTU\u00c1LNE&quot;","img":{"alt_text":"","src":"https:\/\/i1.wp.com\/www.satb.sk\/wp-content\/uploads\/2020\/02\/Reduta_DSC_9136-e1582894249983.jpeg?fit=1200%2C617&ssl=1&resize=350%2C200","width":350,"height":200},"classes":[]},{"id":3958,"url":"https:\/\/www.satb.sk\/index.php\/2019\/04\/14\/zucastnite-sa-podujatia-viva-il-canto\/","url_meta":{"origin":3659,"position":5},"title":"Z\u00fa\u010dastnite sa podujatia Viva il canto","date":"14 apr\u00edla, 2019","format":false,"excerpt":"Po dvoch rokoch sa znovu m\u00f4\u017eete prihl\u00e1si\u0165 na Celo\u0161t\u00e1tnu s\u00fa\u0165a\u017e a prehliadku pre dospel\u00e9 spev\u00e1cke zbory.\u00a0 Podujatie Viva il canto\u00a0je na zborovej sc\u00e9ne pomerne kr\u00e1tko (od roku 2013), no napriek tomu si toto podujatie ob\u013e\u00fabilo viacero spev\u00e1ckych zborov na Slovensku. Viva il canto je v s\u00fa\u010dasnosti jedinou postupovou s\u00fa\u0165a\u017enou prehliadkou\u2026","rel":"","context":"V &quot;PODUJATIA&quot;","img":{"alt_text":"","src":"https:\/\/i1.wp.com\/www.satb.sk\/wp-content\/uploads\/2019\/04\/0041-947x629.jpg?fit=947%2C629&ssl=1&resize=350%2C200","width":350,"height":200},"classes":[]}],"_links":{"self":[{"href":"https:\/\/www.satb.sk\/index.php\/wp-json\/wp\/v2\/posts\/3659"}],"collection":[{"href":"https:\/\/www.satb.sk\/index.php\/wp-json\/wp\/v2\/posts"}],"about":[{"href":"https:\/\/www.satb.sk\/index.php\/wp-json\/wp\/v2\/types\/post"}],"author":[{"embeddable":true,"href":"https:\/\/www.satb.sk\/index.php\/wp-json\/wp\/v2\/users\/1"}],"replies":[{"embeddable":true,"href":"https:\/\/www.satb.sk\/index.php\/wp-json\/wp\/v2\/comments?post=3659"}],"version-history":[{"count":6,"href":"https:\/\/www.satb.sk\/index.php\/wp-json\/wp\/v2\/posts\/3659\/revisions"}],"predecessor-version":[{"id":3673,"href":"https:\/\/www.satb.sk\/index.php\/wp-json\/wp\/v2\/posts\/3659\/revisions\/3673"}],"wp:featuredmedia":[{"embeddable":true,"href":"https:\/\/www.satb.sk\/index.php\/wp-json\/wp\/v2\/media\/3667"}],"wp:attachment":[{"href":"https:\/\/www.satb.sk\/index.php\/wp-json\/wp\/v2\/media?parent=3659"}],"wp:term":[{"taxonomy":"category","embeddable":true,"href":"https:\/\/www.satb.sk\/index.php\/wp-json\/wp\/v2\/categories?post=3659"},{"taxonomy":"post_tag","embeddable":true,"href":"https:\/\/www.satb.sk\/index.php\/wp-json\/wp\/v2\/tags?post=3659"}],"curies":[{"name":"wp","href":"https:\/\/api.w.org\/{rel}","templated":true}]}}