{"id":3682,"date":"2019-02-24T22:56:51","date_gmt":"2019-02-24T22:56:51","guid":{"rendered":"https:\/\/www.satb.sk\/?p=3682"},"modified":"2019-11-03T13:19:02","modified_gmt":"2019-11-03T13:19:02","slug":"womanvocal-spev-prezivame-celou-dusou-a-srdcom","status":"publish","type":"post","link":"https:\/\/www.satb.sk\/index.php\/2019\/02\/24\/womanvocal-spev-prezivame-celou-dusou-a-srdcom\/","title":{"rendered":"Womanvocal: Spev pre\u017e\u00edvame celou du\u0161ou a\u00a0srdcom"},"content":{"rendered":"<h6 class=\"p5\"><strong><span class=\"s1\"><i>\u017densk\u00e9 vok\u00e1lne zoskupenie Womanvocal je komorn\u00fd \u017eensk\u00fd zbor, ktor\u00fd vznikol v\u00a0roku 2013 z podnetu pedagogi\u010diek umeleck\u00fdch \u0161k\u00f4l v Humennom. V meste funguje viacero mie\u0161an\u00fdch zborov, a\u00a0preto chceli prinies\u0165 nie\u010do nov\u00e9, obohati\u0165 miestny hudobn\u00fd \u017eivot a pripravi\u0165 pre dom\u00e1ce publikum hudobn\u00e9 lah\u00f4dky v inom \u2013 v\u00fdlu\u010dne \u017eenskom spev\u00e1ckom \u0161ate.<\/i><\/span><\/strong><\/h6>\n<h6 class=\"p5\"><\/h6>\n<p><!--more--><\/p>\n<p class=\"p5\"><span class=\"s1\"><b>Spievanie v\u00a0zbore je na\u0161a v\u00e1\u0161e\u0148<br \/>\n<\/b><\/span><span class=\"s1\">Spev je pre n\u00e1s relax. Je to nie\u010do, \u010do n\u00e1s sp\u00e1ja \u013eudsky aj umelecky a ve\u013emi n\u00e1s to bav\u00ed. Mnoh\u00e9 z n\u00e1s sp\u00e1ja t\u00e1to v\u00e1\u0161e\u0148 k zborov\u00e9mu spevu u\u017e od detstva, tak\u017ee sa niektor\u00e9 pozn\u00e1me a stret\u00e1vame aj viac ako 20 rokov v r\u00f4znych spev\u00e1ckych zoskupeniach. V\u0161etky m\u00e1me dlhoro\u010dn\u00e9 sk\u00fasenosti so zborov\u00fdm spevom, najm\u00e4 v\u00a0mie\u0161an\u00fdch zboroch.<\/span><\/p>\n<p class=\"p5\"><span class=\"s1\"><b>Pre\u010do komorn\u00e9 zoskupenie?<br \/>\n<\/b><\/span><span class=\"s1\">Preto\u017ee vieme, ako ve\u013emi \u010dasovo n\u00e1ro\u010dn\u00e9 s\u00fa sk\u00fa\u0161ky s\u00a0ve\u013ek\u00fdm amat\u00e9rskym telesom. Ke\u010f teda spievame v\u00a0men\u0161om \u017eenskom obsaden\u00ed, kde drviv\u00e1 v\u00e4\u010d\u0161ina<span class=\"Apple-converted-space\">\u00a0 <\/span>z\u00a0n\u00e1s m\u00e1 hudobn\u00e9 vzdelanie, sme schopn\u00e9 nau\u010di\u0165 sa nov\u00e9 skladby r\u00fdchlej\u0161ie a\u00a0preto n\u00e1s to bav\u00ed viac. Samozrejme, na\u0161e sk\u00fa\u0161ky nie s\u00fa len o\u00a0h\u013eadan\u00ed (ktor\u00e9 niekedy prebieha dos\u0165 b\u00farlivo) spr\u00e1vneho v\u00fdrazu skladby, ale aj o\u00a0\u017eenskom klebeten\u00ed \u2013 o de\u0165och, man\u017eeloch, receptoch, vz\u00e1jomn\u00fdch rad\u00e1ch a pomoci.<\/span><\/p>\n<p class=\"p5\"><span class=\"s1\"><b>Disonancie si vychutn\u00e1vame<br \/>\n<\/b><\/span><span class=\"s1\">N\u00e1\u0161 reperto\u00e1r je rozmanit\u00fd, nem\u00e1me vyslovene ob\u013e\u00faben\u00fd \u017e\u00e1ner. Spievame star\u00fa hudbu, madrigaly, klasiku, hudbu 20. storo\u010dia, \u00fapravy \u013eudov\u00fdch piesn\u00ed, tr\u00e1vnice, spiritu\u00e1ly i s\u00fa\u010dasn\u00fa hudbu. Ako sprievod sa sna\u017e\u00edme vyu\u017e\u00edva\u0165 r\u00f4zne n\u00e1stroje a zvuky, perkusie, hru na telo \u010di beatbox. V\u0161etky sa v\u0161ak zhodneme na tom, \u017ee ide\u00e1lne piesne pre n\u00e1s s\u00fa a\u00a0capella. V skladb\u00e1ch m\u00e1me rady nielen \u010dist\u00e9 harm\u00f3nie, ale aj disonancie, na ktor\u00e9 si pri n\u00e1cvikoch zo za\u010diatku mus\u00edme s\u00edce zvyka\u0165, no v kone\u010dnej podobe skladby s\u00fa to na\u0161e najob\u013e\u00fabenej\u0161ie miesta.<\/span><\/p>\n<p class=\"p5\"><span class=\"s1\"><b><img loading=\"lazy\" decoding=\"async\" data-attachment-id=\"3685\" data-permalink=\"https:\/\/www.satb.sk\/index.php\/2019\/02\/24\/womanvocal-spev-prezivame-celou-dusou-a-srdcom\/22424422_2579578655514359_589268950017082409_o\/\" data-orig-file=\"https:\/\/i1.wp.com\/www.satb.sk\/wp-content\/uploads\/2019\/02\/22424422_2579578655514359_589268950017082409_o.jpg?fit=1077%2C718&amp;ssl=1\" data-orig-size=\"1077,718\" data-comments-opened=\"0\" data-image-meta=\"{&quot;aperture&quot;:&quot;0&quot;,&quot;credit&quot;:&quot;&quot;,&quot;camera&quot;:&quot;&quot;,&quot;caption&quot;:&quot;&quot;,&quot;created_timestamp&quot;:&quot;0&quot;,&quot;copyright&quot;:&quot;&quot;,&quot;focal_length&quot;:&quot;0&quot;,&quot;iso&quot;:&quot;0&quot;,&quot;shutter_speed&quot;:&quot;0&quot;,&quot;title&quot;:&quot;&quot;,&quot;orientation&quot;:&quot;0&quot;}\" data-image-title=\"22424422_2579578655514359_589268950017082409_o\" data-image-description=\"\" data-image-caption=\"\" data-medium-file=\"https:\/\/i1.wp.com\/www.satb.sk\/wp-content\/uploads\/2019\/02\/22424422_2579578655514359_589268950017082409_o.jpg?fit=300%2C200&amp;ssl=1\" data-large-file=\"https:\/\/i1.wp.com\/www.satb.sk\/wp-content\/uploads\/2019\/02\/22424422_2579578655514359_589268950017082409_o.jpg?fit=837%2C558&amp;ssl=1\" class=\"wp-image-3685 alignleft\" src=\"https:\/\/i1.wp.com\/www.satb.sk\/wp-content\/uploads\/2019\/02\/22424422_2579578655514359_589268950017082409_o.jpg?resize=434%2C289&#038;ssl=1\" alt=\"\" width=\"434\" height=\"289\" srcset=\"https:\/\/i1.wp.com\/www.satb.sk\/wp-content\/uploads\/2019\/02\/22424422_2579578655514359_589268950017082409_o.jpg?resize=300%2C200&amp;ssl=1 300w, https:\/\/i1.wp.com\/www.satb.sk\/wp-content\/uploads\/2019\/02\/22424422_2579578655514359_589268950017082409_o.jpg?resize=768%2C512&amp;ssl=1 768w, https:\/\/i1.wp.com\/www.satb.sk\/wp-content\/uploads\/2019\/02\/22424422_2579578655514359_589268950017082409_o.jpg?resize=1024%2C683&amp;ssl=1 1024w, https:\/\/i1.wp.com\/www.satb.sk\/wp-content\/uploads\/2019\/02\/22424422_2579578655514359_589268950017082409_o.jpg?resize=600%2C400&amp;ssl=1 600w, https:\/\/i1.wp.com\/www.satb.sk\/wp-content\/uploads\/2019\/02\/22424422_2579578655514359_589268950017082409_o.jpg?resize=272%2C182&amp;ssl=1 272w, https:\/\/i1.wp.com\/www.satb.sk\/wp-content\/uploads\/2019\/02\/22424422_2579578655514359_589268950017082409_o.jpg?w=1077&amp;ssl=1 1077w\" sizes=\"(max-width: 434px) 100vw, 434px\" data-recalc-dims=\"1\" \/>U\u00a0n\u00e1s vl\u00e1dne rodinn\u00e1 atmosf\u00e9ra<br \/>\n<\/b><\/span><span class=\"s1\">Ak n\u00e1s ne\u010dak\u00e1 s\u00fa\u0165a\u017e alebo vyst\u00fapenie, tak sa stret\u00e1vame jedenkr\u00e1t do t\u00fd\u017ed\u0148a. Inak m\u00e1vame minim\u00e1lne dve sk\u00fa\u0161ky v t\u00fd\u017edni, zv\u00e4\u010d\u0161a v piatky a nedele vo ve\u010dern\u00fdch (niekedy takmer no\u010dn\u00fdch) hodin\u00e1ch \u2013 ke\u010f si ka\u017ed\u00e1 z\u00a0n\u00e1s spln\u00ed svoje pracovn\u00e9 povinnosti. Na sk\u00fa\u0161ky\u00a0\u010dastokr\u00e1t chod\u00edme aj s\u00a0de\u0165mi, ktor\u00e9 maj\u00fa v\u00a0sk\u00fa\u0161obni svoje hra\u010dky. Tak ako si chlapi chodia za\u0161portova\u0165 na futbal, tak si my chod\u00edme zaspieva\u0165 na n\u00e1cvik. V\u017edy sa\u00a0te\u0161\u00edme na to, ke\u010f v\u00fdsledok prezentujeme pred publikom.<\/span><\/p>\n<p class=\"p5\"><span class=\"s1\"><b>Umeleck\u00e1 ved\u00faca je tak trochu ka\u017ed\u00e1 z\u00a0n\u00e1s.<br \/>\n<\/b><\/span><span class=\"s1\">Na\u0161ou dirigentkou je Zuzana Dirb\u00e1kov\u00e1. I\u00a0ke\u010f by sme sk\u00f4r mohli poveda\u0165, \u017ee spievaj\u00facou umeleckou ved\u00facou, preto\u017ee po\u010das spievania nestoj\u00ed pred zborom, ale spieva spolu s\u00a0nami. Tak\u00fdchto \u201eved\u00facich\u201c je v\u00a0na\u0161om zbore viac. Pri n\u00e1cvikoch sa do koment\u00e1rov zap\u00e1jaj\u00fa viacer\u00e9 \u2013 ako m\u00e1 ktor\u00e9 miesto v skladbe znie\u0165, ako sa m\u00e1 zaspieva\u0165. Tak\u017ee kone\u010dn\u00fd v\u00fdsledok je spolo\u010dn\u00fdm dielom n\u00e1s v\u0161etk\u00fdch, nielen predstavou jedn\u00e9ho \u010dloveka. <\/span><\/p>\n<p class=\"p5\"><span class=\"s1\"><b>D\u00f4le\u017eit\u00e9 je by\u0165 pripraven\u00fd<br \/>\n<\/b><\/span><span class=\"s1\">Ke\u010f sa chyst\u00e1me na z\u00e1jazd alebo koncert, tak sa sna\u017e\u00edme na\u0148 \u010do najlep\u0161ie pripravi\u0165. Je potrebn\u00e9 doladi\u0165 detaily na sk\u00fa\u0161kach, aby n\u00e1s ni\u010d neprekvapilo. V\u010faka tomu m\u00f4\u017eeme by\u0165 spr\u00e1vne naladen\u00e9. Jednou z nevyhnutn\u00fdch vec\u00ed je, samozrejme, vysk\u00fa\u0161a\u0165 si nov\u00fd priestor zvukovo \u2013 ako sa po\u010dujeme, ako spev znie v priestore, v h\u013eadisku, tak\u00e9 be\u017en\u00e9 predkoncertn\u00e9 veci. Nijak\u00fd zvl\u00e1\u0161tny ritu\u00e1l nem\u00e1me, len sa vz\u00e1jomne podpori\u0165 a by\u0165 v pohode. <\/span><\/p>\n<p class=\"p5\"><span class=\"s1\"><b>\u010coskoro budeme h\u013eada\u0165 nov\u00fa spev\u00e1\u010dku<br \/>\n<\/b><\/span><span class=\"s1\">V zbore je n\u00e1s desa\u0165. Na\u0161e \u010dlenky s\u00fa u\u010dite\u013eky matersk\u00fdch, z\u00e1kladn\u00fdch a umeleck\u00fdch \u0161k\u00f4l, \u0161tudentky, ale m\u00e1me medzi sebou napr\u00edklad aj in\u0161truktorku jogy. Takmer nikto o n\u00e1s nevie, \u017ee spolu m\u00e1me sedemn\u00e1s\u0165 det\u00ed a onedlho dve vn\u00fa\u010dat\u00e1. Nov\u00e9 spev\u00e1\u010dky vyslovene nevyh\u013ead\u00e1vame. D\u00f4le\u017eit\u00fd je pre n\u00e1s celkov\u00fd zvuk telesa, farba a moment\u00e1lne sme s \u0148ou spokojn\u00e9. S pr\u00edchodom nov\u00fdch spev\u00e1\u010dok sa men\u00ed taktie\u017e celkov\u00e1 farba zboru. K\u00fdm sa spolu \u201ezospievame\u201c, tak to chv\u00ed\u013eku trv\u00e1. Onedlho sa v\u0161ak budeme musie\u0165 poobzera\u0165 po novej \u010dlenke, preto\u017ee jedna z\u00a0n\u00e1s pravdepodobne od\u00edde na vysoko\u0161kolsk\u00e9 \u0161t\u00fadium.\u00a0<\/span><\/p>\n<blockquote>\n<p style=\"text-align: center;\"><b><i>\u201cKe\u010f sa kr\u00e1sa \u017eien a ich hlasov\u00a0<\/i><i>spojila v jedno, vznikol\u00a0<\/i><span class=\"s2\"><i>WOMANVOCAL.\u201d<\/i><\/span><\/b><\/p>\n<\/blockquote>\n<p class=\"p5\"><span class=\"s1\"><b>N\u00e1\u0161 najv\u00e4\u010d\u0161\u00ed \u00faspech je vyvola\u0165 em\u00f3cie, ak\u00e9 sam\u00e9 c\u00edtime<br \/>\n<\/b><\/span><span class=\"s1\">Za p\u00e4\u0165 rokov na\u0161ej existencie sme s\u00fa\u0165a\u017eili zatia\u013e na troch medzin\u00e1rodn\u00fdch s\u00fa\u0165a\u017eiach, kde sme sa umiestnili v zlatom a striebornom p\u00e1sme (\u017dilina Voce Magna 2017 a 2018, Festival zborov\u00e9ho spevu Viliama Figu\u0161a Bystr\u00e9ho 2016). M\u00e1me za sebou mno\u017estvo koncertov po celom Slovensku. V tomto roku sa chyst\u00e1me do \u0160tet\u00edna a do Izraela. Mysl\u00edme si v\u0161ak, \u017ee najv\u00e4\u010d\u0161\u00edm \u00faspechom pre n\u00e1s je, ke\u010f za nami po koncerte pr\u00edde div\u00e1k a povie, \u017ee to bolo v\u00fdborn\u00e9, \u017ee mal pri na\u0161om speve zimomriavky alebo \u017ee sa rozplakal. Hudba by v n\u00e1s mala vyvola\u0165 em\u00f3cie. My spev pre\u017e\u00edvame celou du\u0161ou a srdcom. Ak je to obojstrann\u00e9, teda na strane spev\u00e1ka i posluch\u00e1\u010da, je to \u00fa\u017easn\u00e9.<\/span><\/p>\n<p class=\"p5\"><span class=\"s1\"><b>Spolo\u010dn\u00e9 z\u00e1\u017eitky pln\u00e9 smiechu<br \/>\n<\/b><\/span><span class=\"s1\">Zo z\u00e1jazdov a koncertov si prinesieme v\u017edy ve\u013emi ve\u013ea nov\u00fdch z\u00e1\u017eitkov. Niekedy aj tak\u00e9, ktor\u00e9 v tom momente, ke\u010f sa stan\u00fa, zdaj\u00fa sa by\u0165 t\u00fdmi najhor\u0161\u00edmi na svete, no po ur\u010ditom \u010dase za\u010dn\u00fa by\u0165 najvtipnej\u0161ie. Napr\u00edklad, ke\u010f sa v\u00e1m tesne pred koncertom podar\u00ed vyv\u00e1\u013ea\u0165 koncertn\u00fa suk\u0148u v blate alebo si ju omylom vylep\u0161\u00edte ostro \u010derven\u00fdm r\u00fa\u017eom. Smejeme sa spolu ve\u013ea, aj po\u010das sk\u00fa\u0161ok. Niekedy sa stane, \u017ee ani skladbu nedospievame.<\/span><\/p>\n<div class=\"fb-video\" data-allowfullscreen=\"true\" data-href=\"https:\/\/www.facebook.com\/2188610281277867\/videos\/479722859221674\/\"><\/div>\n<p>Pripravila: Lenka De\u00e1kov\u00e1<br \/>\nFoto: arch\u00edv Womanvocal<\/p>\n","protected":false},"excerpt":{"rendered":"<p>\u017densk\u00e9 vok\u00e1lne zoskupenie Womanvocal je komorn\u00fd \u017eensk\u00fd zbor, ktor\u00fd vznikol v\u00a0roku 2013 z podnetu pedagogi\u010diek umeleck\u00fdch \u0161k\u00f4l v Humennom. V meste funguje viacero mie\u0161an\u00fdch zborov, a\u00a0preto chceli prinies\u0165 nie\u010do nov\u00e9, obohati\u0165 miestny hudobn\u00fd \u017eivot a pripravi\u0165 pre dom\u00e1ce publikum hudobn\u00e9 lah\u00f4dky v inom \u2013 v\u00fdlu\u010dne \u017eenskom spev\u00e1ckom \u0161ate.<\/p>\n","protected":false},"author":1,"featured_media":3684,"comment_status":"closed","ping_status":"closed","sticky":false,"template":"","format":"standard","meta":{"om_disable_all_campaigns":false,"_monsterinsights_skip_tracking":false,"_monsterinsights_sitenote_active":false,"_monsterinsights_sitenote_note":"","_monsterinsights_sitenote_category":0,"spay_email":"","footnotes":"","jetpack_publicize_message":"","jetpack_is_tweetstorm":false},"categories":[32],"tags":[],"class_list":["post-3682","post","type-post","status-publish","format-standard","has-post-thumbnail","hentry","category-ocami-zborov"],"aioseo_notices":[],"jetpack_featured_media_url":"https:\/\/i0.wp.com\/www.satb.sk\/wp-content\/uploads\/2019\/02\/20617170_2550530965085795_8978058646856120544_o.jpg?fit=2048%2C1536&ssl=1","jetpack_publicize_connections":[],"jetpack_sharing_enabled":true,"jetpack_shortlink":"https:\/\/wp.me\/pav5wC-Xo","jetpack-related-posts":[{"id":6116,"url":"https:\/\/www.satb.sk\/index.php\/2022\/01\/22\/stefan-sedlicky-s-podmienkami-ake-na-slovensku-mame-je-az-obdivuhodne-aka-je-u-nas-kvalita-niektorych-zborov\/","url_meta":{"origin":3682,"position":0},"title":"\u0160tefan Sedlick\u00fd: S\u00a0podmienkami ak\u00e9 na Slovensku m\u00e1me je a\u017e obdivuhodn\u00e9 ak\u00e1 je u n\u00e1s kvalita zborov","date":"22 janu\u00e1ra, 2022","format":false,"excerpt":"O slovensk\u00fdch zboroch, zborovom speve a ich dne\u0161nom postaven\u00ed na Slovensku. Rozhovor s dirigentom a pedag\u00f3gom \u0160tefanom Sedlick\u00fdm. P\u00e1n Sedlick\u00fd, po\u010fme \u00faplne na za\u010diatok Va\u0161ej dirigentskej kari\u00e9ry. Kedy bol V\u00e1\u0161 prv\u00fd kontakt s\u00a0hudbou? Poch\u00e1dzam v podstate z hudobn\u00edckej rodiny, otec bol u\u010dite\u013eom hudby a nesk\u00f4r sa vypracoval a\u017e na docenta\u2026","rel":"","context":"V &quot;ROZHOVORY&quot;","img":{"alt_text":"","src":"https:\/\/i0.wp.com\/www.satb.sk\/wp-content\/uploads\/2022\/01\/609_sucas.dirigent.jpeg?fit=881%2C614&ssl=1&resize=350%2C200","width":350,"height":200},"classes":[]},{"id":141,"url":"https:\/\/www.satb.sk\/index.php\/2018\/10\/31\/veronika-veverkova-dirigent-musi-byt-pred-sutazou-v-psychickej-pohode\/","url_meta":{"origin":3682,"position":1},"title":"Veronika Veverkov\u00e1: Dirigent mus\u00ed by\u0165 pred s\u00fa\u0165a\u017eou v psychickej pohode","date":"31 okt\u00f3bra, 2018","format":false,"excerpt":"So svoj\u00edm spev\u00e1ckym zborom je na sc\u00e9ne len nieko\u013eko rokov, no napriek tomu sa jej podarilo vyhra\u0165 prest\u00ed\u017ene zborov\u00e9 s\u00fa\u0165a\u017ee. Jej teleso dokonca o\u010darilo aj zn\u00e1mu rockov\u00fa kapelu Korben Dallas. Dirigentka Veronika Veverkov\u00e1 & Diev\u010densk\u00fd spev\u00e1cky zbor Cambiar la M\u00fasica. Veronika, profesia zborov\u00e9ho dirigenta na Slovensku nie je \u00faplne be\u017en\u00e1.\u2026","rel":"","context":"V &quot;ROZHOVORY&quot;","img":{"alt_text":"","src":"https:\/\/i0.wp.com\/www.satb.sk\/wp-content\/uploads\/2018\/10\/43817603_488416594987295_5722184288271544866_n-1.jpg?fit=1080%2C607&ssl=1&resize=350%2C200","width":350,"height":200},"classes":[]},{"id":3834,"url":"https:\/\/www.satb.sk\/index.php\/2019\/03\/25\/john-rutter-politici-vacsinou-nerozumeju-hudbe-a-nerozumeju-dolezitosti-zboroveho-spevu\/","url_meta":{"origin":3682,"position":2},"title":"John Rutter: Politici v\u00e4\u010d\u0161inou nerozumej\u00fa hudbe a nerozumej\u00fa d\u00f4le\u017eitosti zborov\u00e9ho spevu","date":"25 marca, 2019","format":false,"excerpt":"Rozhovor za\u010dal ako prav\u00fd anglick\u00fd gentleman. Ospravedlnil sa, \u017ee nehovor\u00ed po slovensky. To, \u017ee dnes komponuje pre zbory pova\u017euje sk\u00f4r za n\u00e1hodu. No ako s\u00e1m hovor\u00ed, ne\u013eutuje to. Dnes\u00a0jeho skladby spievaj\u00fa spev\u00e1cke zbory po celom svete. Skladate\u013e a dirigent John Rutter.\u00a0 Patr\u00edte ku skladate\u013eom, ktor\u00fd m\u00e1 vo svojej tvorbe zast\u00fapen\u00e9\u2026","rel":"","context":"V &quot;AKTU\u00c1LNE&quot;","img":{"alt_text":"","src":"https:\/\/i1.wp.com\/www.satb.sk\/wp-content\/uploads\/2019\/03\/JR-casual-by-piano.jpg?fit=1200%2C800&ssl=1&resize=350%2C200","width":350,"height":200},"classes":[]},{"id":4265,"url":"https:\/\/www.satb.sk\/index.php\/2019\/07\/28\/voce-eufonico-nasim-cielom-je-lubozvucny-hlas\/","url_meta":{"origin":3682,"position":3},"title":"Voce Eufonico: Na\u0161\u00edm cie\u013eom je \u013eubozvu\u010dn\u00fd hlas","date":"28 j\u00fala, 2019","format":false,"excerpt":"Poch\u00e1dzaj\u00fa z malebn\u00e9ho meste\u010dka v \u00fadol\u00ed\u00a0Hrona a Novobansk\u00e9ho potoka. Ich\u00a0vynikaj\u00faci kolekt\u00edv tvor\u00ed 38 diev\u010dat, ktor\u00e9 sp\u00e1ja spolo\u010dn\u00fd cie\u013e - \u013e\u00fabozvu\u010dn\u00fd hlas, v preklade Voce Eufonico. \u010caro zborov\u00e9ho spevu si n\u00e1s podmanilo Na\u0161i \u010dlenovia s\u00fa jedine\u010dn\u00e9 osobnosti s\u00a0r\u00f4znymi z\u00e1\u013eubami, ale spev n\u00e1s v\u0161etk\u00fdch sp\u00e1ja. Milujeme zborov\u00fd spev, preto\u017ee je to \u010das\u2026","rel":"","context":"V &quot;O\u010cAMI ZBOROV&quot;","img":{"alt_text":"","src":"https:\/\/i1.wp.com\/www.satb.sk\/wp-content\/uploads\/2019\/07\/22860157_918601548296335_87750399471680138_o.jpg?fit=1200%2C900&ssl=1&resize=350%2C200","width":350,"height":200},"classes":[]},{"id":5425,"url":"https:\/\/www.satb.sk\/index.php\/2020\/04\/13\/piarissimo-byt-clenom-zboru-je-pre-kazdeho-z-nas-srdcova-zalezitost\/","url_meta":{"origin":3682,"position":4},"title":"Piarissimo: By\u0165 \u010dlenom zboru je pre ka\u017ed\u00e9ho z\u00a0n\u00e1s srdcov\u00e1 z\u00e1le\u017eitos\u0165","date":"13 apr\u00edla, 2020","format":false,"excerpt":"S\u00fa mlad\u00fdmi \u013eu\u010fmi s t\u00fa\u017ebou rozd\u00e1va\u0165 l\u00e1sku a rados\u0165 prostredn\u00edctvom spevu. Nie s\u00fa s\u00edce profesion\u00e1li, no o to viac nad\u0161enia do spevu d\u00e1vaj\u00fa. Tento zbor pon\u00faka mno\u017estvo radosti, nov\u00e9 kamar\u00e1tstva, nezabudnute\u013en\u00e9 z\u00e1\u017eitky a\u00a0hudbu, ktor\u00e1 sa dot\u00fdka srdca. S\u00fa jedna ve\u013ek\u00e1 rodina \u2013\u00a0 s\u00farodenci, spolu\u017eiaci, kolegovia, ale hlavne s\u00fa v\u0161etci priatelia.\u2026","rel":"","context":"V &quot;O\u010cAMI ZBOROV&quot;","img":{"alt_text":"","src":"https:\/\/i0.wp.com\/www.satb.sk\/wp-content\/uploads\/2020\/04\/DSC_1429-scaled.jpg?fit=1200%2C800&ssl=1&resize=350%2C200","width":350,"height":200},"classes":[]},{"id":3930,"url":"https:\/\/www.satb.sk\/index.php\/2019\/04\/08\/christopher-gabbitas-spev-je-jednou-zo-zakladnych-zloziek-zivota-podobne-ako-rec\/","url_meta":{"origin":3682,"position":5},"title":"Christopher Gabbitas: Spev je jednou zo z\u00e1kladn\u00fdch zlo\u017eiek \u017eivota","date":"8 apr\u00edla, 2019","format":false,"excerpt":"Spevu sa za\u010dal venova\u0165 ako osemro\u010dn\u00fd a odvtedy je st\u00e1lou s\u00fa\u010das\u0165ou jeho \u017eivota. Zborov\u00fa hudbu pova\u017euje za vrchol spev\u00e1ckeho umenia, preto\u017ee to \u010do zbor dok\u00e1\u017ee vytvori\u0165 m\u00e1 pod\u013ea neho ove\u013ea v\u00e4\u010d\u0161\u00ed potenci\u00e1l, ako ke\u010f spieva spev\u00e1k s\u00e1m. Pedag\u00f3g, dirigent a b\u00fdval\u00fd \u010dlen vok\u00e1lneho zoskupenia The King's Singers \u2013 Christopher Gabbitas.\u200b\u2026","rel":"","context":"V &quot;ROZHOVORY&quot;","img":{"alt_text":"","src":"https:\/\/i0.wp.com\/www.satb.sk\/wp-content\/uploads\/2019\/04\/maxresdefault.jpg?fit=1200%2C675&ssl=1&resize=350%2C200","width":350,"height":200},"classes":[]}],"_links":{"self":[{"href":"https:\/\/www.satb.sk\/index.php\/wp-json\/wp\/v2\/posts\/3682"}],"collection":[{"href":"https:\/\/www.satb.sk\/index.php\/wp-json\/wp\/v2\/posts"}],"about":[{"href":"https:\/\/www.satb.sk\/index.php\/wp-json\/wp\/v2\/types\/post"}],"author":[{"embeddable":true,"href":"https:\/\/www.satb.sk\/index.php\/wp-json\/wp\/v2\/users\/1"}],"replies":[{"embeddable":true,"href":"https:\/\/www.satb.sk\/index.php\/wp-json\/wp\/v2\/comments?post=3682"}],"version-history":[{"count":13,"href":"https:\/\/www.satb.sk\/index.php\/wp-json\/wp\/v2\/posts\/3682\/revisions"}],"predecessor-version":[{"id":4275,"href":"https:\/\/www.satb.sk\/index.php\/wp-json\/wp\/v2\/posts\/3682\/revisions\/4275"}],"wp:featuredmedia":[{"embeddable":true,"href":"https:\/\/www.satb.sk\/index.php\/wp-json\/wp\/v2\/media\/3684"}],"wp:attachment":[{"href":"https:\/\/www.satb.sk\/index.php\/wp-json\/wp\/v2\/media?parent=3682"}],"wp:term":[{"taxonomy":"category","embeddable":true,"href":"https:\/\/www.satb.sk\/index.php\/wp-json\/wp\/v2\/categories?post=3682"},{"taxonomy":"post_tag","embeddable":true,"href":"https:\/\/www.satb.sk\/index.php\/wp-json\/wp\/v2\/tags?post=3682"}],"curies":[{"name":"wp","href":"https:\/\/api.w.org\/{rel}","templated":true}]}}