{"id":3687,"date":"2019-02-25T07:30:53","date_gmt":"2019-02-25T07:30:53","guid":{"rendered":"https:\/\/www.satb.sk\/?p=3687"},"modified":"2019-03-15T19:54:18","modified_gmt":"2019-03-15T19:54:18","slug":"narodna-konferencia-v-kansase-zacina-uz-zajtra","status":"publish","type":"post","link":"https:\/\/www.satb.sk\/index.php\/2019\/02\/25\/narodna-konferencia-v-kansase-zacina-uz-zajtra\/","title":{"rendered":"N\u00e1rodn\u00e1 konferencia v Kansase za\u010d\u00edna u\u017e zajtra"},"content":{"rendered":"<p><em>Viete \u010do v\u0161etko na n\u00e1s \u010dak\u00e1 na najv\u00e4\u010d\u0161ej konferencii o zborovom speve v Spojen\u00fdch \u0161t\u00e1toch americk\u00fdch?<\/em><\/p>\n<p><!--more--><\/p>\n<p>Tento t\u00fd\u017ede\u0148 v\u00e1s port\u00e1l SATB.SK vezme do Kansas City, kde sa bude kona\u0165 <strong>od 26. febru\u00e1ra do 2. marca<\/strong> jubilejn\u00fd 60. ro\u010dn\u00edk najv\u00e4\u010d\u0161ej americkej konferencie o zborovom speve. Organiz\u00e1torom konferencie je Americk\u00e1 asoci\u00e1cia zborov\u00fdch dirigentov a nosnou t\u00e9mou cel\u00e9ho podujatia je &#8220;Dedi\u010dstvo a komunita&#8221;. Konferencie sa pravidelne z\u00fa\u010dast\u0148uj\u00fa dirigenti profesion\u00e1lnych i amat\u00e9rskych spev\u00e1ckych zborov zo v\u0161etk\u00fdch \u0161t\u00e1tov USA a taktie\u017e zborov\u00ed spev\u00e1ci a \u0161tudenti dirigovania. Na \u00fa\u010dastn\u00edkov \u010dakaj\u00fa vyst\u00fapenia viac ako p\u00e4\u0165desiatich spev\u00e1ckych zborov z celej krajiny. Predstavia sa najlep\u0161ie univerzitn\u00e9 i stredo\u0161kolsk\u00e9 spev\u00e1cke zbory ako napr\u00edklad Iowa State Singers, Treble Singers, University Singers z Univerzity v Missouri, Vocalise z Kalifornie \u010di Chapel Choir z Capital University v Ohiu.<\/p>\n<p><span class=\"embed-youtube\" style=\"text-align:center; display: block;\"><iframe loading=\"lazy\" class=\"youtube-player\" width=\"837\" height=\"471\" src=\"https:\/\/www.youtube.com\/embed\/rnrBEYt8Eic?version=3&#038;rel=1&#038;showsearch=0&#038;showinfo=1&#038;iv_load_policy=1&#038;fs=1&#038;hl=sk-SK&#038;autohide=2&#038;wmode=transparent\" allowfullscreen=\"true\" style=\"border:0;\" sandbox=\"allow-scripts allow-same-origin allow-popups allow-presentation\"><\/iframe><\/span><\/p>\n<p>Okrem koncertov je pripraven\u00fdch pribli\u017ene \u0161tyridsa\u0165 predn\u00e1\u0161ok na r\u00f4zne t\u00e9my spojen\u00e9 so zborov\u00fdm spevom ako napr\u00edklad pam\u00e4\u0165 a hudba, pr\u00e1ca so stredo\u0161kolsk\u00fdm zborom, hlasov\u00e1 kult\u00fara star\u0161\u00edch spev\u00e1ckych zborov, dramaturgia detsk\u00fdch zborov a mnoho in\u00e9ho. \u010eal\u0161ou d\u00f4le\u017eitou \u010das\u0165ou konferencie je ve\u013etrh, resp. v\u00fdstava r\u00f4znych hudobn\u00fdch organiz\u00e1ci\u00ed. V r\u00e1mci tejto v\u00fdstavy sa bud\u00fa prezentova\u0165 desiatky zborov\u00fdch organiz\u00e1ci\u00ed z cel\u00e9ho sveta, hudobn\u00e9 vydavate\u013estv\u00e1 \u010di r\u00f4zne hudobn\u00e9 a festivalov\u00e9 agent\u00fary.<\/p>\n<p>Hlavn\u00fdm hos\u0165om podujatia bude anglick\u00fd skladate\u013e John Rutter, ktor\u00fd bude na konferencii nielen predn\u00e1\u0161a\u0165, ale z\u00e1rove\u0148 aj premi\u00e9rova\u0165 jedno zo svojich diel. \u00da\u010dastn\u00edkom konferencie poslal tak\u00fdto video pozdrav.<\/p>\n<blockquote class=\"twitter-tweet\" data-width=\"550\" data-dnt=\"true\">\n<p lang=\"en\" dir=\"ltr\">For everyone attending  <a href=\"https:\/\/twitter.com\/ACDANational?ref_src=twsrc%5Etfw\">@ACDANational<\/a> in a couple of weeks, here&#39;s a message from <a href=\"https:\/\/twitter.com\/johnmrutter?ref_src=twsrc%5Etfw\">@johnmrutter<\/a> who is looking forward to headlining. He has a brand-new piece to premiere, &amp;  will be giving some sessions about his new anthology, &#39;Sacred Choruses&#39;. See you there! <a href=\"https:\/\/t.co\/RjYPxireVR\">pic.twitter.com\/RjYPxireVR<\/a><\/p>\n<p>&mdash; Oxford Music (@OUPMusic) <a href=\"https:\/\/twitter.com\/OUPMusic\/status\/1096219680988028929?ref_src=twsrc%5Etfw\">February 15, 2019<\/a><\/p><\/blockquote>\n<p><script async src=\"https:\/\/platform.twitter.com\/widgets.js\" charset=\"utf-8\"><\/script><\/p>\n<p style=\"text-align: center;\">Ak chcete ma\u0165 \u010derstv\u00e9 inform\u00e1cie z tohto podujatia, sledujte n\u00e1s prostredn\u00edctvom na\u0161ich soci\u00e1lnych sieti,<br \/>\nkde budeme pravidelne uverej\u0148ova\u0165 aktu\u00e1lne inform\u00e1cie.<\/p>\n<p><a href=\"https:\/\/www.facebook.com\/satbsk\/?modal=admin_todo_tour\" target=\"_blank\" rel=\"noopener\"><img loading=\"lazy\" decoding=\"async\" data-attachment-id=\"3665\" data-permalink=\"https:\/\/www.satb.sk\/index.php\/2019\/02\/18\/podte-s-nami-na-konferenciu-do-usa\/face\/\" data-orig-file=\"https:\/\/i0.wp.com\/www.satb.sk\/wp-content\/uploads\/2019\/02\/Face.png?fit=500%2C500&amp;ssl=1\" data-orig-size=\"500,500\" data-comments-opened=\"0\" data-image-meta=\"{&quot;aperture&quot;:&quot;0&quot;,&quot;credit&quot;:&quot;&quot;,&quot;camera&quot;:&quot;&quot;,&quot;caption&quot;:&quot;&quot;,&quot;created_timestamp&quot;:&quot;0&quot;,&quot;copyright&quot;:&quot;&quot;,&quot;focal_length&quot;:&quot;0&quot;,&quot;iso&quot;:&quot;0&quot;,&quot;shutter_speed&quot;:&quot;0&quot;,&quot;title&quot;:&quot;&quot;,&quot;orientation&quot;:&quot;0&quot;}\" data-image-title=\"Face\" data-image-description=\"\" data-image-caption=\"\" data-medium-file=\"https:\/\/i0.wp.com\/www.satb.sk\/wp-content\/uploads\/2019\/02\/Face.png?fit=300%2C300&amp;ssl=1\" data-large-file=\"https:\/\/i0.wp.com\/www.satb.sk\/wp-content\/uploads\/2019\/02\/Face.png?fit=500%2C500&amp;ssl=1\" class=\"aligncenter wp-image-3665 jetpack-lazy-image jetpack-lazy-image--handled\" src=\"https:\/\/i0.wp.com\/www.satb.sk\/wp-content\/uploads\/2019\/02\/Face.png?resize=76%2C76&amp;ssl=1\" sizes=\"(max-width: 76px) 100vw, 76px\" srcset=\"https:\/\/i0.wp.com\/www.satb.sk\/wp-content\/uploads\/2019\/02\/Face.png?resize=300%2C300&amp;ssl=1 300w, https:\/\/i0.wp.com\/www.satb.sk\/wp-content\/uploads\/2019\/02\/Face.png?resize=150%2C150&amp;ssl=1 150w, https:\/\/i0.wp.com\/www.satb.sk\/wp-content\/uploads\/2019\/02\/Face.png?resize=45%2C45&amp;ssl=1 45w, https:\/\/i0.wp.com\/www.satb.sk\/wp-content\/uploads\/2019\/02\/Face.png?w=500&amp;ssl=1 500w\" alt=\"\" width=\"76\" height=\"76\" data-attachment-id=\"3665\" data-permalink=\"https:\/\/www.satb.sk\/index.php\/2019\/02\/18\/podte-s-nami-na-konferenciu-do-usa\/face\/\" data-orig-file=\"https:\/\/i0.wp.com\/www.satb.sk\/wp-content\/uploads\/2019\/02\/Face.png?fit=500%2C500&amp;ssl=1\" data-orig-size=\"500,500\" data-comments-opened=\"1\" data-image-meta=\"{&quot;aperture&quot;:&quot;0&quot;,&quot;credit&quot;:&quot;&quot;,&quot;camera&quot;:&quot;&quot;,&quot;caption&quot;:&quot;&quot;,&quot;created_timestamp&quot;:&quot;0&quot;,&quot;copyright&quot;:&quot;&quot;,&quot;focal_length&quot;:&quot;0&quot;,&quot;iso&quot;:&quot;0&quot;,&quot;shutter_speed&quot;:&quot;0&quot;,&quot;title&quot;:&quot;&quot;,&quot;orientation&quot;:&quot;0&quot;}\" data-image-title=\"Face\" data-image-description=\"\" data-medium-file=\"https:\/\/i0.wp.com\/www.satb.sk\/wp-content\/uploads\/2019\/02\/Face.png?fit=300%2C300&amp;ssl=1\" data-large-file=\"https:\/\/i0.wp.com\/www.satb.sk\/wp-content\/uploads\/2019\/02\/Face.png?fit=500%2C500&amp;ssl=1\" data-recalc-dims=\"1\" data-lazy-loaded=\"1\" \/><\/a><a href=\"https:\/\/www.instagram.com\/satbsk\/\" target=\"_blank\" rel=\"noopener\"><img loading=\"lazy\" decoding=\"async\" data-attachment-id=\"3666\" data-permalink=\"https:\/\/www.satb.sk\/index.php\/2019\/02\/18\/podte-s-nami-na-konferenciu-do-usa\/insta\/\" data-orig-file=\"https:\/\/i1.wp.com\/www.satb.sk\/wp-content\/uploads\/2019\/02\/Insta.png?fit=500%2C500&amp;ssl=1\" data-orig-size=\"500,500\" data-comments-opened=\"0\" data-image-meta=\"{&quot;aperture&quot;:&quot;0&quot;,&quot;credit&quot;:&quot;&quot;,&quot;camera&quot;:&quot;&quot;,&quot;caption&quot;:&quot;&quot;,&quot;created_timestamp&quot;:&quot;0&quot;,&quot;copyright&quot;:&quot;&quot;,&quot;focal_length&quot;:&quot;0&quot;,&quot;iso&quot;:&quot;0&quot;,&quot;shutter_speed&quot;:&quot;0&quot;,&quot;title&quot;:&quot;&quot;,&quot;orientation&quot;:&quot;0&quot;}\" data-image-title=\"Insta\" data-image-description=\"\" data-image-caption=\"\" data-medium-file=\"https:\/\/i1.wp.com\/www.satb.sk\/wp-content\/uploads\/2019\/02\/Insta.png?fit=300%2C300&amp;ssl=1\" data-large-file=\"https:\/\/i1.wp.com\/www.satb.sk\/wp-content\/uploads\/2019\/02\/Insta.png?fit=500%2C500&amp;ssl=1\" class=\"aligncenter wp-image-3666 jetpack-lazy-image jetpack-lazy-image--handled\" src=\"https:\/\/i0.wp.com\/www.satb.sk\/wp-content\/uploads\/2019\/02\/Insta.png?resize=69%2C69&amp;ssl=1\" sizes=\"(max-width: 69px) 100vw, 69px\" srcset=\"https:\/\/i0.wp.com\/www.satb.sk\/wp-content\/uploads\/2019\/02\/Insta.png?resize=300%2C300&amp;ssl=1 300w, https:\/\/i0.wp.com\/www.satb.sk\/wp-content\/uploads\/2019\/02\/Insta.png?resize=150%2C150&amp;ssl=1 150w, https:\/\/i0.wp.com\/www.satb.sk\/wp-content\/uploads\/2019\/02\/Insta.png?resize=45%2C45&amp;ssl=1 45w, https:\/\/i0.wp.com\/www.satb.sk\/wp-content\/uploads\/2019\/02\/Insta.png?w=500&amp;ssl=1 500w\" alt=\"\" width=\"69\" height=\"69\" data-attachment-id=\"3666\" data-permalink=\"https:\/\/www.satb.sk\/index.php\/2019\/02\/18\/podte-s-nami-na-konferenciu-do-usa\/insta\/\" data-orig-file=\"https:\/\/i0.wp.com\/www.satb.sk\/wp-content\/uploads\/2019\/02\/Insta.png?fit=500%2C500&amp;ssl=1\" data-orig-size=\"500,500\" data-comments-opened=\"1\" data-image-meta=\"{&quot;aperture&quot;:&quot;0&quot;,&quot;credit&quot;:&quot;&quot;,&quot;camera&quot;:&quot;&quot;,&quot;caption&quot;:&quot;&quot;,&quot;created_timestamp&quot;:&quot;0&quot;,&quot;copyright&quot;:&quot;&quot;,&quot;focal_length&quot;:&quot;0&quot;,&quot;iso&quot;:&quot;0&quot;,&quot;shutter_speed&quot;:&quot;0&quot;,&quot;title&quot;:&quot;&quot;,&quot;orientation&quot;:&quot;0&quot;}\" data-image-title=\"Insta\" data-image-description=\"\" data-medium-file=\"https:\/\/i0.wp.com\/www.satb.sk\/wp-content\/uploads\/2019\/02\/Insta.png?fit=300%2C300&amp;ssl=1\" data-large-file=\"https:\/\/i0.wp.com\/www.satb.sk\/wp-content\/uploads\/2019\/02\/Insta.png?fit=500%2C500&amp;ssl=1\" data-recalc-dims=\"1\" data-lazy-loaded=\"1\" \/><\/a><\/p>\n<p>Pripravil: SATB.SK<\/p>\n","protected":false},"excerpt":{"rendered":"<p>Viete \u010do v\u0161etko na n\u00e1s \u010dak\u00e1 na najv\u00e4\u010d\u0161ej konferencii o zborovom speve v Spojen\u00fdch \u0161t\u00e1toch americk\u00fdch?<\/p>\n","protected":false},"author":1,"featured_media":3691,"comment_status":"closed","ping_status":"closed","sticky":false,"template":"","format":"standard","meta":{"om_disable_all_campaigns":false,"_monsterinsights_skip_tracking":false,"_monsterinsights_sitenote_active":false,"_monsterinsights_sitenote_note":"","_monsterinsights_sitenote_category":0,"spay_email":"","footnotes":"","jetpack_publicize_message":"","jetpack_is_tweetstorm":false},"categories":[49,21],"tags":[],"class_list":["post-3687","post","type-post","status-publish","format-standard","has-post-thumbnail","hentry","category-aktualne","category-svet"],"aioseo_notices":[],"jetpack_featured_media_url":"https:\/\/i1.wp.com\/www.satb.sk\/wp-content\/uploads\/2019\/02\/Logo-2.jpg?fit=1275%2C685&ssl=1","jetpack_publicize_connections":[],"jetpack_sharing_enabled":true,"jetpack_shortlink":"https:\/\/wp.me\/pav5wC-Xt","jetpack-related-posts":[{"id":3659,"url":"https:\/\/www.satb.sk\/index.php\/2019\/02\/18\/podte-s-nami-na-konferenciu-do-usa\/","url_meta":{"origin":3687,"position":0},"title":"Po\u010fte s nami na konferenciu do USA","date":"18 febru\u00e1ra, 2019","format":false,"excerpt":"Po\u010fte sa s nami\u00a0pozrie\u0165 na\u00a0N\u00e1rodn\u00fa konferenciu o zborovom speve v Spojen\u00fdch \u0161t\u00e1toch americk\u00fdch. Koncom febru\u00e1ra sa v americkom meste Kansas v \u0161t\u00e1te Missouri uskuto\u010dn\u00ed najv\u00e4\u010d\u0161ia zborov\u00e1 konferencia v r\u00e1mci USA. Na konferencii pravidelne vystupuj\u00fa najlep\u0161ie americk\u00e9 spev\u00e1cke zbory, prezentuj\u00fa sa renomovan\u00e9 in\u0161tit\u00facie a svetov\u00ed skladatelia. S ve\u013ekou rados\u0165ou v\u00e1m oznamujeme,\u2026","rel":"","context":"V &quot;PODUJATIA&quot;","img":{"alt_text":"","src":"https:\/\/i0.wp.com\/www.satb.sk\/wp-content\/uploads\/2019\/02\/Zo.png?fit=1200%2C675&ssl=1&resize=350%2C200","width":350,"height":200},"classes":[]},{"id":4424,"url":"https:\/\/www.satb.sk\/index.php\/2019\/09\/26\/nesmrtelne-melodie-a-radost-z-rytmu\/","url_meta":{"origin":3687,"position":1},"title":"Nesmrte\u013en\u00e9 mel\u00f3die a rados\u0165 z rytmu","date":"26 septembra, 2019","format":false,"excerpt":"Prievidzsk\u00e9 zborov\u00e9 dielne pon\u00fakaj\u00fa jedine\u010dn\u00fa mo\u017enos\u0165 preh\u013abi\u0165 poznatky v oblasti zborov\u00e9ho spevu. Region\u00e1lne kult\u00farne centrum (RKC) v Prievidzi organizuje dvojd\u0148ov\u00e9 \u0161kolenie ur\u010den\u00e9 pre dirigentov, \u010dlenov spev\u00e1ckych zborov a z\u00e1ujemcov o zborov\u00fd spev. \u0160kolenie, ktor\u00e9 sa uskuto\u010dn\u00ed 5. - 6. okt\u00f3bra, bude prebieha\u0165 formou tvoriv\u00fdch dieln\u00ed pod veden\u00edm sk\u00fasen\u00fdch slovensk\u00fdch dirigentov\u2026","rel":"","context":"V &quot;PODUJATIA&quot;","img":{"alt_text":"","src":"https:\/\/i2.wp.com\/www.satb.sk\/wp-content\/uploads\/2019\/09\/69701833_3006885386202600_3201446219888984064_n.jpg?fit=960%2C640&ssl=1&resize=350%2C200","width":350,"height":200},"classes":[]},{"id":3817,"url":"https:\/\/www.satb.sk\/index.php\/2019\/03\/18\/exkluzivne-rozhovory\/","url_meta":{"origin":3687,"position":2},"title":"Exkluz\u00edvne rozhovory","date":"18 marca, 2019","format":false,"excerpt":"Pripravujeme pre v\u00e1s tri exkluz\u00edvne rozhovory, ktor\u00e9 port\u00e1lu SATB.SK poskytli renomovan\u00ed zahrani\u010dn\u00ed umelci.\u00a0 V r\u00e1mci ACDA konferencie v Kansase sme sa stretli s viacer\u00fdmi renomovan\u00fdmi hudobn\u00edkmi v oblasti zborov\u00e9ho spevu. Tieto stretnutia sme samozrejme vyu\u017eili a pripravili sme pre \u010ditate\u013eov n\u00e1\u0161ho port\u00e1lu tri rozhovory s v\u00fdnimo\u010dn\u00fdmi umelcami - so skladate\u013emi\u2026","rel":"","context":"V &quot;MAGAZ\u00cdN&quot;","img":{"alt_text":"","src":"https:\/\/i2.wp.com\/www.satb.sk\/wp-content\/uploads\/2019\/03\/Rozhovor.png?fit=945%2C756&ssl=1&resize=350%2C200","width":350,"height":200},"classes":[]},{"id":6214,"url":"https:\/\/www.satb.sk\/index.php\/2024\/08\/07\/dostanme-spolocne-slovensko-na-zborovu-mapu-europy\/","url_meta":{"origin":3687,"position":3},"title":"Dosta\u0148me spolo\u010dne Slovensko na zborov\u00fa mapu Eur\u00f3py","date":"7 augusta, 2024","format":false,"excerpt":"S\u010d\u00edtanie slovensk\u00fdch zborov a zborov\u00fdch spev\u00e1kov. V\u00a0rokoch 2013 - 2015 sa Eur\u00f3pska zborov\u00e1 asoci\u00e1cia (ECA \u2013 The European Choral Association) podujala na realiz\u00e1ciu pilotnej \u0161t\u00fadie o\u00a0zborovom spievan\u00ed v\u00a0Eur\u00f3pe. V\u00a0r\u00e1mci projektu \u201eSinging Europe\u201c (Spievaj\u00faca Eur\u00f3pa) ECA rozposlala dotazn\u00edk o\u00a0kolekt\u00edvnom spievan\u00ed po viac ako 40-tich eur\u00f3pskych krajin\u00e1ch. V\u00fdsledky tejto \u0161t\u00fadie boli ve\u013emi\u2026","rel":"","context":"V &quot;AKTU\u00c1LNE&quot;","img":{"alt_text":"","src":"https:\/\/i2.wp.com\/www.satb.sk\/wp-content\/uploads\/2024\/08\/Kolko-hlasov_web-1.png?fit=1200%2C675&ssl=1&resize=350%2C200","width":350,"height":200},"classes":[]},{"id":3746,"url":"https:\/\/www.satb.sk\/index.php\/2019\/03\/12\/video-z-acda-konferencie-2019\/","url_meta":{"origin":3687,"position":4},"title":"Video z ACDA Konferencie 2019","date":"12 marca, 2019","format":false,"excerpt":"Pozrite si kr\u00e1tke video o tom, ako vyzeral 60. ro\u010dn\u00edk N\u00e1rodnej konferencie Americkej asoci\u00e1cie zborov\u00fdch dirigentov v Kansase.\u00a0 https:\/\/www.youtube.com\/watch?v=NMLR2ayD_Bg Pripravil: satb.sk \u00a0","rel":"","context":"V &quot;AKTU\u00c1LNE&quot;","img":{"alt_text":"","src":"https:\/\/i2.wp.com\/img.youtube.com\/vi\/NMLR2ayD_Bg\/0.jpg?resize=350%2C200","width":350,"height":200},"classes":[]},{"id":160,"url":"https:\/\/www.satb.sk\/index.php\/2018\/10\/31\/160\/","url_meta":{"origin":3687,"position":5},"title":"O n\u00e1s","date":"31 okt\u00f3bra, 2018","format":false,"excerpt":"\u010co je SATB? SATB je\u00a0webov\u00fd port\u00e1l, ktor\u00fd vznikol za \u00fa\u010delom propag\u00e1cie a podpory zborov\u00e9ho spevu na Slovensku. Hlavn\u00fdm cie\u013eom tejto platformy je poskytova\u0165 inform\u00e1cie o zborov\u00fdch aktivit\u00e1ch na Slovensku i v zahrani\u010d\u00ed a vytvori\u0165 priestor, kde sa bude sp\u00e1ja\u0165 komunita \u013eud\u00ed, ktor\u00ed maj\u00fa radi zborov\u00fd spev. \u010co SATB rob\u00ed? Hlavnou\u2026","rel":"","context":"V &quot;O N\u00c1S&quot;","img":{"alt_text":"","src":"","width":0,"height":0},"classes":[]}],"_links":{"self":[{"href":"https:\/\/www.satb.sk\/index.php\/wp-json\/wp\/v2\/posts\/3687"}],"collection":[{"href":"https:\/\/www.satb.sk\/index.php\/wp-json\/wp\/v2\/posts"}],"about":[{"href":"https:\/\/www.satb.sk\/index.php\/wp-json\/wp\/v2\/types\/post"}],"author":[{"embeddable":true,"href":"https:\/\/www.satb.sk\/index.php\/wp-json\/wp\/v2\/users\/1"}],"replies":[{"embeddable":true,"href":"https:\/\/www.satb.sk\/index.php\/wp-json\/wp\/v2\/comments?post=3687"}],"version-history":[{"count":6,"href":"https:\/\/www.satb.sk\/index.php\/wp-json\/wp\/v2\/posts\/3687\/revisions"}],"predecessor-version":[{"id":3705,"href":"https:\/\/www.satb.sk\/index.php\/wp-json\/wp\/v2\/posts\/3687\/revisions\/3705"}],"wp:featuredmedia":[{"embeddable":true,"href":"https:\/\/www.satb.sk\/index.php\/wp-json\/wp\/v2\/media\/3691"}],"wp:attachment":[{"href":"https:\/\/www.satb.sk\/index.php\/wp-json\/wp\/v2\/media?parent=3687"}],"wp:term":[{"taxonomy":"category","embeddable":true,"href":"https:\/\/www.satb.sk\/index.php\/wp-json\/wp\/v2\/categories?post=3687"},{"taxonomy":"post_tag","embeddable":true,"href":"https:\/\/www.satb.sk\/index.php\/wp-json\/wp\/v2\/tags?post=3687"}],"curies":[{"name":"wp","href":"https:\/\/api.w.org\/{rel}","templated":true}]}}