{"id":3746,"date":"2019-03-12T10:58:39","date_gmt":"2019-03-12T10:58:39","guid":{"rendered":"https:\/\/www.satb.sk\/?p=3746"},"modified":"2019-03-15T19:53:24","modified_gmt":"2019-03-15T19:53:24","slug":"video-z-acda-konferencie-2019","status":"publish","type":"post","link":"https:\/\/www.satb.sk\/index.php\/2019\/03\/12\/video-z-acda-konferencie-2019\/","title":{"rendered":"Video z ACDA Konferencie 2019"},"content":{"rendered":"<p style=\"text-align: center;\"><em>Pozrite si kr\u00e1tke video o tom, ako vyzeral 60. ro\u010dn\u00edk <strong>N\u00e1rodnej konferencie<\/strong> Americkej asoci\u00e1cie zborov\u00fdch dirigentov v Kansase.\u00a0<\/em><\/p>\n<p><span class=\"embed-youtube\" style=\"text-align:center; display: block;\"><iframe loading=\"lazy\" class=\"youtube-player\" width=\"837\" height=\"471\" src=\"https:\/\/www.youtube.com\/embed\/NMLR2ayD_Bg?version=3&#038;rel=1&#038;showsearch=0&#038;showinfo=1&#038;iv_load_policy=1&#038;fs=1&#038;hl=sk-SK&#038;autohide=2&#038;wmode=transparent\" allowfullscreen=\"true\" style=\"border:0;\" sandbox=\"allow-scripts allow-same-origin allow-popups allow-presentation\"><\/iframe><\/span><\/p>\n<p><!--more-->Pripravil: satb.sk<\/p>\n<p>&nbsp;<\/p>\n","protected":false},"excerpt":{"rendered":"<p>Pozrite si kr\u00e1tke video o tom, ako vyzeral 60. ro\u010dn\u00edk N\u00e1rodnej konferencie Americkej asoci\u00e1cie zborov\u00fdch dirigentov v Kansase.\u00a0<\/p>\n","protected":false},"author":1,"featured_media":0,"comment_status":"closed","ping_status":"closed","sticky":false,"template":"","format":"standard","meta":{"om_disable_all_campaigns":false,"_monsterinsights_skip_tracking":false,"_monsterinsights_sitenote_active":false,"_monsterinsights_sitenote_note":"","_monsterinsights_sitenote_category":0,"spay_email":"","footnotes":"","jetpack_publicize_message":"","jetpack_is_tweetstorm":false},"categories":[49,21],"tags":[48],"class_list":["post-3746","post","type-post","status-publish","format-standard","hentry","category-aktualne","category-svet","tag-konferencia"],"aioseo_notices":[],"jetpack_featured_media_url":"","jetpack_publicize_connections":[],"jetpack_sharing_enabled":true,"jetpack_shortlink":"https:\/\/wp.me\/pav5wC-Yq","jetpack-related-posts":[{"id":3687,"url":"https:\/\/www.satb.sk\/index.php\/2019\/02\/25\/narodna-konferencia-v-kansase-zacina-uz-zajtra\/","url_meta":{"origin":3746,"position":0},"title":"N\u00e1rodn\u00e1 konferencia v Kansase za\u010d\u00edna u\u017e zajtra","date":"25 febru\u00e1ra, 2019","format":false,"excerpt":"Viete \u010do v\u0161etko na n\u00e1s \u010dak\u00e1 na najv\u00e4\u010d\u0161ej konferencii o zborovom speve v Spojen\u00fdch \u0161t\u00e1toch americk\u00fdch? Tento t\u00fd\u017ede\u0148 v\u00e1s port\u00e1l SATB.SK vezme do Kansas City, kde sa bude kona\u0165 od 26. febru\u00e1ra do 2. marca jubilejn\u00fd 60. ro\u010dn\u00edk najv\u00e4\u010d\u0161ej americkej konferencie o zborovom speve. Organiz\u00e1torom konferencie je Americk\u00e1 asoci\u00e1cia zborov\u00fdch\u2026","rel":"","context":"V &quot;AKTU\u00c1LNE&quot;","img":{"alt_text":"","src":"https:\/\/i1.wp.com\/www.satb.sk\/wp-content\/uploads\/2019\/02\/Logo-2.jpg?fit=1200%2C645&ssl=1&resize=350%2C200","width":350,"height":200},"classes":[]},{"id":3659,"url":"https:\/\/www.satb.sk\/index.php\/2019\/02\/18\/podte-s-nami-na-konferenciu-do-usa\/","url_meta":{"origin":3746,"position":1},"title":"Po\u010fte s nami na konferenciu do USA","date":"18 febru\u00e1ra, 2019","format":false,"excerpt":"Po\u010fte sa s nami\u00a0pozrie\u0165 na\u00a0N\u00e1rodn\u00fa konferenciu o zborovom speve v Spojen\u00fdch \u0161t\u00e1toch americk\u00fdch. Koncom febru\u00e1ra sa v americkom meste Kansas v \u0161t\u00e1te Missouri uskuto\u010dn\u00ed najv\u00e4\u010d\u0161ia zborov\u00e1 konferencia v r\u00e1mci USA. Na konferencii pravidelne vystupuj\u00fa najlep\u0161ie americk\u00e9 spev\u00e1cke zbory, prezentuj\u00fa sa renomovan\u00e9 in\u0161tit\u00facie a svetov\u00ed skladatelia. S ve\u013ekou rados\u0165ou v\u00e1m oznamujeme,\u2026","rel":"","context":"V &quot;PODUJATIA&quot;","img":{"alt_text":"","src":"https:\/\/i0.wp.com\/www.satb.sk\/wp-content\/uploads\/2019\/02\/Zo.png?fit=1200%2C675&ssl=1&resize=350%2C200","width":350,"height":200},"classes":[]},{"id":3817,"url":"https:\/\/www.satb.sk\/index.php\/2019\/03\/18\/exkluzivne-rozhovory\/","url_meta":{"origin":3746,"position":2},"title":"Exkluz\u00edvne rozhovory","date":"18 marca, 2019","format":false,"excerpt":"Pripravujeme pre v\u00e1s tri exkluz\u00edvne rozhovory, ktor\u00e9 port\u00e1lu SATB.SK poskytli renomovan\u00ed zahrani\u010dn\u00ed umelci.\u00a0 V r\u00e1mci ACDA konferencie v Kansase sme sa stretli s viacer\u00fdmi renomovan\u00fdmi hudobn\u00edkmi v oblasti zborov\u00e9ho spevu. Tieto stretnutia sme samozrejme vyu\u017eili a pripravili sme pre \u010ditate\u013eov n\u00e1\u0161ho port\u00e1lu tri rozhovory s v\u00fdnimo\u010dn\u00fdmi umelcami - so skladate\u013emi\u2026","rel":"","context":"V &quot;MAGAZ\u00cdN&quot;","img":{"alt_text":"","src":"https:\/\/i2.wp.com\/www.satb.sk\/wp-content\/uploads\/2019\/03\/Rozhovor.png?fit=945%2C756&ssl=1&resize=350%2C200","width":350,"height":200},"classes":[]},{"id":3716,"url":"https:\/\/www.satb.sk\/index.php\/2019\/03\/12\/alzheimer-a-beethovenovo-prenasledovanie\/","url_meta":{"origin":3746,"position":3},"title":"Alzheimer a Beethovenovo prenasledovanie","date":"12 marca, 2019","format":false,"excerpt":"Na konferencii v Kansase bolo predveden\u00fdch mnoho skladieb. Dielo Alzheimerove pr\u00edbehy od Roberta S. Cohena a skladba Ticho ma prenasleduje od Jaka Runestada v\u0161ak up\u00fatali posluch\u00e1\u010dov najviac a hudba t\u00fdchto skladate\u013eov nenechala nikoho chladn\u00fdm. ALZHEIMEROVE PR\u00cdBEHY Dielo Alzheimerove pr\u00edbehy nap\u00edsal skladate\u013e Robert S. Cohen na objedn\u00e1vku pre Susquehanna Valley Chorale.\u2026","rel":"","context":"V &quot;AKTU\u00c1LNE&quot;","img":{"alt_text":"","src":"https:\/\/i1.wp.com\/www.satb.sk\/wp-content\/uploads\/2019\/03\/IMG_5738-e1585648869493.jpg?fit=1200%2C656&ssl=1&resize=350%2C200","width":350,"height":200},"classes":[]},{"id":5851,"url":"https:\/\/www.satb.sk\/index.php\/2021\/11\/12\/zaujimave-ocenenia-a-online-kategoria-zaspievajte-si-na-festivale-akademicka-banska-bystrica\/","url_meta":{"origin":3746,"position":4},"title":"Zauj\u00edmav\u00e9 ocenenia a online kateg\u00f3ria. Zaspievajte si na Festivale Akademick\u00e1 Bansk\u00e1 Bystrica","date":"12 novembra, 2021","format":false,"excerpt":"Medzin\u00e1rodn\u00fd s\u00fa\u0165a\u017en\u00fd festival op\u00e4\u0165 otv\u00e1ra svoje br\u00e1ny pre slovensk\u00e9, ale aj zahrani\u010dn\u00e9 vok\u00e1lne teles\u00e1. Celosvetov\u00e1 pand\u00e9mia ovplyvnila mno\u017estvo kult\u00farnych podujat\u00ed. Nako\u013eko sa situ\u00e1cia na Slovensku znova zhor\u0161uje, 19. ro\u010dn\u00edk Akademickej Banskej Bystrice sa prv\u00fdkr\u00e1t v hist\u00f3rii festivalu uskuto\u010dn\u00ed v zimnom mesiaci a to od 10. \u2013 13. febru\u00e1ra 2022 v\u2026","rel":"","context":"V &quot;AKTU\u00c1LNE&quot;","img":{"alt_text":"","src":"https:\/\/i2.wp.com\/www.satb.sk\/wp-content\/uploads\/2021\/11\/11182806_634517116692932_2588923029342370995_o.jpeg?fit=1200%2C900&ssl=1&resize=350%2C200","width":350,"height":200},"classes":[]},{"id":5258,"url":"https:\/\/www.satb.sk\/index.php\/2020\/03\/16\/ladislav-holasek-zacal-som-podpichovat-slovenskych-skladatelov\/","url_meta":{"origin":3746,"position":5},"title":"Ladislav Hol\u00e1sek: Za\u010dal som podpichova\u0165 slovensk\u00fdch skladate\u013eov","date":"16 marca, 2020","format":false,"excerpt":"Najviac ho irituje \u0161t\u00fadium novej skladby. Mo\u017eno aj preto patr\u00ed ku dirigentom, ktor\u00ed v\u00fdrazne formovali hudobn\u00fa kult\u00faru Slovenska. O svoje spomienky na skladate\u013eov i na hudobn\u00e9 teles\u00e1 sa s nami v rozsiahlom rozhovore podelil Ladislav Hol\u00e1sek (90).\u00a0 P\u00e1n Hol\u00e1sek hudba bola a st\u00e1le je neodmyslite\u013enou \u010das\u0165ou V\u00e1\u0161ho \u017eivota. Kedy ste\u2026","rel":"","context":"V &quot;AKTU\u00c1LNE&quot;","img":{"alt_text":"","src":"https:\/\/i2.wp.com\/www.satb.sk\/wp-content\/uploads\/2020\/03\/DSCN4750-1.jpg?fit=1200%2C900&ssl=1&resize=350%2C200","width":350,"height":200},"classes":[]}],"_links":{"self":[{"href":"https:\/\/www.satb.sk\/index.php\/wp-json\/wp\/v2\/posts\/3746"}],"collection":[{"href":"https:\/\/www.satb.sk\/index.php\/wp-json\/wp\/v2\/posts"}],"about":[{"href":"https:\/\/www.satb.sk\/index.php\/wp-json\/wp\/v2\/types\/post"}],"author":[{"embeddable":true,"href":"https:\/\/www.satb.sk\/index.php\/wp-json\/wp\/v2\/users\/1"}],"replies":[{"embeddable":true,"href":"https:\/\/www.satb.sk\/index.php\/wp-json\/wp\/v2\/comments?post=3746"}],"version-history":[{"count":5,"href":"https:\/\/www.satb.sk\/index.php\/wp-json\/wp\/v2\/posts\/3746\/revisions"}],"predecessor-version":[{"id":3752,"href":"https:\/\/www.satb.sk\/index.php\/wp-json\/wp\/v2\/posts\/3746\/revisions\/3752"}],"wp:attachment":[{"href":"https:\/\/www.satb.sk\/index.php\/wp-json\/wp\/v2\/media?parent=3746"}],"wp:term":[{"taxonomy":"category","embeddable":true,"href":"https:\/\/www.satb.sk\/index.php\/wp-json\/wp\/v2\/categories?post=3746"},{"taxonomy":"post_tag","embeddable":true,"href":"https:\/\/www.satb.sk\/index.php\/wp-json\/wp\/v2\/tags?post=3746"}],"curies":[{"name":"wp","href":"https:\/\/api.w.org\/{rel}","templated":true}]}}