{"id":3813,"date":"2019-03-18T05:28:46","date_gmt":"2019-03-18T05:28:46","guid":{"rendered":"https:\/\/www.satb.sk\/?p=3813"},"modified":"2019-03-18T05:30:37","modified_gmt":"2019-03-18T05:30:37","slug":"tento-spevacky-zbor-sa-stal-milacikom-publika","status":"publish","type":"post","link":"https:\/\/www.satb.sk\/index.php\/2019\/03\/18\/tento-spevacky-zbor-sa-stal-milacikom-publika\/","title":{"rendered":"Tento spev\u00e1cky zbor sa stal mil\u00e1\u010dikom publika"},"content":{"rendered":"<p><em>Na ACDA konferencii za\u017eiarilo viacero spev\u00e1ckych zborov. No najviac si publikum z\u00edskal vynikaj\u00faci spev\u00e1cky zbor <strong>Aeolians z Oakwood Univerzity<\/strong> v Alabame.<\/em><\/p>\n<p><!--more--><\/p>\n<p>Spev\u00e1cky zbor\u00a0<strong>Aeolians <\/strong>bol zalo\u017een\u00fd v roku 1946 dirigentkou Evou B. Dykes. U\u017e od svojho vzniku patril ku \u0161pi\u010dkov\u00fdm spev\u00e1ckym zborom. Koncertoval napr\u00edklad v Kennedyho centre vo Washingtone \u010di v Carnegie Hall v New Yorku a vystupoval na koncertoch po celom svete vr\u00e1tate Po\u013eska, Rumunska, Ve\u013ekej Brit\u00e1nie \u010di Islandu. \u0160irok\u00fd reperto\u00e1r tohto zboru tvoria skladby od barokovej \u00e9ry a\u017e po tvorbu s\u00fa\u010dasn\u00fdch skladate\u013eov. V roku 2012 vyhral zbor Zborov\u00fa olympi\u00e1du v Ju\u017enej Afrike v kateg\u00f3ri\u00ed spiritu\u00e1lov. V s\u00fa\u010dasnosti diriguje tento spev\u00e1cky zbor\u00a0Jason Max Ferdinand. Vypo\u010dujte si dve skladby v podan\u00ed toho v\u00fdnimo\u010dn\u00e9ho zboru.<\/p>\n<p><span class=\"embed-youtube\" style=\"text-align:center; display: block;\"><iframe loading=\"lazy\" class=\"youtube-player\" width=\"837\" height=\"471\" src=\"https:\/\/www.youtube.com\/embed\/GcOs5kSFqvo?version=3&#038;rel=1&#038;showsearch=0&#038;showinfo=1&#038;iv_load_policy=1&#038;fs=1&#038;hl=sk-SK&#038;autohide=2&#038;wmode=transparent\" allowfullscreen=\"true\" style=\"border:0;\" sandbox=\"allow-scripts allow-same-origin allow-popups allow-presentation\"><\/iframe><\/span><\/p>\n<p><span class=\"embed-youtube\" style=\"text-align:center; display: block;\"><iframe loading=\"lazy\" class=\"youtube-player\" width=\"837\" height=\"471\" src=\"https:\/\/www.youtube.com\/embed\/9S0iPBeBftE?version=3&#038;rel=1&#038;showsearch=0&#038;showinfo=1&#038;iv_load_policy=1&#038;fs=1&#038;hl=sk-SK&#038;autohide=2&#038;wmode=transparent\" allowfullscreen=\"true\" style=\"border:0;\" sandbox=\"allow-scripts allow-same-origin allow-popups allow-presentation\"><\/iframe><\/span><\/p>\n<p>&nbsp;<\/p>\n<p>&nbsp;<\/p>\n<p>Pripravil: satb.sk<br \/>\nFoto: <a href=\"https:\/\/www.facebook.com\/aeolians\/?__tn__=K-R&amp;eid=ARAlPEO8VRZgLTTn3csNBq1ss9rDApHLgyLGjxC1IyR2y8MWJZ3qBdK5_qnV9h49VQAKmn3kmTvTlamp&amp;fref=mentions&amp;__xts__[0]=68.ARAzoPRmee0GJfJje2BwQdURza5WHgHjDDMofR9LSdC_blrDvxgvWjfTOiII76UtuSROGDKp9UsNUGCvFHGyXA51rklhLQXFVQHNjUxibgFDM5X52YsFUbR4adN9TCWpJydX1i_MM5iUJTSgrSn3K78aXsn2mfixEdIkYfgSkDsi6O5WZQPRNe-QX2Yym1hK6JswTmsFL6EUvUSVc1YlJziU57sr-mJw5Xu3WABb6vBLpcsfbQsEUDRan3S0CX-k30neDmYEKwXJZsGT1HcQ5r2IWPnLFjMdYtmo2ekRuNVOz9zFEJgoFrcnGgAytF1PBSV_63_ey3Nlb13hqjYAWsjLDnR92oBFFm-taU3t1VU8tWS0z1rvoh_TlYLhsHrnWIO5PV0xjClFw5_WRKV02i9i3PHeTISIXPjLbGuqWspQkqBqat2tR3S7dojX-Hiug1VORmcljLlvPrKQQokKRG7GmnIMbPbzme_jCjnwZfeXwYssk7iojcCZQzPyNgbWFP4\" target=\"_blank\" rel=\"noopener\">The Aeolians &#8211; Facebook Page<\/a><\/p>\n","protected":false},"excerpt":{"rendered":"<p>Na ACDA konferencii za\u017eiarilo viacero spev\u00e1ckych zborov. No najviac si publikum z\u00edskal vynikaj\u00faci spev\u00e1cky zbor Aeolians z Oakwood Univerzity v Alabame.<\/p>\n","protected":false},"author":1,"featured_media":3814,"comment_status":"closed","ping_status":"closed","sticky":false,"template":"","format":"standard","meta":{"om_disable_all_campaigns":false,"_monsterinsights_skip_tracking":false,"_monsterinsights_sitenote_active":false,"_monsterinsights_sitenote_note":"","_monsterinsights_sitenote_category":0,"spay_email":"","footnotes":"","jetpack_publicize_message":"","jetpack_is_tweetstorm":false},"categories":[19],"tags":[],"class_list":["post-3813","post","type-post","status-publish","format-standard","has-post-thumbnail","hentry","category-magazin"],"aioseo_notices":[],"jetpack_featured_media_url":"https:\/\/i0.wp.com\/www.satb.sk\/wp-content\/uploads\/2019\/03\/20017599_1360492570703548_6781390756574016467_o.jpg?fit=1024%2C682&ssl=1","jetpack_publicize_connections":[],"jetpack_sharing_enabled":true,"jetpack_shortlink":"https:\/\/wp.me\/pav5wC-Zv","jetpack-related-posts":[{"id":576,"url":"https:\/\/www.satb.sk\/index.php\/2018\/12\/17\/free-harmony-tesime-sa-ze-mozeme-spolocne-tvorit\/","url_meta":{"origin":3813,"position":0},"title":"Free Harmony: Te\u0161\u00edme sa, \u017ee m\u00f4\u017eeme spolo\u010dne tvori\u0165","date":"17 decembra, 2018","format":false,"excerpt":"Ml\u00e1de\u017en\u00edcky spev\u00e1cky zbor Free Harmony s\u00eddli v malebnom podtatranskom meste Poprad. Zbor\u00a0vznikol p\u00f4vodne ako diev\u010densk\u00fd spev\u00e1cky zbor v\u00a0roku 2013. My v\u00e1m v tomto kr\u00e1tkom \u010dl\u00e1nku predstav\u00edme tento zbor o\u010dami a u\u0161ami jeho \u010dlenov. Sme ml\u00e1de\u017en\u00edcky spev\u00e1cky zbor. Sme v\u00fdborn\u00fd kolekt\u00edv, ktor\u00fd sa nikdy nenud\u00ed a na na\u0161ich sk\u00fa\u0161kach je v\u017edy\u2026","rel":"","context":"V &quot;O\u010cAMI ZBOROV&quot;","img":{"alt_text":"","src":"https:\/\/i2.wp.com\/www.satb.sk\/wp-content\/uploads\/2018\/12\/Zbor_1_oprava.jpg?fit=1200%2C800&ssl=1&resize=350%2C200","width":350,"height":200},"classes":[]},{"id":5187,"url":"https:\/\/www.satb.sk\/index.php\/2020\/02\/28\/sviatocny-okamih-alebo-ked-sa-neprofesionalni-spevaci-spoja-s-profesionalmi\/","url_meta":{"origin":3813,"position":1},"title":"Sviato\u010dn\u00fd okamih alebo ke\u010f sa neprofesion\u00e1lni spev\u00e1ci spoja s profesion\u00e1lmi","date":"28 febru\u00e1ra, 2020","format":false,"excerpt":"Slovensk\u00fd filharmonick\u00fd zbor si zaspieval s neprofesion\u00e1lnymi spev\u00e1ckymi zbormi priamo na p\u00f3diu Slovenskej filharm\u00f3nie. Slovensk\u00fd filharmonick\u00fd zbor patr\u00ed k jedn\u00fdm z m\u00e1la profesion\u00e1lnych telies na slovenskej zborovej sc\u00e9ne. Ako neoddelite\u013en\u00e1 \u010das\u0165 Slovenskej filharm\u00f3nie dost\u00e1va preto ka\u017edoro\u010dne priestor na samostatn\u00fd koncert. Tento rok v\u0161ak zbor na p\u00f3diu nezostal s\u00e1m. Vedenie Slovenskej\u2026","rel":"","context":"V &quot;AKTU\u00c1LNE&quot;","img":{"alt_text":"","src":"https:\/\/i1.wp.com\/www.satb.sk\/wp-content\/uploads\/2020\/02\/84623111_2715649645180271_4793249180975890432_o-1.jpg?fit=950%2C635&ssl=1&resize=350%2C200","width":350,"height":200},"classes":[]},{"id":5785,"url":"https:\/\/www.satb.sk\/index.php\/2021\/11\/04\/zacina-festival-voce-magna-2021\/","url_meta":{"origin":3813,"position":2},"title":"Za\u010dal sa festival \u017dilina Voce Magna 2021","date":"4 novembra, 2021","format":false,"excerpt":"Po pandemickej odmlke sa do \u017diliny vracia festival zborov\u00e9ho umenia. \u0160tyri koncerty, jedna s\u00fa\u0165a\u017e a desiatky spev\u00e1kov z viac ako p\u00e4tn\u00e1stich spev\u00e1ckych zborov. Tak bude vyzera\u0165 jeden\u00e1sty ro\u010dn\u00edk Medzin\u00e1rodn\u00e9ho festivalu a s\u00fa\u0165a\u017ee zborov\u00e9ho umenia Voce Magna 2021. Festival sa mal p\u00f4vodne za\u010da\u0165 u\u017e v utorok 2. novembra, no kv\u00f4li pandemick\u00fdm\u2026","rel":"","context":"V &quot;AKTU\u00c1LNE&quot;","img":{"alt_text":"","src":"https:\/\/i1.wp.com\/www.satb.sk\/wp-content\/uploads\/2021\/11\/IMG_1536-scaled.jpg?fit=1200%2C800&ssl=1&resize=350%2C200","width":350,"height":200},"classes":[]},{"id":2781,"url":"https:\/\/www.satb.sk\/index.php\/2019\/02\/12\/hudobne-ocenenia-grammy-patria-aj-spevackym-zborom\/","url_meta":{"origin":3813,"position":3},"title":"Hudobn\u00e9 ocenenie Grammy z\u00edskal aj spev\u00e1cky zbor","date":"12 febru\u00e1ra, 2019","format":false,"excerpt":"Pozornos\u0165 cel\u00e9ho hudobn\u00e9ho sveta sa tento v\u00edkend s\u00fastredila na americk\u00e9 mesto Los Angeles. V nede\u013eu ve\u010der sa tam konal 61. ro\u010dn\u00edk odovzd\u00e1vania hudobn\u00fdch cien Grammy. Vedeli ste, \u017ee toto prest\u00ed\u017ene ocenenie m\u00e1 aj \u0161peci\u00e1lnu kateg\u00f3riu \"Najlep\u0161\u00ed zborov\u00fd v\u00fdkon\"? Ceny Grammy patria k najprest\u00ed\u017enej\u0161\u00edm oceneniam v hudobnom priemysle. Od roku 1959\u2026","rel":"","context":"V &quot;AKTU\u00c1LNE&quot;","img":{"alt_text":"","src":"https:\/\/i2.wp.com\/www.satb.sk\/wp-content\/uploads\/2019\/02\/ra_ga_61_logo_tunein_03_k_rgb.jpg?fit=684%2C249&ssl=1&resize=350%2C200","width":350,"height":200},"classes":[]},{"id":5686,"url":"https:\/\/www.satb.sk\/index.php\/2021\/03\/02\/novy-album-spevackeho-zboru-lucnica\/","url_meta":{"origin":3813,"position":4},"title":"Nov\u00fd album spev\u00e1ckeho zboru L\u00fa\u010dnica","date":"2 marca, 2021","format":false,"excerpt":"Spev\u00e1cky zbor L\u00fa\u010dnica vydal v celosvetovej premi\u00e9re diela Alexandra Albrechta a Petra Martin\u010deka.\u00a0 Spev\u00e1cky zbor\u00a0L\u00fa\u010dnica prich\u00e1dza aj napriek \u0165a\u017ek\u00e9mu obdobiu, ktor\u00e9 pozna\u010dila pand\u00e9mia, s dramaturgicky mimoriadne ambici\u00f3znou nahr\u00e1vkou. V spolupr\u00e1ci s vydavate\u013estvom Real Music House vydal titul\u00a0Albrecht\/Martin\u010dek, ktot\u00fd pote\u0161\u00ed nielen vern\u00fdch fan\u00fa\u0161ikov zboru, ale aj obdivovate\u013eov slovenskej v\u00e1\u017enej hudby. Nahr\u00e1vka\u2026","rel":"","context":"V &quot;AKTU\u00c1LNE&quot;","img":{"alt_text":"","src":"https:\/\/i1.wp.com\/www.satb.sk\/wp-content\/uploads\/2021\/03\/Albrecht-Martinc\u030cek.png?fit=1200%2C675&ssl=1&resize=350%2C200","width":350,"height":200},"classes":[]},{"id":4064,"url":"https:\/\/www.satb.sk\/index.php\/2019\/05\/20\/konkurz-do-bratislavskeho-chlapcenskeho-zboru\/","url_meta":{"origin":3813,"position":5},"title":"Konkurz do Bratislavsk\u00e9ho chlap\u010densk\u00e9ho zboru","date":"20 m\u00e1ja, 2019","format":false,"excerpt":"M\u00e1te vo svojom okol\u00ed \u0161ikovn\u00e9ho spev\u00e1\u010dika? Ak \u00e1no, m\u00e1te jedine\u010dn\u00fa \u0161ancu prihl\u00e1si\u0165 ho do \u0161pi\u010dkov\u00e9ho spev\u00e1ckeho zboru. Bratislavsk\u00fd chlap\u010densk\u00fd zbor poz\u00fdva chlapcov vo veku\u00a07 - 8 rokov na konkurz do svojich radov. Tento spev\u00e1cky zbor funguje od roku 1982 a jeho zakladate\u013ekou je Magdal\u00e9na Rov\u0148\u00e1kov\u00e1, ktor\u00e1 ho v s\u00fa\u010dasnosti vedie\u2026","rel":"","context":"V &quot;AKTU\u00c1LNE&quot;","img":{"alt_text":"","src":"https:\/\/i1.wp.com\/www.satb.sk\/wp-content\/uploads\/2019\/05\/historia-alternative.jpg?fit=610%2C270&ssl=1&resize=350%2C200","width":350,"height":200},"classes":[]}],"_links":{"self":[{"href":"https:\/\/www.satb.sk\/index.php\/wp-json\/wp\/v2\/posts\/3813"}],"collection":[{"href":"https:\/\/www.satb.sk\/index.php\/wp-json\/wp\/v2\/posts"}],"about":[{"href":"https:\/\/www.satb.sk\/index.php\/wp-json\/wp\/v2\/types\/post"}],"author":[{"embeddable":true,"href":"https:\/\/www.satb.sk\/index.php\/wp-json\/wp\/v2\/users\/1"}],"replies":[{"embeddable":true,"href":"https:\/\/www.satb.sk\/index.php\/wp-json\/wp\/v2\/comments?post=3813"}],"version-history":[{"count":2,"href":"https:\/\/www.satb.sk\/index.php\/wp-json\/wp\/v2\/posts\/3813\/revisions"}],"predecessor-version":[{"id":3816,"href":"https:\/\/www.satb.sk\/index.php\/wp-json\/wp\/v2\/posts\/3813\/revisions\/3816"}],"wp:featuredmedia":[{"embeddable":true,"href":"https:\/\/www.satb.sk\/index.php\/wp-json\/wp\/v2\/media\/3814"}],"wp:attachment":[{"href":"https:\/\/www.satb.sk\/index.php\/wp-json\/wp\/v2\/media?parent=3813"}],"wp:term":[{"taxonomy":"category","embeddable":true,"href":"https:\/\/www.satb.sk\/index.php\/wp-json\/wp\/v2\/categories?post=3813"},{"taxonomy":"post_tag","embeddable":true,"href":"https:\/\/www.satb.sk\/index.php\/wp-json\/wp\/v2\/tags?post=3813"}],"curies":[{"name":"wp","href":"https:\/\/api.w.org\/{rel}","templated":true}]}}