{"id":3817,"date":"2019-03-18T06:06:46","date_gmt":"2019-03-18T06:06:46","guid":{"rendered":"https:\/\/www.satb.sk\/?p=3817"},"modified":"2019-03-18T06:09:03","modified_gmt":"2019-03-18T06:09:03","slug":"exkluzivne-rozhovory","status":"publish","type":"post","link":"https:\/\/www.satb.sk\/index.php\/2019\/03\/18\/exkluzivne-rozhovory\/","title":{"rendered":"Exkluz\u00edvne rozhovory"},"content":{"rendered":"<p><em>Pripravujeme pre v\u00e1s tri exkluz\u00edvne rozhovory, ktor\u00e9 port\u00e1lu SATB.SK poskytli renomovan\u00ed zahrani\u010dn\u00ed umelci.\u00a0<\/em><\/p>\n<p><!--more--><\/p>\n<p>V r\u00e1mci ACDA konferencie v Kansase sme sa stretli s viacer\u00fdmi renomovan\u00fdmi hudobn\u00edkmi v oblasti zborov\u00e9ho spevu. Tieto stretnutia sme samozrejme vyu\u017eili a pripravili sme pre \u010ditate\u013eov n\u00e1\u0161ho port\u00e1lu tri rozhovory s v\u00fdnimo\u010dn\u00fdmi umelcami &#8211; so skladate\u013emi Johnom Rutterom a Olom Gjeilom a s Christopherom Gabbitasom, ktor\u00fd je b\u00fdval\u00fdm \u010dlenom vok\u00e1lneho zoskupenia The King&#8217;s Singers. Rozhovory s t\u00fdmito umelcami zverejn\u00edme v priebehu nasleduj\u00facich t\u00fd\u017ed\u0148ov.<\/p>\n<p><strong>25. MARCA &#8211; JOHN RUTTER<\/strong><br \/>\nV rozhovore sa dozviete:<br \/>\n<em>Pre\u010do je vo svete zn\u00e1ma predov\u0161etk\u00fdm jeho zborov\u00e1 tvorba.<\/em><\/p>\n<p><em>Ako vyzer\u00e1 proces tvorby jeho nov\u00e9ho diela.<\/em><\/p>\n<p><em>Ak\u00fd je rozdiel medzi americkou a britskou zborovou sc\u00e9nou.<\/em><\/p>\n<p><em>Ako vn\u00edmal kr\u00e1\u013eovsk\u00fa svadbu Harryho a Meghan a vyst\u00fapenie afroamerick\u00e9ho zboru v r\u00e1mci obradu.<\/em><\/p>\n<p><em>Ak\u00fdm v\u00fdzvam musia s\u00fa\u010dasnosti \u010deli\u0165\u00a0spev\u00e1cke zbory.<\/em><\/p>\n<p>&nbsp;<\/p>\n<p><strong>5. APR\u00cdLA &#8211; CHRISTOPHER GABBITAS<\/strong><br \/>\nV rozhovore sa dozviete:<br \/>\n<em>Ako sa dostal od pr\u00e1vnickej profesie ku kari\u00e9re spev\u00e1ka.<\/em><\/p>\n<p><em>Ako vyzer\u00e1 prij\u00edmac\u00ed proces do prest\u00ed\u017eneho vok\u00e1lneho zoskupenia The King&#8217;s Singers.\u00a0<\/em><\/p>\n<p><em>Pre\u010do odi\u0161iel z The King&#8217;s Singers.<\/em><\/p>\n<p><em>Ako dok\u00e1zal udr\u017ea\u0165 balans medzi kari\u00e9rnym a osobn\u00fdm \u017eivotom.<\/em><\/p>\n<p>&nbsp;<\/p>\n<p><strong>22.APR\u00cdLA &#8211; OLA GJEILO<\/strong><br \/>\nV rozhovore sa dozviete:<br \/>\n<em>Ak\u00e9 je to by\u0165 skladate\u013eom na pln\u00fd \u00fav\u00e4zok.\u00a0<\/em><\/p>\n<p><em>Pre\u010do sa rozhodol komponova\u0165 pre spev\u00e1cke zbory.<\/em><\/p>\n<p><em>Na ktor\u00e9 dielo zo svojej tvorby je najviac hrd\u00fd.\u00a0<\/em><\/p>\n<p><em>Ako vyber\u00e1 text pre svoje piesne.<\/em><\/p>\n<p>&nbsp;<\/p>\n<p>Pripravil: satb.sk<br \/>\nFoto: arch\u00edv John Rutter, arch\u00edv Christopher Gabbitas, arch\u00edv Ola Gjeilo<\/p>\n<p>&nbsp;<\/p>\n","protected":false},"excerpt":{"rendered":"<p>Pripravujeme pre v\u00e1s tri exkluz\u00edvne rozhovory, ktor\u00e9 port\u00e1lu SATB.SK poskytli renomovan\u00ed zahrani\u010dn\u00ed umelci.\u00a0<\/p>\n","protected":false},"author":1,"featured_media":3818,"comment_status":"closed","ping_status":"closed","sticky":false,"template":"","format":"standard","meta":{"om_disable_all_campaigns":false,"_monsterinsights_skip_tracking":false,"_monsterinsights_sitenote_active":false,"_monsterinsights_sitenote_note":"","_monsterinsights_sitenote_category":0,"spay_email":"","footnotes":"","jetpack_publicize_message":"","jetpack_is_tweetstorm":false},"categories":[19],"tags":[],"class_list":["post-3817","post","type-post","status-publish","format-standard","has-post-thumbnail","hentry","category-magazin"],"aioseo_notices":[],"jetpack_featured_media_url":"https:\/\/i2.wp.com\/www.satb.sk\/wp-content\/uploads\/2019\/03\/Rozhovor.png?fit=945%2C756&ssl=1","jetpack_publicize_connections":[],"jetpack_sharing_enabled":true,"jetpack_shortlink":"https:\/\/wp.me\/pav5wC-Zz","jetpack-related-posts":[{"id":6239,"url":"https:\/\/www.satb.sk\/index.php\/2025\/06\/28\/jaan-eik-tulve-kazda-hudba-musi-byt-najprv-pochopena-samotnymi-interpretmi\/","url_meta":{"origin":3817,"position":0},"title":"Jaan-Eik Tulve: Ka\u017ed\u00e1 hudba mus\u00ed by\u0165 najprv pochopen\u00e1 samotn\u00fdmi interpretmi","date":"28 j\u00fana, 2025","format":false,"excerpt":"Rozhovor s dirigentom vok\u00e1lneho s\u00faboru Vox Clamantis a \u0161pecialistom na gregori\u00e1nsky chor\u00e1l. U\u017e takmer tri desa\u0165ro\u010dia vedie renomovan\u00fd est\u00f3nsky s\u00fabor Vox Clamantis, zn\u00e1my interpret\u00e1ciou gregori\u00e1nskeho chor\u00e1lu i s\u00fa\u010dasnej hudby. V r\u00e1mci festivalu Viva Musica! vyst\u00fapil v Bratislave s programom venovan\u00fdm 90. narodenin\u00e1m skladate\u013ea Arva P\u00e4rta. Est\u00f3nsky dirigent a pedag\u00f3g Jaan-Eik\u2026","rel":"","context":"V &quot;AKTU\u00c1LNE&quot;","img":{"alt_text":"","src":"https:\/\/i2.wp.com\/www.satb.sk\/wp-content\/uploads\/2025\/06\/513853807_1370365691317979_2409426603054685558_n.jpg?fit=1200%2C800&ssl=1&resize=350%2C200","width":350,"height":200},"classes":[]},{"id":521,"url":"https:\/\/www.satb.sk\/index.php\/2018\/12\/10\/olga-budinska-nadsenie-a-tradicia-pre-zborovy-spev-su-vo-vojvodine-naozaj-velke\/","url_meta":{"origin":3817,"position":1},"title":"O\u013ega Budinsk\u00e1: Nad\u0161enie a\u00a0trad\u00edcia pre zborov\u00fd spev s\u00fa vo Vojvodine naozaj ve\u013ek\u00e9","date":"10 decembra, 2018","format":false,"excerpt":"V B\u00e1\u010dskom Petrovci vo Vojvodine (Srbsko) sa ned\u00e1vno uskuto\u010dnil Koncert slovensk\u00fdch spev\u00e1ckych zborov. Slovensko na tomto podujat\u00ed reprezentoval \u017densk\u00fd spev\u00e1cky zbor Belius. O\u013ega Budinsk\u00e1, dirigentka tohto zboru, n\u00e1m v kr\u00e1tkom rozhovore porozpr\u00e1vala ako prebiehal ich pobyt a ak\u00e1 je aktu\u00e1lna situ\u00e1cia slovensk\u00fdch spev\u00e1ckych zborov vo Vojvodine. O\u013ega, ako sa dostal\u2026","rel":"","context":"V &quot;MAGAZ\u00cdN&quot;","img":{"alt_text":"","src":"https:\/\/i1.wp.com\/www.satb.sk\/wp-content\/uploads\/2018\/12\/46091959_582789868844935_3852187813101436928_o.jpg?fit=1200%2C800&ssl=1&resize=350%2C200","width":350,"height":200},"classes":[]},{"id":635,"url":"https:\/\/www.satb.sk\/index.php\/2019\/01\/07\/jorg-zwicker-hudobnici-si-musia-byt-vedomi-ze-strach-je-pre-nas-dolezity\/","url_meta":{"origin":3817,"position":2},"title":"J\u00f6rg Zwicker: Hudobn\u00edci si musia by\u0165 vedom\u00ed, \u017ee strach je pre n\u00e1s d\u00f4le\u017eit\u00fd","date":"7 janu\u00e1ra, 2019","format":false,"excerpt":"O tom \u010do je tr\u00e9ma a ako ju m\u00f4\u017eu hudobn\u00edci zvl\u00e1da\u0165 n\u00e1m porozpr\u00e1va hudobn\u00edk a ment\u00e1lny kou\u010d\u00a0J\u00f6rg Zwicker, ktor\u00fd ned\u00e1vno nav\u0161t\u00edvil Bratislavu v r\u00e1mci workshopu na Vysokej \u0161kole m\u00fazick\u00fdch umen\u00ed. P\u00e1n Zwicker, v hudobnom odvetv\u00ed p\u00f4sob\u00edte u\u017e nejak\u00fd \u010das\u2026 \u00c1no, 35 rokov. Okrem toho, \u017ee ste akt\u00edvny hr\u00e1\u010d, ste z\u00e1rove\u0148\u2026","rel":"","context":"V &quot;MAGAZ\u00cdN&quot;","img":{"alt_text":"","src":"https:\/\/i0.wp.com\/www.satb.sk\/wp-content\/uploads\/2019\/01\/seminar4_72_16zu9.jpg?fit=850%2C478&ssl=1&resize=350%2C200","width":350,"height":200},"classes":[]},{"id":141,"url":"https:\/\/www.satb.sk\/index.php\/2018\/10\/31\/veronika-veverkova-dirigent-musi-byt-pred-sutazou-v-psychickej-pohode\/","url_meta":{"origin":3817,"position":3},"title":"Veronika Veverkov\u00e1: Dirigent mus\u00ed by\u0165 pred s\u00fa\u0165a\u017eou v psychickej pohode","date":"31 okt\u00f3bra, 2018","format":false,"excerpt":"So svoj\u00edm spev\u00e1ckym zborom je na sc\u00e9ne len nieko\u013eko rokov, no napriek tomu sa jej podarilo vyhra\u0165 prest\u00ed\u017ene zborov\u00e9 s\u00fa\u0165a\u017ee. Jej teleso dokonca o\u010darilo aj zn\u00e1mu rockov\u00fa kapelu Korben Dallas. Dirigentka Veronika Veverkov\u00e1 & Diev\u010densk\u00fd spev\u00e1cky zbor Cambiar la M\u00fasica. Veronika, profesia zborov\u00e9ho dirigenta na Slovensku nie je \u00faplne be\u017en\u00e1.\u2026","rel":"","context":"V &quot;ROZHOVORY&quot;","img":{"alt_text":"","src":"https:\/\/i0.wp.com\/www.satb.sk\/wp-content\/uploads\/2018\/10\/43817603_488416594987295_5722184288271544866_n-1.jpg?fit=1080%2C607&ssl=1&resize=350%2C200","width":350,"height":200},"classes":[]},{"id":3930,"url":"https:\/\/www.satb.sk\/index.php\/2019\/04\/08\/christopher-gabbitas-spev-je-jednou-zo-zakladnych-zloziek-zivota-podobne-ako-rec\/","url_meta":{"origin":3817,"position":4},"title":"Christopher Gabbitas: Spev je jednou zo z\u00e1kladn\u00fdch zlo\u017eiek \u017eivota","date":"8 apr\u00edla, 2019","format":false,"excerpt":"Spevu sa za\u010dal venova\u0165 ako osemro\u010dn\u00fd a odvtedy je st\u00e1lou s\u00fa\u010das\u0165ou jeho \u017eivota. Zborov\u00fa hudbu pova\u017euje za vrchol spev\u00e1ckeho umenia, preto\u017ee to \u010do zbor dok\u00e1\u017ee vytvori\u0165 m\u00e1 pod\u013ea neho ove\u013ea v\u00e4\u010d\u0161\u00ed potenci\u00e1l, ako ke\u010f spieva spev\u00e1k s\u00e1m. Pedag\u00f3g, dirigent a b\u00fdval\u00fd \u010dlen vok\u00e1lneho zoskupenia The King's Singers \u2013 Christopher Gabbitas.\u200b\u2026","rel":"","context":"V &quot;ROZHOVORY&quot;","img":{"alt_text":"","src":"https:\/\/i0.wp.com\/www.satb.sk\/wp-content\/uploads\/2019\/04\/maxresdefault.jpg?fit=1200%2C675&ssl=1&resize=350%2C200","width":350,"height":200},"classes":[]},{"id":6214,"url":"https:\/\/www.satb.sk\/index.php\/2024\/08\/07\/dostanme-spolocne-slovensko-na-zborovu-mapu-europy\/","url_meta":{"origin":3817,"position":5},"title":"Dosta\u0148me spolo\u010dne Slovensko na zborov\u00fa mapu Eur\u00f3py","date":"7 augusta, 2024","format":false,"excerpt":"S\u010d\u00edtanie slovensk\u00fdch zborov a zborov\u00fdch spev\u00e1kov. V\u00a0rokoch 2013 - 2015 sa Eur\u00f3pska zborov\u00e1 asoci\u00e1cia (ECA \u2013 The European Choral Association) podujala na realiz\u00e1ciu pilotnej \u0161t\u00fadie o\u00a0zborovom spievan\u00ed v\u00a0Eur\u00f3pe. V\u00a0r\u00e1mci projektu \u201eSinging Europe\u201c (Spievaj\u00faca Eur\u00f3pa) ECA rozposlala dotazn\u00edk o\u00a0kolekt\u00edvnom spievan\u00ed po viac ako 40-tich eur\u00f3pskych krajin\u00e1ch. V\u00fdsledky tejto \u0161t\u00fadie boli ve\u013emi\u2026","rel":"","context":"V &quot;AKTU\u00c1LNE&quot;","img":{"alt_text":"","src":"https:\/\/i2.wp.com\/www.satb.sk\/wp-content\/uploads\/2024\/08\/Kolko-hlasov_web-1.png?fit=1200%2C675&ssl=1&resize=350%2C200","width":350,"height":200},"classes":[]}],"_links":{"self":[{"href":"https:\/\/www.satb.sk\/index.php\/wp-json\/wp\/v2\/posts\/3817"}],"collection":[{"href":"https:\/\/www.satb.sk\/index.php\/wp-json\/wp\/v2\/posts"}],"about":[{"href":"https:\/\/www.satb.sk\/index.php\/wp-json\/wp\/v2\/types\/post"}],"author":[{"embeddable":true,"href":"https:\/\/www.satb.sk\/index.php\/wp-json\/wp\/v2\/users\/1"}],"replies":[{"embeddable":true,"href":"https:\/\/www.satb.sk\/index.php\/wp-json\/wp\/v2\/comments?post=3817"}],"version-history":[{"count":8,"href":"https:\/\/www.satb.sk\/index.php\/wp-json\/wp\/v2\/posts\/3817\/revisions"}],"predecessor-version":[{"id":3826,"href":"https:\/\/www.satb.sk\/index.php\/wp-json\/wp\/v2\/posts\/3817\/revisions\/3826"}],"wp:featuredmedia":[{"embeddable":true,"href":"https:\/\/www.satb.sk\/index.php\/wp-json\/wp\/v2\/media\/3818"}],"wp:attachment":[{"href":"https:\/\/www.satb.sk\/index.php\/wp-json\/wp\/v2\/media?parent=3817"}],"wp:term":[{"taxonomy":"category","embeddable":true,"href":"https:\/\/www.satb.sk\/index.php\/wp-json\/wp\/v2\/categories?post=3817"},{"taxonomy":"post_tag","embeddable":true,"href":"https:\/\/www.satb.sk\/index.php\/wp-json\/wp\/v2\/tags?post=3817"}],"curies":[{"name":"wp","href":"https:\/\/api.w.org\/{rel}","templated":true}]}}