{"id":3965,"date":"2019-05-06T13:26:54","date_gmt":"2019-05-06T13:26:54","guid":{"rendered":"https:\/\/www.satb.sk\/?p=3965"},"modified":"2019-05-06T13:26:54","modified_gmt":"2019-05-06T13:26:54","slug":"ola-gjeilo-je-pre-mna-vzrusujuce-vytvorit-nieco-nove-z-nicoho","status":"publish","type":"post","link":"https:\/\/www.satb.sk\/index.php\/2019\/05\/06\/ola-gjeilo-je-pre-mna-vzrusujuce-vytvorit-nieco-nove-z-nicoho\/","title":{"rendered":"Ola Gjeilo: Je pre m\u0148a vzru\u0161uj\u00face vytvori\u0165 nie\u010do nov\u00e9 z ni\u010doho"},"content":{"rendered":"<p class=\"p1\"><span class=\"s1\"><i>Komponova\u0165 za\u010dal e\u0161te pred t\u00fdm ako vedel \u010d\u00edta\u0165 noty. Pod\u013ea jeho vlastn\u00fdch slov nepatril k jednoduch\u00fdm \u0161tudentom, preto\u017ee v\u017edy chcel pracova\u0165 na svojich vlastn\u00fdch veciach. A mo\u017eno pr\u00e1ve preto poznaj\u00fa jeho diela h\u00e1dam v\u0161etci milovn\u00edci zborov\u00e9ho spevu. N\u00f3rsky skladate\u013e a klavirista <\/i><b><i>Ola Gjeilo.<\/i><\/b><i> <\/i><\/span><\/p>\n<p><!--more--><\/p>\n<p class=\"p1\"><span class=\"s1\"><b>V hudobnej sf\u00e9re sa pohybujete u\u017e od detstva. Ak\u00e1 je va\u0161a prv\u00e1 spomienka na hudbu?<br \/>\n<\/b><\/span><span class=\"s1\">To si naozaj nepam\u00e4t\u00e1m. Pam\u00e4t\u00e1m si len, \u017ee na klav\u00edri som za\u010dal hra\u0165 ako ve\u013emi mal\u00fd. Klav\u00edr n\u00e1m darovala star\u00e1 mama, ke\u010f som mal rok a hra\u0165 som za\u010dal asi v \u0161tyroch, \u010di piatich rokoch. Tak\u017ee som ve\u013emi skoro za\u010dal improvizova\u0165. V podstate som sa s\u00e1m u\u010dil sklada\u0165 a improvizova\u0165, a\u017e k\u00fdm som nemal u\u010dite\u013ea. No jednou z prv\u00fdch spomienok je pr\u00e1ve to ako sed\u00edm pri klav\u00edri a zis\u0165ujem, \u010do a ako funguje.<\/span><\/p>\n<p class=\"p1\"><span class=\"s1\"><b>Kedy ste zistili, \u017ee chcete by\u0165 skladate\u013eom?<br \/>\n<\/b><\/span><span class=\"s1\">Tie\u017e pomerne skoro. Nespom\u00ednam si na presn\u00e9 obdobie, no u\u017e od mali\u010dka som nejako tu\u0161il, \u017ee chcem by\u0165 skladate\u013eom a klaviristom. \u010ci\u017ee sa d\u00e1 poveda\u0165, \u017ee u\u017e ve\u013emi skoro som pri\u0161iel na to, \u017ee toto je to \u010do chcem robi\u0165.<\/span><\/p>\n<p class=\"p1\"><span class=\"s1\"><b>Viedli v\u00e1s k hudbe aj rodi\u010dia rodi\u010dia? Ak\u00fd bol ich vz\u0165ah k hudbe?<br \/>\n<\/b><\/span><span class=\"s1\">\u00c1no. M\u00f4j otec hral dobre na saxof\u00f3n. Nebol profesion\u00e1lnym hudobn\u00edkom, no doma hr\u00e1val v\u0161eli\u010do. Tak\u017ee som bol vystaven\u00fd r\u00f4znym hudobn\u00fdm \u017e\u00e1nrom\u00a0\u2013 popu, klasickej hudbe, folkovej hudbe \u010di jazzu, a toto v\u0161etko na m\u0148a malo v\u00fdznamn\u00fd vplyv. Otca hudba ve\u013emi zauj\u00edmala, a to znamenalo ve\u013ea aj pre m\u0148a. No mus\u00edm podotkn\u00fa\u0165, \u017ee ani jeden z rodi\u010dov ma do hudby netla\u010dil, \u010do je trochu zvl\u00e1\u0161tne. Ja som si v\u0161ak jednoducho nemohol pom\u00f4c\u0165.<\/span><\/p>\n<p class=\"p1\"><span class=\"s1\"><b>Po\u010dase ste za\u010dali nav\u0161tevova\u0165 hodiny klav\u00edra\u2026<br \/>\n<\/b><\/span><span class=\"s1\">Klav\u00edr v\u0161ak som nikdy ne\u0161tudoval v \u0161kole. V\u017edy som mal len s\u00fakromn\u00fdch u\u010dite\u013eov. Nesk\u00f4r na vysokej \u0161kole som \u0161tudoval u\u017e len kompoz\u00edciu.<\/span><\/p>\n<p class=\"p1\"><span class=\"s1\"><b>Ak\u00fdm \u0161tudentom ste boli na s\u00fakromn\u00fdch hodin\u00e1ch? Hrali ste radi z n\u00f4t?<br \/>\n<\/b>(Smiech). Asi to so mnou ako so \u0161tudentom nebolo naj\u013eah\u0161ie, preto\u017ee som v\u017edy chcel hra\u0165 len to svoje. No mal som klasick\u00fdch u\u010dite\u013eov klav\u00edra, najm\u00e4 jedna u\u010dite\u013eka mi ve\u013emi pomohla \u010do sa t\u00fdka techniky hrania, vyv\u00e1\u017eenia r\u00fak a podobne. Cvi\u010denie mi v\u0161ak ve\u013emi ne\u0161lo, ke\u010f\u017ee som chcel v\u017edy hra\u0165 len to svoje. No aj tak som absolvoval nieko\u013ekoro\u010dn\u00e9 klasick\u00e9 vzdelanie.<\/span><\/p>\n<blockquote>\n<p style=\"text-align: center;\"><strong><span class=\"s1\">Zbo\u017e\u0148ujem, \u017ee sa m\u00f4\u017eem \u017eivi\u0165 kreat\u00edvnou \u010dinnos\u0165ou.<\/span><\/strong><\/p>\n<\/blockquote>\n<p class=\"p1\"><span class=\"s1\"><b>A \u010do nesk\u00f4r po\u010das \u0161t\u00fadia kompoz\u00edcie? Ak\u00fdm \u0161tudentom ste boli vtedy?<br \/>\n<\/b><\/span><span class=\"s1\">Nu\u017e, mysl\u00edm si, \u017ee je ve\u013emi \u0165a\u017ek\u00e9 nau\u010di\u0165 niekoho komponova\u0165, lebo je to ve\u013emi osobn\u00e9. Ale ja som mal na\u0161\u0165astie skvel\u00e9ho u\u010dite\u013ea. Najm\u00e4 m\u00f4j prv\u00fd u\u010dite\u013e skladby hne\u010f po strednej \u0161kole, e\u0161te v N\u00f3rsku bol \u00fa\u017easn\u00fd. Volal sa Wolfgang Plagge a sp\u00e1jal sa v \u0148om prirodzen\u00fd talent s neskuto\u010dn\u00fdmi vedomos\u0165ami, \u010do mi dalo nesmierne ve\u013ea. Je to krehk\u00e1 rovnov\u00e1ha, preto\u017ee mus\u00edte by\u0165 dostato\u010dne tvrdohlav\u00fd, aby ste si na\u0161li a zachovali vlastn\u00fd \u0161t\u00fdl a sp\u00f4sob kompoz\u00edcie. No v\u0161eobecne v\u00e1s o skladbe toho nikto nedok\u00e1\u017ee nau\u010di\u0165 ve\u013ea. S\u00e1m som sa u\u010dil najm\u00e4 cez po\u010d\u00favanie skladieb a \u0161t\u00fadium notov\u00e9ho z\u00e1pisu mojich ob\u013e\u00faben\u00fdch autorov, \u010do je pre skladate\u013ea t\u00e1 najlep\u0161ia \u0161kola.<\/span><\/p>\n<p class=\"p1\"><span class=\"s1\"><b>\u010co sa v\u00e1m p\u00e1\u010di najviac na povolan\u00ed skladate\u013ea?<br \/>\n<\/b><\/span><span class=\"s1\">Zbo\u017e\u0148ujem, \u017ee sa m\u00f4\u017eem \u017eivi\u0165 kreat\u00edvnou \u010dinnos\u0165ou. Je pre m\u0148a vzru\u0161uj\u00face vytvori\u0165 nie\u010do nov\u00e9 z ni\u010doho. Nikdy neviete, \u010do pr\u00edde a je vzru\u0161uj\u00face sledova\u0165 ako sa to vyvinie. Hudba je emocion\u00e1lne ve\u013emi uspokojuj\u00faca. Na povolan\u00ed skladate\u013ea na pln\u00fd \u00fav\u00e4zok sa mi p\u00e1\u010di predov\u0161etk\u00fdm sloboda, mo\u017enos\u0165 pl\u00e1nova\u0165 si \u010das pod\u013ea seba a po cel\u00fd \u010das tvori\u0165. To je pre m\u0148a na tom to zauj\u00edmav\u00e9. \u00a0<\/span><\/p>\n<p class=\"p1\"><span class=\"s1\"><b>Je n\u00e1ro\u010dn\u00e9 by\u0165 v dne\u0161nej dobe skladate\u013eom na pln\u00fd \u00fav\u00e4zok?<br \/>\n<\/b><\/span><span class=\"s1\">(Smiech). Na to neviem \u00faplne odpoveda\u0165, preto\u017ee to ve\u013emi z\u00e1vis\u00ed od konkr\u00e9tnej situ\u00e1cie. Dar\u00ed sa mi dobre, no roky som na tom tvrdo pracoval. <\/span><\/p>\n<p class=\"p1\"><span class=\"s1\"><b>Ak ste skladate\u013eom na pln\u00fd \u00fav\u00e4zok znamen\u00e1 to, \u017ee sklad\u00e1te len na objedn\u00e1vku?<br \/>\n<\/b>Zborov\u00e9 veci s\u00fa v\u00e4\u010d\u0161inou na objedn\u00e1vku, preto\u017ee to ma \u017eiv\u00ed. Z\u00e1rove\u0148 ma v\u0161ak te\u0161\u00ed, \u017ee to \u010do p\u00ed\u0161em, p\u00ed\u0161em pre konkr\u00e9tny zbor na konkr\u00e9tnu pr\u00edle\u017eitos\u0165. To ma do istej miery motivuje a in\u0161piruje. Ale moje klav\u00edrne veci, ktor\u00e9 s\u00fa druhou ve\u013ekou oblas\u0165ou, ktorej sa venujem, nie s\u00fa na objedn\u00e1vku. S\u00fa to skladby, ktor\u00e9 p\u00ed\u0161em pre seba a svoje albumy. No zborov\u00e9 skladby s\u00fa v\u017edy na objedn\u00e1vku.<\/span><\/p>\n<p><span class=\"embed-youtube\" style=\"text-align:center; display: block;\"><iframe loading=\"lazy\" class=\"youtube-player\" width=\"837\" height=\"471\" src=\"https:\/\/www.youtube.com\/embed\/ao11wqXm2d4?version=3&#038;rel=1&#038;showsearch=0&#038;showinfo=1&#038;iv_load_policy=1&#038;fs=1&#038;hl=sk-SK&#038;autohide=2&#038;wmode=transparent\" allowfullscreen=\"true\" style=\"border:0;\" sandbox=\"allow-scripts allow-same-origin allow-popups allow-presentation\"><\/iframe><\/span><\/p>\n<p>&nbsp;<\/p>\n<p class=\"p1\"><span class=\"s1\"><b>Kde nach\u00e1dzate in\u0161pir\u00e1ciu pre svoju tvorbu?<br \/>\n<\/b><\/span><span class=\"s1\">Moja in\u0161pir\u00e1cia v\u00e4\u010d\u0161inou prich\u00e1dza z ni\u010doho. Neprich\u00e1dza zvonku. In\u0161pir\u00e1cia je zvedavos\u0165 a vzru\u0161enie z toho, \u010do pr\u00edde a ako to dopadne, ke\u010f za\u010dnete p\u00edsa\u0165 nov\u00fa skladbu. Neviem, odkia\u013e in\u0161pir\u00e1cia prich\u00e1dza. Nikto to v skuto\u010dnosti nevie. No ja ch\u00e1pem in\u0161pir\u00e1ciu ako vzru\u0161enie z nov\u00e9ho objavu.<\/span><\/p>\n<p><span class=\"s1\"><b>Ako vyzer\u00e1 v\u00e1\u0161 tvoriv\u00fd proces? Pou\u017e\u00edvate pri komponovan\u00ed klav\u00edr alebo sa v\u0161etko odohr\u00e1va len vo va\u0161ej hlave a to potom prenesiete na papier?<br \/>\n<\/b><\/span><span class=\"s1\">Zvy\u010dajne pou\u017e\u00edvam kl\u00e1vesy a syntetiz\u00e1tor a tie\u017e kni\u017enicu zvukov, resp. zvuky podobn\u00e9 tomu, ako chcem, aby zneli. Pom\u00e1ha mi to a \u013eahko si tak viem nahra\u0165 svoje n\u00e1pady. Pou\u017e\u00edvam na to program Logic, pomocou ktor\u00e9ho si viem nahra\u0165 a vypo\u010du\u0165 \u010doko\u013evek a zhodnoti\u0165, ktor\u00e9 nahr\u00e1vky s\u00fa pou\u017eite\u013en\u00e9 a ktor\u00e9 nie.<\/span><\/p>\n<p><span class=\"s1\"><b>Vo va\u0161ej tvorbe n\u00e1jdeme zborov\u00fa, orchestr\u00e1lnu aj klav\u00edrnu hudbu. \u010co z toho komponujete najrad\u0161ej?<br \/>\n<\/b><\/span><span class=\"s1\">V\u0161etky. S\u00fa to odli\u0161n\u00e9 formy hudobn\u00e9ho prejavu, no mysl\u00edm, \u017ee v\u0161etky m\u00e1m r\u00e1d rovnako. A te\u0161\u00ed ma, \u017ee dok\u00e1\u017eem vytvori\u0165 ka\u017ed\u00fa z nich. Sklada\u0165 pre s\u00f3lov\u00fd klav\u00edr je o dos\u0165 in\u00e9, no je to pre m\u0148a ve\u013emi osobn\u00e9, ke\u010f\u017ee s\u00e1m hr\u00e1m. No m\u00e1m r\u00e1d v\u0161etky formy, preto\u017ee predstavuj\u00fa r\u00f4zne v\u00fdzvy.<\/span><\/p>\n<p><span class=\"s1\"><b>Na ktor\u00fa skladbu zo svojej tvorby ste najviac hrd\u00fd?<br \/>\n<\/b><\/span><span class=\"s1\">(Smiech). Povedal by som, \u017ee asi <a href=\"https:\/\/www.youtube.com\/watch?v=-NXEVaciIKM\" target=\"_blank\" rel=\"noopener\">Sunrise Mass<\/a> (Om\u0161a \u00fasvitu), preto\u017ee r\u00e1d sklad\u00e1m v\u00e4\u010d\u0161ie diela. A \u010do zo svojich vec\u00ed najrad\u0161ej po\u010d\u00favam? Tu by som povedal asi skladbu Lake Isle (Jazern\u00fd ostrov), preto\u017ee je to jedin\u00e1 skladba, v ktorej som pou\u017eil akustick\u00fa gitaru, ktor\u00e1 je moj\u00edm ob\u013e\u00faben\u00fdm n\u00e1strojom. \u010ci\u017ee t\u00fato skladbu z m\u00f4jho prv\u00e9ho albumu po\u010d\u00favam naozaj r\u00e1d.<br \/>\n<\/span><\/p>\n<p>&nbsp;<\/p>\n<p class=\"p1\"><span class=\"s1\"><img loading=\"lazy\" decoding=\"async\" data-attachment-id=\"3968\" data-permalink=\"https:\/\/www.satb.sk\/index.php\/2019\/05\/06\/ola-gjeilo-je-pre-mna-vzrusujuce-vytvorit-nieco-nove-z-nicoho\/maxresdefault-3\/\" data-orig-file=\"https:\/\/i2.wp.com\/www.satb.sk\/wp-content\/uploads\/2019\/04\/maxresdefault-1.jpg?fit=1280%2C720&amp;ssl=1\" data-orig-size=\"1280,720\" data-comments-opened=\"0\" data-image-meta=\"{&quot;aperture&quot;:&quot;0&quot;,&quot;credit&quot;:&quot;&quot;,&quot;camera&quot;:&quot;&quot;,&quot;caption&quot;:&quot;&quot;,&quot;created_timestamp&quot;:&quot;0&quot;,&quot;copyright&quot;:&quot;&quot;,&quot;focal_length&quot;:&quot;0&quot;,&quot;iso&quot;:&quot;0&quot;,&quot;shutter_speed&quot;:&quot;0&quot;,&quot;title&quot;:&quot;&quot;,&quot;orientation&quot;:&quot;0&quot;}\" data-image-title=\"maxresdefault\" data-image-description=\"\" data-image-caption=\"\" data-medium-file=\"https:\/\/i2.wp.com\/www.satb.sk\/wp-content\/uploads\/2019\/04\/maxresdefault-1.jpg?fit=300%2C169&amp;ssl=1\" data-large-file=\"https:\/\/i2.wp.com\/www.satb.sk\/wp-content\/uploads\/2019\/04\/maxresdefault-1.jpg?fit=837%2C471&amp;ssl=1\" class=\" wp-image-3968 aligncenter\" src=\"https:\/\/i2.wp.com\/www.satb.sk\/wp-content\/uploads\/2019\/04\/maxresdefault-1.jpg?resize=806%2C454&#038;ssl=1\" alt=\"\" width=\"806\" height=\"454\" srcset=\"https:\/\/i2.wp.com\/www.satb.sk\/wp-content\/uploads\/2019\/04\/maxresdefault-1.jpg?resize=300%2C169&amp;ssl=1 300w, https:\/\/i2.wp.com\/www.satb.sk\/wp-content\/uploads\/2019\/04\/maxresdefault-1.jpg?resize=768%2C432&amp;ssl=1 768w, https:\/\/i2.wp.com\/www.satb.sk\/wp-content\/uploads\/2019\/04\/maxresdefault-1.jpg?resize=1024%2C576&amp;ssl=1 1024w, https:\/\/i2.wp.com\/www.satb.sk\/wp-content\/uploads\/2019\/04\/maxresdefault-1.jpg?resize=600%2C338&amp;ssl=1 600w, https:\/\/i2.wp.com\/www.satb.sk\/wp-content\/uploads\/2019\/04\/maxresdefault-1.jpg?w=1280&amp;ssl=1 1280w\" sizes=\"(max-width: 806px) 100vw, 806px\" data-recalc-dims=\"1\" \/><\/span><b><\/b><\/p>\n<blockquote>\n<p style=\"text-align: center;\"><strong><span class=\"s1\">\u010ci u\u017e dan\u00fd hudobn\u00fd prejav prin\u00e1\u0161a sm\u00fatok, hnev, alebo rados\u0165,<br \/>\nje v \u0148om nie\u010do, \u010do povzn\u00e1\u0161a, \u010do je transcendentn\u00e9.<\/span><\/strong><\/p>\n<\/blockquote>\n<p class=\"p1\"><span class=\"s1\"><b>Poch\u00e1dzate z N\u00f3rska, kde hudba neodmyslite\u013ene patr\u00ed k tamoj\u0161ej kult\u00fare. Ovplyv\u0148uje nejak\u00fdm sp\u00f4sobom n\u00f3rska hudba aj va\u0161u tvorbu?<br \/>\n<\/b><\/span><span class=\"s1\">Ur\u010dite! No je \u0165a\u017ek\u00e9 presne zisti\u0165 ak\u00fdm sp\u00f4sobom, ke\u010f\u017ee som vyrastal v dobe internetu, kde m\u00e1te kedyko\u013evek ve\u013emi \u013eahk\u00fd pr\u00edstup k akejko\u013evek hudbe. Mysl\u00edm si, \u017ee v\u0161etko v\u00e1s ovplyv\u0148uje, r\u00f4zne prvky naraz. \u010ci\u017ee aj ja som ve\u013emi ovplyvnen\u00fd n\u00f3rskou, anglickou, americkou a r\u00f4znou inou hudbou. No istotne s\u00fa tam vplyvy n\u00f3rskej hudby, preto\u017ee s n\u00f3rskou hudbou som vyrastal. Zbo\u017e\u0148ujem n\u00f3rsku \u013eudov\u00fa hudbu, samozrejme Edvarda Griega a n\u00f3rsky pop a jazz. Tak\u017ee ur\u010dite ma to ovplyv\u0148uje, no \u0165a\u017eko poveda\u0165 ak\u00fdm sp\u00f4sobom.<\/span><\/p>\n<p class=\"p1\"><span class=\"s1\"><b>U\u017e nieko\u013eko rokov \u017eijete v USA. Ak\u00e9 rozdiely vid\u00edte v tunaj\u0161ej hudobnej kult\u00fare a oproti tej v N\u00f3rsku?<br \/>\n<\/b><\/span><span class=\"s1\">\u0164a\u017eko sa to porovn\u00e1va, preto\u017ee s\u00fa ve\u013emi odli\u0161n\u00e9. N\u00f3rsko je mal\u00e1 krajina a Amerika, to s\u00fa Spojen\u00e9 \u0161t\u00e1ty, \u010do je obrovsk\u00e1 krajina. \u010ci\u017ee sa to ve\u013emi \u0165a\u017eko porovn\u00e1va. Mysl\u00edm si, \u017ee v americkej hudbe je ve\u013ea region\u00e1lnych vplyvov, preto\u017ee v Amerike \u017eije aj ve\u013ea n\u00f3rskych pris\u0165ahovalcov, hlavne na stredoz\u00e1pade v Minnesote, \u010do m\u00e1 ve\u013ek\u00fd vplyv najm\u00e4 na americk\u00fa zborov\u00fa kult\u00faru. No pod\u013ea m\u0148a je najv\u00e4\u010d\u0161\u00ed rozdiel vo financovan\u00ed. V Spojen\u00fdch \u0161t\u00e1toch hudbu \u010dasto sponzoruj\u00fa s\u00fakromn\u00e9 osoby, v N\u00f3rsku sa do toho zap\u00e1ja aj \u0161t\u00e1t.<\/span><\/p>\n<p class=\"p1\"><span class=\"s1\"><b>A \u010do je pod\u013ea v\u00e1s lep\u0161ie? S\u00fakromn\u00e9, \u010di \u0161t\u00e1tne financovanie?<br \/>\n<\/b><\/span><span class=\"s1\">Mysl\u00edm, \u017ee oboje. S\u00fa to dva odli\u0161n\u00e9 modely, no oba funguj\u00fa. Dva rozdielne pr\u00edstupy, no obidva s\u00fa u\u017eito\u010dn\u00e9. \u010co sa t\u00fdka prov\u00edzie, je to viac menej za jedno. Rozdiel je v pr\u00edstupe.<\/span><\/p>\n<p class=\"p1\"><span class=\"s1\"><b>Po\u010fme teraz trochu hovori\u0165 o va\u0161ich dielach pre spev\u00e1cke zbory, ktor\u00e9 tvoria podstatn\u00fa \u010das\u0165 va\u0161ej tvorby. Kedy ste za\u010dali komponova\u0165 pre spev\u00e1cke zbory?<br \/>\n<\/b><\/span><span class=\"s1\">Ke\u010f som vyrastal, otec doma hr\u00e1val ve\u013ea zborovej hudby. Vyrastal som s t\u00fdm a zbo\u017e\u0148oval som po\u010d\u00fava\u0165 zborov\u00fa hudbu. Zbo\u017e\u0148oval som H\u00e4ndla, Brahmsa a Bacha a potom aj s\u00fa\u010dasn\u00fdch skladate\u013eov. No a aj m\u00f4j prv\u00fd u\u010dite\u013e klasickej kompoz\u00edcie odo m\u0148a chcel, aby som za\u010dal s kompoz\u00edciou zborov\u00fdch skladieb, preto\u017ee sa s nimi dobre za\u010d\u00edna. Nau\u010d\u00ed v\u00e1s to ako vies\u0165 vok\u00e1lnu l\u00edniu a podobn\u00e9 veci. Tak\u017ee s t\u00fdm som za\u010dal a potom som pokra\u010doval, lebo jednoducho milujem p\u00edsa\u0165 pre zbory.<\/span><\/p>\n<p class=\"p1\"><span class=\"s1\"><b>Hovor\u00edte, \u017ee milujete p\u00edsa\u0165 pre zbory. \u010co konkr\u00e9tne v\u00e1s na tomto \u017e\u00e1nri pri\u0165ahuje?<br \/>\n<\/b>Neviem v\u00e1m to presne vysvetli\u0165. M\u00e1m r\u00e1d to prostredie a fakt, \u017ee p\u00ed\u0161em osobne pre nich. Viem, \u017ee zborov\u00e9 umenie a zborov\u00e1 sc\u00e9na sa vzm\u00e1haj\u00fa, \u010do je ve\u013emi vzru\u0161uj\u00face. Po celom svete vznikaj\u00fa nov\u00e9 zbory na r\u00f4znych \u00farovniach. Je to ve\u013emi vzru\u0161uj\u00face a \u017eiv\u00e9 prostredie a ja som r\u00e1d jeho s\u00fa\u010das\u0165ou.<\/span><\/p>\n<p class=\"p1\"><span class=\"s1\"><b>Ako je s textom? A\u00fdm sp\u00f4sobom vyber\u00e1te slov\u00e1 k hudbe?<br \/>\n<\/b><\/span><span class=\"s1\">\u010c\u00edtam ve\u013ea po\u00e9zie. Be\u017ene si prech\u00e1dzam b\u00e1sne a vyber\u00e1m si tak\u00e9, ktor\u00e9 ma nie\u010d\u00edm oslovia, hoci niekedy ani neviem pre\u010do. M\u00e1m teda zoznam b\u00e1sni, ktor\u00e9 by som chcel zhudobni\u0165. A v\u017edy, ke\u010f dostanem objedn\u00e1vku na dielo, prejdem si tento zoznam a zamysl\u00edm sa, ktor\u00e1 by sa mohla ma dan\u00fa pr\u00edle\u017eitos\u0165 hodi\u0165.<\/span><\/p>\n<p class=\"p1\"><span class=\"s1\"><b>A na \u010dom pracujete moment\u00e1lne?<br \/>\n<\/b><\/span><span class=\"s1\">Moment\u00e1lne za\u010d\u00ednam p\u00edsa\u0165 skladbu pre zbor Kantorei z Denveru. Bude to skladba pre zbor a sl\u00e1\u010dikov\u00fd orchester na n\u00f3rsku t\u00e9mu o miestach v N\u00f3rsku, ktor\u00e9 s\u00fa mi ve\u013emi bl\u00edzke. Z\u00e1rove\u0148 sa v apr\u00edli chyst\u00e1m nahr\u00e1va\u0165 \u010fal\u0161\u00ed klav\u00edrny s\u00f3lo album pre Decca Classics. Tak\u017ee toto s\u00fa hlavn\u00e9 veci, ktor\u00fdm sa venujem.<\/span><\/p>\n<p class=\"p1\"><span class=\"s1\"><b>M\u00e1te nejak\u00e9 ciele, ktor\u00e9 by ste chceli e\u0161te dosiahnu\u0165?<br \/>\n<\/b><\/span><span class=\"s1\">Je to ve\u013emi jednoduch\u00e9. U\u017e od mladosti som chcel, aby sa moja hudba dot\u00fdkala \u013eud\u00ed a aby mala zmysel. Nielen v akademickom zmysle, ale aj v r\u00e1mci emocion\u00e1lnej \u00farovne. Chcem aby \u013eu\u010fom nie\u010do dala, povzniesla ich. Nie nejak\u00fdm povrchn\u00fdm, \u010di sentiment\u00e1lnym sp\u00f4sobom, no tak, aby ste sa c\u00edtili po koncerte povznesen\u00ed. Pre m\u0148a je toto v mnohom prav\u00fdm zmyslom umenia. \u010ci u\u017e dan\u00fd hudobn\u00fd prejav prin\u00e1\u0161a sm\u00fatok, hnev, alebo rados\u0165, je v \u0148om nie\u010do, \u010do povzn\u00e1\u0161a, \u010do je transcendentn\u00e9. V\u017edy som t\u00fa\u017eil, aby moja hudba prin\u00e1\u0161ala pr\u00e1ve toto. A tie\u017e som v\u017edy chcel oslovi\u0165 \u010do najviac \u013eud\u00ed, preto\u017ee som sa s t\u00fdm t\u00fa\u017eil podeli\u0165 s \u010do najv\u00e4\u010d\u0161\u00edm po\u010dtom \u013eud\u00ed.<\/span><\/p>\n<p><span class=\"embed-youtube\" style=\"text-align:center; display: block;\"><iframe loading=\"lazy\" class=\"youtube-player\" width=\"837\" height=\"471\" src=\"https:\/\/www.youtube.com\/embed\/-s4_FsuOvG4?version=3&#038;rel=1&#038;showsearch=0&#038;showinfo=1&#038;iv_load_policy=1&#038;fs=1&#038;hl=sk-SK&#038;autohide=2&#038;wmode=transparent\" allowfullscreen=\"true\" style=\"border:0;\" sandbox=\"allow-scripts allow-same-origin allow-popups allow-presentation\"><\/iframe><\/span><\/p>\n<p>&#8212;-<\/p>\n<p class=\"p1\"><span class=\"s1\"><b><i>Ola Gjeilo (1978)<\/i><\/b><\/span><\/p>\n<p class=\"p1\"><span class=\"s1\"><i>N\u00f3rsky skladate\u013e a klavirista. \u0160tudoval na N\u00f3rskej Hudobnej akad\u00e9mii a nesk\u00f4r i na Royal College of Music v Lond\u00fdne. V roku 2006 z\u00edskal magistersk\u00fd titul z kompoz\u00edcie na renomovanej Julliardovej \u0161kole v New Yorku. Zn\u00e1mym sa stal predov\u0161etk\u00fdm v\u010faka svojej tvorbe pre spev\u00e1cke zbory ako napr\u00edklad Northern Lights, Ubi Caritas \u010di Serenity (O Magnum Mysterium). Ob\u013e\u00faben\u00e9 s\u00fa aj jeho vok\u00e1lno-in\u0161trument\u00e1lne diela Dreamweaver a Sunrise Mass a taktie\u017e jeho klav\u00edrna tvorba The Crossing &amp; Reflections a Winter Songs. Ola Gjeilo spolupracuje s v\u00fdznamn\u00fdmi hudobn\u00fdmi telesami a hudobn\u00fdmi in\u0161tit\u00faciami ako napr\u00edklad St. Olaf College, Phoenix Chorale alebo VocalEssence a jeho diela vyd\u00e1vaj\u00fa popredn\u00e9 hudobn\u00e9 vydavate\u013estv\u00e1 Edition Peters, Walton Music a Boosey and Hawkes. V s\u00fa\u010dasnosti \u017eije v Manhattane, kde pracuje ako nez\u00e1visl\u00fd skladate\u013e.<\/i><\/span><\/p>\n<p>Pripravila: Dominika Sema\u0148\u00e1kov\u00e1<br \/>\nSlovensk\u00fd preklad: Marianna Tak\u00e1\u010dov\u00e1<br \/>\nFoto: arch\u00edv Ola Gjeilo<\/p>\n","protected":false},"excerpt":{"rendered":"<p>Komponova\u0165 za\u010dal e\u0161te pred t\u00fdm ako vedel \u010d\u00edta\u0165 noty. Pod\u013ea jeho vlastn\u00fdch slov nepatril k jednoduch\u00fdm \u0161tudentom, preto\u017ee v\u017edy chcel pracova\u0165 na svojich vlastn\u00fdch veciach. A mo\u017eno pr\u00e1ve preto poznaj\u00fa jeho diela h\u00e1dam v\u0161etci milovn\u00edci zborov\u00e9ho spevu. N\u00f3rsky skladate\u013e a klavirista Ola Gjeilo.<\/p>\n","protected":false},"author":1,"featured_media":3966,"comment_status":"closed","ping_status":"closed","sticky":false,"template":"","format":"standard","meta":{"om_disable_all_campaigns":false,"_monsterinsights_skip_tracking":false,"_monsterinsights_sitenote_active":false,"_monsterinsights_sitenote_note":"","_monsterinsights_sitenote_category":0,"spay_email":"","footnotes":"","jetpack_publicize_message":"","jetpack_is_tweetstorm":false},"categories":[34],"tags":[37],"class_list":["post-3965","post","type-post","status-publish","format-standard","has-post-thumbnail","hentry","category-rozhovory","tag-rozhovor"],"aioseo_notices":[],"jetpack_featured_media_url":"https:\/\/i1.wp.com\/www.satb.sk\/wp-content\/uploads\/2019\/04\/\u00a9Mantas-Gudzinevicius-1.jpg?fit=3000%2C1996&ssl=1","jetpack_publicize_connections":[],"jetpack_sharing_enabled":true,"jetpack_shortlink":"https:\/\/wp.me\/pav5wC-11X","jetpack-related-posts":[{"id":5258,"url":"https:\/\/www.satb.sk\/index.php\/2020\/03\/16\/ladislav-holasek-zacal-som-podpichovat-slovenskych-skladatelov\/","url_meta":{"origin":3965,"position":0},"title":"Ladislav Hol\u00e1sek: Za\u010dal som podpichova\u0165 slovensk\u00fdch skladate\u013eov","date":"16 marca, 2020","format":false,"excerpt":"Najviac ho irituje \u0161t\u00fadium novej skladby. Mo\u017eno aj preto patr\u00ed ku dirigentom, ktor\u00ed v\u00fdrazne formovali hudobn\u00fa kult\u00faru Slovenska. O svoje spomienky na skladate\u013eov i na hudobn\u00e9 teles\u00e1 sa s nami v rozsiahlom rozhovore podelil Ladislav Hol\u00e1sek (90).\u00a0 P\u00e1n Hol\u00e1sek hudba bola a st\u00e1le je neodmyslite\u013enou \u010das\u0165ou V\u00e1\u0161ho \u017eivota. Kedy ste\u2026","rel":"","context":"V &quot;AKTU\u00c1LNE&quot;","img":{"alt_text":"","src":"https:\/\/i2.wp.com\/www.satb.sk\/wp-content\/uploads\/2020\/03\/DSCN4750-1.jpg?fit=1200%2C900&ssl=1&resize=350%2C200","width":350,"height":200},"classes":[]},{"id":3930,"url":"https:\/\/www.satb.sk\/index.php\/2019\/04\/08\/christopher-gabbitas-spev-je-jednou-zo-zakladnych-zloziek-zivota-podobne-ako-rec\/","url_meta":{"origin":3965,"position":1},"title":"Christopher Gabbitas: Spev je jednou zo z\u00e1kladn\u00fdch zlo\u017eiek \u017eivota","date":"8 apr\u00edla, 2019","format":false,"excerpt":"Spevu sa za\u010dal venova\u0165 ako osemro\u010dn\u00fd a odvtedy je st\u00e1lou s\u00fa\u010das\u0165ou jeho \u017eivota. Zborov\u00fa hudbu pova\u017euje za vrchol spev\u00e1ckeho umenia, preto\u017ee to \u010do zbor dok\u00e1\u017ee vytvori\u0165 m\u00e1 pod\u013ea neho ove\u013ea v\u00e4\u010d\u0161\u00ed potenci\u00e1l, ako ke\u010f spieva spev\u00e1k s\u00e1m. Pedag\u00f3g, dirigent a b\u00fdval\u00fd \u010dlen vok\u00e1lneho zoskupenia The King's Singers \u2013 Christopher Gabbitas.\u200b\u2026","rel":"","context":"V &quot;ROZHOVORY&quot;","img":{"alt_text":"","src":"https:\/\/i0.wp.com\/www.satb.sk\/wp-content\/uploads\/2019\/04\/maxresdefault.jpg?fit=1200%2C675&ssl=1&resize=350%2C200","width":350,"height":200},"classes":[]},{"id":6116,"url":"https:\/\/www.satb.sk\/index.php\/2022\/01\/22\/stefan-sedlicky-s-podmienkami-ake-na-slovensku-mame-je-az-obdivuhodne-aka-je-u-nas-kvalita-niektorych-zborov\/","url_meta":{"origin":3965,"position":2},"title":"\u0160tefan Sedlick\u00fd: S\u00a0podmienkami ak\u00e9 na Slovensku m\u00e1me je a\u017e obdivuhodn\u00e9 ak\u00e1 je u n\u00e1s kvalita zborov","date":"22 janu\u00e1ra, 2022","format":false,"excerpt":"O slovensk\u00fdch zboroch, zborovom speve a ich dne\u0161nom postaven\u00ed na Slovensku. Rozhovor s dirigentom a pedag\u00f3gom \u0160tefanom Sedlick\u00fdm. P\u00e1n Sedlick\u00fd, po\u010fme \u00faplne na za\u010diatok Va\u0161ej dirigentskej kari\u00e9ry. Kedy bol V\u00e1\u0161 prv\u00fd kontakt s\u00a0hudbou? Poch\u00e1dzam v podstate z hudobn\u00edckej rodiny, otec bol u\u010dite\u013eom hudby a nesk\u00f4r sa vypracoval a\u017e na docenta\u2026","rel":"","context":"V &quot;ROZHOVORY&quot;","img":{"alt_text":"","src":"https:\/\/i0.wp.com\/www.satb.sk\/wp-content\/uploads\/2022\/01\/609_sucas.dirigent.jpeg?fit=881%2C614&ssl=1&resize=350%2C200","width":350,"height":200},"classes":[]},{"id":6239,"url":"https:\/\/www.satb.sk\/index.php\/2025\/06\/28\/jaan-eik-tulve-kazda-hudba-musi-byt-najprv-pochopena-samotnymi-interpretmi\/","url_meta":{"origin":3965,"position":3},"title":"Jaan-Eik Tulve: Ka\u017ed\u00e1 hudba mus\u00ed by\u0165 najprv pochopen\u00e1 samotn\u00fdmi interpretmi","date":"28 j\u00fana, 2025","format":false,"excerpt":"Rozhovor s dirigentom vok\u00e1lneho s\u00faboru Vox Clamantis a \u0161pecialistom na gregori\u00e1nsky chor\u00e1l. U\u017e takmer tri desa\u0165ro\u010dia vedie renomovan\u00fd est\u00f3nsky s\u00fabor Vox Clamantis, zn\u00e1my interpret\u00e1ciou gregori\u00e1nskeho chor\u00e1lu i s\u00fa\u010dasnej hudby. V r\u00e1mci festivalu Viva Musica! vyst\u00fapil v Bratislave s programom venovan\u00fdm 90. narodenin\u00e1m skladate\u013ea Arva P\u00e4rta. Est\u00f3nsky dirigent a pedag\u00f3g Jaan-Eik\u2026","rel":"","context":"V &quot;AKTU\u00c1LNE&quot;","img":{"alt_text":"","src":"https:\/\/i2.wp.com\/www.satb.sk\/wp-content\/uploads\/2025\/06\/513853807_1370365691317979_2409426603054685558_n.jpg?fit=1200%2C800&ssl=1&resize=350%2C200","width":350,"height":200},"classes":[]},{"id":3834,"url":"https:\/\/www.satb.sk\/index.php\/2019\/03\/25\/john-rutter-politici-vacsinou-nerozumeju-hudbe-a-nerozumeju-dolezitosti-zboroveho-spevu\/","url_meta":{"origin":3965,"position":4},"title":"John Rutter: Politici v\u00e4\u010d\u0161inou nerozumej\u00fa hudbe a nerozumej\u00fa d\u00f4le\u017eitosti zborov\u00e9ho spevu","date":"25 marca, 2019","format":false,"excerpt":"Rozhovor za\u010dal ako prav\u00fd anglick\u00fd gentleman. Ospravedlnil sa, \u017ee nehovor\u00ed po slovensky. To, \u017ee dnes komponuje pre zbory pova\u017euje sk\u00f4r za n\u00e1hodu. No ako s\u00e1m hovor\u00ed, ne\u013eutuje to. Dnes\u00a0jeho skladby spievaj\u00fa spev\u00e1cke zbory po celom svete. Skladate\u013e a dirigent John Rutter.\u00a0 Patr\u00edte ku skladate\u013eom, ktor\u00fd m\u00e1 vo svojej tvorbe zast\u00fapen\u00e9\u2026","rel":"","context":"V &quot;AKTU\u00c1LNE&quot;","img":{"alt_text":"","src":"https:\/\/i1.wp.com\/www.satb.sk\/wp-content\/uploads\/2019\/03\/JR-casual-by-piano.jpg?fit=1200%2C800&ssl=1&resize=350%2C200","width":350,"height":200},"classes":[]},{"id":5982,"url":"https:\/\/www.satb.sk\/index.php\/2021\/12\/04\/4-den-amazing-grace\/","url_meta":{"origin":3965,"position":5},"title":"4. de\u0148: Amazing Grace","date":"4 decembra, 2021","format":false,"excerpt":"\u00da\u017easn\u00e1 je milos\u0165, ktor\u00fa n\u00e1jdete v tejto piesni.\u00a0 P\u00edsal sa rok 1748. Dvadsa\u0165triro\u010dn\u00fd John Newton (1725 \u2013 1807) sl\u00fa\u017eiaci v n\u00e1morn\u00edctve sa ocitne uprostred z\u00fariacej b\u00farky na mori bl\u00edzko \u00edrskeho pobre\u017eia. B\u00farka je tak\u00e1 zl\u00e1, \u017ee mlad\u00edk v z\u00fafalstve pros\u00ed Boha o milos\u0165, aby ho zachr\u00e1nil. Lo\u010f sa zb\u00farky napokon\u2026","rel":"","context":"V &quot;ADVENTN\u00dd KALEND\u00c1R 2021&quot;","img":{"alt_text":"","src":"https:\/\/i0.wp.com\/www.satb.sk\/wp-content\/uploads\/2021\/12\/4.-Amazing-Grace_AK2021_web.png?fit=1200%2C450&ssl=1&resize=350%2C200","width":350,"height":200},"classes":[]}],"_links":{"self":[{"href":"https:\/\/www.satb.sk\/index.php\/wp-json\/wp\/v2\/posts\/3965"}],"collection":[{"href":"https:\/\/www.satb.sk\/index.php\/wp-json\/wp\/v2\/posts"}],"about":[{"href":"https:\/\/www.satb.sk\/index.php\/wp-json\/wp\/v2\/types\/post"}],"author":[{"embeddable":true,"href":"https:\/\/www.satb.sk\/index.php\/wp-json\/wp\/v2\/users\/1"}],"replies":[{"embeddable":true,"href":"https:\/\/www.satb.sk\/index.php\/wp-json\/wp\/v2\/comments?post=3965"}],"version-history":[{"count":11,"href":"https:\/\/www.satb.sk\/index.php\/wp-json\/wp\/v2\/posts\/3965\/revisions"}],"predecessor-version":[{"id":4006,"href":"https:\/\/www.satb.sk\/index.php\/wp-json\/wp\/v2\/posts\/3965\/revisions\/4006"}],"wp:featuredmedia":[{"embeddable":true,"href":"https:\/\/www.satb.sk\/index.php\/wp-json\/wp\/v2\/media\/3966"}],"wp:attachment":[{"href":"https:\/\/www.satb.sk\/index.php\/wp-json\/wp\/v2\/media?parent=3965"}],"wp:term":[{"taxonomy":"category","embeddable":true,"href":"https:\/\/www.satb.sk\/index.php\/wp-json\/wp\/v2\/categories?post=3965"},{"taxonomy":"post_tag","embeddable":true,"href":"https:\/\/www.satb.sk\/index.php\/wp-json\/wp\/v2\/tags?post=3965"}],"curies":[{"name":"wp","href":"https:\/\/api.w.org\/{rel}","templated":true}]}}