{"id":4009,"date":"2019-05-13T13:47:49","date_gmt":"2019-05-13T13:47:49","guid":{"rendered":"https:\/\/www.satb.sk\/?p=4009"},"modified":"2019-05-13T13:47:49","modified_gmt":"2019-05-13T13:47:49","slug":"spevacky-zbor-technik-stu-sa-pripravuje-na-vynimocne-koncerty","status":"publish","type":"post","link":"https:\/\/www.satb.sk\/index.php\/2019\/05\/13\/spevacky-zbor-technik-stu-sa-pripravuje-na-vynimocne-koncerty\/","title":{"rendered":"Spev\u00e1cky zbor Technik STU sa pripravuje na v\u00fdnimo\u010dn\u00e9 koncerty"},"content":{"rendered":"<p><em>Spev\u00e1cky zbor Technik STU sa u\u017e nieko\u013eko mesiacov venuje na\u0161tudovaniu nov\u00e9ho reperto\u00e1ru, ktor\u00fd je\u00a0<\/em><em>pre spev\u00e1kov v\u00fdzvou.<\/em><\/p>\n<p style=\"text-align: left;\"><!--more-->Spev\u00e1ci pod veden\u00edm dirigentky Petry Torko\u0161ovej a\u00a0jej asistenta Mat\u00fa\u0161a Uhliarika pripravili dva koncerty, ktor\u00e9 svojou dramaturgiou obohatia koncertn\u00fd \u017eivot Bratislavy i\u00a0Banskej \u0160tiavnice. V\u00a0r\u00e1mci posilnenia povedomia o\u00a0s\u00fa\u010dasnej slovenskej hudbe sa Technik STU rozhodol premi\u00e9rovo uvies\u0165 kompoz\u00edciu<em> Brevi oratione pro defunctis<\/em> skladate\u013ea \u013dubo\u0161a Bern\u00e1tha. Slovensk\u00fd skladate\u013e m\u00e1 na svojom tvorivom konte u\u017e viacero zborov\u00fdch kompoz\u00edci\u00ed. Tento raz siahol po v\u00fdbere jeho najob\u013e\u00fabenej\u0161\u00edch \u010dast\u00ed z\u00a0om\u0161e za zosnul\u00fdch \u2013 Rekviem. Bern\u00e1th v\u00a0piatich \u010dastiach kombinuje zvuk organu,\u00a0sl\u00e1\u010dikov\u00e9ho kvarteta a spev\u00e1ckeho zboru.<br \/>\nPo tomto diele na koncerte odznie na Slovensku nie \u010dasto hr\u00e1van\u00e9 Requiem op. 9 franc\u00fazskeho skladate\u013ea Maurica Durufl\u00e9ho. Ten za svoj \u017eivot neskomponoval ve\u013ea diel, preto\u017ee na ka\u017edej kompoz\u00edcii si dal z\u00e1le\u017ea\u0165 a\u00a0nieko\u013ekokr\u00e1t ju prepracov\u00e1val. Ako bude Technik STU spieva\u0165, ako mohutne bude znie\u0165 organ pod rukami Petra Mikulu, ako bude ladi\u0165 Mucha Quartet a ako bud\u00fa znie\u0165 hlasy s\u00f3listov (J. Andelov\u00e1, L. Ducho\u0148ov\u00e1, R. Kr\u0161ko) si m\u00f4\u017eete vypo\u010du\u0165:<\/p>\n<p style=\"text-align: center;\"><a href=\"https:\/\/www.facebook.com\/events\/825948084458690\/\" target=\"_blank\" rel=\"noopener\"><strong>16.5.2019 o\u00a019:00 v\u00a0Kostole najsv\u00e4tej\u0161ieho spasite\u013ea (Jezuiti) v\u00a0Bratislave<\/strong><\/a><br \/>\na<br \/>\n<a href=\"https:\/\/www.facebook.com\/events\/349201109042667\/\" target=\"_blank\" rel=\"noopener\"><strong>18.5.2019 o\u00a019:00 v\u00a0Kostole sv. Katar\u00edny v\u00a0Banskej \u0160tiavnici<\/strong><\/a><\/p>\n<p style=\"text-align: center;\">Viac inform\u00e1ci\u00ed o tomto koncerte, ale aj o in\u00fdch aktivit\u00e1ch Spev\u00e1ckeho zboru Technik STU n\u00e1jdete <a href=\"ttp:\/\/www.zbortechnik.sk\/requiem-v-banskej-stiavnici-bude-poctou-jej-rodakovi\/\" target=\"_blank\" rel=\"noopener\">TU.<\/a><\/p>\n<p><span class=\"embed-youtube\" style=\"text-align:center; display: block;\"><iframe loading=\"lazy\" class=\"youtube-player\" width=\"837\" height=\"471\" src=\"https:\/\/www.youtube.com\/embed\/XRzPi0CA1rg?version=3&#038;rel=1&#038;showsearch=0&#038;showinfo=1&#038;iv_load_policy=1&#038;fs=1&#038;hl=sk-SK&#038;autohide=2&#038;wmode=transparent\" allowfullscreen=\"true\" style=\"border:0;\" sandbox=\"allow-scripts allow-same-origin allow-popups allow-presentation\"><\/iframe><\/span><\/p>\n<p>&nbsp;<\/p>\n<p>Pripravila: Krist\u00edna Gotthardty<br \/>\nFoto: Spev\u00e1cky zbor Technik STU<\/p>\n","protected":false},"excerpt":{"rendered":"<p>Spev\u00e1cky zbor Technik STU sa u\u017e nieko\u013eko mesiacov venuje na\u0161tudovaniu nov\u00e9ho reperto\u00e1ru, ktor\u00fd je\u00a0pre spev\u00e1kov v\u00fdzvou.<\/p>\n","protected":false},"author":1,"featured_media":4013,"comment_status":"closed","ping_status":"closed","sticky":false,"template":"","format":"standard","meta":{"om_disable_all_campaigns":false,"_monsterinsights_skip_tracking":false,"_monsterinsights_sitenote_active":false,"_monsterinsights_sitenote_note":"","_monsterinsights_sitenote_category":0,"spay_email":"","footnotes":"","jetpack_publicize_message":"","jetpack_is_tweetstorm":false},"categories":[49,22],"tags":[],"class_list":["post-4009","post","type-post","status-publish","format-standard","has-post-thumbnail","hentry","category-aktualne","category-podujatia"],"aioseo_notices":[],"jetpack_featured_media_url":"https:\/\/i2.wp.com\/www.satb.sk\/wp-content\/uploads\/2019\/05\/56931834_10156293442758511_1853025148362293248_o.jpg?fit=2048%2C1359&ssl=1","jetpack_publicize_connections":[],"jetpack_sharing_enabled":true,"jetpack_shortlink":"https:\/\/wp.me\/pav5wC-12F","jetpack-related-posts":[{"id":329,"url":"https:\/\/www.satb.sk\/index.php\/2018\/11\/26\/spevacky-zbor-technik-stu-sme-komunita-ktora-sa-rozhodla-spievat-spolocne\/","url_meta":{"origin":4009,"position":0},"title":"Spev\u00e1cky zbor Technik STU: Sme komunita, ktor\u00e1 sa rozhodla spieva\u0165 spolo\u010dne","date":"26 novembra, 2018","format":false,"excerpt":"Na zborovej sc\u00e9ne s\u00fa u\u017e 63 rokov a ako jeden z m\u00e1la zborov na Slovensku p\u00f4sobia na univerzitnej p\u00f4de. Radi \u0161okuj\u00fa okolie, preto\u017ee\u00a0spievaj\u00fa kdeko\u013evek, kedyko\u013evek a\u00a0\u010doko\u013evek. Predstavujeme v\u00e1m Spev\u00e1cky zbor Technik STU o\u010dami (ale aj u\u0161ami) jeho \u010dlenov. Sme \u013eudia, \u010do maj\u00fa zvl\u00e1\u0161tne hobby, ktor\u00e9 kr\u00e1\u0161li du\u0161e a hlasy. Je\u2026","rel":"","context":"V &quot;O\u010cAMI ZBOROV&quot;","img":{"alt_text":"","src":"https:\/\/i2.wp.com\/www.satb.sk\/wp-content\/uploads\/2018\/11\/P8203669.jpg?fit=1200%2C676&ssl=1&resize=350%2C200","width":350,"height":200},"classes":[]},{"id":4355,"url":"https:\/\/www.satb.sk\/index.php\/2019\/08\/19\/slovenska-zborova-tvorba-na-severe-europy\/","url_meta":{"origin":4009,"position":1},"title":"Slovensk\u00e1 zborov\u00e1 tvorba na severe Eur\u00f3py","date":"19 augusta, 2019","format":false,"excerpt":"Minul\u00fd t\u00fd\u017ede\u0148 sme v\u00e1s informovali o \u00faspechu slovensk\u00fdch zborov na Eur\u00f3pskych zborov\u00fdch hr\u00e1ch vo \u0160v\u00e9dsku. Pre\u010d\u00edtajte si ako toto podujatie vn\u00edmal zbor Technik STU. \u201eNevandruj, mil\u00fd m\u00f4j, nevandruj s\u00e1m.\u201c Veru, otupno je \u010dloveku sam\u00e9mu po svete chodi\u0165, preto sa spolo\u010dne vybralo 34 technik\u00e1rov na \u010dele s\u00a0dirigentkou Ivetou Weis Viskupovou sk\u00fasi\u0165,\u2026","rel":"","context":"V &quot;AKTU\u00c1LNE&quot;","img":{"alt_text":"","src":"https:\/\/i0.wp.com\/www.satb.sk\/wp-content\/uploads\/2019\/08\/20190805_154811.jpg?fit=1200%2C900&ssl=1&resize=350%2C200","width":350,"height":200},"classes":[]},{"id":5030,"url":"https:\/\/www.satb.sk\/index.php\/2020\/01\/20\/rozhodnutie-ktore-moze-vela-zmenit\/","url_meta":{"origin":4009,"position":2},"title":"Rozhodnutie, ktor\u00e9 m\u00f4\u017ee ve\u013ea zmeni\u0165","date":"20 janu\u00e1ra, 2020","format":false,"excerpt":"Prekona\u0165 sa a pr\u00eds\u0165 na konkurz do spev\u00e1ckeho zboru mnoh\u00fdm zmenilo \u017eivot. Niektor\u00ed na\u0161li v spev\u00e1ckom zbore \u017eivotn\u00fdch partnerov, in\u00ed dobr\u00fdch priate\u013eov, pomocn\u00edkov pri prer\u00e1ban\u00ed bytov, spolube\u017ecov \u010di spoluochutn\u00e1va\u010dov v\u00edna. Aspo\u0148 tak je to v spev\u00e1ckom zbore Technik STU. Spev je forma relaxu, medit\u00e1cie, uvo\u013enenia, ale aj sebaz\u00e1poru, tvrdej pr\u00e1ce\u2026","rel":"","context":"V &quot;AKTU\u00c1LNE&quot;","img":{"alt_text":"","src":"https:\/\/i0.wp.com\/www.satb.sk\/wp-content\/uploads\/2019\/08\/20190806_222738.jpg?fit=1200%2C900&ssl=1&resize=350%2C200","width":350,"height":200},"classes":[]},{"id":6172,"url":"https:\/\/www.satb.sk\/index.php\/2023\/11\/30\/venovane-generaciam\/","url_meta":{"origin":4009,"position":3},"title":"Venovan\u00e9 gener\u00e1ci\u00e1m","date":"30 novembra, 2023","format":false,"excerpt":"Vysoko\u0161kolsk\u00fd umeleck\u00fd s\u00fabor Technik STU oslavuje 70. v\u00fdro\u010die zalo\u017eenia. Vysoko\u0161kolsk\u00fd umeleck\u00fd s\u00fabor Technik poz\u00fdva pri pr\u00edle\u017eitosti 70. v\u00fdro\u010dia zalo\u017eenia na Sl\u00e1vnostn\u00fd galakoncert, ktor\u00fd sa uskuto\u010dn\u00ed 3. decembra 2023 o 18.00 v Slovenskom rozhlase.\u00a0 Predstavia sa na \u0148om v\u0161etky tri zlo\u017eky s\u00faboru (folkl\u00f3rny s\u00fabor, spev\u00e1cky zbor i\u00a0komorn\u00fd orchester), v\u010faka \u010domu p\u00f4jde\u2026","rel":"","context":"V &quot;PODUJATIA&quot;","img":{"alt_text":"","src":"https:\/\/i0.wp.com\/www.satb.sk\/wp-content\/uploads\/2023\/11\/generaciam-2.jpeg?fit=960%2C536&ssl=1&resize=350%2C200","width":350,"height":200},"classes":[]},{"id":4336,"url":"https:\/\/www.satb.sk\/index.php\/2019\/08\/12\/slovenske-zbory-ziskali-dalsie-cenne-kovy\/","url_meta":{"origin":4009,"position":4},"title":"Slovensk\u00e9 zbory z\u00edskali \u010fal\u0161ie cenn\u00e9 kovy","date":"12 augusta, 2019","format":false,"excerpt":"Jedna strieborn\u00e1 a \u0161tyri zlat\u00e9 medaily. To s\u00fa ocenenia, ktor\u00e9 z Eur\u00f3pskych zborov\u00fdch hier priniesli spev\u00e1cke zbory zo Slovenska. Eur\u00f3pske zborov\u00e9 hry patria k najv\u00e4\u010d\u0161\u00edm a najprest\u00ed\u017enej\u0161\u00edm zborov\u00fdm podujatiam v Eur\u00f3pe. \u0160tvrt\u00fd ro\u010dn\u00edk hier sa tento rok uskuto\u010dnil od 3. - 10. augusta v \u0161v\u00e9dskom meste G\u00f6teborg a z\u00fa\u010dastnilo sa\u2026","rel":"","context":"V &quot;Nezaraden\u00e9&quot;","img":{"alt_text":"","src":"https:\/\/i2.wp.com\/www.satb.sk\/wp-content\/uploads\/2019\/08\/68453454_343333016612361_8097268866389901312_n.jpg?fit=1024%2C768&ssl=1&resize=350%2C200","width":350,"height":200},"classes":[]},{"id":5680,"url":"https:\/\/www.satb.sk\/index.php\/2021\/02\/07\/spievanie-v-zbore-z-pohodlia-obyvacky\/","url_meta":{"origin":4009,"position":5},"title":"Spievanie v zbore z pohodlia ob\u00fdva\u010dky","date":"7 febru\u00e1ra, 2021","format":false,"excerpt":"Online zborov\u00e1 kni\u017enica spev\u00e1ckeho zboru Technik STU. Je to u\u017e takmer rok, \u010do svet zasiahla pand\u00e9mia koronav\u00edrusu. T\u00e1 v\u00fdrazne skomplikovala aj n\u00e1cviky spev\u00e1ckych zborov a aj preto viacer\u00e9 z nich u\u017e takmer rok nemali spolo\u010dn\u00fa sk\u00fa\u0161ku. Dirigenti a zbory sa v\u0161ak nevzdali a napriek komplikovanej situ\u00e1ci\u00ed sa st\u00e1le sna\u017eia r\u00f4znymi\u2026","rel":"","context":"V &quot;AKTU\u00c1LNE&quot;","img":{"alt_text":"","src":"https:\/\/i1.wp.com\/www.satb.sk\/wp-content\/uploads\/2021\/02\/Online-kniz\u030cnica.png?fit=1200%2C675&ssl=1&resize=350%2C200","width":350,"height":200},"classes":[]}],"_links":{"self":[{"href":"https:\/\/www.satb.sk\/index.php\/wp-json\/wp\/v2\/posts\/4009"}],"collection":[{"href":"https:\/\/www.satb.sk\/index.php\/wp-json\/wp\/v2\/posts"}],"about":[{"href":"https:\/\/www.satb.sk\/index.php\/wp-json\/wp\/v2\/types\/post"}],"author":[{"embeddable":true,"href":"https:\/\/www.satb.sk\/index.php\/wp-json\/wp\/v2\/users\/1"}],"replies":[{"embeddable":true,"href":"https:\/\/www.satb.sk\/index.php\/wp-json\/wp\/v2\/comments?post=4009"}],"version-history":[{"count":3,"href":"https:\/\/www.satb.sk\/index.php\/wp-json\/wp\/v2\/posts\/4009\/revisions"}],"predecessor-version":[{"id":4016,"href":"https:\/\/www.satb.sk\/index.php\/wp-json\/wp\/v2\/posts\/4009\/revisions\/4016"}],"wp:featuredmedia":[{"embeddable":true,"href":"https:\/\/www.satb.sk\/index.php\/wp-json\/wp\/v2\/media\/4013"}],"wp:attachment":[{"href":"https:\/\/www.satb.sk\/index.php\/wp-json\/wp\/v2\/media?parent=4009"}],"wp:term":[{"taxonomy":"category","embeddable":true,"href":"https:\/\/www.satb.sk\/index.php\/wp-json\/wp\/v2\/categories?post=4009"},{"taxonomy":"post_tag","embeddable":true,"href":"https:\/\/www.satb.sk\/index.php\/wp-json\/wp\/v2\/tags?post=4009"}],"curies":[{"name":"wp","href":"https:\/\/api.w.org\/{rel}","templated":true}]}}