{"id":4057,"date":"2019-05-20T05:10:51","date_gmt":"2019-05-20T05:10:51","guid":{"rendered":"https:\/\/www.satb.sk\/?p=4057"},"modified":"2019-06-02T05:34:42","modified_gmt":"2019-06-02T05:34:42","slug":"pozname-vitazov-akademickej-banskej-bystrice","status":"publish","type":"post","link":"https:\/\/www.satb.sk\/index.php\/2019\/05\/20\/pozname-vitazov-akademickej-banskej-bystrice\/","title":{"rendered":"Pozn\u00e1me v\u00ed\u0165azov Akademickej Banskej Bystrice"},"content":{"rendered":"<p class=\"p1\"><em><span class=\"s1\">Pozrite si v\u00fdsledky z 18. ro\u010dn\u00edka Medzin\u00e1rodn\u00e9ho festivalu stredo\u0161kolsk\u00fdch a vysoko\u0161kolsk\u00fdch spev\u00e1ckych zborov <strong>Akademick\u00e1 Bansk\u00e1 Bystrica.<\/strong><\/span><\/em><\/p>\n<p><!--more--><\/p>\n<p class=\"p1\"><span class=\"s1\">Festival sa uskuto\u010dnil od 9. &#8211; 12. m\u00e1ja na v aule Beliana na Univerzite Mateja Bela v Banskej Bystrici. S\u00fa\u0165a\u017enej \u010dasti podujatia sa z\u00fa\u010dastnilo celkovo \u0161es\u0165 spev\u00e1ckych zborov zo Slovenska, \u010ceska a Po\u013eska. S\u00fa\u0165a\u017en\u00e9 zbory hodnotila medzin\u00e1rodn\u00e1 odborn\u00e1 porota v zlo\u017een\u00ed: Bernard Mendlik (Po\u013esko), Daniela Mandysov\u00e1 (\u010cesk\u00e1 republika), Bozena Stasiowska-Chrobak (Po\u013esko), S\u00e1ndor Kabdeb\u00f3 (Ma\u010farsko), ktorej predsedal slovensk\u00fd dirigent Ondrej Len\u00e1rd. V r\u00e1mci festivalu vyst\u00fapili vyst\u00fapili aj hos\u0165ovsk\u00e9 spev\u00e1cke zbory, Belius z Oc\u030covej, Spev\u00e1cky zbor Pink Harmony \u2013 s\u00fakromn\u00e9 konzervat\u00f3rium Zvolen a Artgentum vocal ensemble z Barcelony (\u0160panielsko). Div\u00e1kov tie\u017e pote\u0161ili vyst\u00fapenia spev\u00e1ckeho tria La Femme z Prievidze a vok\u00e1lneho zoskupenia Elegance z Banskej Bystrice. <\/span><\/p>\n<h4 class=\"p1\"><span style=\"text-decoration: underline;\"><span class=\"s2\"><b>V\u00fdsledky s\u00fa\u0165a\u017ee<\/b><\/span><\/span><\/h4>\n<p class=\"p1\"><span class=\"s1\"><b>Kateg\u00f3ria B: Stredo\u0161kolsk\u00e9 zbory<br \/>\n<\/b><strong>Strieborn\u00e9 p\u00e1smo<\/strong><br \/>\nVOCE EUFONICO ZU\u0160 Nov\u00e1 Ban\u030ca, SR<br \/>\nCANTICA NOVA Spev\u00e1cky zbor gymn\u00e1zi\u00ed mesta Trnava, SR <\/span><\/p>\n<p class=\"p4\"><span class=\"s1\"><b>Kateg\u00f3ria A: Vysoko\u0161kolsk\u00e9 spev\u00e1cke zbory &#8211;<\/b><b>\u00a0<\/b><b>Mie\u0161an\u00e9 spev\u00e1cke zbory<br \/>\nZlat\u00e9 p\u00e1smo<br \/>\n<\/b><\/span><span class=\"s1\">CH\u00d3R AKADEMICKI UNIWERSYTETU KAZIMIERZA WIELKIEGO W BYDGOSZCZY, Bydgoszcz, PL<br \/>\nCOLLEGIUM PAEDAGOGICUM Spev\u00e1cky zbor Pedagogickej fakulty Karlovej univerzity v Prahe, C\u030cR <\/span><\/p>\n<p class=\"p5\"><span class=\"s1\"><b>Kateg\u00f3ria A: Vysoko\u0161kolsk\u00e9 spev\u00e1cke zbory &#8211;\u00a0Komorn\u00e9 spev\u00e1cke zbory<br \/>\nStrieborn\u00e9 p\u00e1smo<br \/>\n<\/b>VYSOKO\u0160KOLSK\u00dd UME\u030cLECK\u00dd SOUBOR PARDUBICE, Univerzita Pardubice, C\u030cR <\/span><\/p>\n<p class=\"p5\"><span class=\"s1\"><b>Kateg\u00f3ria D: Sakr\u00e1lna tvorba<br \/>\n<\/b><strong>Strieborn\u00e9 p\u00e1smo<\/strong><br \/>\nVYSOKO\u0160KOLSK\u00dd UME\u030cLECK\u00dd SOUBOR PARDUBICE, Univerzita Pardubice, C\u030cR<br \/>\n<\/span><span class=\"s1\">UNIVERZITN\u00dd SPEV\u00c1CKY ZBOR MLADOST\u030c, Univerzita Mateja Bela v Banskej Bystrici <\/span><\/p>\n<p class=\"p6\"><span class=\"s1\"><b>Absol\u00fatny v\u00edt\u030caz festivalu ABB \u030119<br \/>\n<\/b><\/span><span class=\"s1\">COLLEGIUM PAEDAGOGICUM Spev\u00e1cky zbor Pedagogickej fakulty Karlovej univerzity v Prahe, C\u030cR<\/span><\/p>\n<h4 class=\"p6\"><span class=\"s1\"><br \/>\n<span style=\"text-decoration: underline;\"><b>\u0160peci\u00e1lne ocenenia<\/b><\/span><\/span><\/h4>\n<p class=\"p6\"><strong><span style=\"font-size: 14px; letter-spacing: 0px;\">Cena prim\u00e1tora mesta Bansk\u00e1 Bystrica &#8211; \u201eNajlep\u0161iemu slovensk\u00e9mu spev\u00e1ckemu zboru festivalu ABB 2019\u201c<br \/>\n<\/span><\/strong><span class=\"s1\">VOCE EUFONICO ZU\u0160 Nov\u00e1 Ban\u030ca, SR<\/span><\/p>\n<p><strong><span style=\"font-size: 14px; letter-spacing: 0px;\">Cena Hudobn\u00e9ho odboru Matice slovenskej \u2013 \u201eZa rozvoj interpretac\u030cn\u00e9ho umenia v oblasti zborov\u00e9ho spevu\u201c<br \/>\n<\/span><\/strong><span class=\"s1\">UNIVERZITN\u00dd SPEV\u00c1CKY ZBOR MLADOST\u030c, Univerzita Mateja Bela v Banskej Bystrici\u00a0<\/span><\/p>\n<p class=\"p6\"><strong><span style=\"font-size: 14px; letter-spacing: 0px;\">Cenu Ministra \u0161kolstva SR &#8211; \u201eAbsol\u00fatnemu v\u00edt\u030cazovi ABB \u030119\u201c<br \/>\n<\/span><\/strong><span class=\"s1\">COLLEGIUM PAEDAGOGICUM Spev\u00e1cky zbor Pedagogickej fakulty Karlovej univerzity v Prahe, C\u030cR\u00a0<\/span><\/p>\n<p class=\"p6\"><span style=\"font-size: 14px; letter-spacing: 0px;\"><strong>Cena rektora UMB v Banskej Bystrici &#8211; \u201eZa p\u00f4sobiv\u00fa dramaturgiu\u201c<\/strong><br \/>\nVYSOKO\u0160KOLSK\u00dd UME\u030cLECK\u00dd SOUBOR PARDUBICE, Univerzita Pardubice, C\u030cR<\/span><\/p>\n<p><strong><span style=\"font-size: 14px; letter-spacing: 0px;\">Cena banskobystrick\u00e9ho diec\u00e9zneho biskupa &#8211; \u201eZa najlep\u0161iu interpret\u00e1ciu skladby so sakr\u00e1lnou tematikou\u201c<br \/>\n<\/span><\/strong><span class=\"s1\">COLLEGIUM PAEDAGOGICUM Spev\u00e1cky zbor Pedagogickej fakulty Karlovej univerzity v Prahe, C\u030cR<\/span><\/p>\n<p><strong><span style=\"font-size: 14px; letter-spacing: 0px;\">Cena biskupa z\u00e1padn\u00e9ho di\u0161triktu Evanjelickej cirkvi a.v. na Slovensku \u2013 \u201eZa najlep\u0161iu interpret\u00e1ciu skladby obdobia romantizmu\u201c<br \/>\n<\/span><\/strong><span class=\"s1\">VYSOKO\u0160KOLSK\u00dd UME\u030cLECK\u00dd SOUBOR PARDUBICE, Univerzita Pardubice, C\u030cR<br \/>\n<\/span><\/p>\n<p>Pripravilo: satb.sk<br \/>\nFoto: Milan Paz\u00farik<\/p>\n","protected":false},"excerpt":{"rendered":"<p>Pozrite si v\u00fdsledky z 18. ro\u010dn\u00edka Medzin\u00e1rodn\u00e9ho festivalu stredo\u0161kolsk\u00fdch a vysoko\u0161kolsk\u00fdch spev\u00e1ckych zborov Akademick\u00e1 Bansk\u00e1 Bystrica.<\/p>\n","protected":false},"author":1,"featured_media":4058,"comment_status":"closed","ping_status":"closed","sticky":false,"template":"","format":"standard","meta":{"om_disable_all_campaigns":false,"_monsterinsights_skip_tracking":false,"_monsterinsights_sitenote_active":false,"_monsterinsights_sitenote_note":"","_monsterinsights_sitenote_category":0,"spay_email":"","footnotes":"","jetpack_publicize_message":"","jetpack_is_tweetstorm":false},"categories":[22],"tags":[],"class_list":["post-4057","post","type-post","status-publish","format-standard","has-post-thumbnail","hentry","category-podujatia"],"aioseo_notices":[],"jetpack_featured_media_url":"https:\/\/i2.wp.com\/www.satb.sk\/wp-content\/uploads\/2019\/05\/CP-KU-Praha-P5100272.jpg?fit=3968%2C2976&ssl=1","jetpack_publicize_connections":[],"jetpack_sharing_enabled":true,"jetpack_shortlink":"https:\/\/wp.me\/pav5wC-13r","jetpack-related-posts":[{"id":4165,"url":"https:\/\/www.satb.sk\/index.php\/2019\/07\/11\/ake-boli-vranovske-zborove-slavnosti\/","url_meta":{"origin":4057,"position":0},"title":"Ak\u00e9 boli Vranovsk\u00e9 zborov\u00e9 sl\u00e1vnosti?","date":"11 j\u00fala, 2019","format":false,"excerpt":"Skon\u010dil sa 32. ro\u010dn\u00edk medzin\u00e1rodn\u00e9ho zborov\u00e9ho festivalu vo Vranove nad Top\u013eou. Vranovsk\u00e9 zborov\u00e9 sl\u00e1vnosti patria k najstar\u0161\u00edm zborov\u00fdm festivalom na Slovensku. Tohtoro\u010dn\u00fd festival sa konal 20. - 23. j\u00fana vo Vranove nad Top\u013eou a predstavilo sa na \u0148om osem spev\u00e1ckych zborov zo \u0161tyroch kraj\u00edn. Z\u00e1\u0161titu nad podujat\u00edm prebrala ministerka kult\u00fary\u2026","rel":"","context":"V &quot;AKTU\u00c1LNE&quot;","img":{"alt_text":"","src":"https:\/\/i1.wp.com\/www.satb.sk\/wp-content\/uploads\/2019\/07\/017-1.jpg?fit=1200%2C900&ssl=1&resize=350%2C200","width":350,"height":200},"classes":[]},{"id":2505,"url":"https:\/\/www.satb.sk\/index.php\/2019\/02\/11\/festival-akademicka-banska-bystrica\/","url_meta":{"origin":4057,"position":1},"title":"Festival Akademick\u00e1 Bansk\u00e1 Bystrica","date":"11 febru\u00e1ra, 2019","format":false,"excerpt":"Po podujat\u00ed\u00a0Ml\u00e1de\u017e spieva a po\u00a0Vranovsk\u00fdch zborov\u00fdch sl\u00e1vnostiach zverejnili s\u00fa\u0165a\u017en\u00e9 propoz\u00edcie aj organiz\u00e1tori \u010fal\u0161ieho zborov\u00e9ho festivalu na Slovensku. Po dvoch rokoch sa n\u00e1m znovu vracia medzin\u00e1rodn\u00fd s\u00fa\u0165a\u017en\u00fd festival Akademick\u00e1 Bansk\u00e1 Bystrica. Toto podujatie m\u00e1 dvojro\u010dn\u00fa periodicitu a u\u017e osemn\u00e1s\u0165 rokov sa te\u0161\u00ed ob\u013eube u dom\u00e1cich, ale i u zahrani\u010dn\u00fdch spev\u00e1ckych zborov.\u2026","rel":"","context":"V &quot;AKTU\u00c1LNE&quot;","img":{"alt_text":"","src":"https:\/\/i2.wp.com\/www.satb.sk\/wp-content\/uploads\/2019\/02\/siteIcon-4829.jpg?fit=570%2C388&ssl=1&resize=350%2C200","width":350,"height":200},"classes":[]},{"id":4567,"url":"https:\/\/www.satb.sk\/index.php\/2019\/10\/28\/aky-bol-festival-voce-magna-2019\/","url_meta":{"origin":4057,"position":2},"title":"Ak\u00fd bol festival Voce Magna 2019?","date":"28 okt\u00f3bra, 2019","format":false,"excerpt":"V \u017diline sa konal desiaty ro\u010dn\u00edk festivalu \u017dilina Voce Magna. Pozn\u00e1me v\u00ed\u0165azov s\u00fa\u0165a\u017ee. Dvadsa\u0165 spev\u00e1ckych telies zo Slovenska, \u010ceska, Po\u013eska, Chorv\u00e1tska a Ma\u010farska. Tak\u00fd bol medzin\u00e1rodn\u00fd festival zborov\u00e9ho umenia \u017dilina Voce Magna, ktor\u00fd sa uskuto\u010dnil 10. - 12. okt\u00f3bra. Podujatie sa ofici\u00e1lne za\u010dalo vo \u0161tvrtok otv\u00e1rac\u00edm koncertom, ktor\u00fd patril tvorbe\u2026","rel":"","context":"V &quot;PODUJATIA&quot;","img":{"alt_text":"","src":"https:\/\/i1.wp.com\/www.satb.sk\/wp-content\/uploads\/2019\/10\/vaskova-21-of-77.jpg?fit=963%2C642&ssl=1&resize=350%2C200","width":350,"height":200},"classes":[]},{"id":6164,"url":"https:\/\/www.satb.sk\/index.php\/2022\/05\/14\/festival-voce-magna-uz-v-maji\/","url_meta":{"origin":4057,"position":3},"title":"Festival Voce Magna u\u017e v m\u00e1ji","date":"14 m\u00e1ja, 2022","format":false,"excerpt":"Nov\u00e9 prevedenie \u017eilinsk\u00e9ho festivalu zborov\u00e9ho umenia.\u00a0 Bl\u00ed\u017ei sa dvan\u00e1sty ro\u010dn\u00edk ob\u013e\u00faben\u00e9ho medzin\u00e1rodn\u00e9ho festivalu zborov\u00e9ho umenia Voce Magna \u017dilina 2022. Po dvoch rokoch pand\u00e9mie prich\u00e1dza festival v tradi\u010dno-netradi\u010dnom \u0161ate. Po prv\u00fdkr\u00e1t sa festival rozdel\u00ed na dve \u010dasti: na festivalov\u00fa a na s\u00fa\u0165a\u017en\u00fa \u010das\u0165. Cie\u013eom organiz\u00e1torov je touto cestou pon\u00faknu\u0165 n\u00e1v\u0161tevn\u00edkom i\u2026","rel":"","context":"V &quot;AKTU\u00c1LNE&quot;","img":{"alt_text":"","src":"https:\/\/i1.wp.com\/www.satb.sk\/wp-content\/uploads\/2021\/11\/IMG_3297-scaled.jpg?fit=1200%2C800&ssl=1&resize=350%2C200","width":350,"height":200},"classes":[]},{"id":4618,"url":"https:\/\/www.satb.sk\/index.php\/2019\/11\/04\/zlato-i-cena-za-dramaturgiu-slovensky-spevacky-zbor-opat-uspel-v-medzinarodnej-konkurencii\/","url_meta":{"origin":4057,"position":4},"title":"Zlato i cena za dramaturgiu. Slovensk\u00fd spev\u00e1cky zbor op\u00e4\u0165 uspel v medzin\u00e1rodnej konkurencii","date":"4 novembra, 2019","format":false,"excerpt":"Spev\u00e1ci zo zboru Canzona Neosolium\u00a0sa na \u010deskom festivale Praga Cantat 2019 nestratili. Na Slovensko doniesli cenn\u00e9 ocenenia.\u00a0 Medzin\u00e1rodn\u00e1 s\u00fa\u0165a\u017e spev\u00e1ckych zborov Praga Cantat patr\u00ed u\u017e viac ako tri desa\u0165ro\u010dia k najv\u00fdznamnej\u0161\u00edm zborov\u00fdm udalostiam v Prahe. Minul\u00fd t\u00fd\u017ede\u0148 sa od 29. 10. do 3.11. 2019 konal u\u017e jej tridsiaty tret\u00ed ro\u010dn\u00edk.\u2026","rel":"","context":"V &quot;AKTU\u00c1LNE&quot;","img":{"alt_text":"","src":"https:\/\/i2.wp.com\/www.satb.sk\/wp-content\/uploads\/2019\/11\/74462413_3134919649912101_2996656084657111040_n.jpg?fit=960%2C720&ssl=1&resize=350%2C200","width":350,"height":200},"classes":[]},{"id":5785,"url":"https:\/\/www.satb.sk\/index.php\/2021\/11\/04\/zacina-festival-voce-magna-2021\/","url_meta":{"origin":4057,"position":5},"title":"Za\u010dal sa festival \u017dilina Voce Magna 2021","date":"4 novembra, 2021","format":false,"excerpt":"Po pandemickej odmlke sa do \u017diliny vracia festival zborov\u00e9ho umenia. \u0160tyri koncerty, jedna s\u00fa\u0165a\u017e a desiatky spev\u00e1kov z viac ako p\u00e4tn\u00e1stich spev\u00e1ckych zborov. Tak bude vyzera\u0165 jeden\u00e1sty ro\u010dn\u00edk Medzin\u00e1rodn\u00e9ho festivalu a s\u00fa\u0165a\u017ee zborov\u00e9ho umenia Voce Magna 2021. Festival sa mal p\u00f4vodne za\u010da\u0165 u\u017e v utorok 2. novembra, no kv\u00f4li pandemick\u00fdm\u2026","rel":"","context":"V &quot;AKTU\u00c1LNE&quot;","img":{"alt_text":"","src":"https:\/\/i1.wp.com\/www.satb.sk\/wp-content\/uploads\/2021\/11\/IMG_1536-scaled.jpg?fit=1200%2C800&ssl=1&resize=350%2C200","width":350,"height":200},"classes":[]}],"_links":{"self":[{"href":"https:\/\/www.satb.sk\/index.php\/wp-json\/wp\/v2\/posts\/4057"}],"collection":[{"href":"https:\/\/www.satb.sk\/index.php\/wp-json\/wp\/v2\/posts"}],"about":[{"href":"https:\/\/www.satb.sk\/index.php\/wp-json\/wp\/v2\/types\/post"}],"author":[{"embeddable":true,"href":"https:\/\/www.satb.sk\/index.php\/wp-json\/wp\/v2\/users\/1"}],"replies":[{"embeddable":true,"href":"https:\/\/www.satb.sk\/index.php\/wp-json\/wp\/v2\/comments?post=4057"}],"version-history":[{"count":6,"href":"https:\/\/www.satb.sk\/index.php\/wp-json\/wp\/v2\/posts\/4057\/revisions"}],"predecessor-version":[{"id":4103,"href":"https:\/\/www.satb.sk\/index.php\/wp-json\/wp\/v2\/posts\/4057\/revisions\/4103"}],"wp:featuredmedia":[{"embeddable":true,"href":"https:\/\/www.satb.sk\/index.php\/wp-json\/wp\/v2\/media\/4058"}],"wp:attachment":[{"href":"https:\/\/www.satb.sk\/index.php\/wp-json\/wp\/v2\/media?parent=4057"}],"wp:term":[{"taxonomy":"category","embeddable":true,"href":"https:\/\/www.satb.sk\/index.php\/wp-json\/wp\/v2\/categories?post=4057"},{"taxonomy":"post_tag","embeddable":true,"href":"https:\/\/www.satb.sk\/index.php\/wp-json\/wp\/v2\/tags?post=4057"}],"curies":[{"name":"wp","href":"https:\/\/api.w.org\/{rel}","templated":true}]}}