{"id":4064,"date":"2019-05-20T21:48:10","date_gmt":"2019-05-20T21:48:10","guid":{"rendered":"https:\/\/www.satb.sk\/?p=4064"},"modified":"2019-05-20T21:48:10","modified_gmt":"2019-05-20T21:48:10","slug":"konkurz-do-bratislavskeho-chlapcenskeho-zboru","status":"publish","type":"post","link":"https:\/\/www.satb.sk\/index.php\/2019\/05\/20\/konkurz-do-bratislavskeho-chlapcenskeho-zboru\/","title":{"rendered":"Konkurz do Bratislavsk\u00e9ho chlap\u010densk\u00e9ho zboru"},"content":{"rendered":"<p><em>M\u00e1te vo svojom okol\u00ed \u0161ikovn\u00e9ho spev\u00e1\u010dika? Ak \u00e1no, m\u00e1te jedine\u010dn\u00fa \u0161ancu prihl\u00e1si\u0165 ho do \u0161pi\u010dkov\u00e9ho spev\u00e1ckeho zboru.<\/em><\/p>\n<p><!--more--><\/p>\n<p>Bratislavsk\u00fd chlap\u010densk\u00fd zbor poz\u00fdva chlapcov vo veku\u00a07 &#8211; 8 rokov na konkurz do svojich radov. Tento spev\u00e1cky zbor funguje od roku 1982 a jeho zakladate\u013ekou je Magdal\u00e9na Rov\u0148\u00e1kov\u00e1, ktor\u00e1 ho v s\u00fa\u010dasnosti vedie spolu s Gabrielom Rov\u0148\u00e1kom ml.\u00a0Konkurz do tohto v\u00fdnimo\u010dn\u00e9ho telesa sa uskuto\u010dn\u00ed <strong>19. j\u00fana od 16.30 hod. do 18.00 hod.<\/strong> a<strong> 22. j\u00fana od 15.30 hod. do 17.00 hod.<\/strong> v priestoroch novej budovy SND. Na presk\u00fa\u0161anie je potrebn\u00e9 pripravi\u0165 si jednu \u013eubovo\u013en\u00fa pesni\u010dku.<\/p>\n<p>Po prijat\u00ed za\u010d\u00ednaj\u00fa chlapci spieva\u0165 najsk\u00f4r v pr\u00edpravnej triede (tzv. pr\u00edpravka) a v prv\u00fdch dvoch rokoch s\u00fa v\u0161etky aktivity chlapcov v\u00fdhradne popoludn\u00ed. Chlapci v pr\u00edpravke sk\u00fa\u0161aj\u00fa v pondelky a v stredy o 15.00 hod, pri\u010dom jedna sk\u00fa\u0161ka trv\u00e1 80 min\u00fat. Do tzv. reprezenta\u010dnej zlo\u017eky sa chlapci spravidla &#8220;prepracuj\u00fa&#8221; po dvoch rokoch.<\/p>\n<p>Viac inform\u00e1ci\u00ed o konkurze n\u00e1jdete na str\u00e1nke <a href=\"http:\/\/www.bchz.org\/sk\/blog\/konkurzy-2019?fbclid=IwAR3DqOkfbipSwgKpursLmctS9OkSlkK3t7seNLeNNUFnqtVlxm_vhrVkK10\" target=\"_blank\" rel=\"noopener\">Bratislavsk\u00e9ho chlap\u010densk\u00e9ho zboru.<\/a><\/p>\n<p><span class=\"embed-youtube\" style=\"text-align:center; display: block;\"><iframe loading=\"lazy\" class=\"youtube-player\" width=\"837\" height=\"471\" src=\"https:\/\/www.youtube.com\/embed\/y01T4GUlz2U?version=3&#038;rel=1&#038;showsearch=0&#038;showinfo=1&#038;iv_load_policy=1&#038;fs=1&#038;hl=sk-SK&#038;autohide=2&#038;wmode=transparent\" allowfullscreen=\"true\" style=\"border:0;\" sandbox=\"allow-scripts allow-same-origin allow-popups allow-presentation\"><\/iframe><\/span><\/p>\n<p>Pripravil: satb.sk<br \/>\nFoto: bchz.org<\/p>\n","protected":false},"excerpt":{"rendered":"<p>M\u00e1te vo svojom okol\u00ed \u0161ikovn\u00e9ho spev\u00e1\u010dika? Ak \u00e1no, m\u00e1te jedine\u010dn\u00fa \u0161ancu prihl\u00e1si\u0165 ho do \u0161pi\u010dkov\u00e9ho spev\u00e1ckeho zboru.<\/p>\n","protected":false},"author":1,"featured_media":4066,"comment_status":"closed","ping_status":"closed","sticky":false,"template":"","format":"standard","meta":{"om_disable_all_campaigns":false,"_monsterinsights_skip_tracking":false,"_monsterinsights_sitenote_active":false,"_monsterinsights_sitenote_note":"","_monsterinsights_sitenote_category":0,"spay_email":"","footnotes":"","jetpack_publicize_message":"","jetpack_is_tweetstorm":false},"categories":[49],"tags":[],"class_list":["post-4064","post","type-post","status-publish","format-standard","has-post-thumbnail","hentry","category-aktualne"],"aioseo_notices":[],"jetpack_featured_media_url":"https:\/\/i1.wp.com\/www.satb.sk\/wp-content\/uploads\/2019\/05\/historia-alternative.jpg?fit=610%2C270&ssl=1","jetpack_publicize_connections":[],"jetpack_sharing_enabled":true,"jetpack_shortlink":"https:\/\/wp.me\/pav5wC-13y","jetpack-related-posts":[{"id":4443,"url":"https:\/\/www.satb.sk\/index.php\/2019\/10\/02\/stan-sa-novym-lucniciarom\/","url_meta":{"origin":4064,"position":0},"title":"Sta\u0148 sa nov\u00fdm L\u00fa\u010dni\u010diarom","date":"2 okt\u00f3bra, 2019","format":false,"excerpt":"Spev\u00e1cky zbor L\u00fa\u010dnica h\u013ead\u00e1 nov\u00e9 hlasy do svojich radov.\u00a0 L\u00fa\u010dnica otv\u00e1ra svoje br\u00e1ny a poz\u00fdva priaznivcov zborov\u00e9ho spevu a mlad\u00fdch \u0161tudentov na konkurz do spev\u00e1ckeho zboru. Prihl\u00e1si\u0165 sa m\u00f4\u017eu z\u00e1ujemcovia vo veku od 16 do 24 rokov, pri\u010dom hudobn\u00e1 prax, resp. prax v spev\u00e1ckom zbore je v\u00edtan\u00e1, no nie je\u2026","rel":"","context":"V &quot;AKTU\u00c1LNE&quot;","img":{"alt_text":"","src":"https:\/\/i2.wp.com\/www.satb.sk\/wp-content\/uploads\/2019\/10\/20746175_2015946315359228_6319205278605037032_o.jpg?fit=1200%2C770&ssl=1&resize=350%2C200","width":350,"height":200},"classes":[]},{"id":5030,"url":"https:\/\/www.satb.sk\/index.php\/2020\/01\/20\/rozhodnutie-ktore-moze-vela-zmenit\/","url_meta":{"origin":4064,"position":1},"title":"Rozhodnutie, ktor\u00e9 m\u00f4\u017ee ve\u013ea zmeni\u0165","date":"20 janu\u00e1ra, 2020","format":false,"excerpt":"Prekona\u0165 sa a pr\u00eds\u0165 na konkurz do spev\u00e1ckeho zboru mnoh\u00fdm zmenilo \u017eivot. Niektor\u00ed na\u0161li v spev\u00e1ckom zbore \u017eivotn\u00fdch partnerov, in\u00ed dobr\u00fdch priate\u013eov, pomocn\u00edkov pri prer\u00e1ban\u00ed bytov, spolube\u017ecov \u010di spoluochutn\u00e1va\u010dov v\u00edna. Aspo\u0148 tak je to v spev\u00e1ckom zbore Technik STU. Spev je forma relaxu, medit\u00e1cie, uvo\u013enenia, ale aj sebaz\u00e1poru, tvrdej pr\u00e1ce\u2026","rel":"","context":"V &quot;AKTU\u00c1LNE&quot;","img":{"alt_text":"","src":"https:\/\/i0.wp.com\/www.satb.sk\/wp-content\/uploads\/2019\/08\/20190806_222738.jpg?fit=1200%2C900&ssl=1&resize=350%2C200","width":350,"height":200},"classes":[]},{"id":5862,"url":"https:\/\/www.satb.sk\/index.php\/2021\/11\/15\/smutna-sprava-pre-zborovy-svet-na-slovensku-zomrel-ladislav-holasek\/","url_meta":{"origin":4064,"position":2},"title":"Smutn\u00e1 spr\u00e1va pre zborov\u00fd svet na Slovensku. Zomrel Ladislav Hol\u00e1sek","date":"15 novembra, 2021","format":false,"excerpt":"Opustil n\u00e1s v\u00fdznamn\u00fd slovensk\u00fd dirigent, ktor\u00fd st\u00e1l pri zrode popredn\u00fdch zborov\u00fdch telies na Slovensku. Vo veku 92 rokov zomrel popredn\u00fd slovensk\u00fd dirigent a pedag\u00f3g Ladislav Hol\u00e1sek. Informoval o tom mana\u017e\u00e9rka Spev\u00e1ckeho zboru mesta Bratislava, na \u010dele ktor\u00e9ho st\u00e1l Hol\u00e1sek nieko\u013eko desa\u0165ro\u010d\u00ed. \"Jeho odchodom str\u00e1ca spolo\u010dnos\u0165 a predov\u0161etk\u00fdm n\u00e1\u0161 spev\u00e1cky zbor\u2026","rel":"","context":"V &quot;AKTU\u00c1LNE&quot;","img":{"alt_text":"","src":"https:\/\/i2.wp.com\/www.satb.sk\/wp-content\/uploads\/2021\/11\/255638725_4649461035111016_970198589409811681_n.jpg?fit=1200%2C674&ssl=1&resize=350%2C200","width":350,"height":200},"classes":[]},{"id":521,"url":"https:\/\/www.satb.sk\/index.php\/2018\/12\/10\/olga-budinska-nadsenie-a-tradicia-pre-zborovy-spev-su-vo-vojvodine-naozaj-velke\/","url_meta":{"origin":4064,"position":3},"title":"O\u013ega Budinsk\u00e1: Nad\u0161enie a\u00a0trad\u00edcia pre zborov\u00fd spev s\u00fa vo Vojvodine naozaj ve\u013ek\u00e9","date":"10 decembra, 2018","format":false,"excerpt":"V B\u00e1\u010dskom Petrovci vo Vojvodine (Srbsko) sa ned\u00e1vno uskuto\u010dnil Koncert slovensk\u00fdch spev\u00e1ckych zborov. Slovensko na tomto podujat\u00ed reprezentoval \u017densk\u00fd spev\u00e1cky zbor Belius. O\u013ega Budinsk\u00e1, dirigentka tohto zboru, n\u00e1m v kr\u00e1tkom rozhovore porozpr\u00e1vala ako prebiehal ich pobyt a ak\u00e1 je aktu\u00e1lna situ\u00e1cia slovensk\u00fdch spev\u00e1ckych zborov vo Vojvodine. O\u013ega, ako sa dostal\u2026","rel":"","context":"V &quot;MAGAZ\u00cdN&quot;","img":{"alt_text":"","src":"https:\/\/i1.wp.com\/www.satb.sk\/wp-content\/uploads\/2018\/12\/46091959_582789868844935_3852187813101436928_o.jpg?fit=1200%2C800&ssl=1&resize=350%2C200","width":350,"height":200},"classes":[]},{"id":4244,"url":"https:\/\/www.satb.sk\/index.php\/2019\/07\/19\/taliansky-festival-ocami-spevackeho-zboru-apollo\/","url_meta":{"origin":4064,"position":4},"title":"Taliansky festival o\u010dami spev\u00e1ckeho zboru Apollo","date":"19 j\u00fala, 2019","format":false,"excerpt":"Spev\u00e1cky zbor Apollo sa ned\u00e1vno z\u00fa\u010dastnil zborov\u00e9ho festivalu InCanto Mediteraneo 2019 v malebnom meste na Sic\u00edli\u00ed. Pre\u010d\u00edtajte si ako festival prebiehal a ako sa Apollu darilo na s\u00fa\u0165a\u017ei v medzin\u00e1rodnej konkurencii. Medzin\u00e1rodn\u00e9 s\u00fa\u0165a\u017en\u00e9 festivaly s\u00fa pre spev\u00e1cke zbory v\u017edy ve\u013ekou v\u00fdzvou. S\u00fa ak\u00fdmsi kontaktom s\u00a0realitou vok\u00e1lnej vyspelosti zborov za hranicami\u2026","rel":"","context":"V &quot;AKTU\u00c1LNE&quot;","img":{"alt_text":"","src":"https:\/\/i2.wp.com\/www.satb.sk\/wp-content\/uploads\/2019\/07\/IMG_0411b.jpg?fit=1200%2C674&ssl=1&resize=350%2C200","width":350,"height":200},"classes":[]},{"id":5318,"url":"https:\/\/www.satb.sk\/index.php\/2020\/03\/21\/domaca-skola-hudby-doprajte-vasim-detom-kvalitne-hudobne-vzdelanie-aj-pocas-karanteny\/","url_meta":{"origin":4064,"position":5},"title":"Dom\u00e1ca \u0161kola hudby. Doprajte va\u0161im de\u0165om kvalitn\u00e9 hudobn\u00e9 vzdelanie aj po\u010das karant\u00e9ny","date":"21 marca, 2020","format":false,"excerpt":"Bratislavsk\u00fd chlap\u010densk\u00fd zbor pripravil pre deti a mlad\u00fdch \u013eud\u00ed online hudobn\u00fa \u0161kolu. V\u010faka nej sa m\u00f4\u017eu u\u010di\u0165\u00a0o hudbe aj\u00a0doma. Bratislavsk\u00fd chlap\u010densk\u00fd zbor pozn\u00e1 v\u00e4\u010d\u0161ina z n\u00e1s ako vynikaj\u00face zborov\u00e9 teleso. No okrem spievania je zbor z\u00e1rove\u0148 spolo\u010densky zodpovedn\u00e1 organiz\u00e1cia, ktor\u00e1 chce deti a mlad\u00fdch \u013eud\u00ed na Slovensku privies\u0165 k hudbe\u2026","rel":"","context":"V &quot;AKTU\u00c1LNE&quot;","img":{"alt_text":"","src":"https:\/\/i1.wp.com\/www.satb.sk\/wp-content\/uploads\/2020\/03\/77057665_2637843996251908_5832959835901001728_o.jpg?fit=1200%2C800&ssl=1&resize=350%2C200","width":350,"height":200},"classes":[]}],"_links":{"self":[{"href":"https:\/\/www.satb.sk\/index.php\/wp-json\/wp\/v2\/posts\/4064"}],"collection":[{"href":"https:\/\/www.satb.sk\/index.php\/wp-json\/wp\/v2\/posts"}],"about":[{"href":"https:\/\/www.satb.sk\/index.php\/wp-json\/wp\/v2\/types\/post"}],"author":[{"embeddable":true,"href":"https:\/\/www.satb.sk\/index.php\/wp-json\/wp\/v2\/users\/1"}],"replies":[{"embeddable":true,"href":"https:\/\/www.satb.sk\/index.php\/wp-json\/wp\/v2\/comments?post=4064"}],"version-history":[{"count":2,"href":"https:\/\/www.satb.sk\/index.php\/wp-json\/wp\/v2\/posts\/4064\/revisions"}],"predecessor-version":[{"id":4068,"href":"https:\/\/www.satb.sk\/index.php\/wp-json\/wp\/v2\/posts\/4064\/revisions\/4068"}],"wp:featuredmedia":[{"embeddable":true,"href":"https:\/\/www.satb.sk\/index.php\/wp-json\/wp\/v2\/media\/4066"}],"wp:attachment":[{"href":"https:\/\/www.satb.sk\/index.php\/wp-json\/wp\/v2\/media?parent=4064"}],"wp:term":[{"taxonomy":"category","embeddable":true,"href":"https:\/\/www.satb.sk\/index.php\/wp-json\/wp\/v2\/categories?post=4064"},{"taxonomy":"post_tag","embeddable":true,"href":"https:\/\/www.satb.sk\/index.php\/wp-json\/wp\/v2\/tags?post=4064"}],"curies":[{"name":"wp","href":"https:\/\/api.w.org\/{rel}","templated":true}]}}