{"id":4070,"date":"2019-05-27T17:32:28","date_gmt":"2019-05-27T17:32:28","guid":{"rendered":"https:\/\/www.satb.sk\/?p=4070"},"modified":"2019-05-27T18:24:54","modified_gmt":"2019-05-27T18:24:54","slug":"jedinecna-sanca-pre-mladych-dirigentov","status":"publish","type":"post","link":"https:\/\/www.satb.sk\/index.php\/2019\/05\/27\/jedinecna-sanca-pre-mladych-dirigentov\/","title":{"rendered":"Jedine\u010dn\u00e1 \u0161anca pre mlad\u00fdch dirigentov"},"content":{"rendered":"<p><em>Do konca m\u00e1ja je mo\u017en\u00e9 prihl\u00e1si\u0165 sa na <strong>Medzin\u00e1rodn\u00fa s\u00fa\u0165a\u017e pre mlad\u00fdch dirigentov.\u00a0<\/strong><\/em><\/p>\n<p><!--more--><\/p>\n<p>Franc\u00fazsky in\u0161tit\u00fat pre zborov\u00e9 umenie v spolupr\u00e1ci s Eur\u00f3pskou zborovou asoci\u00e1ciou &#8211; Europa Cantat organizuje deviaty ro\u010dn\u00edk Medzin\u00e1rodnej s\u00fa\u0165a\u017ee pre mlad\u00fdch dirigentov. S\u00fa\u0165a\u017e je ur\u010den\u00e1 pre dirigentov z cel\u00e9ho sveta vo veku 18 &#8211; 30 rokov. \u00da\u010dastn\u00edci bud\u00fa ma\u0165 mo\u017enos\u0165 pracova\u0165 so \u0161pi\u010dkov\u00fdmi a sk\u00fasen\u00fdmi spev\u00e1ckymi zbormi, konkr\u00e9tne so zborom Le Pages et Chantres z Centra barokovej hudby vo Versailles, so Zborom \u0161tudentov dirigovania \u00cele-de-France a taktie\u017e so Zborom par\u00ed\u017eskeho orchestra.\u00a0Dirigentsk\u00e9 v\u00fdkony bude hodnoti\u0165 medzin\u00e1rodn\u00e1 odborn\u00e1 porota zostaven\u00e1 z renomovan\u00fdch hudobn\u00edkov (Edward Caswel, Georg Gr\u00fcn, Cecilia McDowall, Donka Miteva, Josep Vila i Casa\u00f1as).<\/p>\n<p>S\u00fa\u0165a\u017e sa uskuto\u010dn\u00ed <strong>18. &#8211; 20. okt\u00f3bra 2019<\/strong> vo franc\u00fazskom Versailes a prihl\u00e1si\u0165 sa je potrebn\u00e9 do <strong>31. m\u00e1ja.<\/strong>\u00a0S\u00fa\u0165a\u017eiaci bud\u00fa m\u00f4c\u0165 ziska\u0165 viacer\u00e9 ocenenia, medzi nimi napr\u00edklad cenu za najlep\u0161iu interpret\u00e1ciu franc\u00fazskej barokovej hudby, cenu Eur\u00f3pskej zborovej asoci\u00e1cie \u010di cenu publika.<\/p>\n<p>V r\u00e1mci <a href=\"https:\/\/docs.google.com\/forms\/d\/e\/1FAIpQLSeIVrRQMD2MBUME_A4Zvxll6Ao6LQ_gu83O8uSavEQugfA8nA\/viewform\" target=\"_blank\" rel=\"noopener\">prihl\u00e1\u0161ky<\/a> je potrebn\u00e9 posla\u0165 k\u00f3piu dokladu toto\u017enosti, \u017eivotopis v angli\u010dtine, fotografiu, odpor\u00fa\u010daj\u00faci list pedag\u00f3ga (alebo sk\u00fasen\u00e9ho dirigenta) a video nahr\u00e1vku s uk\u00e1\u017ekou dirigovania prihl\u00e1sen\u00e9ho \u00fa\u010dastn\u00edka. \u00davodn\u00fd registra\u010dn\u00fd poplatok za s\u00fa\u0165a\u017e je pre Slov\u00e1kov 50 EUR. Na z\u00e1klade videonahr\u00e1vok vyberie porota z prihl\u00e1sen\u00fdch \u00fa\u010dastn\u00edkov najlep\u0161\u00edch dirigentov, ktor\u00ed post\u00fapia do s\u00fa\u0165a\u017en\u00fdch k\u00f4l vo Versailles. Rozhodnutia poroty o postupuj\u00facich bud\u00fa zverejnen\u00e9 30. j\u00fana. Registra\u010dn\u00fd poplatok za s\u00fa\u0165a\u017en\u00e9 kol\u00e1 vo Versailles je pre Slov\u00e1kov vo v\u00fd\u0161ke 240 EUR.<\/p>\n<h5 style=\"text-align: center;\"><span style=\"color: #33a7a4;\"><a style=\"color: #33a7a4;\" href=\"https:\/\/docs.google.com\/forms\/d\/e\/1FAIpQLSeIVrRQMD2MBUME_A4Zvxll6Ao6LQ_gu83O8uSavEQugfA8nA\/viewform\" target=\"_blank\" rel=\"noopener\"><strong>CHCEM SA PRIHL\u00c1SI\u0164 NA S\u00da\u0164A\u017d.<\/strong><\/a><\/span><\/h5>\n<p>Pripravil: satb.sk<\/p>\n<h2><\/h2>\n<p>&nbsp;<\/p>\n<p>&nbsp;<\/p>\n<p>&nbsp;<\/p>\n","protected":false},"excerpt":{"rendered":"<p>Do konca m\u00e1ja je mo\u017en\u00e9 prihl\u00e1si\u0165 sa na Medzin\u00e1rodn\u00fa s\u00fa\u0165a\u017e pre mlad\u00fdch dirigentov.\u00a0<\/p>\n","protected":false},"author":1,"featured_media":4071,"comment_status":"closed","ping_status":"closed","sticky":false,"template":"","format":"standard","meta":{"om_disable_all_campaigns":false,"_monsterinsights_skip_tracking":false,"_monsterinsights_sitenote_active":false,"_monsterinsights_sitenote_note":"","_monsterinsights_sitenote_category":0,"spay_email":"","footnotes":"","jetpack_publicize_message":"","jetpack_is_tweetstorm":false},"categories":[22,21],"tags":[],"class_list":["post-4070","post","type-post","status-publish","format-standard","has-post-thumbnail","hentry","category-podujatia","category-svet"],"aioseo_notices":[],"jetpack_featured_media_url":"https:\/\/i0.wp.com\/www.satb.sk\/wp-content\/uploads\/2019\/05\/IFAC-Bannie\u0300re-FB-Version-Anglaise-Fond-Noir-JPG.jpg?fit=851%2C315&ssl=1","jetpack_publicize_connections":[],"jetpack_sharing_enabled":true,"jetpack_shortlink":"https:\/\/wp.me\/pav5wC-13E","jetpack-related-posts":[{"id":5489,"url":"https:\/\/www.satb.sk\/index.php\/2020\/07\/08\/stretnutie-nad-zborovou-partiturou-sutaz-pre-dirigentov-sa-uskutocni-aj-tento-rok\/","url_meta":{"origin":4070,"position":0},"title":"Stretnutie nad zborovou partit\u00farou. S\u00fa\u0165a\u017e pre dirigentov sa uskuto\u010dn\u00ed aj tento rok","date":"8 j\u00fala, 2020","format":false,"excerpt":"Zborov\u00e9 podujatia na Slovensku znovu o\u017e\u00edvaj\u00fa. Po kult\u00farnej odm\u013ake v s\u00favislosti s pand\u00e9miou koronav\u00edrusu sa m\u00f4\u017eeme te\u0161i\u0165 na \u010fal\u0161\u00ed ro\u010dn\u00edk Medzin\u00e1rodnej s\u00fa\u0165a\u017ee pre dirigentov spev\u00e1ckych zborov.\u00a0 Tvoriv\u00e1 atmosf\u00e9ra, finan\u010dn\u00e9 ceny a koncentr\u00e1cia skvelej zborovej tvorby. To je piaty ro\u010dn\u00edk Medzin\u00e1rodnej s\u00fa\u0165a\u017ee v zborovom dirigovan\u00ed, ktor\u00fa op\u00e4\u0165 organizuje Katedra kompoz\u00edcie a\u2026","rel":"","context":"V &quot;AKTU\u00c1LNE&quot;","img":{"alt_text":"","src":"https:\/\/i1.wp.com\/www.satb.sk\/wp-content\/uploads\/2020\/07\/Foto_Su\u0301t\u030caz\u030c-dirigentov.jpg?fit=960%2C720&ssl=1&resize=350%2C200","width":350,"height":200},"classes":[]},{"id":4469,"url":"https:\/\/www.satb.sk\/index.php\/2019\/10\/16\/workshop-pre-dirigentov-spevackych-zborov\/","url_meta":{"origin":4070,"position":1},"title":"Workshop pre dirigentov spev\u00e1ckych zborov","date":"16 okt\u00f3bra, 2019","format":false,"excerpt":"V Smi\u017eanoch sa uskuto\u010dn\u00ed \u0161kolenie na rozvoj dirigentsk\u00fdch zru\u010dnost\u00ed.\u00a0 Spi\u0161sk\u00e9 osvetov\u00e9 stredisko v Spi\u0161skej Novej Vsi organizuje workshop pre dirigentov spev\u00e1ckych zborov.\u00a0Cie\u013eom workshopu je skvalitni\u0165 pr\u00edpravu dirigentov v\u0161etk\u00fdch druhov spev\u00e1ckych zborov a zv\u00fd\u0161i\u0165 ich umeleck\u00fa \u00farove\u0148. Odbornou lektorkou \u0161kolenia bud\u00fa Tatiana \u0160vajkov\u00e1, zbormajsterka a pedagogi\u010dka Filozofickej fakulty Pre\u0161ovskej univerzity v\u2026","rel":"","context":"V &quot;PODUJATIA&quot;","img":{"alt_text":"","src":"https:\/\/i1.wp.com\/www.satb.sk\/wp-content\/uploads\/2019\/10\/Sni\u0301mka-obrazovky-2019-10-15-o-9.09.39.png?fit=951%2C630&ssl=1&resize=350%2C200","width":350,"height":200},"classes":[]},{"id":4619,"url":"https:\/\/www.satb.sk\/index.php\/2019\/11\/04\/vznikla-nova-sutaz-pre-spevakov-i-vokalne-telesa\/","url_meta":{"origin":4070,"position":2},"title":"Vznikla nov\u00e1 s\u00fa\u0165a\u017e pre spev\u00e1kov i vok\u00e1lne teles\u00e1","date":"4 novembra, 2019","format":false,"excerpt":"Prihl\u00e1ste sa na s\u00fa\u0165a\u017e Viano\u010dn\u00e1 piese\u0148 2019.\u00a0 Ob\u010dianske zdru\u017eenie \u0160tart organizuje prv\u00fd ro\u010dn\u00edk S\u00fa\u0165a\u017ee v speve adventn\u00fdch a viano\u010dn\u00fdch piesn\u00ed s n\u00e1zvom Viano\u010dn\u00e1 piese\u0148 2019. S\u00fa\u0165a\u017e sa uskuto\u010dn\u00ed 18. decembra 2019 v Divadle ARTEATRO v Bratislave a je ur\u010den\u00e1 najm\u00e4 \u017eiakom z\u00e1kladn\u00fdch a z\u00e1kladn\u00fdch umeleck\u00fdch \u0161k\u00f4l, stredn\u00fdch \u0161k\u00f4l, jednotlivcom, duet\u00e1m,\u2026","rel":"","context":"V &quot;PODUJATIA&quot;","img":{"alt_text":"","src":"https:\/\/i0.wp.com\/www.satb.sk\/wp-content\/uploads\/2019\/11\/Document-page-001.jpg?fit=1200%2C578&ssl=1&resize=350%2C200","width":350,"height":200},"classes":[]},{"id":521,"url":"https:\/\/www.satb.sk\/index.php\/2018\/12\/10\/olga-budinska-nadsenie-a-tradicia-pre-zborovy-spev-su-vo-vojvodine-naozaj-velke\/","url_meta":{"origin":4070,"position":3},"title":"O\u013ega Budinsk\u00e1: Nad\u0161enie a\u00a0trad\u00edcia pre zborov\u00fd spev s\u00fa vo Vojvodine naozaj ve\u013ek\u00e9","date":"10 decembra, 2018","format":false,"excerpt":"V B\u00e1\u010dskom Petrovci vo Vojvodine (Srbsko) sa ned\u00e1vno uskuto\u010dnil Koncert slovensk\u00fdch spev\u00e1ckych zborov. Slovensko na tomto podujat\u00ed reprezentoval \u017densk\u00fd spev\u00e1cky zbor Belius. O\u013ega Budinsk\u00e1, dirigentka tohto zboru, n\u00e1m v kr\u00e1tkom rozhovore porozpr\u00e1vala ako prebiehal ich pobyt a ak\u00e1 je aktu\u00e1lna situ\u00e1cia slovensk\u00fdch spev\u00e1ckych zborov vo Vojvodine. O\u013ega, ako sa dostal\u2026","rel":"","context":"V &quot;MAGAZ\u00cdN&quot;","img":{"alt_text":"","src":"https:\/\/i1.wp.com\/www.satb.sk\/wp-content\/uploads\/2018\/12\/46091959_582789868844935_3852187813101436928_o.jpg?fit=1200%2C800&ssl=1&resize=350%2C200","width":350,"height":200},"classes":[]},{"id":5540,"url":"https:\/\/www.satb.sk\/index.php\/2020\/12\/02\/tvorba-so-zborom-a-pre-zbor\/","url_meta":{"origin":4070,"position":4},"title":"TVOR\u2022BA\u00a0so zborom a pre zbor","date":"2 decembra, 2020","format":false,"excerpt":"Online webin\u00e1re pre zborov\u00fdch nad\u0161encov.\u00a0 Bratislavsk\u00fd festival TVOR\u2022BA patr\u00ed na slovenskej festivalovej sc\u00e9ne k t\u00fdm mlad\u0161\u00edm. Vznikol v roku 2018 z iniciat\u00edvy N\u00e1rodn\u00e9ho osvetov\u00e9ho centra za \u00fa\u010delom da\u0165 priestor neprofesion\u00e1lnemu umeniu a prinies\u0165 svojim \u00fa\u010dastn\u00edkom rados\u0165 z tvorivosti a vz\u00e1jomn\u00e9 in\u0161pir\u00e1cie. \u0160pecifikom festivalu je, \u017ee v jeho programe n\u00e1jdeme r\u00f4zne\u2026","rel":"","context":"V &quot;PODUJATIA&quot;","img":{"alt_text":"","src":"https:\/\/i0.wp.com\/www.satb.sk\/wp-content\/uploads\/2020\/12\/TvorBA.png?fit=820%2C360&ssl=1&resize=350%2C200","width":350,"height":200},"classes":[]},{"id":692,"url":"https:\/\/www.satb.sk\/index.php\/2019\/01\/21\/podujatie-mladez-spieva-zverejnilo-propozicie\/","url_meta":{"origin":4070,"position":5},"title":"Podujatie Ml\u00e1de\u017e spieva zverejnilo propoz\u00edcie","date":"21 janu\u00e1ra, 2019","format":false,"excerpt":"Najstar\u0161ia postupov\u00e1 s\u00fa\u0165a\u017e a prehliadka v oblasti zborov\u00e9ho spevu na Slovensku zverejnila podmienky, na z\u00e1klade ktor\u00fdch sa m\u00f4\u017eu prihl\u00e1si\u0165 detsk\u00e9 spev\u00e1cke zbory do krajsk\u00fdch k\u00f4l s\u00fa\u0165a\u017ee. Podujatie Ml\u00e1de\u017e spieva je na zborovej sc\u00e9ne u\u017e od roku 1969 a tento rok sa pripravuje na oslavu svojho p\u00e4\u0165desiateho v\u00fdro\u010dia. S\u00fa\u0165a\u017en\u00e1 prehliadka bola\u2026","rel":"","context":"V &quot;PODUJATIA&quot;","img":{"alt_text":"","src":"https:\/\/i2.wp.com\/www.satb.sk\/wp-content\/uploads\/2019\/01\/19621074_252383868500134_2984842279771165822_o.jpg?fit=1200%2C900&ssl=1&resize=350%2C200","width":350,"height":200},"classes":[]}],"_links":{"self":[{"href":"https:\/\/www.satb.sk\/index.php\/wp-json\/wp\/v2\/posts\/4070"}],"collection":[{"href":"https:\/\/www.satb.sk\/index.php\/wp-json\/wp\/v2\/posts"}],"about":[{"href":"https:\/\/www.satb.sk\/index.php\/wp-json\/wp\/v2\/types\/post"}],"author":[{"embeddable":true,"href":"https:\/\/www.satb.sk\/index.php\/wp-json\/wp\/v2\/users\/1"}],"replies":[{"embeddable":true,"href":"https:\/\/www.satb.sk\/index.php\/wp-json\/wp\/v2\/comments?post=4070"}],"version-history":[{"count":3,"href":"https:\/\/www.satb.sk\/index.php\/wp-json\/wp\/v2\/posts\/4070\/revisions"}],"predecessor-version":[{"id":4075,"href":"https:\/\/www.satb.sk\/index.php\/wp-json\/wp\/v2\/posts\/4070\/revisions\/4075"}],"wp:featuredmedia":[{"embeddable":true,"href":"https:\/\/www.satb.sk\/index.php\/wp-json\/wp\/v2\/media\/4071"}],"wp:attachment":[{"href":"https:\/\/www.satb.sk\/index.php\/wp-json\/wp\/v2\/media?parent=4070"}],"wp:term":[{"taxonomy":"category","embeddable":true,"href":"https:\/\/www.satb.sk\/index.php\/wp-json\/wp\/v2\/categories?post=4070"},{"taxonomy":"post_tag","embeddable":true,"href":"https:\/\/www.satb.sk\/index.php\/wp-json\/wp\/v2\/tags?post=4070"}],"curies":[{"name":"wp","href":"https:\/\/api.w.org\/{rel}","templated":true}]}}