{"id":4101,"date":"2019-06-03T04:13:12","date_gmt":"2019-06-03T04:13:12","guid":{"rendered":"https:\/\/www.satb.sk\/?p=4101"},"modified":"2019-07-17T06:36:11","modified_gmt":"2019-07-17T06:36:11","slug":"mladez-spieva-oslavila-50-vyrocie","status":"publish","type":"post","link":"https:\/\/www.satb.sk\/index.php\/2019\/06\/03\/mladez-spieva-oslavila-50-vyrocie\/","title":{"rendered":"Ml\u00e1de\u017e spieva osl\u00e1vila 50. v\u00fdro\u010die"},"content":{"rendered":"<h6><em><strong><br \/>\nV Prievidzi sa konal jubilejn\u00fd ro\u010dn\u00edk najstar\u0161ej postupovej prehliadky v zborovom speve na Slovensku. Zv\u00ed\u0165azili v\u0161etky spev\u00e1cke zbory.<\/strong><\/em><\/h6>\n<p><!--more--><\/p>\n<p>&nbsp;<\/p>\n<p>Celo\u0161t\u00e1tna postupov\u00e1 s\u00fa\u0165a\u017e a prehliadka detsk\u00fdch spev\u00e1ckych zborov Ml\u00e1de\u017e spieva osl\u00e1vila minul\u00fd t\u00fd\u017ede\u0148 50. v\u00fdro\u010die svojho vzniku.Tento rok s\u00fa\u0165a\u017eilo v krajsk\u00fdch kol\u00e1ch 31 detsk\u00fdch spev\u00e1ckych zborov s pribli\u017en\u00fdm po\u010dtom tis\u00edc spev\u00e1kov. Na celo\u0161t\u00e1tne kolo do Prievidze post\u00fapilo 13 najlep\u0161\u00edch detsk\u00fdch zborov s po\u010dtom 400 spev\u00e1kov. Ml\u00e1de\u017e spieva patr\u00ed u\u017e polstoro\u010die medzi najv\u00fdznamnej\u0161ie podujatia v oblasti zborov\u00e9ho spevu na Slovensku.\u00a0Cie\u013eom tohto podujatia je vytv\u00e1ra\u0165 pre spev\u00e1cke zbory priestor na prezent\u00e1ciu a sebarealiz\u00e1ciu a z\u00e1rove\u0148 podnecova\u0165 deti a ml\u00e1de\u017e k uchov\u00e1vaniu spevnosti.<\/p>\n<p>Cel\u00e9 podujatie za\u010dalo v stredu 29. m\u00e1ja sl\u00e1vnostn\u00fdm otv\u00e1rac\u00edm koncertom, na ktorom vyst\u00fapil hos\u0165 podujatia <a href=\"https:\/\/www.satb.sk\/index.php\/2019\/05\/20\/konkurz-do-bratislavskeho-chlapcenskeho-zboru\/\" target=\"_blank\" rel=\"noopener\"><strong>Bratislavsk\u00fd chlap\u010densk\u00fd zbor<\/strong><\/a>\u00a0pod veden\u00edm Magdal\u00e9ny Rov\u0148\u00e1kovej a Gabriela Rov\u0148\u00e1ka ml.\u00a0Hlavn\u00e1 \u010das\u0165 podujatia prebehla vo \u0161tvrtok. V doobed\u0148aj\u0161\u00edch hodin\u00e1ch prebiehali jednotliv\u00e9 vyst\u00fapenia z\u00fa\u010dastnen\u00fdch spev\u00e1ckych zborov a po nich sa zbory presunuli na workshop v spolupr\u00e1ci s orchestrom pri ZU\u0160 L. Stan\u010deka v Prievidzi. Orchester i zbory spolo\u010dne nacvi\u010dili skladby v \u00faprave Zdenka Mikulu, konkr\u00e9tne <em>Hori\u010dky zelenie<\/em> a <em>N\u00e1\u0161 tat\u00ed\u010dek<\/em>, <em>Hymn to freedom<\/em> od hudobn\u00edka Oscara Petersona taktie\u017e v \u00faprave Zdenka Mikulu a skladbu Johna Ruttera <em>Look at the world<\/em>. Pre dirigentov spev\u00e1ckych zborov bola v spolupr\u00e1ci s Hudobn\u00fdm fondom pripraven\u00e1 aj burza n\u00f4t, publik\u00e1ci\u00ed a CD albumov.<\/p>\n<div class=\"fb-video\" data-allowfullscreen=\"true\" data-href=\"https:\/\/www.facebook.com\/narodne.osvetove.centrum\/videos\/657238941388952\/UzpfSTIyODY4OTA5MDE1ODU4Mjc6MjQzMTUxNTI4NzEyMzM4Nw\/?modal=admin_todo_tour\"><\/div>\n<p>&nbsp;<\/p>\n<div class=\"fb-video\" data-allowfullscreen=\"true\" data-href=\"https:\/\/www.facebook.com\/narodne.osvetove.centrum\/videos\/2171002412949486\/UzpfSTIyODY4OTA5MDE1ODU4Mjc6MjQzMTA3NDQxMDUwMDgwOA\/?modal=admin_todo_tour\"><\/div>\n<p>Ke\u010f\u017ee sa tohtoro\u010dn\u00e9 podujatie nieslo v znamen\u00ed osl\u00e1v, organiz\u00e1tori podujatia sa pri tejto pr\u00edle\u017eitosti rozhodli nezara\u010fova\u0165 zbory do v\u00ed\u0165azn\u00fdch p\u00e1siem ako to b\u00fdva zvykom. Namiesto toho dostal ka\u017ed\u00fd spev\u00e1cky zbor \u0161peci\u00e1lne ocenenie.<\/p>\n<p><span style=\"text-decoration: underline;\"><strong>ZOZNAM OCENEN\u00cd<\/strong><\/span><\/p>\n<p class=\"p1\"><strong><span class=\"s1\">Cena N\u00e1rodn\u00e9ho osvetov\u00e9ho centra za v\u00fdnimo\u010dn\u00fd umeleck\u00fd v\u00fdkon a\u00a0osobitne za interpret\u00e1ciu polyf\u00f3nnej skladby<br \/>\n<\/span><\/strong><span class=\"s1\">Spev\u00e1cky zbor ZU\u0160, Senica<\/span><\/p>\n<p class=\"p1\"><strong><span class=\"s1\">Cena Hudobn\u00e9ho fondu za hlasov\u00fa kult\u00faru a najlep\u0161\u00ed interpreta\u010dn\u00fd v\u00fdkon<br \/>\n<\/span><\/strong><span class=\"s1\">M\u00e1ria Ja\u0161urdov\u00e1: Ej, pad\u00e1, pad\u00e1 rosi\u010dka<br \/>\n<\/span><span class=\"s1\">Detsk\u00fd spev\u00e1cky zbor Voce Eufonico pri ZU\u0160, Nov\u00e1 Ba\u0148a<\/span><\/p>\n<p class=\"p1\"><strong><span class=\"s1\">Cena riadite\u013eky Region\u00e1lneho kult\u00farneho centra v Prievidza interpret\u00e1ciu s\u00fa\u010dasnej sakr\u00e1lnej skladby<br \/>\n<\/span><\/strong><span class=\"s1\">John Leavitt: Kyrie Eleison<br \/>\n<\/span><span class=\"s1\">Detsk\u00fd spev\u00e1cky zbor Felix pri ZU\u0160, He\u013epa<\/span><\/p>\n<p class=\"p1\"><strong><span class=\"s1\">Cena za interpret\u00e1ciu umeleck\u00e9ho spracovania \u013eudovej piesne<br \/>\n<\/span><\/strong><span class=\"s1\">Detsk\u00fd spev\u00e1cky zbor ZU\u0160 Dezidera Kardo\u0161a, B\u00e1novce nad Bebravou<\/span><\/p>\n<p class=\"p1\"><strong><span class=\"s1\">Cena predsedn\u00ed\u010dky poroty za vynikaj\u00facu dramaturgiu pre detsk\u00fd zbor<br \/>\n<\/span><\/strong><span class=\"s1\">Spev\u00e1cky zbor N\u00e1dej pri ZU\u0160, Rimavsk\u00e1 Sobota<\/span><\/p>\n<p class=\"p1\"><strong><span class=\"s1\">Cena riadite\u013eky Kult\u00farneho a\u00a0spolo\u010densk\u00e9ho strediska v\u00a0Prievidzi za interpret\u00e1ciu skladby<br \/>\n<\/span><\/strong><span class=\"s1\">Nino Rota: Canto di gloria<br \/>\n<\/span><span class=\"s1\">Detsk\u00fd spev\u00e1cky zbor pri ZU\u0160 J\u00f3zsefa Janigu, Ve\u013ek\u00fd Meder<\/span><\/p>\n<p class=\"p1\"><strong><span class=\"s1\">Cena za interpret\u00e1ciu skladby<br \/>\n<\/span><\/strong><span class=\"s1\">Marylin Lightfoot: GloriaDeo<br \/>\n<\/span><span class=\"s1\">Diev\u010densk\u00fd spev\u00e1cky zbor Ozvena, Vranov nad Top\u013eou<\/span><\/p>\n<p class=\"p1\"><strong><span class=\"s1\">Cena Ministerstva \u0161kolstva, vedy, v\u00fdskumu a\u00a0\u0161portu SR za pedagogick\u00fd pr\u00ednos pri v\u00fdchove mal\u00fdch spev\u00e1kov<br \/>\n<\/span><\/strong><span class=\"s1\">Detsk\u00fd spev\u00e1cky zbor Superar, Detva<\/span><\/p>\n<p class=\"p1\"><strong><span class=\"s1\">Cena za interpret\u00e1ciu skladby<br \/>\n<\/span><\/strong><span class=\"s1\">Milan Nov\u00e1k: T\u00fczet Uram, J\u00e9zus! (Ohe\u0148, Je\u017ei\u0161!)<br \/>\n<\/span><span class=\"s1\">Detsk\u00fd spev\u00e1cky zbor \u201eve\u013ek\u00fdch\u201c Schola Mariana pri spojenej cirkevnej \u0161kole Marianum, Kom\u00e1rno<\/span><\/p>\n<p class=\"p1\"><strong><span class=\"s1\">Cena za interpret\u00e1ciu skladby<br \/>\n<\/span><\/strong><span class=\"s1\">Rudolf Zavadil: \u0160kovr\u00e1nok spieva<br \/>\n<\/span><span class=\"s1\">Detsk\u00fd spev\u00e1cky zbor Hlohov\u010dat\u00e1, Hlohovec<\/span><\/p>\n<p class=\"p1\"><strong><span class=\"s1\">Cena za pestr\u00fa dramaturgiu<br \/>\n<\/span><\/strong><span class=\"s1\">Detsk\u00fd spev\u00e1cky zbor Lienka pri SZU\u0160 M\u00faza, Humenn\u00e9<\/span><\/p>\n<p class=\"p1\"><strong><span class=\"s1\">Cena riadite\u013ea Z\u00e1kladnej umeleckej \u0161koly L. Stan\u010deka v\u00a0Prievidzi za propag\u00e1ciu slovenskej zborovej tvorby<br \/>\n<\/span><\/strong><span class=\"s1\">Detsk\u00fd spev\u00e1cky zbor ZU\u0160 Franza Schuberta, \u017deliezovce<\/span><\/p>\n<p class=\"p1\"><strong><span class=\"s1\">Cena prim\u00e1torky za reprezent\u00e1ciu mesta Prievidza<br \/>\n<\/span><\/strong><span class=\"s1\">Detsk\u00fd spev\u00e1cky zbor Liberi Cantantes pri ZU\u0160 L. Stan\u010deka, Prievidza<\/span><\/p>\n<div class=\"fb-video\" data-allowfullscreen=\"true\" data-href=\"https:\/\/www.facebook.com\/povazska.vladimira\/videos\/pcb.365399350774600\/10214414724182916\/?type=3&#038;theater&#038;ifg=1\"><\/div>\n<p>Pripravil: satb.sk<br \/>\nZdroj: nocka.sk<\/p>\n<p>&nbsp;<\/p>\n","protected":false},"excerpt":{"rendered":"<p>V Prievidzi sa konal jubilejn\u00fd ro\u010dn\u00edk najstar\u0161ej postupovej prehliadky v zborovom speve na Slovensku. Zv\u00ed\u0165azili v\u0161etky spev\u00e1cke zbory.<\/p>\n","protected":false},"author":1,"featured_media":4106,"comment_status":"closed","ping_status":"closed","sticky":false,"template":"","format":"standard","meta":{"om_disable_all_campaigns":false,"_monsterinsights_skip_tracking":false,"_monsterinsights_sitenote_active":false,"_monsterinsights_sitenote_note":"","_monsterinsights_sitenote_category":0,"spay_email":"","footnotes":"","jetpack_publicize_message":"","jetpack_is_tweetstorm":false},"categories":[49,22],"tags":[38],"class_list":["post-4101","post","type-post","status-publish","format-standard","has-post-thumbnail","hentry","category-aktualne","category-podujatia","tag-mladez-spieva"],"aioseo_notices":[],"jetpack_featured_media_url":"https:\/\/i1.wp.com\/www.satb.sk\/wp-content\/uploads\/2019\/06\/Mla\u0301dez\u030c-spieva.jpg?fit=683%2C317&ssl=1","jetpack_publicize_connections":[],"jetpack_sharing_enabled":true,"jetpack_shortlink":"https:\/\/wp.me\/pav5wC-149","jetpack-related-posts":[{"id":6115,"url":"https:\/\/www.satb.sk\/index.php\/2022\/01\/26\/pozname-terminy-mladez-spieva\/","url_meta":{"origin":4101,"position":0},"title":"Spojen\u00e9 ro\u010dn\u00edky a bez povinnej skladby. Pozn\u00e1me term\u00edny Ml\u00e1de\u017e spieva","date":"26 janu\u00e1ra, 2022","format":false,"excerpt":"Najstar\u0161ie zborov\u00e9 podujatie na Slovensku sa bude kona\u0165 aj napriek pand\u00e9mii.\u00a0 Po pandemickej odmlke sa pomaly vracaj\u00fa do kult\u00farneho \u017eivota aj podujatia pre spev\u00e1cke zbory. Tento rok sa uskuto\u010dn\u00ed 51. ro\u010dn\u00edk Celo\u0161t\u00e1tnej postupovej s\u00fa\u0165a\u017ee a prehliadky detsk\u00fdch a ml\u00e1de\u017en\u00edckych spev\u00e1ckych zborov Ml\u00e1de\u017e spieva 2022. Ml\u00e1de\u017e spieva patr\u00ed k vrcholn\u00fdm podujatiam\u2026","rel":"","context":"V &quot;AKTU\u00c1LNE&quot;","img":{"alt_text":"","src":"https:\/\/i0.wp.com\/www.satb.sk\/wp-content\/uploads\/2022\/01\/61852989_2298332020419336_8870836856296570880_n.jpeg?fit=1200%2C800&ssl=1&resize=350%2C200","width":350,"height":200},"classes":[]},{"id":6180,"url":"https:\/\/www.satb.sk\/index.php\/2024\/05\/13\/mladez-spieva-2024-plna-slovenskej-tvorby-a-kvalitnych-vykonov\/","url_meta":{"origin":4101,"position":1},"title":"Ml\u00e1de\u017e spieva 2024 pln\u00e1 slovenskej tvorby a\u00a0kvalitn\u00fdch umeleck\u00fdch v\u00fdkonov","date":"13 m\u00e1ja, 2024","format":false,"excerpt":"Pozn\u00e1me v\u00ed\u0165azov celo\u0161t\u00e1tnej s\u00fa\u0165a\u017ee a prehliadky Ml\u00e1de\u017e spieva 2024. Premi\u00e9ry slovensk\u00fdch skladieb, bohat\u00fd program a\u00a0predov\u0161etk\u00fdm vysok\u00e1 umeleck\u00e1 \u00farove\u0148. Aj tak by sa dal op\u00edsa\u0165 52. ro\u010dn\u00edk celo\u0161t\u00e1tnej s\u00fa\u0165a\u017ee a\u00a0prehliadky detsk\u00fdch a\u00a0ml\u00e1de\u017en\u00edckych spev\u00e1ckych zborov Ml\u00e1de\u017e spieva 2024. Celo\u0161t\u00e1tne kolo s\u00fa\u0165a\u017ee Ml\u00e1de\u017e spieva sa uskuto\u010dnilo 10. \u2013 11. m\u00e1ja 2024 v\u00a0Prievidzi a\u00a0z\u00fa\u010dastnilo\u2026","rel":"","context":"V &quot;AKTU\u00c1LNE&quot;","img":{"alt_text":"","src":"https:\/\/i0.wp.com\/www.satb.sk\/wp-content\/uploads\/2024\/05\/IMG_0433-scaled.jpg?fit=1200%2C900&ssl=1&resize=350%2C200","width":350,"height":200},"classes":[]},{"id":692,"url":"https:\/\/www.satb.sk\/index.php\/2019\/01\/21\/podujatie-mladez-spieva-zverejnilo-propozicie\/","url_meta":{"origin":4101,"position":2},"title":"Podujatie Ml\u00e1de\u017e spieva zverejnilo propoz\u00edcie","date":"21 janu\u00e1ra, 2019","format":false,"excerpt":"Najstar\u0161ia postupov\u00e1 s\u00fa\u0165a\u017e a prehliadka v oblasti zborov\u00e9ho spevu na Slovensku zverejnila podmienky, na z\u00e1klade ktor\u00fdch sa m\u00f4\u017eu prihl\u00e1si\u0165 detsk\u00e9 spev\u00e1cke zbory do krajsk\u00fdch k\u00f4l s\u00fa\u0165a\u017ee. Podujatie Ml\u00e1de\u017e spieva je na zborovej sc\u00e9ne u\u017e od roku 1969 a tento rok sa pripravuje na oslavu svojho p\u00e4\u0165desiateho v\u00fdro\u010dia. S\u00fa\u0165a\u017en\u00e1 prehliadka bola\u2026","rel":"","context":"V &quot;PODUJATIA&quot;","img":{"alt_text":"","src":"https:\/\/i2.wp.com\/www.satb.sk\/wp-content\/uploads\/2019\/01\/19621074_252383868500134_2984842279771165822_o.jpg?fit=1200%2C900&ssl=1&resize=350%2C200","width":350,"height":200},"classes":[]},{"id":2505,"url":"https:\/\/www.satb.sk\/index.php\/2019\/02\/11\/festival-akademicka-banska-bystrica\/","url_meta":{"origin":4101,"position":3},"title":"Festival Akademick\u00e1 Bansk\u00e1 Bystrica","date":"11 febru\u00e1ra, 2019","format":false,"excerpt":"Po podujat\u00ed\u00a0Ml\u00e1de\u017e spieva a po\u00a0Vranovsk\u00fdch zborov\u00fdch sl\u00e1vnostiach zverejnili s\u00fa\u0165a\u017en\u00e9 propoz\u00edcie aj organiz\u00e1tori \u010fal\u0161ieho zborov\u00e9ho festivalu na Slovensku. Po dvoch rokoch sa n\u00e1m znovu vracia medzin\u00e1rodn\u00fd s\u00fa\u0165a\u017en\u00fd festival Akademick\u00e1 Bansk\u00e1 Bystrica. Toto podujatie m\u00e1 dvojro\u010dn\u00fa periodicitu a u\u017e osemn\u00e1s\u0165 rokov sa te\u0161\u00ed ob\u013eube u dom\u00e1cich, ale i u zahrani\u010dn\u00fdch spev\u00e1ckych zborov.\u2026","rel":"","context":"V &quot;AKTU\u00c1LNE&quot;","img":{"alt_text":"","src":"https:\/\/i2.wp.com\/www.satb.sk\/wp-content\/uploads\/2019\/02\/siteIcon-4829.jpg?fit=570%2C388&ssl=1&resize=350%2C200","width":350,"height":200},"classes":[]},{"id":5732,"url":"https:\/\/www.satb.sk\/index.php\/2021\/04\/30\/premiera-aj-napriek-pandemii\/","url_meta":{"origin":4101,"position":4},"title":"Premi\u00e9ra aj napriek pand\u00e9mii","date":"30 apr\u00edla, 2021","format":false,"excerpt":"Vypo\u010dujte si virtu\u00e1lnu premi\u00e9ru v podan\u00ed spev\u00e1ckeho zboru Gaudeamus z\u00a0Pre\u0161ova. Diev\u010densk\u00fd spev\u00e1cky zbor Gaudeamus p\u00f4sob\u00ed v\u00a0Pre\u0161ove v r\u00e1mci Strednej odbornej \u0161koly pedagogickej. Zbor patr\u00ed ku jedn\u00e9mu z\u00a0m\u00e1la stredo\u0161kolsk\u00fdch zborov, ktor\u00e9 na Slovensku e\u0161te m\u00e1me. Tak ako v\u00e4\u010d\u0161ina zborov\u00fdch spev\u00e1kov, aj \u010dlenky zboru Gaudeamus museli kv\u00f4li pand\u00e9mii o\u017eelie\u0165 svoje n\u00e1cviky. Ke\u010f\u017ee\u2026","rel":"","context":"V &quot;AKTU\u00c1LNE&quot;","img":{"alt_text":"","src":"https:\/\/i0.wp.com\/www.satb.sk\/wp-content\/uploads\/2021\/04\/180344554_10219820383640561_982615669234692018_n-e1619788080274.jpeg?fit=883%2C571&ssl=1&resize=350%2C200","width":350,"height":200},"classes":[]},{"id":3958,"url":"https:\/\/www.satb.sk\/index.php\/2019\/04\/14\/zucastnite-sa-podujatia-viva-il-canto\/","url_meta":{"origin":4101,"position":5},"title":"Z\u00fa\u010dastnite sa podujatia Viva il canto","date":"14 apr\u00edla, 2019","format":false,"excerpt":"Po dvoch rokoch sa znovu m\u00f4\u017eete prihl\u00e1si\u0165 na Celo\u0161t\u00e1tnu s\u00fa\u0165a\u017e a prehliadku pre dospel\u00e9 spev\u00e1cke zbory.\u00a0 Podujatie Viva il canto\u00a0je na zborovej sc\u00e9ne pomerne kr\u00e1tko (od roku 2013), no napriek tomu si toto podujatie ob\u013e\u00fabilo viacero spev\u00e1ckych zborov na Slovensku. Viva il canto je v s\u00fa\u010dasnosti jedinou postupovou s\u00fa\u0165a\u017enou prehliadkou\u2026","rel":"","context":"V &quot;PODUJATIA&quot;","img":{"alt_text":"","src":"https:\/\/i1.wp.com\/www.satb.sk\/wp-content\/uploads\/2019\/04\/0041-947x629.jpg?fit=947%2C629&ssl=1&resize=350%2C200","width":350,"height":200},"classes":[]}],"_links":{"self":[{"href":"https:\/\/www.satb.sk\/index.php\/wp-json\/wp\/v2\/posts\/4101"}],"collection":[{"href":"https:\/\/www.satb.sk\/index.php\/wp-json\/wp\/v2\/posts"}],"about":[{"href":"https:\/\/www.satb.sk\/index.php\/wp-json\/wp\/v2\/types\/post"}],"author":[{"embeddable":true,"href":"https:\/\/www.satb.sk\/index.php\/wp-json\/wp\/v2\/users\/1"}],"replies":[{"embeddable":true,"href":"https:\/\/www.satb.sk\/index.php\/wp-json\/wp\/v2\/comments?post=4101"}],"version-history":[{"count":16,"href":"https:\/\/www.satb.sk\/index.php\/wp-json\/wp\/v2\/posts\/4101\/revisions"}],"predecessor-version":[{"id":4208,"href":"https:\/\/www.satb.sk\/index.php\/wp-json\/wp\/v2\/posts\/4101\/revisions\/4208"}],"wp:featuredmedia":[{"embeddable":true,"href":"https:\/\/www.satb.sk\/index.php\/wp-json\/wp\/v2\/media\/4106"}],"wp:attachment":[{"href":"https:\/\/www.satb.sk\/index.php\/wp-json\/wp\/v2\/media?parent=4101"}],"wp:term":[{"taxonomy":"category","embeddable":true,"href":"https:\/\/www.satb.sk\/index.php\/wp-json\/wp\/v2\/categories?post=4101"},{"taxonomy":"post_tag","embeddable":true,"href":"https:\/\/www.satb.sk\/index.php\/wp-json\/wp\/v2\/tags?post=4101"}],"curies":[{"name":"wp","href":"https:\/\/api.w.org\/{rel}","templated":true}]}}