{"id":4165,"date":"2019-07-11T20:45:13","date_gmt":"2019-07-11T20:45:13","guid":{"rendered":"https:\/\/www.satb.sk\/?p=4165"},"modified":"2019-07-21T19:27:32","modified_gmt":"2019-07-21T19:27:32","slug":"ake-boli-vranovske-zborove-slavnosti","status":"publish","type":"post","link":"https:\/\/www.satb.sk\/index.php\/2019\/07\/11\/ake-boli-vranovske-zborove-slavnosti\/","title":{"rendered":"Ak\u00e9 boli Vranovsk\u00e9 zborov\u00e9 sl\u00e1vnosti?"},"content":{"rendered":"<h6><strong><em>Skon\u010dil sa 32. ro\u010dn\u00edk medzin\u00e1rodn\u00e9ho zborov\u00e9ho festivalu vo Vranove nad Top\u013eou.<\/em><\/strong><\/h6>\n<p><!--more--><\/p>\n<p>Vranovsk\u00e9 zborov\u00e9 sl\u00e1vnosti patria k najstar\u0161\u00edm zborov\u00fdm festivalom na Slovensku. Tohtoro\u010dn\u00fd festival sa konal 20. &#8211; 23. j\u00fana vo Vranove nad Top\u013eou a predstavilo sa na \u0148om osem spev\u00e1ckych zborov zo \u0161tyroch kraj\u00edn. Z\u00e1\u0161titu nad podujat\u00edm prebrala <span class=\"s2\">ministerka kult\u00fary SR \u013dubica La\u0161\u0161\u00e1kov\u00e1<span class=\"Apple-converted-space\">\u00a0<\/span>a prim\u00e1tor mesta Vranov nad Top\u013eou J\u00e1n Ragan.\u00a0<\/span><\/p>\n<p class=\"p1\"><span class=\"s2\">Festival sa ofici\u00e1lne za\u010dal v piatok 21. j\u00fana 2019 sl\u00e1vnostn\u00fdm prijat\u00edm zborov prim\u00e1torom mesta Vranov nad Top\u013eou. Po prijat\u00ed nasledovali festivalov\u00e9 koncerty vo Vranove a jeho okol\u00ed. Na koncerte\u00a0<\/span><span class=\"s2\">v\u00a0Evanjelickom kostole v\u00a0Hanu\u0161ovciach nad Top\u013eou zaspievali \u0161tyri spev\u00e1cke zbory &#8211; Mie\u0161an\u00fd spev\u00e1cky zbor J\u00e1na Bohdana Hrobo\u0148a pri Evanjelickom<span class=\"Apple-converted-space\">\u00a0<\/span>a.v.<span class=\"Apple-converted-space\">\u00a0<\/span>Cirkevnom zbore Hanu\u0161ovce nad Top\u013eou, Detsk\u00fd spev\u00e1cky zbor \u201eD\u00daHA\u201c Debrec\u00edn z Ma\u010farska, Zbor Sv\u00e4t\u00e9ho Michala z Michaloviec<span class=\"Apple-converted-space\">\u00a0<\/span>a Komorn\u00fd spev\u00e1cky zbor ZVONY zo Srbska.\u00a0<\/span><span class=\"s2\">Prehliadkou toho najlep\u0161ieho v\u00a0reperto\u00e1ri spev\u00e1ckych<span class=\"Apple-converted-space\">\u00a0<\/span>zborov bol galakoncert zborov\u00fdch sl\u00e1vnost\u00ed v\u00a0Dome kult\u00fary, na ktorom sa predstavil<span class=\"Apple-converted-space\">\u00a0op\u00e4\u0165\u00a0<\/span>Detsk\u00fd spev\u00e1cky zbor \u201eD\u00faha\u201c Debrec\u00edn z Ma\u010farska, \u010falej Mie\u0161an\u00fd spev\u00e1cky zbor Shamayim a Mie\u0161an\u00fd spev\u00e1cky zbor Avihayil z Izraela, Komorn\u00fd spev\u00e1cky zbor Zvony zo Srbska a\u00a0Diev\u010densk\u00fd a\u00a0Ml\u00e1de\u017en\u00edcky spev\u00e1cky zbor OZVENA z Vranova nad Top\u013eou. V z\u00e1vere galakoncertu<span class=\"Apple-converted-space\">\u00a0<\/span>sa zbory<span class=\"Apple-converted-space\">\u00a0<\/span>rozl\u00fa\u010dili s\u00a0obecenstvom<span class=\"Apple-converted-space\">\u00a0<\/span>Mokrajacovou skladbou \u201eTebe pojem\u201c a Sucho\u0148ovou pies\u0148ou \u201eAk\u00e1 si mi kr\u00e1sna\u201c pod dirigentskou taktovkou Juraja S\u00fadiho zo Srbska. <\/span><\/p>\n<p class=\"p2\"><span class=\"s2\">V\u00a0r\u00e1mci festivalu sa uskuto\u010dnili aj viacer\u00e9 sprievodn\u00e9 podujatia ako stretnutia na Juskovej Voli \u010di n\u00e1v\u0161teva skanzenu<br \/>\nv Humennom a\u00a0ka\u0161tie\u013ea v Hanu\u0161ovciach nad Top\u013eou. Najzauj\u00edmavej\u0161ou sprievodnou akciou bol v\u0161ak workshop a\u00a0semin\u00e1r<span class=\"Apple-converted-space\">\u00a0srbsk\u00e9ho pedag\u00f3ga a dirigenta Juraja S\u00fadiho\u00a0<\/span>na t\u00e9mu\u00a0<b>\u201e <\/b>\u010cinnos\u0165 slovenskej zborovej kult\u00fary a\u00a0jej vplyv na rozvoju a\u00a0\u0161\u00edrenie interkulturality vo Vojvodine \u201c. Ve\u013emi mil\u00fdm podujat\u00edm bolo tie\u017e stretnutie \u017eiakov zo Z\u0160 L\u00fa\u010dna so zbormi z\u00a0Ma\u010farska a\u00a0Srbska. S\u00fabory sa vz\u00e1jomne predstavili v\u00a0kvalitn\u00fdch vyst\u00fapeniach a ich program tane\u010dne doplnil FS \u010eatelinka.<span class=\"Apple-converted-space\">\u00a0V posledn\u00fd de\u0148 festivalu zbory vyst\u00fapili na om\u0161iach a slu\u017eb\u00e1ch Bo\u017e\u00edch v r\u00e1mci chr\u00e1mov vo Vranove nad Top\u013eou. <\/span><\/span><\/p>\n<p class=\"p2\"><span class=\"s1\">T<\/span><span class=\"s2\">ridsiaty druh\u00fd ro\u010dn\u00edk medzin\u00e1rodn\u00e9ho zborov\u00e9ho festivalu Vranovsk\u00e9 zborov\u00e9 sl\u00e1vnosti bol v\u00fdnimo\u010dn\u00fdm sviatkom spevu, preto\u017ee sa tu stretli a vymenili si sk\u00fasenosti vynikaj\u00face spev\u00e1cke zbory<span class=\"Apple-converted-space\">\u00a0<\/span>zo zahrani\u010dia i zo Slovenska. O \u00faspechu podujatia sved\u010dia i slov\u00e1 \u00fa\u010dastn\u00edkov, ktor\u00e9 zanechali\u00a0<\/span><span class=\"s2\">v\u00a0kronike festivalu: \u201eBolo n\u00e1m c\u0165ou by\u0165 s\u00fa\u010das\u0165ou rozpr\u00e1vky, ktor\u00e1 sa naz\u00fdva \u201eVranovsk\u00e9 zborov\u00e9 sl\u00e1vnosti\u201c.<\/span><\/p>\n<p>Pripravili: Vilma Krauspeov\u00e1, satb.sk<br \/>\nFoto: Vilma Krauspeov\u00e1<\/p>\n","protected":false},"excerpt":{"rendered":"<p>Skon\u010dil sa 32. ro\u010dn\u00edk medzin\u00e1rodn\u00e9ho zborov\u00e9ho festivalu vo Vranove nad Top\u013eou.<\/p>\n","protected":false},"author":1,"featured_media":4177,"comment_status":"closed","ping_status":"closed","sticky":false,"template":"","format":"standard","meta":{"om_disable_all_campaigns":false,"_monsterinsights_skip_tracking":false,"_monsterinsights_sitenote_active":false,"_monsterinsights_sitenote_note":"","_monsterinsights_sitenote_category":0,"spay_email":"","footnotes":"","jetpack_publicize_message":"","jetpack_is_tweetstorm":false},"categories":[49,22],"tags":[],"class_list":["post-4165","post","type-post","status-publish","format-standard","has-post-thumbnail","hentry","category-aktualne","category-podujatia"],"aioseo_notices":[],"jetpack_featured_media_url":"https:\/\/i1.wp.com\/www.satb.sk\/wp-content\/uploads\/2019\/07\/017-1.jpg?fit=2592%2C1944&ssl=1","jetpack_publicize_connections":[],"jetpack_sharing_enabled":true,"jetpack_shortlink":"https:\/\/wp.me\/pav5wC-15b","jetpack-related-posts":[{"id":1700,"url":"https:\/\/www.satb.sk\/index.php\/2019\/02\/04\/prihlaste-sa-na-vranovske-zborove-slavnosti\/","url_meta":{"origin":4165,"position":0},"title":"Prihl\u00e1ste sa na Vranovsk\u00e9 zborov\u00e9 sl\u00e1vnosti","date":"4 febru\u00e1ra, 2019","format":false,"excerpt":"Ob\u013e\u00faben\u00fd zborov\u00fd festival z v\u00fdchodn\u00e9ho Slovenska zverejnil svoj predbe\u017en\u00fd program.\u00a0 Vranovsk\u00e9 zborov\u00e9 sl\u00e1vnosti patria k najstar\u0161\u00edm zborov\u00fdm festivalom na Slovensku. Tento festival je nes\u00fa\u0165a\u017en\u00fd a je ur\u010den\u00fd pre spev\u00e1cke zbory v\u0161etk\u00fdch vekov\u00fdch kateg\u00f3ri\u00ed. Z\u00fa\u010dastni\u0165 sa ho m\u00f4\u017eu nielen spev\u00e1cke zbory zo Slovenska, ale aj zo zahrani\u010dia, pri\u010dom zbory maj\u00fa mo\u017enos\u0165\u2026","rel":"","context":"V &quot;PODUJATIA&quot;","img":{"alt_text":"","src":"https:\/\/i0.wp.com\/www.satb.sk\/wp-content\/uploads\/2019\/02\/056.jpg?fit=1200%2C900&ssl=1&resize=350%2C200","width":350,"height":200},"classes":[]},{"id":5732,"url":"https:\/\/www.satb.sk\/index.php\/2021\/04\/30\/premiera-aj-napriek-pandemii\/","url_meta":{"origin":4165,"position":1},"title":"Premi\u00e9ra aj napriek pand\u00e9mii","date":"30 apr\u00edla, 2021","format":false,"excerpt":"Vypo\u010dujte si virtu\u00e1lnu premi\u00e9ru v podan\u00ed spev\u00e1ckeho zboru Gaudeamus z\u00a0Pre\u0161ova. Diev\u010densk\u00fd spev\u00e1cky zbor Gaudeamus p\u00f4sob\u00ed v\u00a0Pre\u0161ove v r\u00e1mci Strednej odbornej \u0161koly pedagogickej. Zbor patr\u00ed ku jedn\u00e9mu z\u00a0m\u00e1la stredo\u0161kolsk\u00fdch zborov, ktor\u00e9 na Slovensku e\u0161te m\u00e1me. Tak ako v\u00e4\u010d\u0161ina zborov\u00fdch spev\u00e1kov, aj \u010dlenky zboru Gaudeamus museli kv\u00f4li pand\u00e9mii o\u017eelie\u0165 svoje n\u00e1cviky. Ke\u010f\u017ee\u2026","rel":"","context":"V &quot;AKTU\u00c1LNE&quot;","img":{"alt_text":"","src":"https:\/\/i0.wp.com\/www.satb.sk\/wp-content\/uploads\/2021\/04\/180344554_10219820383640561_982615669234692018_n-e1619788080274.jpeg?fit=883%2C571&ssl=1&resize=350%2C200","width":350,"height":200},"classes":[]},{"id":4101,"url":"https:\/\/www.satb.sk\/index.php\/2019\/06\/03\/mladez-spieva-oslavila-50-vyrocie\/","url_meta":{"origin":4165,"position":2},"title":"Ml\u00e1de\u017e spieva osl\u00e1vila 50. v\u00fdro\u010die","date":"3 j\u00fana, 2019","format":false,"excerpt":"V Prievidzi sa konal jubilejn\u00fd ro\u010dn\u00edk najstar\u0161ej postupovej prehliadky v zborovom speve na Slovensku. Zv\u00ed\u0165azili v\u0161etky spev\u00e1cke zbory. \u00a0 Celo\u0161t\u00e1tna postupov\u00e1 s\u00fa\u0165a\u017e a prehliadka detsk\u00fdch spev\u00e1ckych zborov Ml\u00e1de\u017e spieva osl\u00e1vila minul\u00fd t\u00fd\u017ede\u0148 50. v\u00fdro\u010die svojho vzniku.Tento rok s\u00fa\u0165a\u017eilo v krajsk\u00fdch kol\u00e1ch 31 detsk\u00fdch spev\u00e1ckych zborov s pribli\u017en\u00fdm po\u010dtom tis\u00edc spev\u00e1kov.\u2026","rel":"","context":"V &quot;AKTU\u00c1LNE&quot;","img":{"alt_text":"","src":"https:\/\/i1.wp.com\/www.satb.sk\/wp-content\/uploads\/2019\/06\/Mla\u0301dez\u030c-spieva.jpg?fit=683%2C317&ssl=1&resize=350%2C200","width":350,"height":200},"classes":[]},{"id":5751,"url":"https:\/\/www.satb.sk\/index.php\/2021\/09\/13\/nova-hymna-i-skladba-venovana-frantiskovi-takto-nacvicovali-slovenske-zbory-pre-papeza\/","url_meta":{"origin":4165,"position":3},"title":"Nov\u00e1 hymna i skladba venovan\u00e1 Franti\u0161kovi. Takto nacvi\u010dovali slovensk\u00e9 zbory pre p\u00e1pe\u017ea","date":"13 septembra, 2021","format":false,"excerpt":"Pozreli sme sa ako vyzerali pr\u00edpravy spev\u00e1ckych zborov na vz\u00e1cnu n\u00e1v\u0161tevu z Vatik\u00e1nu.\u00a0 Slovensko aktu\u00e1lne \u017eije dlhoo\u010dak\u00e1van\u00fdm pr\u00edchodom p\u00e1pe\u017ea Franti\u0161ka. Jeho n\u00e1v\u0161tevu sprev\u00e1dzaj\u00fa rozsiahle organiza\u010dn\u00e9 pr\u00edpravy, ktor\u00e9 sa v\u0161ak net\u00fdkaj\u00fa len bezpe\u010dnosti \u010di dopravy, ale aj umeleckej \u010dasti programu n\u00e1v\u0161tevy. Stovky spev\u00e1kov, tane\u010dn\u00edkov i in\u0161trument\u00e1lnych hr\u00e1\u010dov sa u\u017e nieko\u013eko mesiacov\u2026","rel":"","context":"V &quot;AKTU\u00c1LNE&quot;","img":{"alt_text":"","src":"https:\/\/i0.wp.com\/www.satb.sk\/wp-content\/uploads\/2021\/09\/114-Zbor-a-orchester-04-09-2021-\u00a9-jan.f.lukas_-1-scaled.jpg?fit=1200%2C801&ssl=1&resize=350%2C200","width":350,"height":200},"classes":[]},{"id":6180,"url":"https:\/\/www.satb.sk\/index.php\/2024\/05\/13\/mladez-spieva-2024-plna-slovenskej-tvorby-a-kvalitnych-vykonov\/","url_meta":{"origin":4165,"position":4},"title":"Ml\u00e1de\u017e spieva 2024 pln\u00e1 slovenskej tvorby a\u00a0kvalitn\u00fdch umeleck\u00fdch v\u00fdkonov","date":"13 m\u00e1ja, 2024","format":false,"excerpt":"Pozn\u00e1me v\u00ed\u0165azov celo\u0161t\u00e1tnej s\u00fa\u0165a\u017ee a prehliadky Ml\u00e1de\u017e spieva 2024. Premi\u00e9ry slovensk\u00fdch skladieb, bohat\u00fd program a\u00a0predov\u0161etk\u00fdm vysok\u00e1 umeleck\u00e1 \u00farove\u0148. Aj tak by sa dal op\u00edsa\u0165 52. ro\u010dn\u00edk celo\u0161t\u00e1tnej s\u00fa\u0165a\u017ee a\u00a0prehliadky detsk\u00fdch a\u00a0ml\u00e1de\u017en\u00edckych spev\u00e1ckych zborov Ml\u00e1de\u017e spieva 2024. Celo\u0161t\u00e1tne kolo s\u00fa\u0165a\u017ee Ml\u00e1de\u017e spieva sa uskuto\u010dnilo 10. \u2013 11. m\u00e1ja 2024 v\u00a0Prievidzi a\u00a0z\u00fa\u010dastnilo\u2026","rel":"","context":"V &quot;AKTU\u00c1LNE&quot;","img":{"alt_text":"","src":"https:\/\/i0.wp.com\/www.satb.sk\/wp-content\/uploads\/2024\/05\/IMG_0433-scaled.jpg?fit=1200%2C900&ssl=1&resize=350%2C200","width":350,"height":200},"classes":[]},{"id":5164,"url":"https:\/\/www.satb.sk\/index.php\/2020\/02\/17\/chramovy-zbor-bl-p-p-gojdica-kazde-vystupenie-je-pre-nas-uspechom\/","url_meta":{"origin":4165,"position":5},"title":"Chr\u00e1mov\u00fd zbor bl. P. P. Gojdi\u010da: Ka\u017ed\u00e9 vyst\u00fapenie je pre n\u00e1s \u00faspechom","date":"17 febru\u00e1ra, 2020","format":false,"excerpt":"V n\u00e1zve ich zboru n\u00e1jdete meno slovensk\u00e9ho mu\u010den\u00edka. Spievanie je pre nich relax a ich hlavn\u00fdm cie\u013eom je \u0161\u00edri\u0165 kr\u00e1su v\u00fdchodnej liturgie. Mo\u017eno aj preto s\u00fa na zborovej sc\u00e9ne u\u017e dlh\u00fdch tridsa\u0165 rokov. Gr\u00e9ckokatol\u00edcky chr\u00e1mov\u00fd zbor blahoslaven\u00e9ho Pavla\u00a0Petra Gojdi\u010da.\u00a0 Partia \u201educhom mlad\u00fdch\u201c \u013eud\u00ed \u2013 to sme my! Kto teda v\u00a0skuto\u010dnosti\u2026","rel":"","context":"V &quot;O\u010cAMI ZBOROV&quot;","img":{"alt_text":"","src":"https:\/\/i0.wp.com\/www.satb.sk\/wp-content\/uploads\/2020\/02\/Chora-Festival-of-Preveza-Gre\u0301cko-2019-1.jpg?fit=1200%2C798&ssl=1&resize=350%2C200","width":350,"height":200},"classes":[]}],"_links":{"self":[{"href":"https:\/\/www.satb.sk\/index.php\/wp-json\/wp\/v2\/posts\/4165"}],"collection":[{"href":"https:\/\/www.satb.sk\/index.php\/wp-json\/wp\/v2\/posts"}],"about":[{"href":"https:\/\/www.satb.sk\/index.php\/wp-json\/wp\/v2\/types\/post"}],"author":[{"embeddable":true,"href":"https:\/\/www.satb.sk\/index.php\/wp-json\/wp\/v2\/users\/1"}],"replies":[{"embeddable":true,"href":"https:\/\/www.satb.sk\/index.php\/wp-json\/wp\/v2\/comments?post=4165"}],"version-history":[{"count":6,"href":"https:\/\/www.satb.sk\/index.php\/wp-json\/wp\/v2\/posts\/4165\/revisions"}],"predecessor-version":[{"id":4276,"href":"https:\/\/www.satb.sk\/index.php\/wp-json\/wp\/v2\/posts\/4165\/revisions\/4276"}],"wp:featuredmedia":[{"embeddable":true,"href":"https:\/\/www.satb.sk\/index.php\/wp-json\/wp\/v2\/media\/4177"}],"wp:attachment":[{"href":"https:\/\/www.satb.sk\/index.php\/wp-json\/wp\/v2\/media?parent=4165"}],"wp:term":[{"taxonomy":"category","embeddable":true,"href":"https:\/\/www.satb.sk\/index.php\/wp-json\/wp\/v2\/categories?post=4165"},{"taxonomy":"post_tag","embeddable":true,"href":"https:\/\/www.satb.sk\/index.php\/wp-json\/wp\/v2\/tags?post=4165"}],"curies":[{"name":"wp","href":"https:\/\/api.w.org\/{rel}","templated":true}]}}