{"id":4174,"date":"2019-07-15T08:26:08","date_gmt":"2019-07-15T08:26:08","guid":{"rendered":"https:\/\/www.satb.sk\/?p=4174"},"modified":"2019-07-17T08:43:45","modified_gmt":"2019-07-17T08:43:45","slug":"nove-uspechy-slovenskych-zboristov","status":"publish","type":"post","link":"https:\/\/www.satb.sk\/index.php\/2019\/07\/15\/nove-uspechy-slovenskych-zboristov\/","title":{"rendered":"Nov\u00e9 \u00faspechy slovensk\u00fdch zboristov na zahrani\u010dn\u00fdch p\u00f3di\u00e1ch"},"content":{"rendered":"<h6><strong><em>Po \u00faspechu spev\u00e1ckeho zboru <\/em><\/strong><a href=\"https:\/\/www.satb.sk\/index.php\/2019\/07\/02\/velky-uspech-detskeho-spevackeho-zboru\/\" target=\"_blank\" rel=\"noopener\"><em><strong><span style=\"color: #33a7a4;\">Pro Musica &#8211; Magn\u00f3lia<\/span><\/strong><\/em><\/a><strong><em> si ocenenia zo zahrani\u010dn\u00fdch festivalov priniesli aj \u010fal\u0161ie dva spev\u00e1cke zbory zo Slovenska.<\/em><\/strong><\/h6>\n<p><!--more--><\/p>\n<p>Prv\u00fdm z nich bol <strong>\u017densk\u00fd spev\u00e1cky zbor Vocals <\/strong>z Pre\u0161ova, ktor\u00fd sa z\u00fa\u010dastnil\u00a0Medzin\u00e1rodn\u00e9ho festivalu Severnoje Belcanto<br \/>\nv Petrohrade. Zo s\u00fa\u0165a\u017ee si doniesol tretie miesto v kateg\u00f3ri\u00ed \u017eensk\u00e9 zbory, prv\u00e9 miesto v kateg\u00f3ri\u00ed n\u00e1rodn\u00e9 piesne a dirigentka zboru Bronislava Feckov\u00e1 z\u00edskala \u0161peci\u00e1lnu za najlep\u0161\u00ed dirigentsk\u00fd v\u00fdkon.<\/p>\n<p>Spev\u00e1cky zbor Vocals sa na s\u00fa\u0165a\u017e pripravoval takmer jeden rok, po\u010das ktor\u00e9ho \u010dlenovia zboru absolvovali nieko\u013eko koncertov a pr\u00edpravn\u00fdch s\u00fastreden\u00ed. S\u00fa\u0165a\u017en\u00fd reperto\u00e1r zboru obsahoval predov\u0161etk\u00fdm skladby slovensk\u00fdch skladate\u013eov, konkr\u00e9tne\u00a0Petra \u0160pil\u00e1ka (Ara, more), Krist\u00edny Rus\u0148\u00e1kovej (\u010cervene, \u017ee\u013eene), Ivana Hru\u0161ovsk\u00e9ho (Zahu\u010dali chladn\u00e9 vetry v doline), \u0160tefana Klimu (Tr\u00e1vnice) a Zdenka Mikulu (Joj, mamo). &#8220;Rusk\u00e1 \u0161kola ja in\u00fd spev a in\u00e1 hudba. My sme zabodovali na\u0161imi pies\u0148ami a som ve\u013emi hrd\u00e1, \u017ee sme z\u00edskali tak\u00e9to ocenenia, ktor\u00e9 pos\u00favaj\u00fa zbor o nie\u010do vy\u0161\u0161ie.&#8221; prezradila dirigentka zboru Bronislava Feckov\u00e1. Napriek z\u00edskan\u00fdm \u00faspechom dirigentka a zboristky nezah\u00e1\u013eaj\u00fa, ale poctivo sa pripravuj\u00fa na medzin\u00e1rodn\u00fd festival <a href=\"https:\/\/www.satb.sk\/index.php\/2019\/05\/13\/festival-voce-magna-2019-spustil-prihlasovanie\/#more-4018\" target=\"_blank\" rel=\"noopener\">Voce Magna<br \/>\nv \u017diline<\/a> a na spolo\u010dn\u00fd koncert s Pra\u017esk\u00fdm mie\u0161an\u00fdm zborom.<\/p>\n<div class=\"fb-video\" data-allowfullscreen=\"true\" data-href=\"https:\/\/www.facebook.com\/elena.stolyarova.397\/videos\/pcb.2172781376164602\/2797610196947279\/?type=3&#038;theater\"><\/div>\n<p>\u010eal\u0161\u00edm \u00faspechom slovensk\u00e9ho zborov\u00e9ho spevu bolo umiestnenie <strong>Univerzitn\u00e9ho spev\u00e1ckeho zboru Mlados\u0165<\/strong> na medzin\u00e1rodnom festivale Musica Orbis v Prahe. Na festivale sa z\u00fa\u010dastnili spev\u00e1cke zbory z r\u00f4znych k\u00fatov sveta ako napr\u00edklad,\u00a0<span class=\"s1\">Los Angeles Choir Singers: Young Men&#8217;s Ensemble (USA), <\/span><span class=\"s1\">Calgary Children&#8217;s Choir (Kanada), Strumo\u010dok \u017ditomyr (Ukrajina) a \u010desk\u00e9 zbory P\u011bveck\u00e9 sdru\u017een\u00ed pra\u017esk\u00fdch u\u010ditelek, Musica e Danza z Prahy a zbor Ml\u00e1d\u00ed z\u00a0<\/span><span class=\"s1\">Jabloneca nad Jizerou<\/span><span class=\"s1\">. Slovensko okrem Mladosti reprezentovala aj folkl\u00f3rna skupina Spjevule zo Skalice pod veden\u00edm Miroslava Buzrlu.\u00a0<\/span>Mladosti sa napriek silnej konkurencii podarilo z\u00edska\u0165 v kateg\u00f3ri\u00ed duchovn\u00e1 hudba a v kateg\u00f3ri\u00ed folkl\u00f3r dva strieborn\u00e9 diplomy.<\/p>\n<p>\u010clenovia zboru mali okrem s\u00fa\u0165a\u017ee mo\u017enos\u0165 z\u00fa\u010dastni\u0165 sa na festivalov\u00fdch mimo koncertn\u00fdch aktivit\u00e1ch.\u00a0&#8220;Nede\u013ea bola pre spev\u00e1kov mimoriadne zauj\u00edmav\u00e1 a emot\u00edvna. Niektor\u00e9 zbory sa z\u00fa\u010dastnili na sv\u00e4tej om\u0161i v Pra\u017eskom hrade v Katedr\u00e1le sv. V\u00edta. Po om\u0161i zaspieval ka\u017ed\u00fd zbor jednu skladbu, \u010do zanechalo u mnoh\u00fdch spev\u00e1kov emot\u00edvny z\u00e1\u017eitok a u posluch\u00e1\u010dov umeleck\u00fd dojem.&#8221; povedal Prof. Milan Paz\u00farik, dirigent spev\u00e1ckeho zboru Mlados\u0165. Vyvrcholen\u00edm festivalu bola plavba po Vltave pre v\u0161etk\u00fdch \u00fa\u010dastn\u00edkov podujatia a spolo\u010dn\u00e9 spievanie n\u00e1rodn\u00fdch piesn\u00ed.<\/p>\n<p><img loading=\"lazy\" decoding=\"async\" data-attachment-id=\"4183\" data-permalink=\"https:\/\/www.satb.sk\/index.php\/2019\/07\/15\/nove-uspechy-slovenskych-zboristov\/20190628_194741-muzeum-hudby-lh12\/\" data-orig-file=\"https:\/\/i2.wp.com\/www.satb.sk\/wp-content\/uploads\/2019\/07\/20190628_194741-Mu\u0301zeum-hudby-LH12.jpg?fit=4128%2C3096&amp;ssl=1\" data-orig-size=\"4128,3096\" data-comments-opened=\"0\" data-image-meta=\"{&quot;aperture&quot;:&quot;1.9&quot;,&quot;credit&quot;:&quot;&quot;,&quot;camera&quot;:&quot;SM-J415FN&quot;,&quot;caption&quot;:&quot;&quot;,&quot;created_timestamp&quot;:&quot;1561751261&quot;,&quot;copyright&quot;:&quot;&quot;,&quot;focal_length&quot;:&quot;3.6&quot;,&quot;iso&quot;:&quot;250&quot;,&quot;shutter_speed&quot;:&quot;0.04&quot;,&quot;title&quot;:&quot;&quot;,&quot;orientation&quot;:&quot;1&quot;}\" data-image-title=\"20190628_194741 Mu\u0301zeum hudby LH(1)(2)\" data-image-description=\"\" data-image-caption=\"\" data-medium-file=\"https:\/\/i2.wp.com\/www.satb.sk\/wp-content\/uploads\/2019\/07\/20190628_194741-Mu\u0301zeum-hudby-LH12.jpg?fit=300%2C225&amp;ssl=1\" data-large-file=\"https:\/\/i2.wp.com\/www.satb.sk\/wp-content\/uploads\/2019\/07\/20190628_194741-Mu\u0301zeum-hudby-LH12.jpg?fit=837%2C628&amp;ssl=1\" class=\"wp-image-4183 aligncenter\" src=\"https:\/\/i2.wp.com\/www.satb.sk\/wp-content\/uploads\/2019\/07\/20190628_194741-Mu\u0301zeum-hudby-LH12.jpg?resize=775%2C581&#038;ssl=1\" alt=\"\" width=\"775\" height=\"581\" srcset=\"https:\/\/i2.wp.com\/www.satb.sk\/wp-content\/uploads\/2019\/07\/20190628_194741-Mu\u0301zeum-hudby-LH12.jpg?resize=300%2C225&amp;ssl=1 300w, https:\/\/i2.wp.com\/www.satb.sk\/wp-content\/uploads\/2019\/07\/20190628_194741-Mu\u0301zeum-hudby-LH12.jpg?resize=768%2C576&amp;ssl=1 768w, https:\/\/i2.wp.com\/www.satb.sk\/wp-content\/uploads\/2019\/07\/20190628_194741-Mu\u0301zeum-hudby-LH12.jpg?resize=1024%2C768&amp;ssl=1 1024w, https:\/\/i2.wp.com\/www.satb.sk\/wp-content\/uploads\/2019\/07\/20190628_194741-Mu\u0301zeum-hudby-LH12.jpg?resize=600%2C450&amp;ssl=1 600w, https:\/\/i2.wp.com\/www.satb.sk\/wp-content\/uploads\/2019\/07\/20190628_194741-Mu\u0301zeum-hudby-LH12.jpg?w=1674&amp;ssl=1 1674w, https:\/\/i2.wp.com\/www.satb.sk\/wp-content\/uploads\/2019\/07\/20190628_194741-Mu\u0301zeum-hudby-LH12.jpg?w=2511&amp;ssl=1 2511w\" sizes=\"(max-width: 775px) 100vw, 775px\" data-recalc-dims=\"1\" \/><\/p>\n<p>Pripravil: satb.sk<br \/>\nFoto: arch\u00edv spev\u00e1ckych zborov<\/p>\n","protected":false},"excerpt":{"rendered":"<p>Po \u00faspechu spev\u00e1ckeho zboru Pro Musica &#8211; Magn\u00f3lia si ocenenia zo zahrani\u010dn\u00fdch festivalov priniesli aj \u010fal\u0161ie dva spev\u00e1cke zbory zo Slovenska.<\/p>\n","protected":false},"author":1,"featured_media":4188,"comment_status":"closed","ping_status":"closed","sticky":false,"template":"","format":"standard","meta":{"om_disable_all_campaigns":false,"_monsterinsights_skip_tracking":false,"_monsterinsights_sitenote_active":false,"_monsterinsights_sitenote_note":"","_monsterinsights_sitenote_category":0,"spay_email":"","footnotes":"","jetpack_publicize_message":"","jetpack_is_tweetstorm":false},"categories":[49],"tags":[],"class_list":["post-4174","post","type-post","status-publish","format-standard","has-post-thumbnail","hentry","category-aktualne"],"aioseo_notices":[],"jetpack_featured_media_url":"https:\/\/i2.wp.com\/www.satb.sk\/wp-content\/uploads\/2019\/07\/65602526_2804127446295554_5188464336317710336_n.jpg?fit=960%2C540&ssl=1","jetpack_publicize_connections":[],"jetpack_sharing_enabled":true,"jetpack_shortlink":"https:\/\/wp.me\/pav5wC-15k","jetpack-related-posts":[{"id":3971,"url":"https:\/\/www.satb.sk\/index.php\/2019\/05\/06\/obrovsky-uspech-slovenskeho-zboru-na-festivale-slovakia-cantat\/","url_meta":{"origin":4174,"position":0},"title":"Obrovsk\u00fd \u00faspech slovensk\u00e9ho zboru na festivale Slovakia Cantat","date":"6 m\u00e1ja, 2019","format":false,"excerpt":"Spev\u00e1cky zbor slovensk\u00fdch u\u010dite\u013eov sa minul\u00fd v\u00edkend z\u00fa\u010dastnil v Bratislave medzin\u00e1rodn\u00e9ho festivalu Slovakia Cantat. Zo s\u00fa\u0165a\u017ee si odniesol \u0161tyri v\u00fdznamn\u00e9 ocenenia. Podujatie\u00a0Slovakia Cantat\u00a0je s\u00fa\u0165a\u017e ur\u010den\u00e1 pre detsk\u00e9, ml\u00e1de\u017en\u00edcke a dospel\u00e9 spev\u00e1cke zbory a pre orchestre. Tento rok sa konal u\u017e trin\u00e1sty ro\u010dn\u00edk tohto festivalu a z\u00fa\u010dastnilo sa ho celkovo 15\u2026","rel":"","context":"V &quot;AKTU\u00c1LNE&quot;","img":{"alt_text":"","src":"https:\/\/i1.wp.com\/www.satb.sk\/wp-content\/uploads\/2019\/04\/58763387_2214143352012874_4909211086059732992_n-1.jpg?fit=960%2C540&ssl=1&resize=350%2C200","width":350,"height":200},"classes":[]},{"id":4244,"url":"https:\/\/www.satb.sk\/index.php\/2019\/07\/19\/taliansky-festival-ocami-spevackeho-zboru-apollo\/","url_meta":{"origin":4174,"position":1},"title":"Taliansky festival o\u010dami spev\u00e1ckeho zboru Apollo","date":"19 j\u00fala, 2019","format":false,"excerpt":"Spev\u00e1cky zbor Apollo sa ned\u00e1vno z\u00fa\u010dastnil zborov\u00e9ho festivalu InCanto Mediteraneo 2019 v malebnom meste na Sic\u00edli\u00ed. Pre\u010d\u00edtajte si ako festival prebiehal a ako sa Apollu darilo na s\u00fa\u0165a\u017ei v medzin\u00e1rodnej konkurencii. Medzin\u00e1rodn\u00e9 s\u00fa\u0165a\u017en\u00e9 festivaly s\u00fa pre spev\u00e1cke zbory v\u017edy ve\u013ekou v\u00fdzvou. S\u00fa ak\u00fdmsi kontaktom s\u00a0realitou vok\u00e1lnej vyspelosti zborov za hranicami\u2026","rel":"","context":"V &quot;AKTU\u00c1LNE&quot;","img":{"alt_text":"","src":"https:\/\/i2.wp.com\/www.satb.sk\/wp-content\/uploads\/2019\/07\/IMG_0411b.jpg?fit=1200%2C674&ssl=1&resize=350%2C200","width":350,"height":200},"classes":[]},{"id":4355,"url":"https:\/\/www.satb.sk\/index.php\/2019\/08\/19\/slovenska-zborova-tvorba-na-severe-europy\/","url_meta":{"origin":4174,"position":2},"title":"Slovensk\u00e1 zborov\u00e1 tvorba na severe Eur\u00f3py","date":"19 augusta, 2019","format":false,"excerpt":"Minul\u00fd t\u00fd\u017ede\u0148 sme v\u00e1s informovali o \u00faspechu slovensk\u00fdch zborov na Eur\u00f3pskych zborov\u00fdch hr\u00e1ch vo \u0160v\u00e9dsku. Pre\u010d\u00edtajte si ako toto podujatie vn\u00edmal zbor Technik STU. \u201eNevandruj, mil\u00fd m\u00f4j, nevandruj s\u00e1m.\u201c Veru, otupno je \u010dloveku sam\u00e9mu po svete chodi\u0165, preto sa spolo\u010dne vybralo 34 technik\u00e1rov na \u010dele s\u00a0dirigentkou Ivetou Weis Viskupovou sk\u00fasi\u0165,\u2026","rel":"","context":"V &quot;AKTU\u00c1LNE&quot;","img":{"alt_text":"","src":"https:\/\/i0.wp.com\/www.satb.sk\/wp-content\/uploads\/2019\/08\/20190805_154811.jpg?fit=1200%2C900&ssl=1&resize=350%2C200","width":350,"height":200},"classes":[]},{"id":4307,"url":"https:\/\/www.satb.sk\/index.php\/2019\/08\/08\/spevacky-zbor-lucnica-zaziaril-na-festivale-v-bulharsku\/","url_meta":{"origin":4174,"position":3},"title":"Spev\u00e1cky zbor L\u00fa\u010dnica za\u017eiaril na festivale v Bulharsku","date":"8 augusta, 2019","format":false,"excerpt":"Zborov\u00ed spev\u00e1ci z L\u00fa\u010dnice sa koncom j\u00fala z\u00fa\u010dastnili festivalu \"Together in the XXI Century\" v bulharskej Kamchii. Zo s\u00fa\u0165a\u017ee doniesli na Slovensko nieko\u013eko ocenen\u00ed. Podujatie \"Toghether in the XXI Century\" je medzin\u00e1rodn\u00fd festival, ktor\u00fd u\u017e nieko\u013eko rokov poskytuje kreat\u00edvny priestor pre umelcov a umeleck\u00e9 kolekt\u00edvy r\u00f4zneho veku a r\u00f4znych n\u00e1rodnost\u00ed,\u2026","rel":"","context":"V &quot;AKTU\u00c1LNE&quot;","img":{"alt_text":"","src":"https:\/\/i0.wp.com\/www.satb.sk\/wp-content\/uploads\/2019\/08\/67594435_2479208995699622_4634608284655943680_o.jpg?fit=1200%2C797&ssl=1&resize=350%2C200","width":350,"height":200},"classes":[]},{"id":4135,"url":"https:\/\/www.satb.sk\/index.php\/2019\/07\/02\/velky-uspech-detskeho-spevackeho-zboru\/","url_meta":{"origin":4174,"position":4},"title":"Ve\u013ek\u00fd \u00faspech detsk\u00e9ho spev\u00e1ckeho zboru","date":"2 j\u00fala, 2019","format":false,"excerpt":"Detsk\u00fd spev\u00e1cky zbor Pro Musica\u00a0\u2013\u00a0Magn\u00f3lia zahviezdil na zborovom festivale v Po\u013esku. V prvej polovici j\u00fana sa v po\u013esk\u00fdch Miedzyzdrojoch konal 54. ro\u010dn\u00edk Medzin\u00e1rodn\u00e9ho festivalu zborov\u00fdch piesni. Slovensko na tomto podujat\u00ed reprezentoval Detsk\u00fd spev\u00e1cky zbor Pro Musica\u00a0\u2013 Magn\u00f3lia zo Sobraniec a Michaloviec pod veden\u00edm dirigentky Viery D\u017eoganovej. Zbor svoj\u00edm v\u00fdkonom presved\u010dil\u2026","rel":"","context":"V &quot;AKTU\u00c1LNE&quot;","img":{"alt_text":"","src":"https:\/\/i1.wp.com\/www.satb.sk\/wp-content\/uploads\/2019\/07\/64428178_10206122457656837_3759402711187980288_o.jpg?fit=1200%2C800&ssl=1&resize=350%2C200","width":350,"height":200},"classes":[]},{"id":5187,"url":"https:\/\/www.satb.sk\/index.php\/2020\/02\/28\/sviatocny-okamih-alebo-ked-sa-neprofesionalni-spevaci-spoja-s-profesionalmi\/","url_meta":{"origin":4174,"position":5},"title":"Sviato\u010dn\u00fd okamih alebo ke\u010f sa neprofesion\u00e1lni spev\u00e1ci spoja s profesion\u00e1lmi","date":"28 febru\u00e1ra, 2020","format":false,"excerpt":"Slovensk\u00fd filharmonick\u00fd zbor si zaspieval s neprofesion\u00e1lnymi spev\u00e1ckymi zbormi priamo na p\u00f3diu Slovenskej filharm\u00f3nie. Slovensk\u00fd filharmonick\u00fd zbor patr\u00ed k jedn\u00fdm z m\u00e1la profesion\u00e1lnych telies na slovenskej zborovej sc\u00e9ne. Ako neoddelite\u013en\u00e1 \u010das\u0165 Slovenskej filharm\u00f3nie dost\u00e1va preto ka\u017edoro\u010dne priestor na samostatn\u00fd koncert. Tento rok v\u0161ak zbor na p\u00f3diu nezostal s\u00e1m. Vedenie Slovenskej\u2026","rel":"","context":"V &quot;AKTU\u00c1LNE&quot;","img":{"alt_text":"","src":"https:\/\/i1.wp.com\/www.satb.sk\/wp-content\/uploads\/2020\/02\/84623111_2715649645180271_4793249180975890432_o-1.jpg?fit=950%2C635&ssl=1&resize=350%2C200","width":350,"height":200},"classes":[]}],"_links":{"self":[{"href":"https:\/\/www.satb.sk\/index.php\/wp-json\/wp\/v2\/posts\/4174"}],"collection":[{"href":"https:\/\/www.satb.sk\/index.php\/wp-json\/wp\/v2\/posts"}],"about":[{"href":"https:\/\/www.satb.sk\/index.php\/wp-json\/wp\/v2\/types\/post"}],"author":[{"embeddable":true,"href":"https:\/\/www.satb.sk\/index.php\/wp-json\/wp\/v2\/users\/1"}],"replies":[{"embeddable":true,"href":"https:\/\/www.satb.sk\/index.php\/wp-json\/wp\/v2\/comments?post=4174"}],"version-history":[{"count":15,"href":"https:\/\/www.satb.sk\/index.php\/wp-json\/wp\/v2\/posts\/4174\/revisions"}],"predecessor-version":[{"id":4242,"href":"https:\/\/www.satb.sk\/index.php\/wp-json\/wp\/v2\/posts\/4174\/revisions\/4242"}],"wp:featuredmedia":[{"embeddable":true,"href":"https:\/\/www.satb.sk\/index.php\/wp-json\/wp\/v2\/media\/4188"}],"wp:attachment":[{"href":"https:\/\/www.satb.sk\/index.php\/wp-json\/wp\/v2\/media?parent=4174"}],"wp:term":[{"taxonomy":"category","embeddable":true,"href":"https:\/\/www.satb.sk\/index.php\/wp-json\/wp\/v2\/categories?post=4174"},{"taxonomy":"post_tag","embeddable":true,"href":"https:\/\/www.satb.sk\/index.php\/wp-json\/wp\/v2\/tags?post=4174"}],"curies":[{"name":"wp","href":"https:\/\/api.w.org\/{rel}","templated":true}]}}