{"id":4244,"date":"2019-07-19T05:58:05","date_gmt":"2019-07-19T05:58:05","guid":{"rendered":"https:\/\/www.satb.sk\/?p=4244"},"modified":"2019-07-19T06:10:51","modified_gmt":"2019-07-19T06:10:51","slug":"taliansky-festival-ocami-spevackeho-zboru-apollo","status":"publish","type":"post","link":"https:\/\/www.satb.sk\/index.php\/2019\/07\/19\/taliansky-festival-ocami-spevackeho-zboru-apollo\/","title":{"rendered":"Taliansky festival o\u010dami spev\u00e1ckeho zboru Apollo"},"content":{"rendered":"<h6><em><strong>Spev\u00e1cky zbor Apollo sa ned\u00e1vno z\u00fa\u010dastnil zborov\u00e9ho festivalu InCanto Mediteraneo 2019 v malebnom meste na Sic\u00edli\u00ed. Pre\u010d\u00edtajte si ako festival prebiehal a ako sa Apollu darilo na s\u00fa\u0165a\u017ei v medzin\u00e1rodnej konkurencii.<\/strong><\/em><\/h6>\n<p><!--more--><\/p>\n<p class=\"p1\"><span class=\"s1\">Medzin\u00e1rodn\u00e9 s\u00fa\u0165a\u017en\u00e9 festivaly s\u00fa pre spev\u00e1cke zbory v\u017edy ve\u013ekou v\u00fdzvou. S\u00fa ak\u00fdmsi kontaktom s\u00a0realitou vok\u00e1lnej vyspelosti zborov za hranicami na\u0161ej malej krajiny. Pred s\u00fa\u0165a\u017eou je iste ka\u017ed\u00fd spev\u00e1cky zbor v\u00a0nap\u00e4t\u00ed. Jednak preto, \u017ee nevie kto bude jeho konkurent a tie\u017e preto, \u017ee si uvedomuje, \u017ee ka\u017ed\u00e9 vyst\u00fapenie mus\u00ed vyjs\u0165 na prv\u00fd pokus. Dlhodob\u00e1 pr\u00edprava, s\u00fastredenia a vy\u0161\u0161ia frekvencia koncertov s\u00fa z\u00e1kladn\u00e9 znaky toho, \u017ee zbor je v\u00a0pohotovosti a\u00a0mysl\u00ed to so s\u00fa\u0165a\u017eou v\u00e1\u017ene. Rovnako to bolo i\u00a0v\u00a0pr\u00edpade Spev\u00e1ckeho zboru Apollo, ktor\u00fd u\u017e viac ako dvadsa\u0165 rokov vedie jeho zakladate\u013e Milan Kolena, ostrie\u013ean\u00fd dirigent, ktor\u00fd s\u00e1m usporad\u00fava s\u00fa\u0165a\u017en\u00e9 <a href=\"http:\/\/choral-music.sk\/sk\/Festivaly\" target=\"_blank\" rel=\"noopener\">zborov\u00e9 festivaly<\/a> na Slovensku.<\/span><\/p>\n<p class=\"p1\"><span class=\"s1\">Sic\u00edlia \u2013 pr\u00ed\u0165a\u017eliv\u00e1 dovolenkov\u00e1 destin\u00e1cia hostila od 7. do 13. j\u00fala preva\u017ene eur\u00f3pske spev\u00e1cke zbory. Organiz\u00e1tori z\u00a0asoci\u00e1cie\u00a0Cantica Nova u\u017e po \u0161iestykr\u00e1t usporiadali festival v\u00a0pr\u00edmorskom meste\u010dku Milazzo. Uvedomuj\u00fac si, \u017ee zborov\u00ed spev\u00e1ci sa okrem koncertov a\u00a0s\u00fa\u0165a\u017en\u00fdch vyst\u00fapen\u00ed radi pozr\u00fa i\u00a0na okolie, pon\u00fakli usporiadatelia pre spev\u00e1kov i\u00a0v\u00fdlety. V\u010faka sprievodcom sa \u00fa\u010dastn\u00edci dozvedeli viac o\u00a0hist\u00f3rii, pr\u00edrode, ale i\u00a0be\u017enom \u017eivote Sic\u00edl\u010danov. V\u00fdlet na Capo di Milazzo ne\u010dakane poskytol \u00fa\u010dastn\u00edkom i\u00a0pr\u00edle\u017eitos\u0165 zaspieva\u0165 si vo Venu\u0161inom jazierku. Ako h\u0155stka Apoll\u00e1kov spievala Tancuj, Tancuj, si m\u00f4\u017eete vypo\u010du\u0165 v nasledovnom videu.<\/span><\/p>\n<div class=\"fb-video\" data-allowfullscreen=\"true\" data-href=\"https:\/\/www.facebook.com\/capitan.melo\/videos\/10214387321626040\/UzpfSTE0MjE1OTE1MzE6MTAyMTU1NDc4NzY1OTYzMTA\/\"><\/div>\n<p class=\"p1\"><span class=\"s1\">Jednou z\u00a0k\u013e\u00fa\u010dov\u00fdch vec\u00ed na s\u00fa\u0165a\u017en\u00fdch festivaloch je v\u00fdber reperto\u00e1ru, ktor\u00fd m\u00e1 v\u00a0r\u00e1mci kateg\u00f3ri\u00ed r\u00f4zne pravidl\u00e1. Dirigenti s\u00fa tak \u010dasto \u017e\u00e1nrovo i v\u00fdvojovo limitovan\u00ed a musia v r\u00e1mci p\u00e4tn\u00e1stich min\u00fat nakombinova\u0165 tie najlep\u0161ie skladby, ktor\u00e9 porotu zaujm\u00fa a\u00a0z\u00e1rove\u0148 uk\u00e1\u017eu vok\u00e1lne kvality zboru. Reperto\u00e1r pozost\u00e1vaj\u00faci z\u00a0osved\u010den\u00fdch klas\u00edk, ale i\u00a0s\u00fa\u010dasn\u00fdch, avantgardnej\u0161ie koncipovan\u00fdch k\u00faskov v\u00e4\u010d\u0161ina z\u00fa\u010dastnen\u00fdch zborov doplnila i\u00a0o\u00a0skladby svojich domovsk\u00fdch skladate\u013eov. Apollo zaradilo na reprezentovanie slovenskej tvorby do s\u00fa\u0165a\u017en\u00e9ho reperto\u00e1ru Hru\u0161ovsk\u00e9ho <em>M\u00e1je<\/em>, \u00a0Sucho\u0148ove <em>Bodaj, by v\u00e1s \u010derti vzali<\/em> a\u00a0Kubi\u010dkove <em>Sanctus<\/em>. Okrem toho dirigent Kolena vystaval z \u00faprav slovensk\u00fdch \u013eudov\u00fdch piesn\u00ed i dramaturgiu jedn\u00e9ho z\u00a0koncertn\u00fdch vyst\u00fapen\u00ed na mestskom hrade. Na dotvorenie obrazu o\u00a0slovenskej kult\u00fare boli zboristi z\u00a0Apolla odet\u00ed v\u00a0krojoch, ktor\u00e9 publiku u\u010darovali. <\/span><\/p>\n<figure id=\"attachment_4245\" aria-describedby=\"caption-attachment-4245\" style=\"width: 756px\" class=\"wp-caption aligncenter\"><img loading=\"lazy\" decoding=\"async\" data-attachment-id=\"4245\" data-permalink=\"https:\/\/www.satb.sk\/index.php\/2019\/07\/19\/taliansky-festival-ocami-spevackeho-zboru-apollo\/img_0127\/\" data-orig-file=\"https:\/\/i0.wp.com\/www.satb.sk\/wp-content\/uploads\/2019\/07\/IMG_0127.jpg?fit=6240%2C3504&amp;ssl=1\" data-orig-size=\"6240,3504\" data-comments-opened=\"0\" data-image-meta=\"{&quot;aperture&quot;:&quot;0&quot;,&quot;credit&quot;:&quot;&quot;,&quot;camera&quot;:&quot;&quot;,&quot;caption&quot;:&quot;&quot;,&quot;created_timestamp&quot;:&quot;0&quot;,&quot;copyright&quot;:&quot;&quot;,&quot;focal_length&quot;:&quot;0&quot;,&quot;iso&quot;:&quot;0&quot;,&quot;shutter_speed&quot;:&quot;0&quot;,&quot;title&quot;:&quot;&quot;,&quot;orientation&quot;:&quot;0&quot;}\" data-image-title=\"IMG_0127\" data-image-description=\"&lt;p&gt;Ve\u010dern\u00fd koncert, na ktorom Apollo spievalo zborov\u00e9 \u00fapravy slovensk\u00fdch \u013eudov\u00fdch piesn\u00ed.&lt;\/p&gt;\n\" data-image-caption=\"\" data-medium-file=\"https:\/\/i0.wp.com\/www.satb.sk\/wp-content\/uploads\/2019\/07\/IMG_0127.jpg?fit=300%2C168&amp;ssl=1\" data-large-file=\"https:\/\/i0.wp.com\/www.satb.sk\/wp-content\/uploads\/2019\/07\/IMG_0127.jpg?fit=837%2C470&amp;ssl=1\" class=\"wp-image-4245\" src=\"https:\/\/i0.wp.com\/www.satb.sk\/wp-content\/uploads\/2019\/07\/IMG_0127.jpg?resize=756%2C423&#038;ssl=1\" alt=\"\" width=\"756\" height=\"423\" srcset=\"https:\/\/i0.wp.com\/www.satb.sk\/wp-content\/uploads\/2019\/07\/IMG_0127.jpg?resize=300%2C168&amp;ssl=1 300w, https:\/\/i0.wp.com\/www.satb.sk\/wp-content\/uploads\/2019\/07\/IMG_0127.jpg?resize=768%2C431&amp;ssl=1 768w, https:\/\/i0.wp.com\/www.satb.sk\/wp-content\/uploads\/2019\/07\/IMG_0127.jpg?resize=600%2C337&amp;ssl=1 600w, https:\/\/i0.wp.com\/www.satb.sk\/wp-content\/uploads\/2019\/07\/IMG_0127.jpg?zoom=2&amp;resize=756%2C423&amp;ssl=1 1512w, https:\/\/i0.wp.com\/www.satb.sk\/wp-content\/uploads\/2019\/07\/IMG_0127.jpg?zoom=3&amp;resize=756%2C423&amp;ssl=1 2268w\" sizes=\"(max-width: 756px) 100vw, 756px\" data-recalc-dims=\"1\" \/><figcaption id=\"caption-attachment-4245\" class=\"wp-caption-text\"><em>Ve\u010dern\u00fd koncert, na ktorom Apollo spievalo zborov\u00e9 \u00fapravy slovensk\u00fdch \u013eudov\u00fdch piesn\u00ed.<\/em><\/figcaption><\/figure>\n<p class=\"p1\"><span class=\"s1\">Nako\u013eko je na Sic\u00edlii po\u010das d\u0148a teplo, organiz\u00e1tori napl\u00e1novali koncertn\u00e9 i\u00a0s\u00fa\u0165a\u017en\u00e9 vyst\u00fapenia vo ve\u010dern\u00fdch hodin\u00e1ch so za\u010diatkom o\u00a021:30 hod. Pre Talianov ni\u010d nezvy\u010dajn\u00e9, pre ml\u00e1de\u017en\u00edcke diev\u010densk\u00e9 zbory z\u00a0Po\u013eska skoro na hraniciach fyzick\u00fdch mo\u017enost\u00ed. By\u0165 svie\u017ei a\u00a0pod\u00e1va\u0165 kvalitn\u00e9 v\u00fdkony o\u00a0jeden\u00e1stej ve\u010der \u2013 to bolo cie\u013eom i\u00a0Apolla, ktor\u00e9 v\u00a0tom \u010dase (v\u00a0piatok 12.7.) odspievalo svoj tret\u00ed s\u00fa\u0165a\u017en\u00fd program. Najnam\u00e1havej\u0161ie v\u0161ak nakoniec bolo \u010dakanie na v\u00fdsledky s\u00fa\u0165a\u017ee. Porota sa radila viac ako tri\u0161tvrte hodinu a\u00a0vyhodnotenie za\u010dalo a\u017e po polnoci. Vy\u010dk\u00e1vanie na fin\u00e1lny verdikt spr\u00edjem\u0148ovalo hudobn\u00e9 duo<span class=\"Apple-converted-space\">\u00a0<\/span>dom\u00e1cich muzikantov v\u00a0kombin\u00e1cii akorde\u00f3n a\u00a0klarinet. \u0160es\u0165\u010dlenn\u00e1 porota nakoniec rozhodla o\u00a0v\u00ed\u0165azoch nasledovne:<\/span><\/p>\n<p class=\"p1\"><span class=\"s1\">S\u00fa\u0165a\u017en\u00fa kateg\u00f3riu Trophy 1 zasl\u00fa\u017eene vyhral Akademski pevski zbor Maribor (Slovinsko) a\u00a0kateg\u00f3riu Trophy 2 vyhral trochu ne\u010dakane zbor Bel Canto z\u00a0Vilniusu (Litva). <strong>Spev\u00e1cky zbor Apollo z\u00edskal v kateg\u00f3rii Sakr\u00e1lny reperto\u00e1r tretie miesto a\u00a0v\u00a0kateg\u00f3rii Trophy 1 si vyspieval strieborn\u00e9 p\u00e1smo.<\/strong> Okrem spom\u00ednan\u00fdch zborov sa na s\u00fa\u0165a\u017ei predstavili i\u00a0dva diev\u010densk\u00e9 zbory z\u00a0Po\u013eska (Gruppo vocale Art Menu, Puellae cantantes zo\u00a0\u0161koly Karola Szymanowskeho), zbor Talianov \u017eij\u00facich vo \u0160vaj\u010diarsku (Coro del Coriandolo do Ginevra) a austr\u00e1lsky seniorsk\u00fd zbor (Southland choir). Po\u010das dvoch festivalov\u00fdch koncertn\u00fdch ve\u010derov vyst\u00fapilo aj viacero dom\u00e1cich talianskych zborov. <\/span><\/p>\n<figure id=\"attachment_4248\" aria-describedby=\"caption-attachment-4248\" style=\"width: 775px\" class=\"wp-caption aligncenter\"><img loading=\"lazy\" decoding=\"async\" data-attachment-id=\"4248\" data-permalink=\"https:\/\/www.satb.sk\/index.php\/2019\/07\/19\/taliansky-festival-ocami-spevackeho-zboru-apollo\/img_0418b\/\" data-orig-file=\"https:\/\/i0.wp.com\/www.satb.sk\/wp-content\/uploads\/2019\/07\/IMG_0418b.jpg?fit=4000%2C2246&amp;ssl=1\" data-orig-size=\"4000,2246\" data-comments-opened=\"0\" data-image-meta=\"{&quot;aperture&quot;:&quot;0&quot;,&quot;credit&quot;:&quot;&quot;,&quot;camera&quot;:&quot;&quot;,&quot;caption&quot;:&quot;&quot;,&quot;created_timestamp&quot;:&quot;0&quot;,&quot;copyright&quot;:&quot;&quot;,&quot;focal_length&quot;:&quot;0&quot;,&quot;iso&quot;:&quot;0&quot;,&quot;shutter_speed&quot;:&quot;0&quot;,&quot;title&quot;:&quot;&quot;,&quot;orientation&quot;:&quot;0&quot;}\" data-image-title=\"IMG_0418b\" data-image-description=\"\" data-image-caption=\"\" data-medium-file=\"https:\/\/i0.wp.com\/www.satb.sk\/wp-content\/uploads\/2019\/07\/IMG_0418b.jpg?fit=300%2C168&amp;ssl=1\" data-large-file=\"https:\/\/i0.wp.com\/www.satb.sk\/wp-content\/uploads\/2019\/07\/IMG_0418b.jpg?fit=837%2C470&amp;ssl=1\" class=\"wp-image-4248\" src=\"https:\/\/i0.wp.com\/www.satb.sk\/wp-content\/uploads\/2019\/07\/IMG_0418b.jpg?resize=775%2C434&#038;ssl=1\" alt=\"\" width=\"775\" height=\"434\" srcset=\"https:\/\/i0.wp.com\/www.satb.sk\/wp-content\/uploads\/2019\/07\/IMG_0418b.jpg?resize=300%2C168&amp;ssl=1 300w, https:\/\/i0.wp.com\/www.satb.sk\/wp-content\/uploads\/2019\/07\/IMG_0418b.jpg?resize=768%2C431&amp;ssl=1 768w, https:\/\/i0.wp.com\/www.satb.sk\/wp-content\/uploads\/2019\/07\/IMG_0418b.jpg?resize=1024%2C575&amp;ssl=1 1024w, https:\/\/i0.wp.com\/www.satb.sk\/wp-content\/uploads\/2019\/07\/IMG_0418b.jpg?resize=600%2C337&amp;ssl=1 600w, https:\/\/i0.wp.com\/www.satb.sk\/wp-content\/uploads\/2019\/07\/IMG_0418b.jpg?w=1674&amp;ssl=1 1674w, https:\/\/i0.wp.com\/www.satb.sk\/wp-content\/uploads\/2019\/07\/IMG_0418b.jpg?w=2511&amp;ssl=1 2511w\" sizes=\"(max-width: 775px) 100vw, 775px\" data-recalc-dims=\"1\" \/><figcaption id=\"caption-attachment-4248\" class=\"wp-caption-text\"><em>Spev\u00e1cky zbor Apollo po druhom s\u00fa\u0165a\u017enom vyst\u00fapen\u00ed v\u00a0Duomo Antico v meste\u00a0Milazzo.<\/em><\/figcaption><\/figure>\n<p class=\"p1\"><span class=\"s1\">Okrem odovzdania hlavn\u00fdch cien venovali porotcovia, ktor\u00ed s\u00fa i skladate\u013esky \u010dinn\u00ed nieko\u013eko svojich skladieb vybran\u00fdm spev\u00e1ckym zborom. Noty od svojich kompoz\u00edci\u00ed na pr\u00edpadn\u00e9 na\u0161tudovanie darovali Apollu porotcovia John Ratledge a\u00a0Sabrina Simoni.<\/span><\/p>\n<p class=\"p1\"><span class=\"s1\">Festivalom Incanto Mediteraneo sa okrem hlavnej my\u0161lienky (zborov\u00e9ho spevu) niesla i\u00a0enviroment\u00e1lna my\u0161lienka zne\u010dis\u0165ovania na\u0161ej plan\u00e9ty. V\u00a0roku 2017 na pobre\u017e\u00ed Milazza na\u0161li m\u0155tvu ve\u013erybu, ktor\u00e1 uhynula v\u00a0d\u00f4sledku konzum\u00e1cie plastov. Nad\u0161enec a\u00a0biol\u00f3g Carmelo Isgro kosti uhynutej ve\u013eryby o\u010distil a\u00a0nain\u0161taloval do Bastionu di Santa Maria \u2013 budovy, v\u00a0ktorej prebiehali s\u00fa\u0165a\u017en\u00e9 vyst\u00fapenia. Kosti zviera\u0165a viseli ako klenba nad hlavami zboristov, boli tak div\u00e1kom po cel\u00fd \u010das na o\u010diach. Hlasy spev\u00e1kov akoby o\u017eivovali ducha m\u0155tvej ve\u013eryby a\u00a0s\u00a0v\u00e4\u010d\u0161ou v\u00e1\u017enos\u0165ou prenikali k div\u00e1kom. D\u00fafajme, \u017ee tak\u00e9to prepojenie vzbudilo u\u00a0\u00fa\u010dinkuj\u00facich i\u00a0u\u00a0div\u00e1kov zv\u00fd\u0161en\u00fd z\u00e1ujem o\u00a0ochranu \u017eivotn\u00e9ho prostredia.<\/span><\/p>\n<figure id=\"attachment_4250\" aria-describedby=\"caption-attachment-4250\" style=\"width: 779px\" class=\"wp-caption aligncenter\"><img loading=\"lazy\" decoding=\"async\" data-attachment-id=\"4250\" data-permalink=\"https:\/\/www.satb.sk\/index.php\/2019\/07\/19\/taliansky-festival-ocami-spevackeho-zboru-apollo\/img_0406\/\" data-orig-file=\"https:\/\/i2.wp.com\/www.satb.sk\/wp-content\/uploads\/2019\/07\/IMG_0406.jpg?fit=6240%2C3504&amp;ssl=1\" data-orig-size=\"6240,3504\" data-comments-opened=\"0\" data-image-meta=\"{&quot;aperture&quot;:&quot;0&quot;,&quot;credit&quot;:&quot;&quot;,&quot;camera&quot;:&quot;&quot;,&quot;caption&quot;:&quot;&quot;,&quot;created_timestamp&quot;:&quot;0&quot;,&quot;copyright&quot;:&quot;&quot;,&quot;focal_length&quot;:&quot;0&quot;,&quot;iso&quot;:&quot;0&quot;,&quot;shutter_speed&quot;:&quot;0&quot;,&quot;title&quot;:&quot;&quot;,&quot;orientation&quot;:&quot;0&quot;}\" data-image-title=\"IMG_0406\" data-image-description=\"\" data-image-caption=\"\" data-medium-file=\"https:\/\/i2.wp.com\/www.satb.sk\/wp-content\/uploads\/2019\/07\/IMG_0406.jpg?fit=300%2C168&amp;ssl=1\" data-large-file=\"https:\/\/i2.wp.com\/www.satb.sk\/wp-content\/uploads\/2019\/07\/IMG_0406.jpg?fit=837%2C470&amp;ssl=1\" class=\"wp-image-4250\" src=\"https:\/\/i2.wp.com\/www.satb.sk\/wp-content\/uploads\/2019\/07\/IMG_0406.jpg?resize=779%2C436&#038;ssl=1\" alt=\"\" width=\"779\" height=\"436\" srcset=\"https:\/\/i2.wp.com\/www.satb.sk\/wp-content\/uploads\/2019\/07\/IMG_0406.jpg?resize=300%2C168&amp;ssl=1 300w, https:\/\/i2.wp.com\/www.satb.sk\/wp-content\/uploads\/2019\/07\/IMG_0406.jpg?resize=768%2C431&amp;ssl=1 768w, https:\/\/i2.wp.com\/www.satb.sk\/wp-content\/uploads\/2019\/07\/IMG_0406.jpg?resize=1024%2C575&amp;ssl=1 1024w, https:\/\/i2.wp.com\/www.satb.sk\/wp-content\/uploads\/2019\/07\/IMG_0406.jpg?resize=600%2C337&amp;ssl=1 600w, https:\/\/i2.wp.com\/www.satb.sk\/wp-content\/uploads\/2019\/07\/IMG_0406.jpg?w=1674&amp;ssl=1 1674w, https:\/\/i2.wp.com\/www.satb.sk\/wp-content\/uploads\/2019\/07\/IMG_0406.jpg?w=2511&amp;ssl=1 2511w\" sizes=\"(max-width: 779px) 100vw, 779px\" data-recalc-dims=\"1\" \/><figcaption id=\"caption-attachment-4250\" class=\"wp-caption-text\"><em>Kostra uhynutej ve\u013eryby v budove B<span class=\"s1\">astiona di Santa Maria<\/span>.<\/em><\/figcaption><\/figure>\n<figure id=\"attachment_4247\" aria-describedby=\"caption-attachment-4247\" style=\"width: 780px\" class=\"wp-caption aligncenter\"><img loading=\"lazy\" decoding=\"async\" data-attachment-id=\"4247\" data-permalink=\"https:\/\/www.satb.sk\/index.php\/2019\/07\/19\/taliansky-festival-ocami-spevackeho-zboru-apollo\/etna-16\/\" data-orig-file=\"https:\/\/i0.wp.com\/www.satb.sk\/wp-content\/uploads\/2019\/07\/Etna-16.jpg?fit=4000%2C3000&amp;ssl=1\" data-orig-size=\"4000,3000\" data-comments-opened=\"0\" data-image-meta=\"{&quot;aperture&quot;:&quot;1.8&quot;,&quot;credit&quot;:&quot;&quot;,&quot;camera&quot;:&quot;Redmi Note 7&quot;,&quot;caption&quot;:&quot;&quot;,&quot;created_timestamp&quot;:&quot;1562419948&quot;,&quot;copyright&quot;:&quot;&quot;,&quot;focal_length&quot;:&quot;4.74&quot;,&quot;iso&quot;:&quot;100&quot;,&quot;shutter_speed&quot;:&quot;0.000280347631063&quot;,&quot;title&quot;:&quot;&quot;,&quot;orientation&quot;:&quot;1&quot;}\" data-image-title=\"Etna 16\" data-image-description=\"\" data-image-caption=\"\" data-medium-file=\"https:\/\/i0.wp.com\/www.satb.sk\/wp-content\/uploads\/2019\/07\/Etna-16.jpg?fit=300%2C225&amp;ssl=1\" data-large-file=\"https:\/\/i0.wp.com\/www.satb.sk\/wp-content\/uploads\/2019\/07\/Etna-16.jpg?fit=837%2C628&amp;ssl=1\" class=\"wp-image-4247 \" src=\"https:\/\/i0.wp.com\/www.satb.sk\/wp-content\/uploads\/2019\/07\/Etna-16.jpg?resize=780%2C585&#038;ssl=1\" alt=\"\" width=\"780\" height=\"585\" srcset=\"https:\/\/i0.wp.com\/www.satb.sk\/wp-content\/uploads\/2019\/07\/Etna-16.jpg?resize=300%2C225&amp;ssl=1 300w, https:\/\/i0.wp.com\/www.satb.sk\/wp-content\/uploads\/2019\/07\/Etna-16.jpg?resize=768%2C576&amp;ssl=1 768w, https:\/\/i0.wp.com\/www.satb.sk\/wp-content\/uploads\/2019\/07\/Etna-16.jpg?resize=1024%2C768&amp;ssl=1 1024w, https:\/\/i0.wp.com\/www.satb.sk\/wp-content\/uploads\/2019\/07\/Etna-16.jpg?resize=600%2C450&amp;ssl=1 600w, https:\/\/i0.wp.com\/www.satb.sk\/wp-content\/uploads\/2019\/07\/Etna-16.jpg?w=1674&amp;ssl=1 1674w, https:\/\/i0.wp.com\/www.satb.sk\/wp-content\/uploads\/2019\/07\/Etna-16.jpg?w=2511&amp;ssl=1 2511w\" sizes=\"(max-width: 780px) 100vw, 780px\" data-recalc-dims=\"1\" \/><figcaption id=\"caption-attachment-4247\" class=\"wp-caption-text\"><em>Niektor\u00ed zboristi si po\u010das pobytu urobili i\u00a0v\u00fdlety do bl\u00edzkeho okolia \u2013 Etna.<\/em><\/figcaption><\/figure>\n<p>_ _ _<\/p>\n<p><em><strong>Spev\u00e1cky zbor Apollo<\/strong> znikol v roku 1995 ako vysoko\u0161kolsk\u00fd zbor, v ktorom spievaj\u00fa \u0161tudenti z cel\u00e9ho Slovenska \u0161tuduj\u00faci na vysok\u00fdch \u0161kol\u00e1ch v Bratislave. Zbor \u010dasto vystupuje na prest\u00ed\u017enych podujatiach dom\u00e1ceho i medzin\u00e1rodn\u00e9ho charakteru. Nav\u0161t\u00edvil nieko\u013ekokr\u00e1t Taliansko aj in\u00e9 krajiny: Citta\u00b4 di Nuoro, R\u00edm, Fano, Loreto, Olbia \/Taliansko\/; Pozna\u0148 \/Po\u013esko\/; Banja Luka \/Bosna a Hercegovina\/; Szeged, Miskolc \/Ma\u010farsko\/; Mn\u00edchov \/Nemecko\/ Praha, Olomouc, Brno, Pardubice \/\u010cesk\u00e1 republika\/; Viede\u0148 \/Rak\u00fasko\/ ako aj mnoh\u00e9 slovensk\u00e9 mest\u00e1. Spev\u00e1cky zbor Apollo zameriava svoj reperto\u00e1r na s\u00fa\u010dasn\u00fa sakr\u00e1lnu slovensk\u00fa tvorbu. Na\u0161tudoval a interpretoval rozsiahle skladby od vynikaj\u00faceho slovensk\u00e9ho skladate\u013ea Pavla Kr\u0161ku. (Stabat Mater, Rekviem, Te Deum, Missa Solemnis). S\u00fa\u010das\u0165ou reperto\u00e1ru zboru je aj sakr\u00e1lna zborov\u00e1 tvorba z obdobia gregori\u00e1nskeho chor\u00e1lu, renesancie, romantizmu a s\u00fa\u010dasnosti, rovnako ako \u013eudov\u00e9 piesne a koledy v zborovej \u00faprave. V roku 2003 zbor nahral CD Moteta s dielami Antona Brucknera a v roku 2012 vznikla nahr\u00e1vka diela Rekviem pre dva zbory, s\u00f3la a organ od Pavla Kr\u0161ku. Zbor pravidelne spieva na om\u0161iach v Jezuitskom kostole a v in\u00fdch bratislavsk\u00fdch kostoloch. Ka\u017edoro\u010dne usporad\u00fava benefi\u010dn\u00e9 koncerty v prospech Detskej onkologickej kliniky v Bratislave. Spolupracuje so s\u00f3listami Hudobnej fakulty V\u0160MU ako aj so zahrani\u010dn\u00fdmi zbormi. Je spoluorganiz\u00e1torom festivalov zborovej hudby v Bratislave. Zakladate\u013eom a dirigentom zboru je Milan Kolena.\u00a0<\/em><\/p>\n<p>Pripravila: Krist\u00edna Gotthardty<br \/>\nFoto: arch\u00edv spev\u00e1ckeho zboru Apollo<\/p>\n<p>&nbsp;<\/p>\n","protected":false},"excerpt":{"rendered":"<p>Spev\u00e1cky zbor Apollo sa ned\u00e1vno z\u00fa\u010dastnil zborov\u00e9ho festivalu InCanto Mediteraneo 2019 v malebnom meste na Sic\u00edli\u00ed. Pre\u010d\u00edtajte si ako festival prebiehal a ako sa Apollu darilo na s\u00fa\u0165a\u017ei v medzin\u00e1rodnej konkurencii.<\/p>\n","protected":false},"author":1,"featured_media":4246,"comment_status":"closed","ping_status":"closed","sticky":false,"template":"","format":"standard","meta":{"om_disable_all_campaigns":false,"_monsterinsights_skip_tracking":false,"_monsterinsights_sitenote_active":false,"_monsterinsights_sitenote_note":"","_monsterinsights_sitenote_category":0,"spay_email":"","footnotes":"","jetpack_publicize_message":"","jetpack_is_tweetstorm":false},"categories":[49],"tags":[],"class_list":["post-4244","post","type-post","status-publish","format-standard","has-post-thumbnail","hentry","category-aktualne"],"aioseo_notices":[],"jetpack_featured_media_url":"https:\/\/i2.wp.com\/www.satb.sk\/wp-content\/uploads\/2019\/07\/IMG_0411b.jpg?fit=4000%2C2246&ssl=1","jetpack_publicize_connections":[],"jetpack_sharing_enabled":true,"jetpack_shortlink":"https:\/\/wp.me\/pav5wC-16s","jetpack-related-posts":[{"id":576,"url":"https:\/\/www.satb.sk\/index.php\/2018\/12\/17\/free-harmony-tesime-sa-ze-mozeme-spolocne-tvorit\/","url_meta":{"origin":4244,"position":0},"title":"Free Harmony: Te\u0161\u00edme sa, \u017ee m\u00f4\u017eeme spolo\u010dne tvori\u0165","date":"17 decembra, 2018","format":false,"excerpt":"Ml\u00e1de\u017en\u00edcky spev\u00e1cky zbor Free Harmony s\u00eddli v malebnom podtatranskom meste Poprad. Zbor\u00a0vznikol p\u00f4vodne ako diev\u010densk\u00fd spev\u00e1cky zbor v\u00a0roku 2013. My v\u00e1m v tomto kr\u00e1tkom \u010dl\u00e1nku predstav\u00edme tento zbor o\u010dami a u\u0161ami jeho \u010dlenov. Sme ml\u00e1de\u017en\u00edcky spev\u00e1cky zbor. Sme v\u00fdborn\u00fd kolekt\u00edv, ktor\u00fd sa nikdy nenud\u00ed a na na\u0161ich sk\u00fa\u0161kach je v\u017edy\u2026","rel":"","context":"V &quot;O\u010cAMI ZBOROV&quot;","img":{"alt_text":"","src":"https:\/\/i2.wp.com\/www.satb.sk\/wp-content\/uploads\/2018\/12\/Zbor_1_oprava.jpg?fit=1200%2C800&ssl=1&resize=350%2C200","width":350,"height":200},"classes":[]},{"id":3971,"url":"https:\/\/www.satb.sk\/index.php\/2019\/05\/06\/obrovsky-uspech-slovenskeho-zboru-na-festivale-slovakia-cantat\/","url_meta":{"origin":4244,"position":1},"title":"Obrovsk\u00fd \u00faspech slovensk\u00e9ho zboru na festivale Slovakia Cantat","date":"6 m\u00e1ja, 2019","format":false,"excerpt":"Spev\u00e1cky zbor slovensk\u00fdch u\u010dite\u013eov sa minul\u00fd v\u00edkend z\u00fa\u010dastnil v Bratislave medzin\u00e1rodn\u00e9ho festivalu Slovakia Cantat. Zo s\u00fa\u0165a\u017ee si odniesol \u0161tyri v\u00fdznamn\u00e9 ocenenia. Podujatie\u00a0Slovakia Cantat\u00a0je s\u00fa\u0165a\u017e ur\u010den\u00e1 pre detsk\u00e9, ml\u00e1de\u017en\u00edcke a dospel\u00e9 spev\u00e1cke zbory a pre orchestre. Tento rok sa konal u\u017e trin\u00e1sty ro\u010dn\u00edk tohto festivalu a z\u00fa\u010dastnilo sa ho celkovo 15\u2026","rel":"","context":"V &quot;AKTU\u00c1LNE&quot;","img":{"alt_text":"","src":"https:\/\/i1.wp.com\/www.satb.sk\/wp-content\/uploads\/2019\/04\/58763387_2214143352012874_4909211086059732992_n-1.jpg?fit=960%2C540&ssl=1&resize=350%2C200","width":350,"height":200},"classes":[]},{"id":700,"url":"https:\/\/www.satb.sk\/index.php\/2019\/01\/21\/prihlaste-sa-do-virtualneho-zboru\/","url_meta":{"origin":4244,"position":2},"title":"Prihl\u00e1ste sa do virtu\u00e1lneho zboru!","date":"21 janu\u00e1ra, 2019","format":false,"excerpt":"Argent\u00ednsky skladate\u013e Santiago Veros pripravuje druh\u00fd ro\u010dn\u00edk svojho virtu\u00e1lneho zboru. Prihl\u00e1si\u0165 sa m\u00f4\u017eu spev\u00e1ci z cel\u00e9ho sveta. Mlad\u00fd skladate\u013e Santiagio Veros (1990) sa rozhodol znovu vytvori\u0165 spev\u00e1cky zbor pomocou modern\u00fdch technol\u00f3gi\u00ed. Na svojej webovej str\u00e1nke vyz\u00fdva zborov\u00fdch spev\u00e1kov, aby sa prihl\u00e1sili do jeho novovznikaj\u00faceho virtu\u00e1lneho zboru. Virtu\u00e1lny zbor je fenom\u00e9n,\u2026","rel":"","context":"V &quot;SVET&quot;","img":{"alt_text":"Ilustra\u010dn\u00fd obr\u00e1zok","src":"https:\/\/i0.wp.com\/www.satb.sk\/wp-content\/uploads\/2019\/01\/maxresdefault.jpg?fit=1200%2C675&ssl=1&resize=350%2C200","width":350,"height":200},"classes":[]},{"id":5686,"url":"https:\/\/www.satb.sk\/index.php\/2021\/03\/02\/novy-album-spevackeho-zboru-lucnica\/","url_meta":{"origin":4244,"position":3},"title":"Nov\u00fd album spev\u00e1ckeho zboru L\u00fa\u010dnica","date":"2 marca, 2021","format":false,"excerpt":"Spev\u00e1cky zbor L\u00fa\u010dnica vydal v celosvetovej premi\u00e9re diela Alexandra Albrechta a Petra Martin\u010deka.\u00a0 Spev\u00e1cky zbor\u00a0L\u00fa\u010dnica prich\u00e1dza aj napriek \u0165a\u017ek\u00e9mu obdobiu, ktor\u00e9 pozna\u010dila pand\u00e9mia, s dramaturgicky mimoriadne ambici\u00f3znou nahr\u00e1vkou. V spolupr\u00e1ci s vydavate\u013estvom Real Music House vydal titul\u00a0Albrecht\/Martin\u010dek, ktot\u00fd pote\u0161\u00ed nielen vern\u00fdch fan\u00fa\u0161ikov zboru, ale aj obdivovate\u013eov slovenskej v\u00e1\u017enej hudby. Nahr\u00e1vka\u2026","rel":"","context":"V &quot;AKTU\u00c1LNE&quot;","img":{"alt_text":"","src":"https:\/\/i1.wp.com\/www.satb.sk\/wp-content\/uploads\/2021\/03\/Albrecht-Martinc\u030cek.png?fit=1200%2C675&ssl=1&resize=350%2C200","width":350,"height":200},"classes":[]},{"id":4009,"url":"https:\/\/www.satb.sk\/index.php\/2019\/05\/13\/spevacky-zbor-technik-stu-sa-pripravuje-na-vynimocne-koncerty\/","url_meta":{"origin":4244,"position":4},"title":"Spev\u00e1cky zbor Technik STU sa pripravuje na v\u00fdnimo\u010dn\u00e9 koncerty","date":"13 m\u00e1ja, 2019","format":false,"excerpt":"Spev\u00e1cky zbor Technik STU sa u\u017e nieko\u013eko mesiacov venuje na\u0161tudovaniu nov\u00e9ho reperto\u00e1ru, ktor\u00fd je\u00a0pre spev\u00e1kov v\u00fdzvou. Spev\u00e1ci pod veden\u00edm dirigentky Petry Torko\u0161ovej a\u00a0jej asistenta Mat\u00fa\u0161a Uhliarika pripravili dva koncerty, ktor\u00e9 svojou dramaturgiou obohatia koncertn\u00fd \u017eivot Bratislavy i\u00a0Banskej \u0160tiavnice. V\u00a0r\u00e1mci posilnenia povedomia o\u00a0s\u00fa\u010dasnej slovenskej hudbe sa Technik STU rozhodol premi\u00e9rovo uvies\u0165\u2026","rel":"","context":"V &quot;AKTU\u00c1LNE&quot;","img":{"alt_text":"","src":"https:\/\/i2.wp.com\/www.satb.sk\/wp-content\/uploads\/2019\/05\/56931834_10156293442758511_1853025148362293248_o.jpg?fit=1200%2C796&ssl=1&resize=350%2C200","width":350,"height":200},"classes":[]},{"id":5862,"url":"https:\/\/www.satb.sk\/index.php\/2021\/11\/15\/smutna-sprava-pre-zborovy-svet-na-slovensku-zomrel-ladislav-holasek\/","url_meta":{"origin":4244,"position":5},"title":"Smutn\u00e1 spr\u00e1va pre zborov\u00fd svet na Slovensku. Zomrel Ladislav Hol\u00e1sek","date":"15 novembra, 2021","format":false,"excerpt":"Opustil n\u00e1s v\u00fdznamn\u00fd slovensk\u00fd dirigent, ktor\u00fd st\u00e1l pri zrode popredn\u00fdch zborov\u00fdch telies na Slovensku. Vo veku 92 rokov zomrel popredn\u00fd slovensk\u00fd dirigent a pedag\u00f3g Ladislav Hol\u00e1sek. Informoval o tom mana\u017e\u00e9rka Spev\u00e1ckeho zboru mesta Bratislava, na \u010dele ktor\u00e9ho st\u00e1l Hol\u00e1sek nieko\u013eko desa\u0165ro\u010d\u00ed. \"Jeho odchodom str\u00e1ca spolo\u010dnos\u0165 a predov\u0161etk\u00fdm n\u00e1\u0161 spev\u00e1cky zbor\u2026","rel":"","context":"V &quot;AKTU\u00c1LNE&quot;","img":{"alt_text":"","src":"https:\/\/i2.wp.com\/www.satb.sk\/wp-content\/uploads\/2021\/11\/255638725_4649461035111016_970198589409811681_n.jpg?fit=1200%2C674&ssl=1&resize=350%2C200","width":350,"height":200},"classes":[]}],"_links":{"self":[{"href":"https:\/\/www.satb.sk\/index.php\/wp-json\/wp\/v2\/posts\/4244"}],"collection":[{"href":"https:\/\/www.satb.sk\/index.php\/wp-json\/wp\/v2\/posts"}],"about":[{"href":"https:\/\/www.satb.sk\/index.php\/wp-json\/wp\/v2\/types\/post"}],"author":[{"embeddable":true,"href":"https:\/\/www.satb.sk\/index.php\/wp-json\/wp\/v2\/users\/1"}],"replies":[{"embeddable":true,"href":"https:\/\/www.satb.sk\/index.php\/wp-json\/wp\/v2\/comments?post=4244"}],"version-history":[{"count":11,"href":"https:\/\/www.satb.sk\/index.php\/wp-json\/wp\/v2\/posts\/4244\/revisions"}],"predecessor-version":[{"id":4260,"href":"https:\/\/www.satb.sk\/index.php\/wp-json\/wp\/v2\/posts\/4244\/revisions\/4260"}],"wp:featuredmedia":[{"embeddable":true,"href":"https:\/\/www.satb.sk\/index.php\/wp-json\/wp\/v2\/media\/4246"}],"wp:attachment":[{"href":"https:\/\/www.satb.sk\/index.php\/wp-json\/wp\/v2\/media?parent=4244"}],"wp:term":[{"taxonomy":"category","embeddable":true,"href":"https:\/\/www.satb.sk\/index.php\/wp-json\/wp\/v2\/categories?post=4244"},{"taxonomy":"post_tag","embeddable":true,"href":"https:\/\/www.satb.sk\/index.php\/wp-json\/wp\/v2\/tags?post=4244"}],"curies":[{"name":"wp","href":"https:\/\/api.w.org\/{rel}","templated":true}]}}