{"id":4355,"date":"2019-08-19T06:18:37","date_gmt":"2019-08-19T06:18:37","guid":{"rendered":"https:\/\/www.satb.sk\/?p=4355"},"modified":"2019-08-19T06:27:15","modified_gmt":"2019-08-19T06:27:15","slug":"slovenska-zborova-tvorba-na-severe-europy","status":"publish","type":"post","link":"https:\/\/www.satb.sk\/index.php\/2019\/08\/19\/slovenska-zborova-tvorba-na-severe-europy\/","title":{"rendered":"Slovensk\u00e1 zborov\u00e1 tvorba na severe Eur\u00f3py"},"content":{"rendered":"<h6><em><strong>Minul\u00fd t\u00fd\u017ede\u0148 sme v\u00e1s informovali o \u00faspechu slovensk\u00fdch zborov na Eur\u00f3pskych zborov\u00fdch hr\u00e1ch vo \u0160v\u00e9dsku. Pre\u010d\u00edtajte si ako toto podujatie vn\u00edmal zbor Technik STU.<\/strong><\/em><\/h6>\n<p><!--more--><\/p>\n<p class=\"p1\"><span class=\"s1\">\u201eNevandruj, mil\u00fd m\u00f4j, nevandruj s\u00e1m.\u201c Veru, otupno je \u010dloveku sam\u00e9mu po svete chodi\u0165, preto sa spolo\u010dne vybralo 34 technik\u00e1rov na \u010dele s\u00a0dirigentkou Ivetou Weis Viskupovou sk\u00fasi\u0165, ako to vyzer\u00e1 so zborov\u00fdm spevom na medzin\u00e1rodnom podujat\u00ed.\u00a0<\/span><span class=\"s1\">Na jese\u0148 v roku 2018 dostal zbor Technik STU av\u00edzo o Eur\u00f3pskych zborov\u00fdch hr\u00e1ch. Vraj to treba vysk\u00fa\u0161a\u0165 a\u00a0preveri\u0165 si sily s\u00a0v\u00e4\u010d\u0161\u00edm mno\u017estvom zahrani\u010dn\u00fdch zborov. Z\u00a0nesmel\u00e9ho pokusu, prihl\u00e1senia sa na s\u00fa\u0165a\u017e, sa napokon vyk\u013eula pomerne \u00faspe\u0161n\u00e1 zborov\u00e1 cesta po \u0160v\u00e9dsku a\u00a0D\u00e1nsku, ktor\u00e1 dodala zboru nov\u00e9 hudobn\u00e9 podnety a\u00a0priate\u013estv\u00e1. <\/span><\/p>\n<p class=\"p1\"><span class=\"s1\">Eur\u00f3pske zborov\u00e9 hry (European Choir Games Gothenburg) sa konali pod z\u00e1\u0161titou spolo\u010dnosti Interkultur, ktor\u00e1 je pedantn\u00e1 pri organiz\u00e1cii s\u00fa\u0165a\u017en\u00fdch festivalov a\u00a0potrp\u00ed si na \u00farove\u0148 pri vyberan\u00ed s\u00fa\u0165a\u017en\u00fdch zborov. Zbor Technik STU musel svoj s\u00fa\u0165a\u017en\u00fd program v\u00a0kateg\u00f3ri\u00e1ch dospel\u00e9 zbory a folkl\u00f3rna hudba acapella najsk\u00f4r zasla\u0165 porote, ktor\u00e1 ho umelecky schv\u00e1lila.\u00a0<\/span><span class=\"s1\">Do prec\u00edzneho v\u00fdberu telies v kateg\u00f3ri\u00e1ch Open competition, European Choir Games a\u00a0Grand Prix of nations s\u00fa nutn\u00e9 vyrovnan\u00e9 v\u00fdkony a\u00a0dramaturgicky p\u00fatav\u00e9 programy zborov\u00fdch telies.\u00a0<\/span><span class=\"s1\">Na zaradenie sa do Eur\u00f3pskej s\u00fa\u0165a\u017ee bolo v\u00a0r\u00e1mci kvalifik\u00e1cie potrebn\u00e9 taktie\u017e doda\u0165 diplomy a\u00a0nahr\u00e1vky zo s\u00fa\u0165a\u017e\u00ed. Na\u0161\u0165astie sa zboru podarilo splni\u0165 v\u0161etky podmienky a\u00a0Technik STU sa mohol i\u00a0v\u010faka finan\u010dnej podpore Fondu na podporu umenia 2. augusta vybra\u0165 na sever. <\/span><\/p>\n<figure id=\"attachment_4360\" aria-describedby=\"caption-attachment-4360\" style=\"width: 730px\" class=\"wp-caption aligncenter\"><img loading=\"lazy\" decoding=\"async\" data-attachment-id=\"4360\" data-permalink=\"https:\/\/www.satb.sk\/index.php\/2019\/08\/19\/slovenska-zborova-tvorba-na-severe-europy\/20190802_085330\/\" data-orig-file=\"https:\/\/i0.wp.com\/www.satb.sk\/wp-content\/uploads\/2019\/08\/20190802_085330.jpg?fit=2944%2C2208&amp;ssl=1\" data-orig-size=\"2944,2208\" data-comments-opened=\"0\" data-image-meta=\"{&quot;aperture&quot;:&quot;1.9&quot;,&quot;credit&quot;:&quot;&quot;,&quot;camera&quot;:&quot;SM-G973F&quot;,&quot;caption&quot;:&quot;&quot;,&quot;created_timestamp&quot;:&quot;1564736010&quot;,&quot;copyright&quot;:&quot;&quot;,&quot;focal_length&quot;:&quot;3.3&quot;,&quot;iso&quot;:&quot;50&quot;,&quot;shutter_speed&quot;:&quot;0.00259067357513&quot;,&quot;title&quot;:&quot;&quot;,&quot;orientation&quot;:&quot;1&quot;}\" data-image-title=\"20190802_085330\" data-image-description=\"\" data-image-caption=\"\" data-medium-file=\"https:\/\/i0.wp.com\/www.satb.sk\/wp-content\/uploads\/2019\/08\/20190802_085330.jpg?fit=300%2C225&amp;ssl=1\" data-large-file=\"https:\/\/i0.wp.com\/www.satb.sk\/wp-content\/uploads\/2019\/08\/20190802_085330.jpg?fit=837%2C628&amp;ssl=1\" class=\"wp-image-4360\" src=\"https:\/\/i0.wp.com\/www.satb.sk\/wp-content\/uploads\/2019\/08\/20190802_085330.jpg?resize=730%2C547&#038;ssl=1\" alt=\"\" width=\"730\" height=\"547\" srcset=\"https:\/\/i0.wp.com\/www.satb.sk\/wp-content\/uploads\/2019\/08\/20190802_085330.jpg?resize=300%2C225&amp;ssl=1 300w, https:\/\/i0.wp.com\/www.satb.sk\/wp-content\/uploads\/2019\/08\/20190802_085330.jpg?resize=768%2C576&amp;ssl=1 768w, https:\/\/i0.wp.com\/www.satb.sk\/wp-content\/uploads\/2019\/08\/20190802_085330.jpg?resize=1024%2C768&amp;ssl=1 1024w, https:\/\/i0.wp.com\/www.satb.sk\/wp-content\/uploads\/2019\/08\/20190802_085330.jpg?resize=600%2C450&amp;ssl=1 600w, https:\/\/i0.wp.com\/www.satb.sk\/wp-content\/uploads\/2019\/08\/20190802_085330.jpg?w=1674&amp;ssl=1 1674w, https:\/\/i0.wp.com\/www.satb.sk\/wp-content\/uploads\/2019\/08\/20190802_085330.jpg?w=2511&amp;ssl=1 2511w\" sizes=\"(max-width: 730px) 100vw, 730px\" data-recalc-dims=\"1\" \/><figcaption id=\"caption-attachment-4360\" class=\"wp-caption-text\"><em>Pri odlete z\u00a0Viedne e\u0161te pln\u00ed o\u010dak\u00e1van\u00ed<\/em><\/figcaption><\/figure>\n<p class=\"p1\"><span class=\"s1\">P\u00e4\u0165 takmer nepretr\u017eite slne\u010dn\u00fdch letn\u00fdch dn\u00ed str\u00e1vili zboristi v\u00a0G\u00f6teborgu. Ich \u201edovolenkov\u00fd\u201c program pozost\u00e1val z\u00a0ka\u017edodennej sk\u00fa\u0161ky a koncertu alebo s\u00fa\u0165a\u017en\u00e9ho vyst\u00fapenia.<span class=\"Apple-converted-space\">\u00a0<\/span>S\u00fa\u0165a\u017en\u00e9 predstavenia Eur\u00f3pskych zborov\u00fdch hier boli otvoren\u00e9 aj verejnosti. V\u010faka priamemu prenosu si ich mohli vychutna\u0165 i\u00a0zn\u00e1mi doma na Slovensku. Potlesk div\u00e1kov po ka\u017edej skladbe pr\u00edjemne odb\u00faraval stres a\u00a0pote\u0161ili aj\u00a0gratul\u00e1cie, zdie\u013eanie dojmov pred s\u00e1lou \u010di pristavenia sa v\u00a0meste (v kroji ste skr\u00e1tka celkom dobre rozpoznate\u013en\u00ed).\u00a0<\/span><span class=\"s1\">Okrem s\u00fa\u0165a\u017ee zbor Technik STU spolupracoval so zborom technickej Univerzity Chalmers. V\u00a0r\u00e1mci hudobn\u00e9ho zbl\u00ed\u017eenia sa Technik pok\u00fasil na\u0161tudova\u0165 \u00fapravu tradi\u010dnej piesne <em>Smedsvisa<\/em> a\u00a0\u0161v\u00e9dski kolegovia sa pozreli na piese\u0148 <em>Tancuj, tancuj vykr\u00facaj<\/em>. Po spolo\u010dnej sk\u00fa\u0161ke a\u00a0doladen\u00ed v\u00fdslovnosti krkolomnej \u0161v\u00e9d\u010dtiny sa piesne spievali na verejnosti v\u00a0r\u00e1mci priate\u013esk\u00e9ho koncertu. Ako zboru Technik STU i\u0161la deklam\u00e1cia ver\u0161ov v\u00a0r\u00fdchlom tepme m\u00f4\u017eete zhodnoti\u0165 sami v nasleduj\u00facom videu.<\/span><\/p>\n<p><span class=\"embed-youtube\" style=\"text-align:center; display: block;\"><iframe loading=\"lazy\" class=\"youtube-player\" width=\"837\" height=\"471\" src=\"https:\/\/www.youtube.com\/embed\/p-8b3GU8aF4?version=3&#038;rel=1&#038;showsearch=0&#038;showinfo=1&#038;iv_load_policy=1&#038;fs=1&#038;hl=sk-SK&#038;autohide=2&#038;wmode=transparent\" allowfullscreen=\"true\" style=\"border:0;\" sandbox=\"allow-scripts allow-same-origin allow-popups allow-presentation\"><\/iframe><\/span><\/p>\n<p><span class=\"s1\">Najv\u00e4\u010d\u0161\u00edm prekvapen\u00edm t\u00fd\u017ed\u0148a bolo, ke\u010f si v\u00a0pondelok po\u010das ve\u010dere na\u0161la mana\u017e\u00e9rka zboru zme\u0161kan\u00e9 hovory od usporiadate\u013eov. Chv\u00edle nap\u00e4t\u00e9ho \u010dakania na linke vystriedala rados\u0165 z\u00a0postupu do Grand Prix kateg\u00f3rie Folkl\u00f3rna hudba a cappella. Prehliadku mesta G\u00f6teborg tak technik\u00e1ri zamenili za sk\u00fa\u0161ku a za \u010fal\u0161ie s\u00fa\u0165a\u017en\u00e9 doobedie. Ako to spev\u00e1kom zboru Technik STU spievalo po\u010das s\u00fa\u0165a\u017ee si viete vypo\u010du\u0165 v\u00a0r\u00e1mci kateg\u00f3rie dospel\u00fdch zborov<a href=\"https:\/\/www.youtube.com\/watch?v=p76YhZIWkDw\"><span class=\"s3\"> tu<\/span><\/a> a\u00a0v kateg\u00f3rii folkl\u00f3rna hudba a cappella <a href=\"https:\/\/www.youtube.com\/watch?v=h3FXv5-YWWw&amp;t=1h19m23s&amp;fbclid=IwAR0FJhLxuT8ldiAIwxZ8FO4jv368FkiF1yOvPEG4Rqmi8SlfKCgA0yfTCks\"><span class=\"s3\">tu<\/span><\/a>.<\/span><\/p>\n<p><span class=\"s1\">Vo\u013en\u00e9 chv\u00edle v\u00a0G\u00f6teborgu spev\u00e1ci vyu\u017eili na spozn\u00e1vanie mesta. Okrem obdivovania architekt\u00fary a fl\u00f3ry sa niektor\u00ed vybrali i\u00a0do m\u00fazea v\u00fdtvarn\u00e9ho umenia. Nako\u013eko sa tam ocitli po odspievan\u00ed folkl\u00f3rneho kola, odet\u00ed v krojoch boli pre n\u00e1v\u0161tevn\u00edkov miestami v\u00e4\u010d\u0161ou atrakciou ako Rembrant, Picasso, \u010di Chagall. Potulky mestom zboristi roz\u0161\u00edrili aj o\u00a0na n\u00e1v\u0161tevu pri\u013eahl\u00fdch ostrovov. Plavba lo\u010fou, odha\u013eovanie z\u00e1kut\u00ed z\u00e1tok na ostrove Styrs\u00f6 a\u00a0ovla\u017eenie sa morskou vodou boli skvel\u00fdm relaxa\u010dn\u00fdm a\u00a0kompenza\u010dn\u00fdm prostriedkom k\u00a0vyp\u00e4t\u00fdm s\u00fa\u0165a\u017en\u00fdm momentom. <\/span><\/p>\n<figure id=\"attachment_4361\" aria-describedby=\"caption-attachment-4361\" style=\"width: 743px\" class=\"wp-caption aligncenter\"><img loading=\"lazy\" decoding=\"async\" data-attachment-id=\"4361\" data-permalink=\"https:\/\/www.satb.sk\/index.php\/2019\/08\/19\/slovenska-zborova-tvorba-na-severe-europy\/20190803_123146\/\" data-orig-file=\"https:\/\/i2.wp.com\/www.satb.sk\/wp-content\/uploads\/2019\/08\/20190803_123146.jpg?fit=4608%2C3456&amp;ssl=1\" data-orig-size=\"4608,3456\" data-comments-opened=\"0\" data-image-meta=\"{&quot;aperture&quot;:&quot;2.2&quot;,&quot;credit&quot;:&quot;&quot;,&quot;camera&quot;:&quot;SM-G973F&quot;,&quot;caption&quot;:&quot;&quot;,&quot;created_timestamp&quot;:&quot;1564835506&quot;,&quot;copyright&quot;:&quot;&quot;,&quot;focal_length&quot;:&quot;1.8&quot;,&quot;iso&quot;:&quot;50&quot;,&quot;shutter_speed&quot;:&quot;0.000950570342205&quot;,&quot;title&quot;:&quot;&quot;,&quot;orientation&quot;:&quot;1&quot;}\" data-image-title=\"20190803_123146\" data-image-description=\"\" data-image-caption=\"\" data-medium-file=\"https:\/\/i2.wp.com\/www.satb.sk\/wp-content\/uploads\/2019\/08\/20190803_123146.jpg?fit=300%2C225&amp;ssl=1\" data-large-file=\"https:\/\/i2.wp.com\/www.satb.sk\/wp-content\/uploads\/2019\/08\/20190803_123146.jpg?fit=837%2C628&amp;ssl=1\" class=\"wp-image-4361\" src=\"https:\/\/i2.wp.com\/www.satb.sk\/wp-content\/uploads\/2019\/08\/20190803_123146.jpg?resize=743%2C557&#038;ssl=1\" alt=\"\" width=\"743\" height=\"557\" srcset=\"https:\/\/i2.wp.com\/www.satb.sk\/wp-content\/uploads\/2019\/08\/20190803_123146.jpg?resize=300%2C225&amp;ssl=1 300w, https:\/\/i2.wp.com\/www.satb.sk\/wp-content\/uploads\/2019\/08\/20190803_123146.jpg?resize=768%2C576&amp;ssl=1 768w, https:\/\/i2.wp.com\/www.satb.sk\/wp-content\/uploads\/2019\/08\/20190803_123146.jpg?resize=1024%2C768&amp;ssl=1 1024w, https:\/\/i2.wp.com\/www.satb.sk\/wp-content\/uploads\/2019\/08\/20190803_123146.jpg?resize=600%2C450&amp;ssl=1 600w, https:\/\/i2.wp.com\/www.satb.sk\/wp-content\/uploads\/2019\/08\/20190803_123146.jpg?w=1674&amp;ssl=1 1674w, https:\/\/i2.wp.com\/www.satb.sk\/wp-content\/uploads\/2019\/08\/20190803_123146.jpg?w=2511&amp;ssl=1 2511w\" sizes=\"(max-width: 743px) 100vw, 743px\" data-recalc-dims=\"1\" \/><figcaption id=\"caption-attachment-4361\" class=\"wp-caption-text\"><em>Spev\u00e1ci po\u010das plavby na ostrovy<\/em><\/figcaption><\/figure>\n<p class=\"p1\"><span class=\"s1\">V\u00a0polovici pracovn\u00e9ho t\u00fd\u017ed\u0148a sa Technik STU presunul do D\u00e1nska, kde ho \u010dakal \u010fal\u0161\u00ed koncertn\u00fd program. Najsk\u00f4r si zboristi pozreli Koda\u0148, respekt\u00edve tie najatrakt\u00edvnej\u0161ie miesta, na ktor\u00e9 sa stihli dosta\u0165. N\u00e1sledne dva dni str\u00e1vili zboristi v\u00a0meste\u010dku Haslev, v\u00a0ktorom ich prich\u00fdlili nad\u0161enci zborov\u00e9ho spevu Peter a\u00a0Betty Arendtovi. Zboristi tak mali mo\u017enos\u0165 prenikn\u00fa\u0165 hlb\u0161ie do d\u00e1nskej kult\u00fary napr\u00edklad po\u010das spievania na om\u0161i, \u010di v r\u00e1mci spievania pre seniorov s\u00a0vn\u00fa\u010datami, ktor\u00fdch dokonca nau\u010dili refr\u00e9n piesne <em>Tancuj, tancuj vykr\u00facaj<\/em> i\u00a0p\u00e1r slovensk\u00fdch tane\u010dn\u00fdch grifov. Pred ve\u010dern\u00fdmi koncertmi absolvovali zboristi e\u0161te prehliadku z\u00e1mku Vall\u00f8 a\u00a0v\u00a0r\u00e1mci zlep\u0161enia kond\u00edcie si za\u0161li i\u00a0na to\u010dit\u00fa ve\u017eu v\u00a0R\u00f8nnede v\u00a0Camp Adventure. <\/span><\/p>\n<figure id=\"attachment_4363\" aria-describedby=\"caption-attachment-4363\" style=\"width: 783px\" class=\"wp-caption aligncenter\"><img loading=\"lazy\" decoding=\"async\" data-attachment-id=\"4363\" data-permalink=\"https:\/\/www.satb.sk\/index.php\/2019\/08\/19\/slovenska-zborova-tvorba-na-severe-europy\/img_20190810_073121\/\" data-orig-file=\"https:\/\/i2.wp.com\/www.satb.sk\/wp-content\/uploads\/2019\/08\/IMG_20190810_073121.jpg?fit=7296%2C5472&amp;ssl=1\" data-orig-size=\"7296,5472\" data-comments-opened=\"0\" data-image-meta=\"{&quot;aperture&quot;:&quot;0&quot;,&quot;credit&quot;:&quot;&quot;,&quot;camera&quot;:&quot;CLT-L29&quot;,&quot;caption&quot;:&quot;&quot;,&quot;created_timestamp&quot;:&quot;0&quot;,&quot;copyright&quot;:&quot;&quot;,&quot;focal_length&quot;:&quot;0&quot;,&quot;iso&quot;:&quot;0&quot;,&quot;shutter_speed&quot;:&quot;0&quot;,&quot;title&quot;:&quot;&quot;,&quot;orientation&quot;:&quot;0&quot;}\" data-image-title=\"IMG_20190810_073121\" data-image-description=\"\" data-image-caption=\"\" data-medium-file=\"https:\/\/i2.wp.com\/www.satb.sk\/wp-content\/uploads\/2019\/08\/IMG_20190810_073121.jpg?fit=300%2C225&amp;ssl=1\" data-large-file=\"https:\/\/i2.wp.com\/www.satb.sk\/wp-content\/uploads\/2019\/08\/IMG_20190810_073121.jpg?fit=837%2C628&amp;ssl=1\" class=\"wp-image-4363\" src=\"https:\/\/i2.wp.com\/www.satb.sk\/wp-content\/uploads\/2019\/08\/IMG_20190810_073121.jpg?resize=783%2C587&#038;ssl=1\" alt=\"\" width=\"783\" height=\"587\" srcset=\"https:\/\/i2.wp.com\/www.satb.sk\/wp-content\/uploads\/2019\/08\/IMG_20190810_073121.jpg?resize=300%2C225&amp;ssl=1 300w, https:\/\/i2.wp.com\/www.satb.sk\/wp-content\/uploads\/2019\/08\/IMG_20190810_073121.jpg?resize=768%2C576&amp;ssl=1 768w, https:\/\/i2.wp.com\/www.satb.sk\/wp-content\/uploads\/2019\/08\/IMG_20190810_073121.jpg?resize=1024%2C768&amp;ssl=1 1024w, https:\/\/i2.wp.com\/www.satb.sk\/wp-content\/uploads\/2019\/08\/IMG_20190810_073121.jpg?resize=600%2C450&amp;ssl=1 600w, https:\/\/i2.wp.com\/www.satb.sk\/wp-content\/uploads\/2019\/08\/IMG_20190810_073121.jpg?w=1674&amp;ssl=1 1674w, https:\/\/i2.wp.com\/www.satb.sk\/wp-content\/uploads\/2019\/08\/IMG_20190810_073121.jpg?w=2511&amp;ssl=1 2511w\" sizes=\"(max-width: 783px) 100vw, 783px\" data-recalc-dims=\"1\" \/><figcaption id=\"caption-attachment-4363\" class=\"wp-caption-text\"><em>Z\u00edskan\u00e9 medaile &#8211; zlat\u00e9 za kateg\u00f3rie dospel\u00e9 spev\u00e1cke zbory a\u00a0folkl\u00f3rna hudba acapella, striebro za folkl\u00f3rna hudba acapella v\u00a0Grand Prix of nations<\/em><\/figcaption><\/figure>\n<p class=\"p1\"><span class=\"s1\"><br \/>\nD\u00e1ni mohli spev\u00e1cky zbor Technik STU po\u010du\u0165 spieva\u0165 dvakr\u00e1t. Prv\u00fd koncert sa konal v malom\u00a0kostole v dedine Vall\u00f8by. Stiesnen\u00e9 spev\u00e1cke podmienky v\u0161ak nevyradili Technik STU z\u00a0v\u00fdkonnosti, za \u010do ich div\u00e1ci odmenili dlh\u00fdm potleskom. Spev\u00e1kov tie\u017e pote\u0161ila aj pr\u00edtomnos\u0165\u00a0rod\u00e1kov \u017eij\u00facich v\u00a0D\u00e1nsku a\u00a0n\u00e1v\u0161teva Viery Mote\u0161ickej, z\u00e1stupkyne slovensk\u00e9ho ve\u013evyslanca v D\u00e1nsku. Dokonca aj na \u010fal\u0161\u00ed de\u0148 sa div\u00e1kom v meste Haslev takmer hodinov\u00fd koncert zboru p\u00e1\u010dil. V\u010faka stru\u010dn\u00e9mu prekladu textov slovensk\u00fdch piesn\u00ed sa publiku podarilo hlb\u0161ie prenikn\u00fa\u0165 do skladieb na\u0161ich skladate\u013eov a\u00a0tak hudobne splyn\u00fa\u0165 so spevom. Kladn\u00e9 reakcie \u013eud\u00ed v D\u00e1nsku tak vytvorili pomyseln\u00fa bodku za koncertnou sez\u00f3nou 2018\/2019 Spev\u00e1ckeho zboru Technik STU.<\/span><\/p>\n<p>&#8211; &#8211; &#8211;<\/p>\n<p><em><strong>Spev\u00e1cky zbor Technik STU\u00a0<\/strong>vznikol v roku 1956. Reperto\u00e1r obsahuje diela r\u00f4znych obdob\u00ed a \u017e\u00e1nrov. Zbor sa pravidelne z\u00fa\u010dast\u0148uje na vyst\u00fapeniach a festivaloch na Slovensku i v zahrani\u010d\u00ed. \u00daspe\u0161ne sa prezentoval vo viac ako 17-tich \u0161t\u00e1toch Eur\u00f3py. Realizoval nahr\u00e1vky pre SRO, telev\u00edziu, OPUS. Zbor mo\u017eno ka\u017edoro\u010dne vidie\u0165 v r\u00e1mci hudobn\u00fdch festivalov (Viva Musica, Epoch\u00e9, Konvergencie) a koncertov. V spolupr\u00e1ci so s\u00fa\u010dasn\u00fdmi slovensk\u00fdmi autormi (\u013d. Bern\u00e1th, P. Martin\u010dek, M. Kraj\u010di, L. Borz\u00edk, M. Zavarsk\u00fd, M. T\u00f3th, P. Breiner, J. Hatr\u00edk) odznelo v posledn\u00fdch rokoch v preveden\u00ed zboru Technik nieko\u013eko svetov\u00fdch premi\u00e9r. V roku 2016 zbor \u00faspe\u0161ne reprezentoval Slovensko v Izraeli. V roku 2017 zbor oslavoval 60 v\u00fdro\u010die zalo\u017eenia, zorganizoval nieko\u013eko koncertov: febru\u00e1r \u2013 koncert Technik\u00e1rskych gener\u00e1ci\u00ed; j\u00fan \u2013 so Symfonick\u00fdm orchestrom SRO Brahms- Nemeck\u00e9 rekviem; viano\u010dn\u00e9 koncerty (Gal\u00e9ria Nedbalka, Sv. Jur), koncerty v regi\u00f3noch Slovenska (Hronsk\u00fd Be\u0148adik, Senec). Na jese\u0148 2017 zbor Technik STU nahr\u00e1val profilov\u00e9 CD \u013dudov\u00e9 premeny v kostole vo Sv. Jure- obsahuje nahr\u00e1vky zborov\u00fdch \u00faprav slovensk\u00fdch \u013eudov\u00fdch piesn\u00ed (Cikker, Sucho\u0148, Hru\u0161ovsk\u00fd, C\u00f3n, Hatr\u00edk). Bolo pokrsten\u00e9 v j\u00fani 2018 na koncerte v SRO. V sez\u00f3ne 2018 sa zbor z\u00fa\u010dastnil dvoch zahrani\u010dn\u00fdch festivalov (Montecatiny Terme a Ny\u00edregyh\u00e1z), s\u00fa\u0165a\u017ee Slovakia cantat, koncertoval aj v nev\u0161ednom priestore Dupnej jaskyne a v m\u00e1ji zaznelo v spolupr\u00e1ci The Ladies Ensemble i dielo Johna Ruttera Magnificat. Dirigentkou zboru je od roku 2013 <strong>Petra Torko\u0161ov\u00e1<\/strong>.<\/em><\/p>\n<p>Autor: Krist\u00edna Gotthardt (autorka je \u010dlenkou Spev\u00e1ckeho zboru Technik STU)<br \/>\nFoto: arch\u00edv Spev\u00e1ckeho zboru Technik STU<\/p>\n","protected":false},"excerpt":{"rendered":"<p>Minul\u00fd t\u00fd\u017ede\u0148 sme v\u00e1s informovali o \u00faspechu slovensk\u00fdch zborov na Eur\u00f3pskych zborov\u00fdch hr\u00e1ch vo \u0160v\u00e9dsku. Pre\u010d\u00edtajte si ako toto podujatie vn\u00edmal zbor Technik STU.<\/p>\n","protected":false},"author":1,"featured_media":4357,"comment_status":"closed","ping_status":"closed","sticky":false,"template":"","format":"standard","meta":{"om_disable_all_campaigns":false,"_monsterinsights_skip_tracking":false,"_monsterinsights_sitenote_active":false,"_monsterinsights_sitenote_note":"","_monsterinsights_sitenote_category":0,"spay_email":"","footnotes":"","jetpack_publicize_message":"","jetpack_is_tweetstorm":false},"categories":[49],"tags":[],"class_list":["post-4355","post","type-post","status-publish","format-standard","has-post-thumbnail","hentry","category-aktualne"],"aioseo_notices":[],"jetpack_featured_media_url":"https:\/\/i0.wp.com\/www.satb.sk\/wp-content\/uploads\/2019\/08\/20190805_154811.jpg?fit=4032%2C3024&ssl=1","jetpack_publicize_connections":[],"jetpack_sharing_enabled":true,"jetpack_shortlink":"https:\/\/wp.me\/pav5wC-18f","jetpack-related-posts":[{"id":4336,"url":"https:\/\/www.satb.sk\/index.php\/2019\/08\/12\/slovenske-zbory-ziskali-dalsie-cenne-kovy\/","url_meta":{"origin":4355,"position":0},"title":"Slovensk\u00e9 zbory z\u00edskali \u010fal\u0161ie cenn\u00e9 kovy","date":"12 augusta, 2019","format":false,"excerpt":"Jedna strieborn\u00e1 a \u0161tyri zlat\u00e9 medaily. To s\u00fa ocenenia, ktor\u00e9 z Eur\u00f3pskych zborov\u00fdch hier priniesli spev\u00e1cke zbory zo Slovenska. Eur\u00f3pske zborov\u00e9 hry patria k najv\u00e4\u010d\u0161\u00edm a najprest\u00ed\u017enej\u0161\u00edm zborov\u00fdm podujatiam v Eur\u00f3pe. \u0160tvrt\u00fd ro\u010dn\u00edk hier sa tento rok uskuto\u010dnil od 3. - 10. augusta v \u0161v\u00e9dskom meste G\u00f6teborg a z\u00fa\u010dastnilo sa\u2026","rel":"","context":"V &quot;Nezaraden\u00e9&quot;","img":{"alt_text":"","src":"https:\/\/i2.wp.com\/www.satb.sk\/wp-content\/uploads\/2019\/08\/68453454_343333016612361_8097268866389901312_n.jpg?fit=1024%2C768&ssl=1&resize=350%2C200","width":350,"height":200},"classes":[]},{"id":6214,"url":"https:\/\/www.satb.sk\/index.php\/2024\/08\/07\/dostanme-spolocne-slovensko-na-zborovu-mapu-europy\/","url_meta":{"origin":4355,"position":1},"title":"Dosta\u0148me spolo\u010dne Slovensko na zborov\u00fa mapu Eur\u00f3py","date":"7 augusta, 2024","format":false,"excerpt":"S\u010d\u00edtanie slovensk\u00fdch zborov a zborov\u00fdch spev\u00e1kov. V\u00a0rokoch 2013 - 2015 sa Eur\u00f3pska zborov\u00e1 asoci\u00e1cia (ECA \u2013 The European Choral Association) podujala na realiz\u00e1ciu pilotnej \u0161t\u00fadie o\u00a0zborovom spievan\u00ed v\u00a0Eur\u00f3pe. V\u00a0r\u00e1mci projektu \u201eSinging Europe\u201c (Spievaj\u00faca Eur\u00f3pa) ECA rozposlala dotazn\u00edk o\u00a0kolekt\u00edvnom spievan\u00ed po viac ako 40-tich eur\u00f3pskych krajin\u00e1ch. V\u00fdsledky tejto \u0161t\u00fadie boli ve\u013emi\u2026","rel":"","context":"V &quot;AKTU\u00c1LNE&quot;","img":{"alt_text":"","src":"https:\/\/i2.wp.com\/www.satb.sk\/wp-content\/uploads\/2024\/08\/Kolko-hlasov_web-1.png?fit=1200%2C675&ssl=1&resize=350%2C200","width":350,"height":200},"classes":[]},{"id":4009,"url":"https:\/\/www.satb.sk\/index.php\/2019\/05\/13\/spevacky-zbor-technik-stu-sa-pripravuje-na-vynimocne-koncerty\/","url_meta":{"origin":4355,"position":2},"title":"Spev\u00e1cky zbor Technik STU sa pripravuje na v\u00fdnimo\u010dn\u00e9 koncerty","date":"13 m\u00e1ja, 2019","format":false,"excerpt":"Spev\u00e1cky zbor Technik STU sa u\u017e nieko\u013eko mesiacov venuje na\u0161tudovaniu nov\u00e9ho reperto\u00e1ru, ktor\u00fd je\u00a0pre spev\u00e1kov v\u00fdzvou. Spev\u00e1ci pod veden\u00edm dirigentky Petry Torko\u0161ovej a\u00a0jej asistenta Mat\u00fa\u0161a Uhliarika pripravili dva koncerty, ktor\u00e9 svojou dramaturgiou obohatia koncertn\u00fd \u017eivot Bratislavy i\u00a0Banskej \u0160tiavnice. V\u00a0r\u00e1mci posilnenia povedomia o\u00a0s\u00fa\u010dasnej slovenskej hudbe sa Technik STU rozhodol premi\u00e9rovo uvies\u0165\u2026","rel":"","context":"V &quot;AKTU\u00c1LNE&quot;","img":{"alt_text":"","src":"https:\/\/i2.wp.com\/www.satb.sk\/wp-content\/uploads\/2019\/05\/56931834_10156293442758511_1853025148362293248_o.jpg?fit=1200%2C796&ssl=1&resize=350%2C200","width":350,"height":200},"classes":[]},{"id":5680,"url":"https:\/\/www.satb.sk\/index.php\/2021\/02\/07\/spievanie-v-zbore-z-pohodlia-obyvacky\/","url_meta":{"origin":4355,"position":3},"title":"Spievanie v zbore z pohodlia ob\u00fdva\u010dky","date":"7 febru\u00e1ra, 2021","format":false,"excerpt":"Online zborov\u00e1 kni\u017enica spev\u00e1ckeho zboru Technik STU. Je to u\u017e takmer rok, \u010do svet zasiahla pand\u00e9mia koronav\u00edrusu. T\u00e1 v\u00fdrazne skomplikovala aj n\u00e1cviky spev\u00e1ckych zborov a aj preto viacer\u00e9 z nich u\u017e takmer rok nemali spolo\u010dn\u00fa sk\u00fa\u0161ku. Dirigenti a zbory sa v\u0161ak nevzdali a napriek komplikovanej situ\u00e1ci\u00ed sa st\u00e1le sna\u017eia r\u00f4znymi\u2026","rel":"","context":"V &quot;AKTU\u00c1LNE&quot;","img":{"alt_text":"","src":"https:\/\/i1.wp.com\/www.satb.sk\/wp-content\/uploads\/2021\/02\/Online-kniz\u030cnica.png?fit=1200%2C675&ssl=1&resize=350%2C200","width":350,"height":200},"classes":[]},{"id":329,"url":"https:\/\/www.satb.sk\/index.php\/2018\/11\/26\/spevacky-zbor-technik-stu-sme-komunita-ktora-sa-rozhodla-spievat-spolocne\/","url_meta":{"origin":4355,"position":4},"title":"Spev\u00e1cky zbor Technik STU: Sme komunita, ktor\u00e1 sa rozhodla spieva\u0165 spolo\u010dne","date":"26 novembra, 2018","format":false,"excerpt":"Na zborovej sc\u00e9ne s\u00fa u\u017e 63 rokov a ako jeden z m\u00e1la zborov na Slovensku p\u00f4sobia na univerzitnej p\u00f4de. Radi \u0161okuj\u00fa okolie, preto\u017ee\u00a0spievaj\u00fa kdeko\u013evek, kedyko\u013evek a\u00a0\u010doko\u013evek. Predstavujeme v\u00e1m Spev\u00e1cky zbor Technik STU o\u010dami (ale aj u\u0161ami) jeho \u010dlenov. Sme \u013eudia, \u010do maj\u00fa zvl\u00e1\u0161tne hobby, ktor\u00e9 kr\u00e1\u0161li du\u0161e a hlasy. Je\u2026","rel":"","context":"V &quot;O\u010cAMI ZBOROV&quot;","img":{"alt_text":"","src":"https:\/\/i2.wp.com\/www.satb.sk\/wp-content\/uploads\/2018\/11\/P8203669.jpg?fit=1200%2C676&ssl=1&resize=350%2C200","width":350,"height":200},"classes":[]},{"id":521,"url":"https:\/\/www.satb.sk\/index.php\/2018\/12\/10\/olga-budinska-nadsenie-a-tradicia-pre-zborovy-spev-su-vo-vojvodine-naozaj-velke\/","url_meta":{"origin":4355,"position":5},"title":"O\u013ega Budinsk\u00e1: Nad\u0161enie a\u00a0trad\u00edcia pre zborov\u00fd spev s\u00fa vo Vojvodine naozaj ve\u013ek\u00e9","date":"10 decembra, 2018","format":false,"excerpt":"V B\u00e1\u010dskom Petrovci vo Vojvodine (Srbsko) sa ned\u00e1vno uskuto\u010dnil Koncert slovensk\u00fdch spev\u00e1ckych zborov. Slovensko na tomto podujat\u00ed reprezentoval \u017densk\u00fd spev\u00e1cky zbor Belius. O\u013ega Budinsk\u00e1, dirigentka tohto zboru, n\u00e1m v kr\u00e1tkom rozhovore porozpr\u00e1vala ako prebiehal ich pobyt a ak\u00e1 je aktu\u00e1lna situ\u00e1cia slovensk\u00fdch spev\u00e1ckych zborov vo Vojvodine. O\u013ega, ako sa dostal\u2026","rel":"","context":"V &quot;MAGAZ\u00cdN&quot;","img":{"alt_text":"","src":"https:\/\/i1.wp.com\/www.satb.sk\/wp-content\/uploads\/2018\/12\/46091959_582789868844935_3852187813101436928_o.jpg?fit=1200%2C800&ssl=1&resize=350%2C200","width":350,"height":200},"classes":[]}],"_links":{"self":[{"href":"https:\/\/www.satb.sk\/index.php\/wp-json\/wp\/v2\/posts\/4355"}],"collection":[{"href":"https:\/\/www.satb.sk\/index.php\/wp-json\/wp\/v2\/posts"}],"about":[{"href":"https:\/\/www.satb.sk\/index.php\/wp-json\/wp\/v2\/types\/post"}],"author":[{"embeddable":true,"href":"https:\/\/www.satb.sk\/index.php\/wp-json\/wp\/v2\/users\/1"}],"replies":[{"embeddable":true,"href":"https:\/\/www.satb.sk\/index.php\/wp-json\/wp\/v2\/comments?post=4355"}],"version-history":[{"count":8,"href":"https:\/\/www.satb.sk\/index.php\/wp-json\/wp\/v2\/posts\/4355\/revisions"}],"predecessor-version":[{"id":4377,"href":"https:\/\/www.satb.sk\/index.php\/wp-json\/wp\/v2\/posts\/4355\/revisions\/4377"}],"wp:featuredmedia":[{"embeddable":true,"href":"https:\/\/www.satb.sk\/index.php\/wp-json\/wp\/v2\/media\/4357"}],"wp:attachment":[{"href":"https:\/\/www.satb.sk\/index.php\/wp-json\/wp\/v2\/media?parent=4355"}],"wp:term":[{"taxonomy":"category","embeddable":true,"href":"https:\/\/www.satb.sk\/index.php\/wp-json\/wp\/v2\/categories?post=4355"},{"taxonomy":"post_tag","embeddable":true,"href":"https:\/\/www.satb.sk\/index.php\/wp-json\/wp\/v2\/tags?post=4355"}],"curies":[{"name":"wp","href":"https:\/\/api.w.org\/{rel}","templated":true}]}}