{"id":4596,"date":"2019-11-03T13:28:07","date_gmt":"2019-11-03T13:28:07","guid":{"rendered":"https:\/\/www.satb.sk\/?p=4596"},"modified":"2019-11-03T13:28:28","modified_gmt":"2019-11-03T13:28:28","slug":"spevom-dojali-krajanov-i-potomkov-slovakov","status":"publish","type":"post","link":"https:\/\/www.satb.sk\/index.php\/2019\/11\/03\/spevom-dojali-krajanov-i-potomkov-slovakov\/","title":{"rendered":"Spevom dojali krajanov i potomkov Slov\u00e1kov"},"content":{"rendered":"<h6><em><strong>Spev\u00e1ci z mesta Humenn\u00e9 vycestovali zaspieva\u0165 si so svojimi izraelsk\u00fdmi kolegami. Po\u010das nieko\u013ek\u00fdch dn\u00ed spievali pre ve\u013evyslanca, pre krajanov \u017eij\u00facich v zahrani\u010d\u00ed i pre potomkov Slov\u00e1kov, ktor\u00ed pri\u0161li do Izraela po\u010das druhej svetovej vojny.<\/strong><\/em><\/h6>\n<p><!--more--><\/p>\n<p class=\"p1\"><span class=\"s1\">Spev\u00e1cky zbor mesta Humenn\u00e9 u\u017e 17 rokov organizuje festivalov\u00e9 koncerty pod n\u00e1zvom &#8220;Hudba &#8211; k\u013e\u00fa\u010d k porozumeniu a l\u00e1ske&#8221;. Koncerty sa konaj\u00fa ka\u017ed\u00fd rok v j\u00fani a pravidelne na ne poz\u00fdvame r\u00f4zne zbory z mesta Humenn\u00e9, zbory z n\u00e1\u0161ho regi\u00f3nu, ale i<br \/>\nz cel\u00e9ho Slovenska. Okrem toho sa sna\u017e\u00edme, aby na koncertoch ka\u017ed\u00fd rok vyst\u00fapil aj zahrani\u010dn\u00fd zbor. Po\u010das uplynul\u00fdch rokov n\u00e1s takto nav\u0161t\u00edvili spev\u00e1cke zbory z Talianska, Po\u013eska, Ma\u010farska \u010di z USA.\u00a0<\/span><span class=\"s1\">Tento rok je pre spev\u00e1cky zbor mesta Humenn\u00e9 jubilejn\u00fd, preto\u017ee oslavuje 25. v\u00fdro\u010die svojho zalo\u017eenia. V j\u00fani 2019 sme preto na koncerty pozvali dva izraelsk\u00e9 zbory Shamaim a Avihail. Tieto dva kolekt\u00edvy \u00fa\u010dinkovali minul\u00fd rok na koncertoch v\u00a0Bratislave. Podarilo sa n\u00e1m z\u00edska\u0165 kontakt na ich dirigenta Boaza Kabilia, ktor\u00fd prijal na\u0161e pozvanie na koncerty v\u00a0Humennom. N\u00e1sledne vznikla komunik\u00e1cia o\u00a0tom, \u010do by mohli pon\u00faknu\u0165 slovensk\u00e9mu publiku a\u00a0\u010do by naopak recipro\u010dne mohli pon\u00faknu\u0165 izraelsk\u00e9mu publiku slovensk\u00e9 zbory. Vznikla tak n\u00e1dhern\u00e1 spolupr\u00e1ca, v r\u00e1mci ktorej sme sa dohodli na spolo\u010dn\u00fdch pies\u0148ach, ktor\u00e9 sme predviedli na Slovensku na na\u0161ich koncertoch i na koncertoch v\u00a0Izraeli. Do Izraela sme napokon vycestovali 15.okt\u00f3bra. V tomto \u010dase tam ka\u017edoro\u010dne prebieha festival zborov\u00fdch telies, ktor\u00fd organizuje tamoj\u0161ia n\u00e1rodn\u00e1 organiz\u00e1cia pre zborov\u00fd spev MILA.<\/span><\/p>\n<p><span class=\"embed-youtube\" style=\"text-align:center; display: block;\"><iframe loading=\"lazy\" class=\"youtube-player\" width=\"837\" height=\"471\" src=\"https:\/\/www.youtube.com\/embed\/99J6pjUvZvM?version=3&#038;rel=1&#038;showsearch=0&#038;showinfo=1&#038;iv_load_policy=1&#038;fs=1&#038;hl=sk-SK&#038;autohide=2&#038;wmode=transparent\" allowfullscreen=\"true\" style=\"border:0;\" sandbox=\"allow-scripts allow-same-origin allow-popups allow-presentation\"><\/iframe><\/span><\/p>\n<blockquote>\n<p style=\"text-align: center;\"><strong><span class=\"s1\">Koncerty nav\u0161t\u00edvilo aj slovensky hovoriace publikum. Po vyst\u00fapen\u00ed za nami pri\u0161li so slzami v o\u010diach, ak\u00e9 bolo pre nich kr\u00e1sne op\u00e4\u0165 po\u010du\u0165 slovensk\u00e9 piesne.<\/span><\/strong><\/p>\n<\/blockquote>\n<p class=\"p1\"><span class=\"s1\">N\u00e1\u0161 pobyt v Izraeli sa riadil predov\u0161etk\u00fdm pod\u013ea n\u00e1\u0161ho koncertn\u00e9ho pl\u00e1nu. V priebehu \u0161tyroch dn\u00ed sme absolvovali \u0161tyri koncerty na r\u00f4znych p\u00f3di\u00e1ch a v r\u00f4znych mest\u00e1ch. Na\u0161e \u00fa\u010dinkovanie v Izraeli sme zah\u00e1jili dvoma koncertami v n\u00e1rodnom parku Beit Guvrin. Bola to pre n\u00e1s nov\u00e1 sk\u00fasenos\u0165, lebo sme koncertovali v prostred\u00ed tzv. zvonov\u00fdch jask\u00fd\u0148. O de\u0148 nesk\u00f4r sme spievali na p\u00f4de vysokej \u0161koly Rupin College v meste Emek Hefer, kde sme sa predstavili spolu s na\u0161imi hostite\u013emi so spolo\u010dn\u00fdmi pies\u0148ami. Posledn\u00fdm koncertn\u00fdm miestom bolo pre n\u00e1s mesto Haifa a Kostol Milosti, kde op\u00e4\u0165 \u00fa\u010dinkovali dom\u00e1ce teles\u00e1 a\u00a0medzi nimi i my &#8211; Spev\u00e1cky zbor mesta Humenn\u00e9 a vok\u00e1lna skupina Womanvocal. Festivalov\u00e9 koncerty sa v\u00a0t\u00fdchto zauj\u00edmav\u00fdch priestoroch organizuj\u00fa ka\u017edoro\u010dne, koncert v Emek Heferi svojou \u00fa\u010das\u0165ou podporil aj slovensk\u00fd ve\u013evyslanec v\u00a0Izraeli. V publiku sme dokonca na\u0161li aj host\u00ed zo slovensk\u00fdmi kore\u0148mi, \u010do bolo pre nich, ale aj pre n\u00e1s ve\u013emi pr\u00edjemn\u00e9. P<\/span><span class=\"s1\">ublikum v Izraeli bolo celkovo \u00fa\u017easn\u00e9. Na\u0161e skladby boli pre nich \u010d\u00edmsi nov\u00fdm, zauj\u00edmav\u00fdm a to najm\u00e4 tie slovensk\u00e9. Na na\u0161e prekvapenie a\u00a0hlavne pote\u0161enie, koncerty nav\u0161t\u00edvilo aj slovensky hovoriace publikum. Po vyst\u00fapen\u00ed za nami pri\u0161li so slzami v o\u010diach, ak\u00e9 bolo pre nich kr\u00e1sne op\u00e4\u0165 po\u010du\u0165 slovensk\u00e9 piesne. Pre n\u00e1s spev\u00e1kov bolo z\u00e1rove\u0148 ve\u013emi pr\u00edjemn\u00e9 vidie\u0165 pln\u00e9 chr\u00e1my a s\u00e1ly pri koncertoch.<\/span><\/p>\n<p><img loading=\"lazy\" decoding=\"async\" data-attachment-id=\"4609\" data-permalink=\"https:\/\/www.satb.sk\/index.php\/2019\/11\/03\/spevom-dojali-krajanov-i-potomkov-slovakov\/73256769_406122670312392_4700599885928333312_n\/\" data-orig-file=\"https:\/\/i0.wp.com\/www.satb.sk\/wp-content\/uploads\/2019\/11\/73256769_406122670312392_4700599885928333312_n.jpg?fit=1400%2C1050&amp;ssl=1\" data-orig-size=\"1400,1050\" data-comments-opened=\"0\" data-image-meta=\"{&quot;aperture&quot;:&quot;0&quot;,&quot;credit&quot;:&quot;&quot;,&quot;camera&quot;:&quot;&quot;,&quot;caption&quot;:&quot;&quot;,&quot;created_timestamp&quot;:&quot;0&quot;,&quot;copyright&quot;:&quot;&quot;,&quot;focal_length&quot;:&quot;0&quot;,&quot;iso&quot;:&quot;0&quot;,&quot;shutter_speed&quot;:&quot;0&quot;,&quot;title&quot;:&quot;&quot;,&quot;orientation&quot;:&quot;0&quot;}\" data-image-title=\"73256769_406122670312392_4700599885928333312_n\" data-image-description=\"\" data-image-caption=\"\" data-medium-file=\"https:\/\/i0.wp.com\/www.satb.sk\/wp-content\/uploads\/2019\/11\/73256769_406122670312392_4700599885928333312_n.jpg?fit=300%2C225&amp;ssl=1\" data-large-file=\"https:\/\/i0.wp.com\/www.satb.sk\/wp-content\/uploads\/2019\/11\/73256769_406122670312392_4700599885928333312_n.jpg?fit=837%2C628&amp;ssl=1\" class=\"wp-image-4609 aligncenter\" src=\"https:\/\/i0.wp.com\/www.satb.sk\/wp-content\/uploads\/2019\/11\/73256769_406122670312392_4700599885928333312_n.jpg?resize=755%2C566&#038;ssl=1\" alt=\"\" width=\"755\" height=\"566\" srcset=\"https:\/\/i0.wp.com\/www.satb.sk\/wp-content\/uploads\/2019\/11\/73256769_406122670312392_4700599885928333312_n.jpg?resize=300%2C225&amp;ssl=1 300w, https:\/\/i0.wp.com\/www.satb.sk\/wp-content\/uploads\/2019\/11\/73256769_406122670312392_4700599885928333312_n.jpg?resize=768%2C576&amp;ssl=1 768w, https:\/\/i0.wp.com\/www.satb.sk\/wp-content\/uploads\/2019\/11\/73256769_406122670312392_4700599885928333312_n.jpg?resize=1024%2C768&amp;ssl=1 1024w, https:\/\/i0.wp.com\/www.satb.sk\/wp-content\/uploads\/2019\/11\/73256769_406122670312392_4700599885928333312_n.jpg?resize=600%2C450&amp;ssl=1 600w, https:\/\/i0.wp.com\/www.satb.sk\/wp-content\/uploads\/2019\/11\/73256769_406122670312392_4700599885928333312_n.jpg?w=1400&amp;ssl=1 1400w\" sizes=\"(max-width: 755px) 100vw, 755px\" data-recalc-dims=\"1\" \/><\/p>\n<blockquote>\n<p style=\"text-align: center;\"><strong><span class=\"s1\">V\u0161etci sme si cez hudbu rozumeli a\u00a0spolo\u010dne sme sa kochali v\u00a0tej spleti t\u00f3nov.<\/span><\/strong><\/p>\n<\/blockquote>\n<p class=\"p1\"><span class=\"s1\">Na\u0161u pr\u00edpravu na izraelsk\u00e9 koncerty sme zamerali na slovensk\u00fa zborov\u00fa piese\u0148 a\u00a0na piesne od skladate\u013eov svetov\u00e9ho mena. Ke\u010f\u017ee sme vystupovali aj na tzv. \u201echr\u00e1movom p\u00f3diu\u201c, nech\u00fdbali v\u00a0na\u0161om reperto\u00e1ri ani \u010dasti z\u00a0om\u0161e, star\u00e1 hudba a piesne v\u00a0latin\u010dine. Reperto\u00e1r Spev\u00e1ckeho zboru mesta Humenn\u00e9 obsahoval tvorbu Jozefa Gre\u0161\u00e1ka (<em>Piesne na svadbe<\/em>), J\u00e1na Hrubov\u010d\u00e1ka (<em>Ot\u010de n\u00e1\u0161<\/em>), Moniky Ba\u017e\u00edkovej (<em>Agnus Dei<\/em>) a Jana Valacha (<em>Tancuj, tancuj<\/em>). Zo svetovej literat\u00fary sme si vybrali Karla Jenkinsa a\u00a0jeho <em>Om\u0161u za mier<\/em> (<em>Benedictus<\/em>), publikum zaujala skladba <em>Verbum<\/em>\u00a0od Fransa Bullensa a skladba <em>Cantar<\/em>\u00a0od Jaya Althousa. Womanvocal sa predstavil so slovensk\u00fdmi \u013eudov\u00fdmi pies\u0148ami v r\u00f4znych \u00faprav\u00e1ch: J.Se\u0148ko &#8211; <em>Odky\u013e sone\u010dko<\/em>, <em>Tr\u00e1vnice z Terchovej<\/em> od Alfr\u00e9da Zemanovsk\u00e9ho a\u00a0<em>P\u00e1slo diev\u010da p\u00e1vy<\/em> v \u00faprave M\u00e1rie Ja\u0161urdovej. Do reperto\u00e1ru zaradili aj sakr\u00e1lnu tvorbu <em>Pater Noster<\/em>\u00a0od Piotra Janczaka, <em>Ave Maria<\/em>\u00a0od Romualda Twardosvk\u00e9ho, <em>Crux Fideli<\/em> od Oresta Ravanella,\u00a0<em>Mal\u00e1 jazzov\u00e1 om\u0161a<\/em> od Boba Chilcota a nech\u00fdbali ani\u00a0tradicion\u00e1ly ako &#8211; <em>Amazing grace<\/em> alebo <em>I\u00b4ll fly away<\/em>.\u00a0<\/span><span class=\"s1\">Spolo\u010dne s izraelsk\u00fdmi zbormi sme predviedli od Bepi de Marzi &#8211;<em> Signore delle cime<\/em>, od Wolfa P\u00e9tera a\u00a0<\/span><span class=\"s1\">F\u00fcl\u00f6pa K\u00e1lm\u00e1na &#8211; <em>Ave Maria<\/em>, od Johna Ruttera &#8211; <em>Look at the world <\/em>a\u00a0v\u00a0\u00faprave Boaza Kabilia skladbu\u00a0<em>Eli, eli<\/em>. Mus\u00edme neskromne poveda\u0165, \u017ee pr\u00edjemn\u00fdm z\u00e1\u017eitkom pre publikum boli aj s\u00f3listi &#8211; Zuzana a Al\u017ebeta Dirb\u00e1kov\u00e9, Adriana \u0160pitalikov\u00e1, Janka Doln\u00e1, Zlatko Pavl\u00edk a tie\u017e Zuzana Sedl\u00e1\u010dkov\u00e1, ktor\u00e1 spolo\u010dne s\u00a0izraelskou s\u00f3listkou Tal Gotesgenade-Shapira spievala piese\u0148 <em>Eli, eli<\/em>,\u00a0ktorou dojali publikum.\u00a0<\/span><span class=\"s1\">Na koncertoch tak odzneli r\u00f4zne \u0161t\u00fdly, podstatn\u00e9 v\u0161ak bolo, \u017ee v\u0161etci sme si cez hudbu rozumeli a\u00a0spolo\u010dne sme sa kochali v\u00a0tej spleti t\u00f3nov.<\/span><\/p>\n<p><img loading=\"lazy\" decoding=\"async\" data-attachment-id=\"4610\" data-permalink=\"https:\/\/www.satb.sk\/index.php\/2019\/11\/03\/spevom-dojali-krajanov-i-potomkov-slovakov\/20191016_152517\/\" data-orig-file=\"https:\/\/i2.wp.com\/www.satb.sk\/wp-content\/uploads\/2019\/11\/20191016_152517.jpg?fit=4032%2C1960&amp;ssl=1\" data-orig-size=\"4032,1960\" data-comments-opened=\"0\" data-image-meta=\"{&quot;aperture&quot;:&quot;1.7&quot;,&quot;credit&quot;:&quot;&quot;,&quot;camera&quot;:&quot;SM-G950F&quot;,&quot;caption&quot;:&quot;&quot;,&quot;created_timestamp&quot;:&quot;1571239517&quot;,&quot;copyright&quot;:&quot;&quot;,&quot;focal_length&quot;:&quot;4.2&quot;,&quot;iso&quot;:&quot;250&quot;,&quot;shutter_speed&quot;:&quot;0.1&quot;,&quot;title&quot;:&quot;&quot;,&quot;orientation&quot;:&quot;1&quot;}\" data-image-title=\"20191016_152517\" data-image-description=\"\" data-image-caption=\"\" data-medium-file=\"https:\/\/i2.wp.com\/www.satb.sk\/wp-content\/uploads\/2019\/11\/20191016_152517.jpg?fit=300%2C146&amp;ssl=1\" data-large-file=\"https:\/\/i2.wp.com\/www.satb.sk\/wp-content\/uploads\/2019\/11\/20191016_152517.jpg?fit=837%2C407&amp;ssl=1\" class=\"wp-image-4610 aligncenter\" src=\"https:\/\/i2.wp.com\/www.satb.sk\/wp-content\/uploads\/2019\/11\/20191016_152517.jpg?resize=768%2C374&#038;ssl=1\" alt=\"\" width=\"768\" height=\"374\" srcset=\"https:\/\/i2.wp.com\/www.satb.sk\/wp-content\/uploads\/2019\/11\/20191016_152517.jpg?resize=300%2C146&amp;ssl=1 300w, https:\/\/i2.wp.com\/www.satb.sk\/wp-content\/uploads\/2019\/11\/20191016_152517.jpg?resize=768%2C373&amp;ssl=1 768w, https:\/\/i2.wp.com\/www.satb.sk\/wp-content\/uploads\/2019\/11\/20191016_152517.jpg?resize=1024%2C498&amp;ssl=1 1024w, https:\/\/i2.wp.com\/www.satb.sk\/wp-content\/uploads\/2019\/11\/20191016_152517.jpg?resize=600%2C292&amp;ssl=1 600w, https:\/\/i2.wp.com\/www.satb.sk\/wp-content\/uploads\/2019\/11\/20191016_152517.jpg?w=1674&amp;ssl=1 1674w, https:\/\/i2.wp.com\/www.satb.sk\/wp-content\/uploads\/2019\/11\/20191016_152517.jpg?w=2511&amp;ssl=1 2511w\" sizes=\"(max-width: 768px) 100vw, 768px\" data-recalc-dims=\"1\" \/><\/p>\n<p class=\"p1\"><span class=\"s1\">Z Izraela sme si odniesli predov\u0161etk\u00fdm ve\u013ea nov\u00fdch z\u00e1\u017eitkov a to nielen z koncertov, ale aj z v\u00fdletov, ktor\u00e9 pre n\u00e1s hostitelia pripravili. Patrili tu napr\u00edklad\u00a0<\/span><span class=\"s1\">prehliadky starobyl\u00e9ho mesta Nazaret, Galilejsk\u00e9ho jazera, Hory Blahoslavenstva a\u00a0v\u00a0de\u0148 odchodu do Tel Aviv sme stihli i prehliadku Jeruzalema \u010di zn\u00e1mej Via dolororosa.\u00a0<\/span><span class=\"s1\">Izrael je mlad\u00e1 rozmanit\u00e1 krajina pln\u00e1 kontrastov, ktor\u00e1 svoju identitu buduje pribli\u017ene od roku 1948. Na jednej strane ve\u013emi vzdelan\u00ed \u013eudia a technol\u00f3gie, na strane druhej je vidie\u0165 ve\u013ek\u00e9 rozdiely medzi kult\u00farami, ktor\u00e9 tam s\u00fa (arabsk\u00e1, \u017eidovsk\u00e1 a in\u00e9 komunity). Spoznali sme nov\u00fdch \u013eud\u00ed a priate\u013eov, za\u017eili sme pr\u00edjemn\u00e9 chv\u00edle s\u00a0\u013eu\u010fmi a s na\u0161imi hostite\u013emi, s ktor\u00fdmi sme str\u00e1vili nieko\u013eko dn\u00ed. Mnoh\u00ed z nich maj\u00fa korene v Eur\u00f3pe, niektor\u00ed<br \/>\nv Po\u013esku, na Ukrajine, Ma\u010farsku i na Slovensku. Ich star\u00ed rodi\u010dia odi\u0161li do Izraela po\u010das alebo po druhej svetovej vojne. Mo\u017eno aj pre t\u00fato skuto\u010dnos\u0165 sme si rozumeli nielen po umeleckej, ale aj \u013eudskej str\u00e1nke. Ke\u010f sme odch\u00e1dzali n\u00e1\u0161 dom\u00e1ci, u ktor\u00e9ho sme b\u00fdvali, sa vyjadril, \u017ee odteraz m\u00f4\u017eeme poveda\u0165, \u017ee m\u00e1me v Izraeli rodinu. A to s\u00fa slov\u00e1, ktor\u00e9 zahrej\u00fa.<\/span><\/p>\n<p>Pripravili: Zuzana Dirb\u00e1kov\u00e1,\u00a0Na\u010fa Spi\u0161\u00e1kov\u00e1<br \/>\nFoto: arch\u00edv spev\u00e1cky zbor Humenn\u00e9 a vok\u00e1lna skupina Womanvocal<\/p>\n<p>&nbsp;<\/p>\n","protected":false},"excerpt":{"rendered":"<p>Spev\u00e1ci z mesta Humenn\u00e9 vycestovali zaspieva\u0165 si so svojimi izraelsk\u00fdmi kolegami. Po\u010das nieko\u013ek\u00fdch dn\u00ed spievali pre ve\u013evyslanca, pre krajanov \u017eij\u00facich v zahrani\u010d\u00ed i pre potomkov Slov\u00e1kov, ktor\u00ed pri\u0161li do Izraela po\u010das druhej svetovej vojny.<\/p>\n","protected":false},"author":1,"featured_media":4605,"comment_status":"closed","ping_status":"closed","sticky":false,"template":"","format":"standard","meta":{"om_disable_all_campaigns":false,"_monsterinsights_skip_tracking":false,"_monsterinsights_sitenote_active":false,"_monsterinsights_sitenote_note":"","_monsterinsights_sitenote_category":0,"spay_email":"","footnotes":"","jetpack_publicize_message":"","jetpack_is_tweetstorm":false},"categories":[49],"tags":[],"class_list":["post-4596","post","type-post","status-publish","format-standard","has-post-thumbnail","hentry","category-aktualne"],"aioseo_notices":[],"jetpack_featured_media_url":"https:\/\/i1.wp.com\/www.satb.sk\/wp-content\/uploads\/2019\/11\/20191018_151552.jpg?fit=4608%2C2240&ssl=1","jetpack_publicize_connections":[],"jetpack_sharing_enabled":true,"jetpack_shortlink":"https:\/\/wp.me\/pav5wC-1c8","jetpack-related-posts":[{"id":4121,"url":"https:\/\/www.satb.sk\/index.php\/2019\/06\/10\/zaspievajte-si-na-horehroni\/","url_meta":{"origin":4596,"position":0},"title":"Zaspievajte si na Horehron\u00ed","date":"10 j\u00fana, 2019","format":false,"excerpt":"Horehronsk\u00e9 sl\u00e1vnosti zborov\u00e9ho spevu v Brezne sp\u00fa\u0161\u0165aj\u00fa prihlasovanie pre spev\u00e1cke zbory.\u00a0 Horehronsk\u00e9 sl\u00e1vnosti zborov\u00e9ho spevu v Brezne patria k \u010fal\u0161\u00edm nes\u00fa\u0165a\u017en\u00fdm zborov\u00fdm festivalom na Slovensku. \u0160trn\u00e1sty ro\u010dn\u00edk tohto podujatia sa tento rok uskuto\u010dn\u00ed 3. - 6. okt\u00f3bra v Brezne. Festival je ur\u010den\u00fd pre spev\u00e1cke zbory v\u0161etk\u00fdch vekov\u00fdch kateg\u00f3ri\u00ed a z\u00fa\u010dastni\u0165\u2026","rel":"","context":"V &quot;Nezaraden\u00e9&quot;","img":{"alt_text":"","src":"https:\/\/i1.wp.com\/www.satb.sk\/wp-content\/uploads\/2019\/06\/17042712064144.jpg?fit=764%2C530&ssl=1&resize=350%2C200","width":350,"height":200},"classes":[]},{"id":4537,"url":"https:\/\/www.satb.sk\/index.php\/2019\/10\/24\/viva-il-canto-ma-svojich-vitazov\/","url_meta":{"origin":4596,"position":1},"title":"Viva il Canto m\u00e1 svojich v\u00ed\u0165azov","date":"24 okt\u00f3bra, 2019","format":false,"excerpt":"Za\u010diatkom okt\u00f3bra sa v Spi\u0161skej Novej Vsi stretli najlep\u0161ie spev\u00e1cke zbory zo Slovenska. V metropole Spi\u0161a sa 4. - 5.okt\u00f3bra 2019 konalo celo\u0161t\u00e1tne kolo s\u00fa\u0165a\u017enej prehliadky pre dospel\u00e9 spev\u00e1cke zbory Viva il Canto. V Koncertnej s\u00e1le Reduty si v r\u00e1mci \u0161tvrt\u00e9ho ro\u010dn\u00edka s\u00fa\u0165a\u017ee zmerali svoje sily i hlasy zborov\u00e9 teles\u00e1\u2026","rel":"","context":"V &quot;PODUJATIA&quot;","img":{"alt_text":"","src":"https:\/\/i0.wp.com\/www.satb.sk\/wp-content\/uploads\/2019\/10\/71781815_518406528706986_6165605847545151488_n.jpg?fit=1200%2C900&ssl=1&resize=350%2C200","width":350,"height":200},"classes":[]},{"id":6180,"url":"https:\/\/www.satb.sk\/index.php\/2024\/05\/13\/mladez-spieva-2024-plna-slovenskej-tvorby-a-kvalitnych-vykonov\/","url_meta":{"origin":4596,"position":2},"title":"Ml\u00e1de\u017e spieva 2024 pln\u00e1 slovenskej tvorby a\u00a0kvalitn\u00fdch umeleck\u00fdch v\u00fdkonov","date":"13 m\u00e1ja, 2024","format":false,"excerpt":"Pozn\u00e1me v\u00ed\u0165azov celo\u0161t\u00e1tnej s\u00fa\u0165a\u017ee a prehliadky Ml\u00e1de\u017e spieva 2024. Premi\u00e9ry slovensk\u00fdch skladieb, bohat\u00fd program a\u00a0predov\u0161etk\u00fdm vysok\u00e1 umeleck\u00e1 \u00farove\u0148. Aj tak by sa dal op\u00edsa\u0165 52. ro\u010dn\u00edk celo\u0161t\u00e1tnej s\u00fa\u0165a\u017ee a\u00a0prehliadky detsk\u00fdch a\u00a0ml\u00e1de\u017en\u00edckych spev\u00e1ckych zborov Ml\u00e1de\u017e spieva 2024. Celo\u0161t\u00e1tne kolo s\u00fa\u0165a\u017ee Ml\u00e1de\u017e spieva sa uskuto\u010dnilo 10. \u2013 11. m\u00e1ja 2024 v\u00a0Prievidzi a\u00a0z\u00fa\u010dastnilo\u2026","rel":"","context":"V &quot;AKTU\u00c1LNE&quot;","img":{"alt_text":"","src":"https:\/\/i0.wp.com\/www.satb.sk\/wp-content\/uploads\/2024\/05\/IMG_0433-scaled.jpg?fit=1200%2C900&ssl=1&resize=350%2C200","width":350,"height":200},"classes":[]},{"id":4165,"url":"https:\/\/www.satb.sk\/index.php\/2019\/07\/11\/ake-boli-vranovske-zborove-slavnosti\/","url_meta":{"origin":4596,"position":3},"title":"Ak\u00e9 boli Vranovsk\u00e9 zborov\u00e9 sl\u00e1vnosti?","date":"11 j\u00fala, 2019","format":false,"excerpt":"Skon\u010dil sa 32. ro\u010dn\u00edk medzin\u00e1rodn\u00e9ho zborov\u00e9ho festivalu vo Vranove nad Top\u013eou. Vranovsk\u00e9 zborov\u00e9 sl\u00e1vnosti patria k najstar\u0161\u00edm zborov\u00fdm festivalom na Slovensku. Tohtoro\u010dn\u00fd festival sa konal 20. - 23. j\u00fana vo Vranove nad Top\u013eou a predstavilo sa na \u0148om osem spev\u00e1ckych zborov zo \u0161tyroch kraj\u00edn. Z\u00e1\u0161titu nad podujat\u00edm prebrala ministerka kult\u00fary\u2026","rel":"","context":"V &quot;AKTU\u00c1LNE&quot;","img":{"alt_text":"","src":"https:\/\/i1.wp.com\/www.satb.sk\/wp-content\/uploads\/2019\/07\/017-1.jpg?fit=1200%2C900&ssl=1&resize=350%2C200","width":350,"height":200},"classes":[]},{"id":4101,"url":"https:\/\/www.satb.sk\/index.php\/2019\/06\/03\/mladez-spieva-oslavila-50-vyrocie\/","url_meta":{"origin":4596,"position":4},"title":"Ml\u00e1de\u017e spieva osl\u00e1vila 50. v\u00fdro\u010die","date":"3 j\u00fana, 2019","format":false,"excerpt":"V Prievidzi sa konal jubilejn\u00fd ro\u010dn\u00edk najstar\u0161ej postupovej prehliadky v zborovom speve na Slovensku. Zv\u00ed\u0165azili v\u0161etky spev\u00e1cke zbory. \u00a0 Celo\u0161t\u00e1tna postupov\u00e1 s\u00fa\u0165a\u017e a prehliadka detsk\u00fdch spev\u00e1ckych zborov Ml\u00e1de\u017e spieva osl\u00e1vila minul\u00fd t\u00fd\u017ede\u0148 50. v\u00fdro\u010die svojho vzniku.Tento rok s\u00fa\u0165a\u017eilo v krajsk\u00fdch kol\u00e1ch 31 detsk\u00fdch spev\u00e1ckych zborov s pribli\u017en\u00fdm po\u010dtom tis\u00edc spev\u00e1kov.\u2026","rel":"","context":"V &quot;AKTU\u00c1LNE&quot;","img":{"alt_text":"","src":"https:\/\/i1.wp.com\/www.satb.sk\/wp-content\/uploads\/2019\/06\/Mla\u0301dez\u030c-spieva.jpg?fit=683%2C317&ssl=1&resize=350%2C200","width":350,"height":200},"classes":[]},{"id":5187,"url":"https:\/\/www.satb.sk\/index.php\/2020\/02\/28\/sviatocny-okamih-alebo-ked-sa-neprofesionalni-spevaci-spoja-s-profesionalmi\/","url_meta":{"origin":4596,"position":5},"title":"Sviato\u010dn\u00fd okamih alebo ke\u010f sa neprofesion\u00e1lni spev\u00e1ci spoja s profesion\u00e1lmi","date":"28 febru\u00e1ra, 2020","format":false,"excerpt":"Slovensk\u00fd filharmonick\u00fd zbor si zaspieval s neprofesion\u00e1lnymi spev\u00e1ckymi zbormi priamo na p\u00f3diu Slovenskej filharm\u00f3nie. Slovensk\u00fd filharmonick\u00fd zbor patr\u00ed k jedn\u00fdm z m\u00e1la profesion\u00e1lnych telies na slovenskej zborovej sc\u00e9ne. Ako neoddelite\u013en\u00e1 \u010das\u0165 Slovenskej filharm\u00f3nie dost\u00e1va preto ka\u017edoro\u010dne priestor na samostatn\u00fd koncert. Tento rok v\u0161ak zbor na p\u00f3diu nezostal s\u00e1m. Vedenie Slovenskej\u2026","rel":"","context":"V &quot;AKTU\u00c1LNE&quot;","img":{"alt_text":"","src":"https:\/\/i1.wp.com\/www.satb.sk\/wp-content\/uploads\/2020\/02\/84623111_2715649645180271_4793249180975890432_o-1.jpg?fit=950%2C635&ssl=1&resize=350%2C200","width":350,"height":200},"classes":[]}],"_links":{"self":[{"href":"https:\/\/www.satb.sk\/index.php\/wp-json\/wp\/v2\/posts\/4596"}],"collection":[{"href":"https:\/\/www.satb.sk\/index.php\/wp-json\/wp\/v2\/posts"}],"about":[{"href":"https:\/\/www.satb.sk\/index.php\/wp-json\/wp\/v2\/types\/post"}],"author":[{"embeddable":true,"href":"https:\/\/www.satb.sk\/index.php\/wp-json\/wp\/v2\/users\/1"}],"replies":[{"embeddable":true,"href":"https:\/\/www.satb.sk\/index.php\/wp-json\/wp\/v2\/comments?post=4596"}],"version-history":[{"count":9,"href":"https:\/\/www.satb.sk\/index.php\/wp-json\/wp\/v2\/posts\/4596\/revisions"}],"predecessor-version":[{"id":4617,"href":"https:\/\/www.satb.sk\/index.php\/wp-json\/wp\/v2\/posts\/4596\/revisions\/4617"}],"wp:featuredmedia":[{"embeddable":true,"href":"https:\/\/www.satb.sk\/index.php\/wp-json\/wp\/v2\/media\/4605"}],"wp:attachment":[{"href":"https:\/\/www.satb.sk\/index.php\/wp-json\/wp\/v2\/media?parent=4596"}],"wp:term":[{"taxonomy":"category","embeddable":true,"href":"https:\/\/www.satb.sk\/index.php\/wp-json\/wp\/v2\/categories?post=4596"},{"taxonomy":"post_tag","embeddable":true,"href":"https:\/\/www.satb.sk\/index.php\/wp-json\/wp\/v2\/tags?post=4596"}],"curies":[{"name":"wp","href":"https:\/\/api.w.org\/{rel}","templated":true}]}}