{"id":4618,"date":"2019-11-04T22:12:52","date_gmt":"2019-11-04T22:12:52","guid":{"rendered":"https:\/\/www.satb.sk\/?p=4618"},"modified":"2019-11-05T05:48:56","modified_gmt":"2019-11-05T05:48:56","slug":"zlato-i-cena-za-dramaturgiu-slovensky-spevacky-zbor-opat-uspel-v-medzinarodnej-konkurencii","status":"publish","type":"post","link":"https:\/\/www.satb.sk\/index.php\/2019\/11\/04\/zlato-i-cena-za-dramaturgiu-slovensky-spevacky-zbor-opat-uspel-v-medzinarodnej-konkurencii\/","title":{"rendered":"Zlato i cena za dramaturgiu. Slovensk\u00fd spev\u00e1cky zbor op\u00e4\u0165 uspel v medzin\u00e1rodnej konkurencii"},"content":{"rendered":"<h6><em><strong>Spev\u00e1ci zo zboru Canzona Neosolium\u00a0sa na \u010deskom festivale Praga Cantat 2019 nestratili. Na Slovensko doniesli cenn\u00e9 ocenenia.\u00a0<\/strong><\/em><\/h6>\n<p><!--more--><\/p>\n<p>Medzin\u00e1rodn\u00e1 s\u00fa\u0165a\u017e spev\u00e1ckych zborov Praga Cantat patr\u00ed u\u017e viac ako tri desa\u0165ro\u010dia k najv\u00fdznamnej\u0161\u00edm zborov\u00fdm udalostiam<br \/>\nv Prahe. Minul\u00fd t\u00fd\u017ede\u0148 sa od 29. 10. do 3.11. 2019 konal u\u017e jej tridsiaty tret\u00ed ro\u010dn\u00edk. Po\u010das troch dek\u00e1d \u00fa\u010dinkovalo na tomto podujat\u00ed celkovo 929 zborov zo 43 kraj\u00edn, \u010do spolu tvorilo viac ako 40-tis\u00edc spev\u00e1kov. Medzin\u00e1rodn\u00e9 renom\u00e9 festivalu dokazuje aj tohtoro\u010dn\u00e1 \u00fa\u010das\u0165. Tento rok sa ho z\u00fa\u010dastnilo 22 spev\u00e1ckych zborov z p\u00e4tn\u00e1stich r\u00f4znych kraj\u00edn (Indon\u00e9zia, Belgicko, Nemecko, Taliansko, F\u00ednsko, Ma\u010farsko, Srbsko, Loty\u0161sko, Litva, \u010cesko, Slovensko, \u0160vaj\u010diarsko, Ukrajina, Slovinsko, Chorv\u00e1tsko). Slovensko na tomto festivale reprezentoval spev\u00e1cky zbor Canzona Neosolium z Fakulty m\u00fazick\u00fdch umen\u00ed na Akad\u00e9mii umen\u00ed v Banskej Bystrici. Pod veden\u00edm dirigenta \u0160tefana Sedlick\u00e9ho sa zboru podarilo v n\u00e1ro\u010dnej konkurencii umiestni\u0165 <strong>v kateg\u00f3ri\u00ed mie\u0161an\u00e9 zbory v zlatom p\u00e1sme.<\/strong> Na s\u00fa\u0165a\u017ei Praga Cantat 2019 sa predstavili s pestrou dramaturgiou od Anton\u00edna Dvo\u0159\u00e1ka <em>(Napadly p\u00edsn\u011b)<\/em>,\u00a0Giovanniho Crocea <em>(O vos omnes)<\/em>,\u00a0Gy\u00f6rgyho De\u00e1k-B\u00e1rdosa <em>(Eli! Eli!)<\/em>, Petra Ebena <em>(Utonul\u00fd)<\/em> a Jerryho Dadapa <em>(Aleluia)<\/em>. Origin\u00e1lny v\u00fdber skladieb ocenili i porotcovia a zboru udelili <strong>\u0161peci\u00e1lnu cenu za dramaturgiu.\u00a0<\/strong><\/p>\n<figure id=\"attachment_4666\" aria-describedby=\"caption-attachment-4666\" style=\"width: 667px\" class=\"wp-caption aligncenter\"><img loading=\"lazy\" decoding=\"async\" data-attachment-id=\"4666\" data-permalink=\"https:\/\/www.satb.sk\/index.php\/2019\/11\/04\/zlato-i-cena-za-dramaturgiu-slovensky-spevacky-zbor-opat-uspel-v-medzinarodnej-konkurencii\/73413163_739723316493690_5440363596997459968_n\/\" data-orig-file=\"https:\/\/i2.wp.com\/www.satb.sk\/wp-content\/uploads\/2019\/11\/73413163_739723316493690_5440363596997459968_n-e1572895223473.jpg?fit=1368%2C1067&amp;ssl=1\" data-orig-size=\"1368,1067\" data-comments-opened=\"0\" data-image-meta=\"{&quot;aperture&quot;:&quot;0&quot;,&quot;credit&quot;:&quot;&quot;,&quot;camera&quot;:&quot;&quot;,&quot;caption&quot;:&quot;&quot;,&quot;created_timestamp&quot;:&quot;0&quot;,&quot;copyright&quot;:&quot;&quot;,&quot;focal_length&quot;:&quot;0&quot;,&quot;iso&quot;:&quot;0&quot;,&quot;shutter_speed&quot;:&quot;0&quot;,&quot;title&quot;:&quot;&quot;,&quot;orientation&quot;:&quot;0&quot;}\" data-image-title=\"73413163_739723316493690_5440363596997459968_n\" data-image-description=\"\" data-image-caption=\"\" data-medium-file=\"https:\/\/i2.wp.com\/www.satb.sk\/wp-content\/uploads\/2019\/11\/73413163_739723316493690_5440363596997459968_n-e1572895223473.jpg?fit=300%2C234&amp;ssl=1\" data-large-file=\"https:\/\/i2.wp.com\/www.satb.sk\/wp-content\/uploads\/2019\/11\/73413163_739723316493690_5440363596997459968_n-e1572895223473.jpg?fit=837%2C653&amp;ssl=1\" class=\"wp-image-4666\" src=\"https:\/\/i0.wp.com\/www.satb.sk\/wp-content\/uploads\/2019\/11\/73413163_739723316493690_5440363596997459968_n-e1572895223473-300x234.jpg?resize=667%2C520&#038;ssl=1\" alt=\"\" width=\"667\" height=\"520\" srcset=\"https:\/\/i2.wp.com\/www.satb.sk\/wp-content\/uploads\/2019\/11\/73413163_739723316493690_5440363596997459968_n-e1572895223473.jpg?resize=300%2C234&amp;ssl=1 300w, https:\/\/i2.wp.com\/www.satb.sk\/wp-content\/uploads\/2019\/11\/73413163_739723316493690_5440363596997459968_n-e1572895223473.jpg?resize=768%2C599&amp;ssl=1 768w, https:\/\/i2.wp.com\/www.satb.sk\/wp-content\/uploads\/2019\/11\/73413163_739723316493690_5440363596997459968_n-e1572895223473.jpg?resize=1024%2C799&amp;ssl=1 1024w, https:\/\/i2.wp.com\/www.satb.sk\/wp-content\/uploads\/2019\/11\/73413163_739723316493690_5440363596997459968_n-e1572895223473.jpg?resize=600%2C468&amp;ssl=1 600w, https:\/\/i2.wp.com\/www.satb.sk\/wp-content\/uploads\/2019\/11\/73413163_739723316493690_5440363596997459968_n-e1572895223473.jpg?w=1368&amp;ssl=1 1368w\" sizes=\"(max-width: 667px) 100vw, 667px\" data-recalc-dims=\"1\" \/><figcaption id=\"caption-attachment-4666\" class=\"wp-caption-text\"><em>Ocenenia z festivalu Praga Cantat 2019. Foto: Peter \u0160pil\u00e1k<\/em><\/figcaption><\/figure>\n<figure id=\"attachment_4667\" aria-describedby=\"caption-attachment-4667\" style=\"width: 670px\" class=\"wp-caption aligncenter\"><img loading=\"lazy\" decoding=\"async\" data-attachment-id=\"4667\" data-permalink=\"https:\/\/www.satb.sk\/index.php\/2019\/11\/04\/zlato-i-cena-za-dramaturgiu-slovensky-spevacky-zbor-opat-uspel-v-medzinarodnej-konkurencii\/75552902_3228859677187613_8858488314219462656_n\/\" data-orig-file=\"https:\/\/i1.wp.com\/www.satb.sk\/wp-content\/uploads\/2019\/11\/75552902_3228859677187613_8858488314219462656_n.jpg?fit=2048%2C1536&amp;ssl=1\" data-orig-size=\"2048,1536\" data-comments-opened=\"0\" data-image-meta=\"{&quot;aperture&quot;:&quot;0&quot;,&quot;credit&quot;:&quot;&quot;,&quot;camera&quot;:&quot;&quot;,&quot;caption&quot;:&quot;&quot;,&quot;created_timestamp&quot;:&quot;0&quot;,&quot;copyright&quot;:&quot;&quot;,&quot;focal_length&quot;:&quot;0&quot;,&quot;iso&quot;:&quot;0&quot;,&quot;shutter_speed&quot;:&quot;0&quot;,&quot;title&quot;:&quot;&quot;,&quot;orientation&quot;:&quot;0&quot;}\" data-image-title=\"75552902_3228859677187613_8858488314219462656_n\" data-image-description=\"\" data-image-caption=\"\" data-medium-file=\"https:\/\/i1.wp.com\/www.satb.sk\/wp-content\/uploads\/2019\/11\/75552902_3228859677187613_8858488314219462656_n.jpg?fit=300%2C225&amp;ssl=1\" data-large-file=\"https:\/\/i1.wp.com\/www.satb.sk\/wp-content\/uploads\/2019\/11\/75552902_3228859677187613_8858488314219462656_n.jpg?fit=837%2C628&amp;ssl=1\" class=\"wp-image-4667\" src=\"https:\/\/i1.wp.com\/www.satb.sk\/wp-content\/uploads\/2019\/11\/75552902_3228859677187613_8858488314219462656_n.jpg?resize=670%2C503&#038;ssl=1\" alt=\"\" width=\"670\" height=\"503\" srcset=\"https:\/\/i1.wp.com\/www.satb.sk\/wp-content\/uploads\/2019\/11\/75552902_3228859677187613_8858488314219462656_n.jpg?resize=300%2C225&amp;ssl=1 300w, https:\/\/i1.wp.com\/www.satb.sk\/wp-content\/uploads\/2019\/11\/75552902_3228859677187613_8858488314219462656_n.jpg?resize=768%2C576&amp;ssl=1 768w, https:\/\/i1.wp.com\/www.satb.sk\/wp-content\/uploads\/2019\/11\/75552902_3228859677187613_8858488314219462656_n.jpg?resize=1024%2C768&amp;ssl=1 1024w, https:\/\/i1.wp.com\/www.satb.sk\/wp-content\/uploads\/2019\/11\/75552902_3228859677187613_8858488314219462656_n.jpg?resize=600%2C450&amp;ssl=1 600w, https:\/\/i1.wp.com\/www.satb.sk\/wp-content\/uploads\/2019\/11\/75552902_3228859677187613_8858488314219462656_n.jpg?w=2048&amp;ssl=1 2048w, https:\/\/i1.wp.com\/www.satb.sk\/wp-content\/uploads\/2019\/11\/75552902_3228859677187613_8858488314219462656_n.jpg?w=1674&amp;ssl=1 1674w\" sizes=\"(max-width: 670px) 100vw, 670px\" data-recalc-dims=\"1\" \/><figcaption id=\"caption-attachment-4667\" class=\"wp-caption-text\"><em>Nefal\u0161ovan\u00e1 rados\u0165 spev\u00e1kov zo zboru\u00a0Canzona Neosolium. Foto: Peter \u0160pil\u00e1k<\/em><\/figcaption><\/figure>\n<p>Okrem spev\u00e1ckeho zboru reprezentoval Slovensko, no pre zmenu z porotcovskej stoli\u010dky, aj dirigent Bratislavsk\u00e9ho chlap\u010densk\u00e9ho zboru <strong>Gabriel Rov\u0148\u00e1k<\/strong>. &#8220;\u00darove\u0148 33. ro\u010dn\u00edka festivalu Praga Cantat bola ve\u013emi vysok\u00e1. Prispela ku tomu aj \u00fa\u010das\u0165 spev\u00e1ckych zborov z Indon\u00e9zie, ktor\u00e9 sa vyzna\u010dovali excelentnou hlasovou kult\u00farou, v\u00fdborn\u00fdm reperto\u00e1rom a zauj\u00edmav\u00fdm preveden\u00edm (\u010dasto s choreografick\u00fdmi prvkami). Jedin\u00fdm slab\u0161\u00edm miestom u t\u00fdchto telies bola \u0161t\u00fdlovos\u0165 interpret\u00e1cie eur\u00f3pskej sakr\u00e1lnej hudby.&#8221; povedal Rov\u0148\u00e1k na margo s\u00fa\u0165a\u017ee. \u00daspech slovensk\u00e9ho zboru na s\u00fa\u0165a\u017ei Rov\u0148\u00e1ka samozrejme pote\u0161il: &#8220;Ve\u013emi sa te\u0161\u00edm, \u017ee medzi najlep\u0161ie teles\u00e1 sa zaradil aj zbor Canzona Neosolium z Banskej Bystrice pod veden\u00edm \u0160tefana Sedlick\u00e9ho. Zbor sa na festivale prezentoval na najvy\u0161\u0161ej \u00farovni. R\u00e1d by som vyzdvihol predov\u0161etk\u00fdm interpret\u00e1ciu \u010dasti &#8220;Utonul\u00fd&#8221; z cyklu &#8220;L\u00e1ska a smrt&#8221; Petra Ebena. Vysok\u00e1 technick\u00e1 kvalita interpret\u00e1cie spolu s hlbok\u00fdm prec\u00edten\u00edm diela interpretmi iste v\u00fdznamnou mierou prispeli k z\u00edskaniu zlatej medaily a umiestnenia sa medzi \u0161pi\u010dkov\u00e9 zbory tohto ro\u010dn\u00edka pra\u017esk\u00e9ho zborov\u00e9ho festivalu.&#8221; Okrem Gabriela Rov\u0148\u00e1ka boli v porote aj \u010fal\u0161\u00ed renomovan\u00ed odborn\u00edci, konkr\u00e9tne Anna Novotn\u00e1 Pe\u0161kov\u00e1, Ji\u0159\u00ed Petrdl\u00edk, Jakub Zicha, Jaroslav Brych a Miriam N\u011bmcov\u00e1 z \u010ceskej republiky a dop\u013a\u0148al ich Felix Resch z Talianska.<\/p>\n<figure id=\"attachment_4668\" aria-describedby=\"caption-attachment-4668\" style=\"width: 685px\" class=\"wp-caption aligncenter\"><img loading=\"lazy\" decoding=\"async\" data-attachment-id=\"4668\" data-permalink=\"https:\/\/www.satb.sk\/index.php\/2019\/11\/04\/zlato-i-cena-za-dramaturgiu-slovensky-spevacky-zbor-opat-uspel-v-medzinarodnej-konkurencii\/75250932_2590049701031338_1749630399190925312_o\/\" data-orig-file=\"https:\/\/i2.wp.com\/www.satb.sk\/wp-content\/uploads\/2019\/11\/75250932_2590049701031338_1749630399190925312_o.jpg?fit=1334%2C1000&amp;ssl=1\" data-orig-size=\"1334,1000\" data-comments-opened=\"0\" data-image-meta=\"{&quot;aperture&quot;:&quot;0&quot;,&quot;credit&quot;:&quot;&quot;,&quot;camera&quot;:&quot;&quot;,&quot;caption&quot;:&quot;&quot;,&quot;created_timestamp&quot;:&quot;0&quot;,&quot;copyright&quot;:&quot;&quot;,&quot;focal_length&quot;:&quot;0&quot;,&quot;iso&quot;:&quot;0&quot;,&quot;shutter_speed&quot;:&quot;0&quot;,&quot;title&quot;:&quot;&quot;,&quot;orientation&quot;:&quot;0&quot;}\" data-image-title=\"75250932_2590049701031338_1749630399190925312_o\" data-image-description=\"\" data-image-caption=\"\" data-medium-file=\"https:\/\/i2.wp.com\/www.satb.sk\/wp-content\/uploads\/2019\/11\/75250932_2590049701031338_1749630399190925312_o.jpg?fit=300%2C225&amp;ssl=1\" data-large-file=\"https:\/\/i2.wp.com\/www.satb.sk\/wp-content\/uploads\/2019\/11\/75250932_2590049701031338_1749630399190925312_o.jpg?fit=837%2C628&amp;ssl=1\" class=\"wp-image-4668\" src=\"https:\/\/i2.wp.com\/www.satb.sk\/wp-content\/uploads\/2019\/11\/75250932_2590049701031338_1749630399190925312_o.jpg?resize=685%2C514&#038;ssl=1\" alt=\"\" width=\"685\" height=\"514\" srcset=\"https:\/\/i2.wp.com\/www.satb.sk\/wp-content\/uploads\/2019\/11\/75250932_2590049701031338_1749630399190925312_o.jpg?resize=300%2C225&amp;ssl=1 300w, https:\/\/i2.wp.com\/www.satb.sk\/wp-content\/uploads\/2019\/11\/75250932_2590049701031338_1749630399190925312_o.jpg?resize=768%2C576&amp;ssl=1 768w, https:\/\/i2.wp.com\/www.satb.sk\/wp-content\/uploads\/2019\/11\/75250932_2590049701031338_1749630399190925312_o.jpg?resize=1024%2C768&amp;ssl=1 1024w, https:\/\/i2.wp.com\/www.satb.sk\/wp-content\/uploads\/2019\/11\/75250932_2590049701031338_1749630399190925312_o.jpg?resize=600%2C450&amp;ssl=1 600w, https:\/\/i2.wp.com\/www.satb.sk\/wp-content\/uploads\/2019\/11\/75250932_2590049701031338_1749630399190925312_o.jpg?w=1334&amp;ssl=1 1334w\" sizes=\"(max-width: 685px) 100vw, 685px\" data-recalc-dims=\"1\" \/><figcaption id=\"caption-attachment-4668\" class=\"wp-caption-text\"><em>Medzin\u00e1rodn\u00e1 porota na festivale Praga Cantat 2019. Foto: Facebook Bratislavsk\u00fd chlap\u010densk\u00fd zbor<\/em><\/figcaption><\/figure>\n<p>S\u00fa\u0165a\u017e Praga Cantat nie je medzi slovensk\u00fdmi zbormi nezn\u00e1mym podujat\u00edm. V predch\u00e1dzaj\u00facich ro\u010dn\u00edkoch sa na festivale z\u00fa\u010dastnili viacer\u00e9 slovensk\u00e9 zbory, napr. zbor <a href=\"https:\/\/www.satb.sk\/index.php\/2018\/10\/31\/veronika-veverkova-dirigent-musi-byt-pred-sutazou-v-psychickej-pohode\/#more-141\" target=\"_blank\" rel=\"noopener\"><strong>Cambiar la M\u00fasica<\/strong><\/a> z Pohronskej Polhory, ktor\u00fd na s\u00fa\u0165a\u017ei v roku 2014 z\u00edskal titul absol\u00fatneho v\u00ed\u0165aza. Povzbudzujeme preto i \u010fal\u0161ie zbory zo Slovenska, aby sa tejto prest\u00ed\u017enej s\u00fa\u0165a\u017ee z\u00fa\u010dastnili a reprezentovali tak Slovensko. Najbli\u017e\u0161ie sa s\u00fa\u0165a\u017e Praga Cantat uskuto\u010dn\u00ed bud\u00faci rok v term\u00edne od 29. okt\u00f3bra. do 1. novembra 2020. Viac inform\u00e1ci\u00ed o s\u00fa\u0165a\u017ei n\u00e1jdete na <a href=\"http:\/\/www.bohemiafestival.cz\/cz\/praga-cantat-program-2020.php\" target=\"_blank\" rel=\"noopener\"><strong>ofici\u00e1lnej str\u00e1nke<\/strong><\/a>\u00a0Praga Cantat.<\/p>\n<p>Pripravila: Dominika Sema\u0148\u00e1kov\u00e1<br \/>\nFoto: Peter \u0160pil\u00e1k, <a href=\"https:\/\/www.facebook.com\/boyschoir\/\" target=\"_blank\" rel=\"noopener\">Facebook<\/a> Bratislavsk\u00fd chlap\u010densk\u00fd zbor<\/p>\n","protected":false},"excerpt":{"rendered":"<p>Spev\u00e1ci zo zboru Canzona Neosolium\u00a0sa na \u010deskom festivale Praga Cantat 2019 nestratili. Na Slovensko doniesli cenn\u00e9 ocenenia.\u00a0<\/p>\n","protected":false},"author":1,"featured_media":4665,"comment_status":"closed","ping_status":"closed","sticky":false,"template":"","format":"standard","meta":{"om_disable_all_campaigns":false,"_monsterinsights_skip_tracking":false,"_monsterinsights_sitenote_active":false,"_monsterinsights_sitenote_note":"","_monsterinsights_sitenote_category":0,"spay_email":"","footnotes":"","jetpack_publicize_message":"","jetpack_is_tweetstorm":false},"categories":[49],"tags":[],"class_list":["post-4618","post","type-post","status-publish","format-standard","has-post-thumbnail","hentry","category-aktualne"],"aioseo_notices":[],"jetpack_featured_media_url":"https:\/\/i2.wp.com\/www.satb.sk\/wp-content\/uploads\/2019\/11\/74462413_3134919649912101_2996656084657111040_n.jpg?fit=960%2C720&ssl=1","jetpack_publicize_connections":[],"jetpack_sharing_enabled":true,"jetpack_shortlink":"https:\/\/wp.me\/pav5wC-1cu","jetpack-related-posts":[{"id":3971,"url":"https:\/\/www.satb.sk\/index.php\/2019\/05\/06\/obrovsky-uspech-slovenskeho-zboru-na-festivale-slovakia-cantat\/","url_meta":{"origin":4618,"position":0},"title":"Obrovsk\u00fd \u00faspech slovensk\u00e9ho zboru na festivale Slovakia Cantat","date":"6 m\u00e1ja, 2019","format":false,"excerpt":"Spev\u00e1cky zbor slovensk\u00fdch u\u010dite\u013eov sa minul\u00fd v\u00edkend z\u00fa\u010dastnil v Bratislave medzin\u00e1rodn\u00e9ho festivalu Slovakia Cantat. Zo s\u00fa\u0165a\u017ee si odniesol \u0161tyri v\u00fdznamn\u00e9 ocenenia. Podujatie\u00a0Slovakia Cantat\u00a0je s\u00fa\u0165a\u017e ur\u010den\u00e1 pre detsk\u00e9, ml\u00e1de\u017en\u00edcke a dospel\u00e9 spev\u00e1cke zbory a pre orchestre. Tento rok sa konal u\u017e trin\u00e1sty ro\u010dn\u00edk tohto festivalu a z\u00fa\u010dastnilo sa ho celkovo 15\u2026","rel":"","context":"V &quot;AKTU\u00c1LNE&quot;","img":{"alt_text":"","src":"https:\/\/i1.wp.com\/www.satb.sk\/wp-content\/uploads\/2019\/04\/58763387_2214143352012874_4909211086059732992_n-1.jpg?fit=960%2C540&ssl=1&resize=350%2C200","width":350,"height":200},"classes":[]},{"id":521,"url":"https:\/\/www.satb.sk\/index.php\/2018\/12\/10\/olga-budinska-nadsenie-a-tradicia-pre-zborovy-spev-su-vo-vojvodine-naozaj-velke\/","url_meta":{"origin":4618,"position":1},"title":"O\u013ega Budinsk\u00e1: Nad\u0161enie a\u00a0trad\u00edcia pre zborov\u00fd spev s\u00fa vo Vojvodine naozaj ve\u013ek\u00e9","date":"10 decembra, 2018","format":false,"excerpt":"V B\u00e1\u010dskom Petrovci vo Vojvodine (Srbsko) sa ned\u00e1vno uskuto\u010dnil Koncert slovensk\u00fdch spev\u00e1ckych zborov. Slovensko na tomto podujat\u00ed reprezentoval \u017densk\u00fd spev\u00e1cky zbor Belius. O\u013ega Budinsk\u00e1, dirigentka tohto zboru, n\u00e1m v kr\u00e1tkom rozhovore porozpr\u00e1vala ako prebiehal ich pobyt a ak\u00e1 je aktu\u00e1lna situ\u00e1cia slovensk\u00fdch spev\u00e1ckych zborov vo Vojvodine. O\u013ega, ako sa dostal\u2026","rel":"","context":"V &quot;MAGAZ\u00cdN&quot;","img":{"alt_text":"","src":"https:\/\/i1.wp.com\/www.satb.sk\/wp-content\/uploads\/2018\/12\/46091959_582789868844935_3852187813101436928_o.jpg?fit=1200%2C800&ssl=1&resize=350%2C200","width":350,"height":200},"classes":[]},{"id":6214,"url":"https:\/\/www.satb.sk\/index.php\/2024\/08\/07\/dostanme-spolocne-slovensko-na-zborovu-mapu-europy\/","url_meta":{"origin":4618,"position":2},"title":"Dosta\u0148me spolo\u010dne Slovensko na zborov\u00fa mapu Eur\u00f3py","date":"7 augusta, 2024","format":false,"excerpt":"S\u010d\u00edtanie slovensk\u00fdch zborov a zborov\u00fdch spev\u00e1kov. V\u00a0rokoch 2013 - 2015 sa Eur\u00f3pska zborov\u00e1 asoci\u00e1cia (ECA \u2013 The European Choral Association) podujala na realiz\u00e1ciu pilotnej \u0161t\u00fadie o\u00a0zborovom spievan\u00ed v\u00a0Eur\u00f3pe. V\u00a0r\u00e1mci projektu \u201eSinging Europe\u201c (Spievaj\u00faca Eur\u00f3pa) ECA rozposlala dotazn\u00edk o\u00a0kolekt\u00edvnom spievan\u00ed po viac ako 40-tich eur\u00f3pskych krajin\u00e1ch. V\u00fdsledky tejto \u0161t\u00fadie boli ve\u013emi\u2026","rel":"","context":"V &quot;AKTU\u00c1LNE&quot;","img":{"alt_text":"","src":"https:\/\/i2.wp.com\/www.satb.sk\/wp-content\/uploads\/2024\/08\/Kolko-hlasov_web-1.png?fit=1200%2C675&ssl=1&resize=350%2C200","width":350,"height":200},"classes":[]},{"id":3853,"url":"https:\/\/www.satb.sk\/index.php\/2019\/03\/25\/spevacky-zbor-nitria-reprezentoval-na-festivale-v-mnichove\/","url_meta":{"origin":4618,"position":3},"title":"Spev\u00e1cky zbor Nitria reprezentoval na festivale v Mn\u00edchove","date":"25 marca, 2019","format":false,"excerpt":"Spev\u00e1cky zbor Nitria sa z\u00fa\u010dastnil medzin\u00e1rodn\u00e9ho zborov\u00e9ho festivalu v Nemecku. V Mn\u00edchove sa od 22. \u2013 24. marca konal medzin\u00e1rodn\u00fd festival spev\u00e1cky zborov\u00a0CANTATE BAVARIA M\u00dcNCHEN 2019.\u00a0Slovensko na tomto podujat\u00ed reprezentoval spev\u00e1cky zbor Nitria. Podujatie sa nieslo v duchu priate\u013esk\u00e9ho stretnutia spev\u00e1ckych zborov, ke\u010f\u017ee festival bol nes\u00fa\u0165a\u017en\u00fd. Nitria vyst\u00fapila v r\u00e1mci\u2026","rel":"","context":"V &quot;AKTU\u00c1LNE&quot;","img":{"alt_text":"","src":"https:\/\/i2.wp.com\/www.satb.sk\/wp-content\/uploads\/2019\/03\/54728439_2379399928737495_5772596303938715648_o.jpg?fit=1200%2C675&ssl=1&resize=350%2C200","width":350,"height":200},"classes":[]},{"id":4028,"url":"https:\/\/www.satb.sk\/index.php\/2019\/05\/14\/dalsi-uspech-zborov-zo-slovenska-na-medzinarodnej-sutazi\/","url_meta":{"origin":4618,"position":4},"title":"\u010eal\u0161\u00ed \u00faspech zborov zo Slovenska na medzin\u00e1rodnej s\u00fa\u0165a\u017ei","date":"14 m\u00e1ja, 2019","format":false,"excerpt":"Diev\u010densk\u00fd spev\u00e1cky zbor a Ml\u00e1de\u017en\u00edcky spev\u00e1cky zbor Gymn\u00e1zia a Z\u00e1kladnej \u0161koly S\u00e1ndora M\u00e1raiho v Ko\u0161iciach priniesli z medzin\u00e1rodnej s\u00fa\u0165a\u017ee v Taliansku dve zlat\u00e9 medaily.\u00a0 V talianskych mest\u00e1ch Perugia a Assisi sa za\u010diatkom m\u00e1ja uskuto\u010dnil Medzin\u00e1rodn\u00fd zborov\u00fd festival Voices for Peace 2019. Tret\u00ed ro\u010dn\u00edk toho podujatia usporiadala organiz\u00e1cia INTERKULTUR a z\u00fa\u010dastnilo\u2026","rel":"","context":"V &quot;AKTU\u00c1LNE&quot;","img":{"alt_text":"","src":"https:\/\/i0.wp.com\/www.satb.sk\/wp-content\/uploads\/2019\/05\/59672264_446474139444691_3759918953372057600_n.jpg?fit=1200%2C900&ssl=1&resize=350%2C200","width":350,"height":200},"classes":[]},{"id":4556,"url":"https:\/\/www.satb.sk\/index.php\/2019\/10\/25\/pridajte-sa-k-nam\/","url_meta":{"origin":4618,"position":5},"title":"Pridajte sa k n\u00e1m!","date":"25 okt\u00f3bra, 2019","format":false,"excerpt":"Viac ako 300 dirigentov, spev\u00e1kov, u\u010dite\u013eov a hudobn\u00edkov na jednom mieste. Sta\u0148te sa jedn\u00fdm z nich. Slovensko je mal\u00e1 krajina. A preto je d\u00f4le\u017eit\u00e9, aby sme my hudobn\u00edci vz\u00e1jomne o sebe vedeli a sp\u00e1jali sa. Z tohto d\u00f4vodu sme pre v\u00e1s vytvorili \u0161peci\u00e1lnu skupinu na soci\u00e1lnej sieti Facebook s n\u00e1zvom\u2026","rel":"","context":"V &quot;AKTU\u00c1LNE&quot;","img":{"alt_text":"","src":"https:\/\/i1.wp.com\/www.satb.sk\/wp-content\/uploads\/2019\/10\/close-up-music-musical-instrument-164794.jpg?fit=1200%2C800&ssl=1&resize=350%2C200","width":350,"height":200},"classes":[]}],"_links":{"self":[{"href":"https:\/\/www.satb.sk\/index.php\/wp-json\/wp\/v2\/posts\/4618"}],"collection":[{"href":"https:\/\/www.satb.sk\/index.php\/wp-json\/wp\/v2\/posts"}],"about":[{"href":"https:\/\/www.satb.sk\/index.php\/wp-json\/wp\/v2\/types\/post"}],"author":[{"embeddable":true,"href":"https:\/\/www.satb.sk\/index.php\/wp-json\/wp\/v2\/users\/1"}],"replies":[{"embeddable":true,"href":"https:\/\/www.satb.sk\/index.php\/wp-json\/wp\/v2\/comments?post=4618"}],"version-history":[{"count":13,"href":"https:\/\/www.satb.sk\/index.php\/wp-json\/wp\/v2\/posts\/4618\/revisions"}],"predecessor-version":[{"id":4682,"href":"https:\/\/www.satb.sk\/index.php\/wp-json\/wp\/v2\/posts\/4618\/revisions\/4682"}],"wp:featuredmedia":[{"embeddable":true,"href":"https:\/\/www.satb.sk\/index.php\/wp-json\/wp\/v2\/media\/4665"}],"wp:attachment":[{"href":"https:\/\/www.satb.sk\/index.php\/wp-json\/wp\/v2\/media?parent=4618"}],"wp:term":[{"taxonomy":"category","embeddable":true,"href":"https:\/\/www.satb.sk\/index.php\/wp-json\/wp\/v2\/categories?post=4618"},{"taxonomy":"post_tag","embeddable":true,"href":"https:\/\/www.satb.sk\/index.php\/wp-json\/wp\/v2\/tags?post=4618"}],"curies":[{"name":"wp","href":"https:\/\/api.w.org\/{rel}","templated":true}]}}