{"id":4619,"date":"2019-11-04T08:45:20","date_gmt":"2019-11-04T08:45:20","guid":{"rendered":"https:\/\/www.satb.sk\/?p=4619"},"modified":"2019-11-04T09:35:15","modified_gmt":"2019-11-04T09:35:15","slug":"vznikla-nova-sutaz-pre-spevakov-i-vokalne-telesa","status":"publish","type":"post","link":"https:\/\/www.satb.sk\/index.php\/2019\/11\/04\/vznikla-nova-sutaz-pre-spevakov-i-vokalne-telesa\/","title":{"rendered":"Vznikla nov\u00e1 s\u00fa\u0165a\u017e pre spev\u00e1kov i vok\u00e1lne teles\u00e1"},"content":{"rendered":"<h6><em><strong>Prihl\u00e1ste sa na s\u00fa\u0165a\u017e Viano\u010dn\u00e1 piese\u0148 2019.\u00a0<\/strong><\/em><\/h6>\n<p><!--more--><\/p>\n<p>Ob\u010dianske zdru\u017eenie \u0160tart organizuje prv\u00fd ro\u010dn\u00edk S\u00fa\u0165a\u017ee v speve adventn\u00fdch a viano\u010dn\u00fdch piesn\u00ed s n\u00e1zvom Viano\u010dn\u00e1 piese\u0148 2019. S\u00fa\u0165a\u017e sa uskuto\u010dn\u00ed <strong>18. decembra 2019 v Divadle ARTEATRO v Bratislave<\/strong> a je ur\u010den\u00e1 najm\u00e4 \u017eiakom z\u00e1kladn\u00fdch a z\u00e1kladn\u00fdch umeleck\u00fdch \u0161k\u00f4l, stredn\u00fdch \u0161k\u00f4l, jednotlivcom, duet\u00e1m, vok\u00e1lnym skupin\u00e1m a spev\u00e1ckym zborom do 15 \u010dlenov. S\u00fa\u0165a\u017eiaci bud\u00fa zaraden\u00ed do jednotliv\u00fdch kateg\u00f3ri\u00ed v z\u00e1vislosti od veku. Spev\u00e1cke zbory a vok\u00e1lne skupiny m\u00f4\u017eu s\u00fa\u0165a\u017ei\u0165 v dvoch kateg\u00f3ri\u00e1ch: v kateg\u00f3rii detsk\u00e9 spev\u00e1cke zbory a vok\u00e1lne skupiny vo veku 6.\u00a0 &#8211; 15 rokov a v kateg\u00f3ri\u00ed ml\u00e1de\u017en\u00edcke a dospel\u00e9 spev\u00e1cke zbory a vok\u00e1lne skupiny vo veku 16 rokov a viac. Zoznam \u010fal\u0161\u00edch kateg\u00f3ri\u00ed pre s\u00f3listov a duet\u00e1 n\u00e1jdete <a href=\"https:\/\/vianocnapiesen2019.webnode.sk\/o-nas\/\" target=\"_blank\" rel=\"noopener\"><strong>TU<\/strong><\/a>.<\/p>\n<p>V r\u00e1mci s\u00fa\u0165a\u017en\u00e9ho reperto\u00e1ru je potrebn\u00e9 nacvi\u010di\u0165 jednu adventn\u00fa alebo viano\u010dn\u00fa piese\u0148 s hudobn\u00fdm podkladom alebo s klav\u00edrnym doprovodom a jednu popul\u00e1rnu piese\u0148 pod\u013ea vlastn\u00e9ho v\u00fdberu taktie\u017e s hudobn\u00fdm podkladom alebo s klav\u00edrnym sprievodom. V pr\u00edpade klav\u00edrneho doprovodu je potrebn\u00e9 zabezpe\u010di\u0165 si vlastn\u00e9ho korepet\u00edtora.<\/p>\n<p>Ka\u017ed\u00fd s\u00fa\u0165a\u017eiaci mus\u00ed uhradi\u0165 registra\u010dn\u00fd poplatok v z\u00e1vislosti od kateg\u00f3rie.\u00a0V pr\u00edpade, \u017ee s\u00fa\u0165a\u017eiaci s\u00fa\u0165a\u017e\u00ed vo viacer\u00fdch kateg\u00f3ri\u00e1ch, je potrebn\u00e9 uhradi\u0165 poplatok za ka\u017ed\u00fa s\u00fa\u0165a\u017en\u00fa kateg\u00f3riu zvl\u00e1\u0161\u0165.<br \/>\n<strong>Registra\u010dn\u00e9 poplatky:<\/strong><br \/>\n1. S\u00f3listi &#8211; poplatok 15\u20ac<br \/>\n2. Duety &#8211; poplatok 20\u20ac<br \/>\n3. Vok\u00e1lne skupiny (3 &#8211; 8 \u010dlenov) &#8211; poplatok 35\u20ac<br \/>\n4. Spev\u00e1cke zbory (9 &#8211; 15\u010dlenov) &#8211; poplatok 45\u20ac<\/p>\n<h4 style=\"text-align: center;\"><a href=\"https:\/\/vianocnapiesen2019.webnode.sk\/registracia\/\" target=\"_blank\" rel=\"noopener\"><strong>CHCEM SA PRIHL\u00c1SI\u0164<\/strong><\/a><\/h4>\n<p>Organiz\u00e1tori pripravili pre v\u00ed\u0165azov s\u00fa\u0165a\u017ee zauj\u00edmav\u00e9 ceny. Absol\u00fatny v\u00ed\u0165az kateg\u00f3rie s\u00f3listi bude ma\u0165 mo\u017enos\u0165 spieva\u0165 na koncerte s virtu\u00f3znym klaviristom Milo\u0161om Bih\u00e1rym. V\u00ed\u0165az v r\u00e1mci kateg\u00f3rie duet\u00e1 z\u00edska nahr\u00e1vanie vlastnej, autorskej skladby v Sk\u00fa\u0161obni v Bratislave a v\u00ed\u0165az kateg\u00f3rie vok\u00e1lne skupiny a spev\u00e1cke zbory vyhr\u00e1 exteri\u00e9rov\u00e9 promo fotenie od fotografky Marky Zackovej. S\u00fa\u0165a\u017eiacich bude hodnoti\u0165 odborn\u00e1 porota v zlo\u017een\u00ed herec a opern\u00fd spev\u00e1k Ren\u00e9 Schleifer, opern\u00e1 spev\u00e1\u010dka Katar\u00edna Porubanov\u00e1 a hlasov\u00fd pedag\u00f3g Mari\u00e1n Vojtko, ktor\u00fd bude z\u00e1rove\u0148 predsedom poroty.<\/p>\n<p>Uz\u00e1vierka prihl\u00e1\u0161ok na s\u00fa\u0165a\u017e Viano\u010dn\u00e1 piese\u0148 je <strong>20. novembra 2019.<\/strong> S\u00fa\u010das\u0165ou prihl\u00e1\u0161ky musia by\u0165 aj hudobn\u00e9 podklady, ktor\u00e9 je potrebn\u00e9 posla\u0165 vo form\u00e1te .mp3\u00a0na e-mail:\u00a0zdruzenie.start@gmail.com.<\/p>\n<p>Viac inform\u00e1ci\u00ed o s\u00fa\u0165a\u017e\u00ed n\u00e1jdete na <a href=\"https:\/\/vianocnapiesen2019.webnode.sk\/\" target=\"_blank\" rel=\"noopener\"><strong>webovej str\u00e1nke<\/strong><\/a> s\u00fa\u0165a\u017ee Viano\u010dn\u00e1 piese\u0148 2019.<\/p>\n<p>Pripravil: satb.sk<br \/>\nFoto: S\u00fa\u0165a\u017e Viano\u010dn\u00e1 piese\u0148 2019<\/p>\n","protected":false},"excerpt":{"rendered":"<p>Prihl\u00e1ste sa na s\u00fa\u0165a\u017e Viano\u010dn\u00e1 piese\u0148 2019.\u00a0<\/p>\n","protected":false},"author":1,"featured_media":4660,"comment_status":"closed","ping_status":"closed","sticky":false,"template":"","format":"standard","meta":{"om_disable_all_campaigns":false,"_monsterinsights_skip_tracking":false,"_monsterinsights_sitenote_active":false,"_monsterinsights_sitenote_note":"","_monsterinsights_sitenote_category":0,"spay_email":"","footnotes":"","jetpack_publicize_message":"","jetpack_is_tweetstorm":false},"categories":[22],"tags":[],"class_list":["post-4619","post","type-post","status-publish","format-standard","has-post-thumbnail","hentry","category-podujatia"],"aioseo_notices":[],"jetpack_featured_media_url":"https:\/\/i0.wp.com\/www.satb.sk\/wp-content\/uploads\/2019\/11\/Document-page-001.jpg?fit=2109%2C1016&ssl=1","jetpack_publicize_connections":[],"jetpack_sharing_enabled":true,"jetpack_shortlink":"https:\/\/wp.me\/pav5wC-1cv","jetpack-related-posts":[{"id":4018,"url":"https:\/\/www.satb.sk\/index.php\/2019\/05\/13\/festival-voce-magna-2019-spustil-prihlasovanie\/","url_meta":{"origin":4619,"position":0},"title":"Festival Voce Magna 2019 spustil prihlasovanie","date":"13 m\u00e1ja, 2019","format":false,"excerpt":"Prihl\u00e1ste sa na\u00a0X. Medzin\u00e1rodn\u00fd festival a s\u00fa\u0165a\u017e \u017dilina Voce Magna 2019.\u00a0 Festival Voce Magna patr\u00ed u\u017e desa\u0165 rokov k v\u00fdznamn\u00fdm kult\u00farnym podujatiam v \u017diline. V priebehu rokov sa festivalu z\u00fa\u010dastnilo u\u017e nieko\u013eko desiatok spev\u00e1ckych zborov zo Slovenska i zo zahrani\u010dia. Festival sa v roku 2017 stal z\u00e1rove\u0148 aj s\u00fa\u0165a\u017eou a\u2026","rel":"","context":"V &quot;PODUJATIA&quot;","img":{"alt_text":"","src":"https:\/\/i2.wp.com\/www.satb.sk\/wp-content\/uploads\/2019\/05\/unnamed.jpg?fit=1200%2C846&ssl=1&resize=350%2C200","width":350,"height":200},"classes":[]},{"id":5851,"url":"https:\/\/www.satb.sk\/index.php\/2021\/11\/12\/zaujimave-ocenenia-a-online-kategoria-zaspievajte-si-na-festivale-akademicka-banska-bystrica\/","url_meta":{"origin":4619,"position":1},"title":"Zauj\u00edmav\u00e9 ocenenia a online kateg\u00f3ria. Zaspievajte si na Festivale Akademick\u00e1 Bansk\u00e1 Bystrica","date":"12 novembra, 2021","format":false,"excerpt":"Medzin\u00e1rodn\u00fd s\u00fa\u0165a\u017en\u00fd festival op\u00e4\u0165 otv\u00e1ra svoje br\u00e1ny pre slovensk\u00e9, ale aj zahrani\u010dn\u00e9 vok\u00e1lne teles\u00e1. Celosvetov\u00e1 pand\u00e9mia ovplyvnila mno\u017estvo kult\u00farnych podujat\u00ed. Nako\u013eko sa situ\u00e1cia na Slovensku znova zhor\u0161uje, 19. ro\u010dn\u00edk Akademickej Banskej Bystrice sa prv\u00fdkr\u00e1t v hist\u00f3rii festivalu uskuto\u010dn\u00ed v zimnom mesiaci a to od 10. \u2013 13. febru\u00e1ra 2022 v\u2026","rel":"","context":"V &quot;AKTU\u00c1LNE&quot;","img":{"alt_text":"","src":"https:\/\/i2.wp.com\/www.satb.sk\/wp-content\/uploads\/2021\/11\/11182806_634517116692932_2588923029342370995_o.jpeg?fit=1200%2C900&ssl=1&resize=350%2C200","width":350,"height":200},"classes":[]},{"id":5489,"url":"https:\/\/www.satb.sk\/index.php\/2020\/07\/08\/stretnutie-nad-zborovou-partiturou-sutaz-pre-dirigentov-sa-uskutocni-aj-tento-rok\/","url_meta":{"origin":4619,"position":2},"title":"Stretnutie nad zborovou partit\u00farou. S\u00fa\u0165a\u017e pre dirigentov sa uskuto\u010dn\u00ed aj tento rok","date":"8 j\u00fala, 2020","format":false,"excerpt":"Zborov\u00e9 podujatia na Slovensku znovu o\u017e\u00edvaj\u00fa. Po kult\u00farnej odm\u013ake v s\u00favislosti s pand\u00e9miou koronav\u00edrusu sa m\u00f4\u017eeme te\u0161i\u0165 na \u010fal\u0161\u00ed ro\u010dn\u00edk Medzin\u00e1rodnej s\u00fa\u0165a\u017ee pre dirigentov spev\u00e1ckych zborov.\u00a0 Tvoriv\u00e1 atmosf\u00e9ra, finan\u010dn\u00e9 ceny a koncentr\u00e1cia skvelej zborovej tvorby. To je piaty ro\u010dn\u00edk Medzin\u00e1rodnej s\u00fa\u0165a\u017ee v zborovom dirigovan\u00ed, ktor\u00fa op\u00e4\u0165 organizuje Katedra kompoz\u00edcie a\u2026","rel":"","context":"V &quot;AKTU\u00c1LNE&quot;","img":{"alt_text":"","src":"https:\/\/i1.wp.com\/www.satb.sk\/wp-content\/uploads\/2020\/07\/Foto_Su\u0301t\u030caz\u030c-dirigentov.jpg?fit=960%2C720&ssl=1&resize=350%2C200","width":350,"height":200},"classes":[]},{"id":2505,"url":"https:\/\/www.satb.sk\/index.php\/2019\/02\/11\/festival-akademicka-banska-bystrica\/","url_meta":{"origin":4619,"position":3},"title":"Festival Akademick\u00e1 Bansk\u00e1 Bystrica","date":"11 febru\u00e1ra, 2019","format":false,"excerpt":"Po podujat\u00ed\u00a0Ml\u00e1de\u017e spieva a po\u00a0Vranovsk\u00fdch zborov\u00fdch sl\u00e1vnostiach zverejnili s\u00fa\u0165a\u017en\u00e9 propoz\u00edcie aj organiz\u00e1tori \u010fal\u0161ieho zborov\u00e9ho festivalu na Slovensku. Po dvoch rokoch sa n\u00e1m znovu vracia medzin\u00e1rodn\u00fd s\u00fa\u0165a\u017en\u00fd festival Akademick\u00e1 Bansk\u00e1 Bystrica. Toto podujatie m\u00e1 dvojro\u010dn\u00fa periodicitu a u\u017e osemn\u00e1s\u0165 rokov sa te\u0161\u00ed ob\u013eube u dom\u00e1cich, ale i u zahrani\u010dn\u00fdch spev\u00e1ckych zborov.\u2026","rel":"","context":"V &quot;AKTU\u00c1LNE&quot;","img":{"alt_text":"","src":"https:\/\/i2.wp.com\/www.satb.sk\/wp-content\/uploads\/2019\/02\/siteIcon-4829.jpg?fit=570%2C388&ssl=1&resize=350%2C200","width":350,"height":200},"classes":[]},{"id":3958,"url":"https:\/\/www.satb.sk\/index.php\/2019\/04\/14\/zucastnite-sa-podujatia-viva-il-canto\/","url_meta":{"origin":4619,"position":4},"title":"Z\u00fa\u010dastnite sa podujatia Viva il canto","date":"14 apr\u00edla, 2019","format":false,"excerpt":"Po dvoch rokoch sa znovu m\u00f4\u017eete prihl\u00e1si\u0165 na Celo\u0161t\u00e1tnu s\u00fa\u0165a\u017e a prehliadku pre dospel\u00e9 spev\u00e1cke zbory.\u00a0 Podujatie Viva il canto\u00a0je na zborovej sc\u00e9ne pomerne kr\u00e1tko (od roku 2013), no napriek tomu si toto podujatie ob\u013e\u00fabilo viacero spev\u00e1ckych zborov na Slovensku. Viva il canto je v s\u00fa\u010dasnosti jedinou postupovou s\u00fa\u0165a\u017enou prehliadkou\u2026","rel":"","context":"V &quot;PODUJATIA&quot;","img":{"alt_text":"","src":"https:\/\/i1.wp.com\/www.satb.sk\/wp-content\/uploads\/2019\/04\/0041-947x629.jpg?fit=947%2C629&ssl=1&resize=350%2C200","width":350,"height":200},"classes":[]},{"id":4567,"url":"https:\/\/www.satb.sk\/index.php\/2019\/10\/28\/aky-bol-festival-voce-magna-2019\/","url_meta":{"origin":4619,"position":5},"title":"Ak\u00fd bol festival Voce Magna 2019?","date":"28 okt\u00f3bra, 2019","format":false,"excerpt":"V \u017diline sa konal desiaty ro\u010dn\u00edk festivalu \u017dilina Voce Magna. Pozn\u00e1me v\u00ed\u0165azov s\u00fa\u0165a\u017ee. Dvadsa\u0165 spev\u00e1ckych telies zo Slovenska, \u010ceska, Po\u013eska, Chorv\u00e1tska a Ma\u010farska. Tak\u00fd bol medzin\u00e1rodn\u00fd festival zborov\u00e9ho umenia \u017dilina Voce Magna, ktor\u00fd sa uskuto\u010dnil 10. - 12. okt\u00f3bra. Podujatie sa ofici\u00e1lne za\u010dalo vo \u0161tvrtok otv\u00e1rac\u00edm koncertom, ktor\u00fd patril tvorbe\u2026","rel":"","context":"V &quot;PODUJATIA&quot;","img":{"alt_text":"","src":"https:\/\/i1.wp.com\/www.satb.sk\/wp-content\/uploads\/2019\/10\/vaskova-21-of-77.jpg?fit=963%2C642&ssl=1&resize=350%2C200","width":350,"height":200},"classes":[]}],"_links":{"self":[{"href":"https:\/\/www.satb.sk\/index.php\/wp-json\/wp\/v2\/posts\/4619"}],"collection":[{"href":"https:\/\/www.satb.sk\/index.php\/wp-json\/wp\/v2\/posts"}],"about":[{"href":"https:\/\/www.satb.sk\/index.php\/wp-json\/wp\/v2\/types\/post"}],"author":[{"embeddable":true,"href":"https:\/\/www.satb.sk\/index.php\/wp-json\/wp\/v2\/users\/1"}],"replies":[{"embeddable":true,"href":"https:\/\/www.satb.sk\/index.php\/wp-json\/wp\/v2\/comments?post=4619"}],"version-history":[{"count":5,"href":"https:\/\/www.satb.sk\/index.php\/wp-json\/wp\/v2\/posts\/4619\/revisions"}],"predecessor-version":[{"id":4664,"href":"https:\/\/www.satb.sk\/index.php\/wp-json\/wp\/v2\/posts\/4619\/revisions\/4664"}],"wp:featuredmedia":[{"embeddable":true,"href":"https:\/\/www.satb.sk\/index.php\/wp-json\/wp\/v2\/media\/4660"}],"wp:attachment":[{"href":"https:\/\/www.satb.sk\/index.php\/wp-json\/wp\/v2\/media?parent=4619"}],"wp:term":[{"taxonomy":"category","embeddable":true,"href":"https:\/\/www.satb.sk\/index.php\/wp-json\/wp\/v2\/categories?post=4619"},{"taxonomy":"post_tag","embeddable":true,"href":"https:\/\/www.satb.sk\/index.php\/wp-json\/wp\/v2\/tags?post=4619"}],"curies":[{"name":"wp","href":"https:\/\/api.w.org\/{rel}","templated":true}]}}