{"id":4683,"date":"2019-11-06T12:03:02","date_gmt":"2019-11-06T12:03:02","guid":{"rendered":"https:\/\/www.satb.sk\/?p=4683"},"modified":"2019-11-06T12:03:02","modified_gmt":"2019-11-06T12:03:02","slug":"petr-eben-elce-pelce-kotrmelce","status":"publish","type":"post","link":"https:\/\/www.satb.sk\/index.php\/2019\/11\/06\/petr-eben-elce-pelce-kotrmelce\/","title":{"rendered":"Petr Eben: Elce pelce kotrmelce"},"content":{"rendered":"<h6><em><strong>Spev a pohyb. Dve veci, ktor\u00e9 s\u00fa pre deti ako stvoren\u00e9, a preto nem\u00f4\u017eu ch\u00fdba\u0165 ani v na\u0161ej zborovej kni\u017enici.<\/strong><\/em><\/h6>\n<p><!--more--><\/p>\n<p><span style=\"font-weight: 400;\"><strong>Vhodn\u00e9 pre:<\/strong>\u00a0detsk\u00fd spev\u00e1cky zbor<br \/>\n<strong>N\u00e1ro\u010dnos\u0165:<br \/>\n<img loading=\"lazy\" decoding=\"async\" data-attachment-id=\"3906\" data-permalink=\"https:\/\/www.satb.sk\/index.php\/2019\/02\/20\/5-2-zo-zborovej-kniznice\/attachment\/2\/\" data-orig-file=\"https:\/\/i0.wp.com\/www.satb.sk\/wp-content\/uploads\/2019\/02\/2-e1554523506598.png?fit=351%2C87&amp;ssl=1\" data-orig-size=\"351,87\" data-comments-opened=\"0\" data-image-meta=\"{&quot;aperture&quot;:&quot;0&quot;,&quot;credit&quot;:&quot;&quot;,&quot;camera&quot;:&quot;&quot;,&quot;caption&quot;:&quot;&quot;,&quot;created_timestamp&quot;:&quot;0&quot;,&quot;copyright&quot;:&quot;&quot;,&quot;focal_length&quot;:&quot;0&quot;,&quot;iso&quot;:&quot;0&quot;,&quot;shutter_speed&quot;:&quot;0&quot;,&quot;title&quot;:&quot;&quot;,&quot;orientation&quot;:&quot;0&quot;}\" data-image-title=\"2\" data-image-description=\"\" data-image-caption=\"\" data-medium-file=\"https:\/\/i0.wp.com\/www.satb.sk\/wp-content\/uploads\/2019\/02\/2-e1554523506598.png?fit=300%2C74&amp;ssl=1\" data-large-file=\"https:\/\/i0.wp.com\/www.satb.sk\/wp-content\/uploads\/2019\/02\/2-e1554523506598.png?fit=351%2C87&amp;ssl=1\" class=\"alignnone  wp-image-3906\" src=\"https:\/\/i1.wp.com\/www.satb.sk\/wp-content\/uploads\/2019\/02\/2-e1554523506598-300x74.png?resize=81%2C20&#038;ssl=1\" alt=\"\" width=\"81\" height=\"20\" srcset=\"https:\/\/i0.wp.com\/www.satb.sk\/wp-content\/uploads\/2019\/02\/2-e1554523506598.png?resize=300%2C74&amp;ssl=1 300w, https:\/\/i0.wp.com\/www.satb.sk\/wp-content\/uploads\/2019\/02\/2-e1554523506598.png?w=351&amp;ssl=1 351w\" sizes=\"(max-width: 81px) 100vw, 81px\" data-recalc-dims=\"1\" \/><\/strong><br \/>\nV\u00fdchova zborov\u00fdch spev\u00e1kov je d\u00f4le\u017eit\u00e1 a\u00a0treba s\u00a0\u0148ou za\u010da\u0165 u\u017e v\u00a0\u00fatlom detstve. Uvedomoval si to aj \u010desk\u00fd skladate\u013e Petr Eben, ktor\u00fd zhudobnil 50 b\u00e1sn\u00ed V\u00e1clava Fischera.\u00a0<\/span><span style=\"font-weight: 400;\">Eben zhudobnil b\u00e1sne najsk\u00f4r vo verzii pre spev a klav\u00edr, nesk\u00f4r dotvoril i\u00a0orchestr\u00e1lny sprievod (1971). Jednohlasn\u00e9 piesne maj\u00fa napom\u00e1ha\u0165 pri rozv\u00edjan\u00ed hudobn\u00e9ho talentu na\u0161ich najmen\u0161\u00edch. Deti si zvykn\u00fa na pravideln\u00fd rytmus, rozli\u0161uj\u00fa medzi legatom i\u00a0staccatom a\u00a0hlavne spievaj\u00fa v\u00a0pr\u00edjemnej polohe, ide\u00e1lnej pre mlad\u00e9 rozv\u00edjaj\u00face sa hlasivky. Z hrav\u00fdch pesni\u010diek celkom prirodzene vych\u00e1dza pohyb, ktor\u00fd m\u00f4\u017eu deti pri speve uplatni\u0165. V\u00a0pr\u00edpade ve\u013emi \u0161ikovn\u00fdch spev\u00e1\u010dikov sa d\u00e1 k\u00a0spevu pripoji\u0165 i\u00a0hra na Orffovom in\u0161trument\u00e1ri, \u010do m\u00f4\u017ee by\u0165 dobr\u00fdm podnetom pre ich hudobn\u00fd rozvoj. Ver\u00edme, \u017ee z\u00a050-tich pesni\u010diek si budete vedie\u0165 vybra\u0165 nie\u010do vyhovuj\u00face pre detsk\u00fd zbor alebo m\u00f4\u017eete piesne pou\u017ei\u0165 po\u010das hudobnej v\u00fdchovy. Notov\u00fd materi\u00e1l si m\u00f4\u017eete zak\u00fapi\u0165 <a href=\"https:\/\/nasenoty.cz\/elce-pelce-kotrmelce\" target=\"_blank\" rel=\"noopener\"><strong>TU<\/strong><\/a>\u00a0&#8211; na tomto webovom odkaze si m\u00f4\u017eete taktie\u017e stiahnu\u0165 zadarmo klav\u00edrnu verziu piesn\u00ed. Pokia\u013e m\u00e1te z\u00e1ujem o nahr\u00e1vku skladieb, zak\u00fapi\u0165 si ich m\u00f4\u017eete na str\u00e1nke\u00a0<a href=\"https:\/\/www.martinus.sk\/?uItem=255643\" target=\"_blank\" rel=\"noopener\"><strong>Martinusu.<\/strong><\/a><\/span><\/p>\n<p><span class=\"embed-youtube\" style=\"text-align:center; display: block;\"><iframe loading=\"lazy\" class=\"youtube-player\" width=\"837\" height=\"471\" src=\"https:\/\/www.youtube.com\/embed\/E1Ui-Df8GHE?version=3&#038;rel=1&#038;showsearch=0&#038;showinfo=1&#038;iv_load_policy=1&#038;fs=1&#038;hl=sk-SK&#038;autohide=2&#038;wmode=transparent\" allowfullscreen=\"true\" style=\"border:0;\" sandbox=\"allow-scripts allow-same-origin allow-popups allow-presentation\"><\/iframe><\/span><\/p>\n<p>Pripravila: Krist\u00edna Gotthardty<br \/>\nFoto:\u00a0<a href=\"https:\/\/unsplash.com\/@timmossholder?utm_source=unsplash&amp;utm_medium=referral&amp;utm_content=creditCopyText\">Tim Mossholder<\/a>\u00a0on\u00a0<a href=\"https:\/\/unsplash.com\/@dsemanak\/likes?utm_source=unsplash&amp;utm_medium=referral&amp;utm_content=creditCopyText\">Unsplash<\/a><\/p>\n","protected":false},"excerpt":{"rendered":"<p>Spev a pohyb. Dve veci, ktor\u00e9 s\u00fa pre deti ako stvoren\u00e9, a preto nem\u00f4\u017eu ch\u00fdba\u0165 ani v na\u0161ej zborovej kni\u017enici.<\/p>\n","protected":false},"author":1,"featured_media":4685,"comment_status":"closed","ping_status":"closed","sticky":false,"template":"","format":"standard","meta":{"om_disable_all_campaigns":false,"_monsterinsights_skip_tracking":false,"_monsterinsights_sitenote_active":false,"_monsterinsights_sitenote_note":"","_monsterinsights_sitenote_category":0,"spay_email":"","footnotes":"","jetpack_publicize_message":"","jetpack_is_tweetstorm":false},"categories":[40],"tags":[],"class_list":["post-4683","post","type-post","status-publish","format-standard","has-post-thumbnail","hentry","category-zo-zborovej-kniznice"],"aioseo_notices":[],"jetpack_featured_media_url":"https:\/\/i2.wp.com\/www.satb.sk\/wp-content\/uploads\/2019\/11\/ZBOROVA\u0301-KNIZ\u030cNICA.png?fit=1920%2C1080&ssl=1","jetpack_publicize_connections":[],"jetpack_sharing_enabled":true,"jetpack_shortlink":"https:\/\/wp.me\/pav5wC-1dx","jetpack-related-posts":[{"id":3930,"url":"https:\/\/www.satb.sk\/index.php\/2019\/04\/08\/christopher-gabbitas-spev-je-jednou-zo-zakladnych-zloziek-zivota-podobne-ako-rec\/","url_meta":{"origin":4683,"position":0},"title":"Christopher Gabbitas: Spev je jednou zo z\u00e1kladn\u00fdch zlo\u017eiek \u017eivota","date":"8 apr\u00edla, 2019","format":false,"excerpt":"Spevu sa za\u010dal venova\u0165 ako osemro\u010dn\u00fd a odvtedy je st\u00e1lou s\u00fa\u010das\u0165ou jeho \u017eivota. Zborov\u00fa hudbu pova\u017euje za vrchol spev\u00e1ckeho umenia, preto\u017ee to \u010do zbor dok\u00e1\u017ee vytvori\u0165 m\u00e1 pod\u013ea neho ove\u013ea v\u00e4\u010d\u0161\u00ed potenci\u00e1l, ako ke\u010f spieva spev\u00e1k s\u00e1m. Pedag\u00f3g, dirigent a b\u00fdval\u00fd \u010dlen vok\u00e1lneho zoskupenia The King's Singers \u2013 Christopher Gabbitas.\u200b\u2026","rel":"","context":"V &quot;ROZHOVORY&quot;","img":{"alt_text":"","src":"https:\/\/i0.wp.com\/www.satb.sk\/wp-content\/uploads\/2019\/04\/maxresdefault.jpg?fit=1200%2C675&ssl=1&resize=350%2C200","width":350,"height":200},"classes":[]},{"id":5317,"url":"https:\/\/www.satb.sk\/index.php\/2020\/03\/23\/ucenie-hudobnej-teorie-hrou-s-tymito-aplikaciami-sa-deti-nudit-nebudu\/","url_meta":{"origin":4683,"position":1},"title":"U\u010denie hudobnej te\u00f3rie hrou. S t\u00fdmito aplik\u00e1ciami sa deti nudi\u0165 nebud\u00fa","date":"23 marca, 2020","format":false,"excerpt":"Pom\u00f4\u017ete hravou a modernou cestou va\u0161im de\u0165om s u\u010den\u00edm hudobnej n\u00e1uky. Internetom sa aktu\u00e1lne \u0161\u00edria r\u00f4zne odpor\u00fa\u010dania na aplik\u00e1cie \u010di webov\u00e9 str\u00e1nky, v\u010faka ktor\u00fdm m\u00f4\u017eu \u017eiaci doma dobieha\u0165 \u0161kolsk\u00e9 u\u010divo zo sloven\u010diny, matematiky \u010di in\u00fdch predmetov. Zab\u00fada sa v\u0161ak na to, \u017ee mnoh\u00e9 deti nav\u0161tevuj\u00fa aj hudobn\u00e9 \u0161koly, v ktor\u00fdch\u2026","rel":"","context":"V &quot;AKTU\u00c1LNE&quot;","img":{"alt_text":"","src":"https:\/\/i1.wp.com\/www.satb.sk\/wp-content\/uploads\/2020\/03\/photo-1534337621606-e3df5ee0e97f.jpeg?fit=1189%2C669&ssl=1&resize=350%2C200","width":350,"height":200},"classes":[]},{"id":6026,"url":"https:\/\/www.satb.sk\/index.php\/2021\/12\/08\/8-den-noel-des-enfants\/","url_meta":{"origin":4683,"position":2},"title":"8. de\u0148: No\u00ebl des enfants","date":"8 decembra, 2021","format":false,"excerpt":"Posledn\u00e9 dielo franc\u00fazskeho velik\u00e1na.\u00a0 P\u00ed\u0161e sa rok 1915. Svet sa zmieta uprostred prvej svetovej vojny, najkrvavej\u0161ej vojny ak\u00fa svet dovtedy poznal. Vojna zasiahla ka\u017ed\u00e9ho, hudobn\u00edkov nevyn\u00edmaj\u00fac a \u0165a\u017eko ju zn\u00e1\u0161al aj franc\u00fazsky skladate\u013e Claude Debussy (1862 \u2013 1918). V tom \u010dase sa 55-ro\u010dn\u00fd velik\u00e1n musel vyrovna\u0165 nielen s vojnou, ale\u2026","rel":"","context":"V &quot;ADVENTN\u00dd KALEND\u00c1R 2021&quot;","img":{"alt_text":"","src":"https:\/\/i0.wp.com\/www.satb.sk\/wp-content\/uploads\/2021\/12\/9.-Noel-des-enfants_AK2021_web.png?fit=1200%2C450&ssl=1&resize=350%2C200","width":350,"height":200},"classes":[]},{"id":6063,"url":"https:\/\/www.satb.sk\/index.php\/2021\/12\/14\/14-den-ai-nama-mamina\/","url_meta":{"origin":4683,"position":3},"title":"14. de\u0148: Ai, nama mamina","date":"14 decembra, 2021","format":false,"excerpt":"No\u017ee, otvorte koledn\u00edkom z Loty\u0161ska! Pobalstk\u00e9 krajiny maj\u00fa vo svojich kult\u00farach ve\u013ek\u00fa zborov\u00fa trad\u00edciu. Zborov\u00fd spev je pre nich vyjadren\u00edm n\u00e1rodnej identity a jednoty, a preto nie je prekvapen\u00edm, \u017ee po\u010das viano\u010dn\u00e9ho obdobia maj\u00fa koledy svoje nezastupite\u013en\u00e9 miesto v reperto\u00e1ri tamoj\u0161\u00edch zborov. Jednou z nich je aj koleda Ai, nama\u2026","rel":"","context":"V &quot;ADVENTN\u00dd KALEND\u00c1R 2021&quot;","img":{"alt_text":"","src":"https:\/\/i1.wp.com\/www.satb.sk\/wp-content\/uploads\/2021\/12\/14.-Ai-nama-mamina_AK21_web.png?fit=1200%2C450&ssl=1&resize=350%2C200","width":350,"height":200},"classes":[]},{"id":3834,"url":"https:\/\/www.satb.sk\/index.php\/2019\/03\/25\/john-rutter-politici-vacsinou-nerozumeju-hudbe-a-nerozumeju-dolezitosti-zboroveho-spevu\/","url_meta":{"origin":4683,"position":4},"title":"John Rutter: Politici v\u00e4\u010d\u0161inou nerozumej\u00fa hudbe a nerozumej\u00fa d\u00f4le\u017eitosti zborov\u00e9ho spevu","date":"25 marca, 2019","format":false,"excerpt":"Rozhovor za\u010dal ako prav\u00fd anglick\u00fd gentleman. Ospravedlnil sa, \u017ee nehovor\u00ed po slovensky. To, \u017ee dnes komponuje pre zbory pova\u017euje sk\u00f4r za n\u00e1hodu. No ako s\u00e1m hovor\u00ed, ne\u013eutuje to. Dnes\u00a0jeho skladby spievaj\u00fa spev\u00e1cke zbory po celom svete. Skladate\u013e a dirigent John Rutter.\u00a0 Patr\u00edte ku skladate\u013eom, ktor\u00fd m\u00e1 vo svojej tvorbe zast\u00fapen\u00e9\u2026","rel":"","context":"V &quot;AKTU\u00c1LNE&quot;","img":{"alt_text":"","src":"https:\/\/i1.wp.com\/www.satb.sk\/wp-content\/uploads\/2019\/03\/JR-casual-by-piano.jpg?fit=1200%2C800&ssl=1&resize=350%2C200","width":350,"height":200},"classes":[]},{"id":6116,"url":"https:\/\/www.satb.sk\/index.php\/2022\/01\/22\/stefan-sedlicky-s-podmienkami-ake-na-slovensku-mame-je-az-obdivuhodne-aka-je-u-nas-kvalita-niektorych-zborov\/","url_meta":{"origin":4683,"position":5},"title":"\u0160tefan Sedlick\u00fd: S\u00a0podmienkami ak\u00e9 na Slovensku m\u00e1me je a\u017e obdivuhodn\u00e9 ak\u00e1 je u n\u00e1s kvalita zborov","date":"22 janu\u00e1ra, 2022","format":false,"excerpt":"O slovensk\u00fdch zboroch, zborovom speve a ich dne\u0161nom postaven\u00ed na Slovensku. Rozhovor s dirigentom a pedag\u00f3gom \u0160tefanom Sedlick\u00fdm. P\u00e1n Sedlick\u00fd, po\u010fme \u00faplne na za\u010diatok Va\u0161ej dirigentskej kari\u00e9ry. Kedy bol V\u00e1\u0161 prv\u00fd kontakt s\u00a0hudbou? Poch\u00e1dzam v podstate z hudobn\u00edckej rodiny, otec bol u\u010dite\u013eom hudby a nesk\u00f4r sa vypracoval a\u017e na docenta\u2026","rel":"","context":"V &quot;ROZHOVORY&quot;","img":{"alt_text":"","src":"https:\/\/i0.wp.com\/www.satb.sk\/wp-content\/uploads\/2022\/01\/609_sucas.dirigent.jpeg?fit=881%2C614&ssl=1&resize=350%2C200","width":350,"height":200},"classes":[]}],"_links":{"self":[{"href":"https:\/\/www.satb.sk\/index.php\/wp-json\/wp\/v2\/posts\/4683"}],"collection":[{"href":"https:\/\/www.satb.sk\/index.php\/wp-json\/wp\/v2\/posts"}],"about":[{"href":"https:\/\/www.satb.sk\/index.php\/wp-json\/wp\/v2\/types\/post"}],"author":[{"embeddable":true,"href":"https:\/\/www.satb.sk\/index.php\/wp-json\/wp\/v2\/users\/1"}],"replies":[{"embeddable":true,"href":"https:\/\/www.satb.sk\/index.php\/wp-json\/wp\/v2\/comments?post=4683"}],"version-history":[{"count":4,"href":"https:\/\/www.satb.sk\/index.php\/wp-json\/wp\/v2\/posts\/4683\/revisions"}],"predecessor-version":[{"id":4688,"href":"https:\/\/www.satb.sk\/index.php\/wp-json\/wp\/v2\/posts\/4683\/revisions\/4688"}],"wp:featuredmedia":[{"embeddable":true,"href":"https:\/\/www.satb.sk\/index.php\/wp-json\/wp\/v2\/media\/4685"}],"wp:attachment":[{"href":"https:\/\/www.satb.sk\/index.php\/wp-json\/wp\/v2\/media?parent=4683"}],"wp:term":[{"taxonomy":"category","embeddable":true,"href":"https:\/\/www.satb.sk\/index.php\/wp-json\/wp\/v2\/categories?post=4683"},{"taxonomy":"post_tag","embeddable":true,"href":"https:\/\/www.satb.sk\/index.php\/wp-json\/wp\/v2\/tags?post=4683"}],"curies":[{"name":"wp","href":"https:\/\/api.w.org\/{rel}","templated":true}]}}