{"id":4741,"date":"2019-12-01T15:46:18","date_gmt":"2019-12-01T15:46:18","guid":{"rendered":"https:\/\/www.satb.sk\/?p=4741"},"modified":"2019-12-01T15:47:58","modified_gmt":"2019-12-01T15:47:58","slug":"adventny-kalendar-2019","status":"publish","type":"post","link":"https:\/\/www.satb.sk\/index.php\/2019\/12\/01\/adventny-kalendar-2019\/","title":{"rendered":"Adventn\u00fd kalend\u00e1r 2019"},"content":{"rendered":"<h6><em><strong>Aj tento rok sme pre v\u00e1s pripravili adventn\u00fd kalend\u00e1r so zauj\u00edmav\u00fdmi skladbami.<\/strong><\/em><\/h6>\n<p><!--more--><\/p>\n<p>Nechajte sa in\u0161pirova\u0165 na\u0161im adventn\u00fdm v\u00fdberom. Ka\u017ed\u00fd de\u0148 po\u010das adventu v\u00e1m predstav\u00edme jednu skladbu s viano\u010dnou t\u00e9matikou, ktor\u00e1 obohat\u00ed v\u00e1\u0161 viano\u010dn\u00fd reperto\u00e1r.\u00a0Skladby bud\u00fa ur\u010den\u00e9 pre r\u00f4zne typy spev\u00e1ckych zborov &#8211; pre detsk\u00e9 a ml\u00e1de\u017en\u00edcke zbory, \u017eensk\u00e9 i mu\u017esk\u00e9 zbory, ale samozrejme aj pre mie\u0161an\u00e9 zbory a a capella zoskupenia. Ku v\u0161etk\u00fdm skladb\u00e1m u\u017e tradi\u010dne prilo\u017e\u00edme aj odkaz na webov\u00e9 str\u00e1nky, v r\u00e1mci ktor\u00fdch si budete m\u00f4c\u0165 zadov\u00e1\u017ei\u0165 notov\u00fd materi\u00e1l. V kalend\u00e1ri n\u00e1jdete skladby r\u00f4znych \u017e\u00e1nrov &#8211; sakr\u00e1lne i svetsk\u00e9 a tvorbu skladate\u013eov z r\u00f4znych k\u00fatov sveta, vr\u00e1tane Slovenska.<\/p>\n<h6 style=\"text-align: center;\"><em><strong>Pripravte sa na Vianoce spolu s nami!<br \/>\n<\/strong><\/em><em><strong>Ka\u017ed\u00fd de\u0148 s novou skladbou.<\/strong><\/em><\/h6>\n<p><a href=\"https:\/\/www.satb.sk\/index.php\/category\/adventny-kalendar-2019\/\"><img loading=\"lazy\" decoding=\"async\" data-attachment-id=\"4748\" data-permalink=\"https:\/\/www.satb.sk\/index.php\/2019\/12\/01\/adventny-kalendar-2019\/copy-of-1-3\/\" data-orig-file=\"https:\/\/i2.wp.com\/www.satb.sk\/wp-content\/uploads\/2019\/12\/Copy-of-1-3.png?fit=820%2C312&amp;ssl=1\" data-orig-size=\"820,312\" data-comments-opened=\"0\" data-image-meta=\"{&quot;aperture&quot;:&quot;0&quot;,&quot;credit&quot;:&quot;&quot;,&quot;camera&quot;:&quot;&quot;,&quot;caption&quot;:&quot;&quot;,&quot;created_timestamp&quot;:&quot;0&quot;,&quot;copyright&quot;:&quot;&quot;,&quot;focal_length&quot;:&quot;0&quot;,&quot;iso&quot;:&quot;0&quot;,&quot;shutter_speed&quot;:&quot;0&quot;,&quot;title&quot;:&quot;&quot;,&quot;orientation&quot;:&quot;0&quot;}\" data-image-title=\"Copy of 1 (3)\" data-image-description=\"\" data-image-caption=\"\" data-medium-file=\"https:\/\/i2.wp.com\/www.satb.sk\/wp-content\/uploads\/2019\/12\/Copy-of-1-3.png?fit=300%2C114&amp;ssl=1\" data-large-file=\"https:\/\/i2.wp.com\/www.satb.sk\/wp-content\/uploads\/2019\/12\/Copy-of-1-3.png?fit=820%2C312&amp;ssl=1\" class=\"aligncenter wp-image-4748 size-medium\" src=\"https:\/\/i2.wp.com\/www.satb.sk\/wp-content\/uploads\/2019\/12\/Copy-of-1-3.png?resize=300%2C114&#038;ssl=1\" alt=\"\" width=\"300\" height=\"114\" srcset=\"https:\/\/i2.wp.com\/www.satb.sk\/wp-content\/uploads\/2019\/12\/Copy-of-1-3.png?resize=300%2C114&amp;ssl=1 300w, https:\/\/i2.wp.com\/www.satb.sk\/wp-content\/uploads\/2019\/12\/Copy-of-1-3.png?resize=768%2C292&amp;ssl=1 768w, https:\/\/i2.wp.com\/www.satb.sk\/wp-content\/uploads\/2019\/12\/Copy-of-1-3.png?resize=600%2C228&amp;ssl=1 600w, https:\/\/i2.wp.com\/www.satb.sk\/wp-content\/uploads\/2019\/12\/Copy-of-1-3.png?w=820&amp;ssl=1 820w\" sizes=\"(max-width: 300px) 100vw, 300px\" data-recalc-dims=\"1\" \/><\/a><\/p>\n<p>Pripravil: satb.sk<\/p>\n","protected":false},"excerpt":{"rendered":"<p>Aj tento rok sme pre v\u00e1s pripravili adventn\u00fd kalend\u00e1r so zauj\u00edmav\u00fdmi skladbami.<\/p>\n","protected":false},"author":1,"featured_media":4744,"comment_status":"closed","ping_status":"closed","sticky":false,"template":"","format":"standard","meta":{"om_disable_all_campaigns":false,"_monsterinsights_skip_tracking":false,"_monsterinsights_sitenote_active":false,"_monsterinsights_sitenote_note":"","_monsterinsights_sitenote_category":0,"spay_email":"","footnotes":"","jetpack_publicize_message":"","jetpack_is_tweetstorm":false},"categories":[95],"tags":[],"class_list":["post-4741","post","type-post","status-publish","format-standard","has-post-thumbnail","hentry","category-adventny-kalendar-2019"],"aioseo_notices":[],"jetpack_featured_media_url":"https:\/\/i0.wp.com\/www.satb.sk\/wp-content\/uploads\/2019\/12\/Add-a-heading.png?fit=1350%2C650&ssl=1","jetpack_publicize_connections":[],"jetpack_sharing_enabled":true,"jetpack_shortlink":"https:\/\/wp.me\/pav5wC-1et","jetpack-related-posts":[{"id":5527,"url":"https:\/\/www.satb.sk\/index.php\/2020\/12\/01\/pripravte-sa-s-piesnami-na-vianoce\/","url_meta":{"origin":4741,"position":0},"title":"Pripravte sa s pies\u0148ami na Vianoce","date":"1 decembra, 2020","format":false,"excerpt":"Adventn\u00fd kalend\u00e1r 2020 bude pln\u00fd kvalitn\u00fdch piesn\u00ed pre v\u00e1\u0161 zbor.\u00a0 Aj tento rok v\u00e1m prinesieme dvadsa\u0165\u0161tyri in\u0161piruj\u00facich skladieb, ktor\u00e9 m\u00f4\u017eete spieva\u0165 so svoj\u00edm zborom po\u010das adventn\u00e9ho i viano\u010dn\u00e9ho obdobia. Skladby, ktor\u00e9 vyber\u00e1me s\u00fa ur\u010den\u00e9 pre r\u00f4zne typy spev\u00e1ckych zborov \u2013 pre detsk\u00e9 a ml\u00e1de\u017en\u00edcke zbory, \u017eensk\u00e9 i mu\u017esk\u00e9 zbory, ale\u2026","rel":"","context":"V &quot;ADVENTN\u00dd KALEND\u00c1R 2020&quot;","img":{"alt_text":"","src":"https:\/\/i1.wp.com\/www.satb.sk\/wp-content\/uploads\/2020\/12\/Adventny\u0301-kalenda\u0301r-2020-vizua\u0301l.png?fit=1200%2C800&ssl=1&resize=350%2C200","width":350,"height":200},"classes":[]},{"id":419,"url":"https:\/\/www.satb.sk\/index.php\/2018\/11\/30\/pripravte-sa-s-nami-na-vianoce\/","url_meta":{"origin":4741,"position":1},"title":"Pripravte sa s nami na Vianoce!","date":"30 novembra, 2018","format":false,"excerpt":"Vianoce sa u\u017e nepam\u00e4ti sp\u00e1jaj\u00fa s obdob\u00edm adventu. Ale ak\u00fd by to bol advent bez adventn\u00e9ho kalend\u00e1ra? Preto sme pre v\u00e1s pripravili ADVENTN\u00dd KALEND\u00c1R PRE SPEV\u00c1CKE ZBORY. A\u017e do Vianoc v\u00e1m ka\u017ed\u00fd de\u0148 predstav\u00edme na na\u0161ej str\u00e1nke jedno dielo\u00a0pre spev\u00e1cke zbory s viano\u010dnou t\u00e9matikou. N\u00e1\u0161 adventn\u00fd kalend\u00e1r bude obsahova\u0165 diela\u2026","rel":"","context":"V &quot;ADVENTN\u00dd KALEND\u00c1R 2018&quot;","img":{"alt_text":"","src":"https:\/\/i1.wp.com\/www.satb.sk\/wp-content\/uploads\/2018\/11\/ADVENT-SO-ZBOROM-1.png?fit=820%2C312&ssl=1&resize=350%2C200","width":350,"height":200},"classes":[]},{"id":449,"url":"https:\/\/www.satb.sk\/index.php\/2018\/12\/02\/2-den-a-jubilant-song\/","url_meta":{"origin":4741,"position":2},"title":"2. de\u0148: A Jubilant Song","date":"2 decembra, 2018","format":false,"excerpt":"V r\u00e1mci druh\u00e9ho d\u0148a adventn\u00e9ho kalend\u00e1ra v\u00e1m predstav\u00edme skladbu od Mary Lynn Lightfoot. A Jubilant Song. Skladate\u013eka Mary Lynn Lightfoot (1952) poch\u00e1dza z Missouri (USA) a tvorbe pre spev\u00e1cke zbory sa venuje u\u017e nieko\u013eko rokov. Na svojom konte m\u00e1 u\u017e viac ako 230 skomponovan\u00fdch diel a \u00faprav pre zbory. Medzi\u2026","rel":"","context":"V &quot;ADVENTN\u00dd KALEND\u00c1R 2018&quot;","img":{"alt_text":"","src":"https:\/\/i0.wp.com\/www.satb.sk\/wp-content\/uploads\/2018\/12\/1-1.png?fit=820%2C312&ssl=1&resize=350%2C200","width":350,"height":200},"classes":[]},{"id":749,"url":"https:\/\/www.satb.sk\/index.php\/2019\/01\/21\/749\/","url_meta":{"origin":4741,"position":3},"title":"Pripravili sme pre v\u00e1s nov\u00fa rubriku","date":"21 janu\u00e1ra, 2019","format":false,"excerpt":"Adventn\u00fd kalend\u00e1r, ktor\u00fd sme pre v\u00e1s pripravili v decembri, sa u na\u0161ich \u010ditate\u013eov te\u0161il ve\u013ekej ob\u013eube. Preto sme sa rozhodli pripravi\u0165 pre v\u00e1s nov\u00fa rubriku s n\u00e1zvom\u00a0ZO ZBOROVEJ KNI\u017dNICE. Ka\u017ed\u00fa stredu v\u00e1m predstav\u00edme na na\u0161om port\u00e1li jedno dielo pre spev\u00e1cke zbory. Skladby sa bud\u00fa t\u00e9maticky strieda\u0165 a bud\u00fa ur\u010den\u00e9 pre\u2026","rel":"","context":"V &quot;ZO ZBOROVEJ KNI\u017dNICE&quot;","img":{"alt_text":"","src":"https:\/\/i1.wp.com\/www.satb.sk\/wp-content\/uploads\/2019\/01\/Zo.png?fit=1200%2C675&ssl=1&resize=350%2C200","width":350,"height":200},"classes":[]},{"id":435,"url":"https:\/\/www.satb.sk\/index.php\/2018\/12\/01\/1-den-veni-veni-emmanuel\/","url_meta":{"origin":4741,"position":4},"title":"1. de\u0148: Veni, Veni Emmanuel","date":"1 decembra, 2018","format":false,"excerpt":"Prv\u00fd de\u0148 Adventn\u00e9ho kalend\u00e1ra pre spev\u00e1cke zbory za\u010dneme skladbou, ktor\u00e1 sa s adventom sp\u00e1ja u\u017e nieko\u013eko storo\u010d\u00ed. Veni, Veni Emmanuel (Pr\u00ed\u010f, Pr\u00ed\u010f Emmanuel). Text tohto hymnusu bol prv\u00fdkr\u00e1t vydan\u00fd v r\u00e1mci zbierky Psalteriolum Cantionum Catholicarum v Kol\u00edne v roku 1710. P\u00f4vodn\u00fd text v\u0161ak m\u00f4\u017eeme n\u00e1js\u0165 u\u017e pribli\u017ene v 9. storo\u010d\u00ed\u2026","rel":"","context":"V &quot;ADVENTN\u00dd KALEND\u00c1R 2018&quot;","img":{"alt_text":"","src":"https:\/\/i0.wp.com\/www.satb.sk\/wp-content\/uploads\/2018\/12\/1-5.png?fit=820%2C312&ssl=1&resize=350%2C200","width":350,"height":200},"classes":[]},{"id":6075,"url":"https:\/\/www.satb.sk\/index.php\/2021\/12\/17\/17-den-jak-si-krasne-nevinatko\/","url_meta":{"origin":4741,"position":5},"title":"17. de\u0148: Jak si kr\u00e1sne, nevi\u0148\u00e1tko","date":"17 decembra, 2021","format":false,"excerpt":"Pre Tebou pad\u00e1me, dary Ti d\u00e1vame.\u00a0 Ak\u00fd by to bol adventn\u00fd kalend\u00e1r, ak by sme do neho nezaradili aj \u010desk\u00e9 koledy? Jednou z nich je aj piese\u0148 Jak si kr\u00e1sn\u00e9, nevi\u0148\u00e1tko. T\u00fato tradi\u010dn\u00fa \u010desk\u00fa \u013eudov\u00fa koledu spievaj\u00fa na koncertoch predov\u0161etk\u00fdm deti alebo detsk\u00e9 spev\u00e1cke zbory, no existuj\u00fa aj ve\u013emi pekn\u00e9\u2026","rel":"","context":"V &quot;ADVENTN\u00dd KALEND\u00c1R 2021&quot;","img":{"alt_text":"","src":"https:\/\/i1.wp.com\/www.satb.sk\/wp-content\/uploads\/2021\/12\/17.-Jak-si-krasne-nevinatko_AK21_web.png?fit=1200%2C450&ssl=1&resize=350%2C200","width":350,"height":200},"classes":[]}],"_links":{"self":[{"href":"https:\/\/www.satb.sk\/index.php\/wp-json\/wp\/v2\/posts\/4741"}],"collection":[{"href":"https:\/\/www.satb.sk\/index.php\/wp-json\/wp\/v2\/posts"}],"about":[{"href":"https:\/\/www.satb.sk\/index.php\/wp-json\/wp\/v2\/types\/post"}],"author":[{"embeddable":true,"href":"https:\/\/www.satb.sk\/index.php\/wp-json\/wp\/v2\/users\/1"}],"replies":[{"embeddable":true,"href":"https:\/\/www.satb.sk\/index.php\/wp-json\/wp\/v2\/comments?post=4741"}],"version-history":[{"count":3,"href":"https:\/\/www.satb.sk\/index.php\/wp-json\/wp\/v2\/posts\/4741\/revisions"}],"predecessor-version":[{"id":4751,"href":"https:\/\/www.satb.sk\/index.php\/wp-json\/wp\/v2\/posts\/4741\/revisions\/4751"}],"wp:featuredmedia":[{"embeddable":true,"href":"https:\/\/www.satb.sk\/index.php\/wp-json\/wp\/v2\/media\/4744"}],"wp:attachment":[{"href":"https:\/\/www.satb.sk\/index.php\/wp-json\/wp\/v2\/media?parent=4741"}],"wp:term":[{"taxonomy":"category","embeddable":true,"href":"https:\/\/www.satb.sk\/index.php\/wp-json\/wp\/v2\/categories?post=4741"},{"taxonomy":"post_tag","embeddable":true,"href":"https:\/\/www.satb.sk\/index.php\/wp-json\/wp\/v2\/tags?post=4741"}],"curies":[{"name":"wp","href":"https:\/\/api.w.org\/{rel}","templated":true}]}}