{"id":4755,"date":"2019-12-02T17:52:06","date_gmt":"2019-12-02T17:52:06","guid":{"rendered":"https:\/\/www.satb.sk\/?p=4755"},"modified":"2019-12-02T17:52:06","modified_gmt":"2019-12-02T17:52:06","slug":"2-den-jazz-gloria","status":"publish","type":"post","link":"https:\/\/www.satb.sk\/index.php\/2019\/12\/02\/2-den-jazz-gloria\/","title":{"rendered":"2. de\u0148: Jazz Gloria"},"content":{"rendered":"<h6><em><strong>\u010co by to bol za adventn\u00fd kalend\u00e1r, ak by v \u0148om ch\u00fdbali jazzov\u00e9 mel\u00f3die?<\/strong><\/em><\/h6>\n<p><!--more--><\/p>\n<p>Americk\u00e1 skladate\u013eka <strong>Natalie Allyn Sleeth<\/strong> (1930 &#8211; 1992) za\u010dala hra\u0165 na klav\u00edri, ke\u010f mala \u0161tyri roky. Nesk\u00f4r za\u010dala \u0161tudova\u0165 hudobn\u00fa te\u00f3riu na Wellesley College v Massachusetts a popri tom nav\u0161tevovala s\u00fakromn\u00e9 hodiny klav\u00edra a organu. V roku 1965 sa Sleeth stala dirigentkou detsk\u00e9ho spev\u00e1ckeho zboru pri\u00a0Highland Park Methodist Church a o tri roky nesk\u00f4r za\u010d\u00edna hudobne komponova\u0165 a aran\u017eova\u0165. Ako hudobn\u00ed\u010dka a poetka si p\u00edsala texty i hudbu ku v\u0161etk\u00fdch svojim dielam. Po\u010das svojho \u017eivota nap\u00edsala viac ako 180 piesn\u00ed pre cirkven\u00e9 a \u0161kolsk\u00e9 spev\u00e1cky zbory.\u00a0K jej najzn\u00e1mej\u0161\u00edm dielam patria hymny <a href=\"https:\/\/www.youtube.com\/watch?v=2K5zKmfUeTc\" target=\"_blank\" rel=\"noopener\"><em>Joy in the Morning<\/em><\/a> a <a href=\"https:\/\/www.youtube.com\/watch?v=sDpByzZqeQ4\" target=\"_blank\" rel=\"noopener\"><em>In the Bulb There is Flower<\/em><\/a>, no vo svete sa stala zn\u00e1ma predov\u0161etk\u00fdm jej \u00faprava skladby <strong>Jazz Gloria.<\/strong> Skladba bola origin\u00e1lne skomponovan\u00e1 pre mie\u0161an\u00fd spev\u00e1cky zbor, tr\u00fabky a basu, ale medzi zbormi je popul\u00e1rna i a cappella verzia.<\/p>\n<p style=\"text-align: center;\">Notov\u00fd materi\u00e1l pre mie\u0161an\u00fd spev\u00e1cky zbor zak\u00fapite <a href=\"http:\/\/www.leadingnote.com\/products\/sheet-music\/choral\/tln\/Sleeth-Natalie-Jazz-Gloria-SATB-Carl-Fischer-Music\/31978\/\" target=\"_blank\" rel=\"noopener\"><strong><span style=\"color: #33a7a4;\">TU<\/span><\/strong><\/a><br \/>\nalebo ju si zadarmo m\u00f4\u017eete stiahnu\u0165 a capella verziu skladby <span style=\"color: #33a7a4;\"><a style=\"color: #33a7a4;\" href=\"http:\/\/www.coroeoivalencia.com\/archivos\/Jazz_Gloria\/jazz_gloria.pdf\" target=\"_blank\" rel=\"noopener\"><strong>na tejto webovej str\u00e1nke.<\/strong><\/a><\/span><br \/>\nDostupn\u00e1 je aj zjednodu\u0161en\u00e1 a skr\u00e1ten\u00e1 verzia<br \/>\npre \u017eensk\u00fd spev\u00e1cky zbor,\u00a0ktor\u00fa n\u00e1jdete <span style=\"color: #33a7a4;\"><a style=\"color: #33a7a4;\" href=\"http:\/\/pushkin-chor.narod.ru\/olderfiles\/1\/Jazz_Gloria.pdf\" target=\"_blank\" rel=\"noopener\"><strong>TU.<\/strong><\/a>\u00a0<\/span><\/p>\n<p><span class=\"embed-youtube\" style=\"text-align:center; display: block;\"><iframe loading=\"lazy\" class=\"youtube-player\" width=\"837\" height=\"471\" src=\"https:\/\/www.youtube.com\/embed\/SCHT8iSbc80?version=3&#038;rel=1&#038;showsearch=0&#038;showinfo=1&#038;iv_load_policy=1&#038;fs=1&#038;hl=sk-SK&#038;autohide=2&#038;wmode=transparent\" allowfullscreen=\"true\" style=\"border:0;\" sandbox=\"allow-scripts allow-same-origin allow-popups allow-presentation\"><\/iframe><\/span><\/p>\n<p>Pripravil: satb.sk<\/p>\n","protected":false},"excerpt":{"rendered":"<p>\u010co by to bol za adventn\u00fd kalend\u00e1r, ak by v \u0148om ch\u00fdbali jazzov\u00e9 mel\u00f3die?<\/p>\n","protected":false},"author":1,"featured_media":4760,"comment_status":"closed","ping_status":"closed","sticky":false,"template":"","format":"standard","meta":{"om_disable_all_campaigns":false,"_monsterinsights_skip_tracking":false,"_monsterinsights_sitenote_active":false,"_monsterinsights_sitenote_note":"","_monsterinsights_sitenote_category":0,"spay_email":"","footnotes":"","jetpack_publicize_message":"","jetpack_is_tweetstorm":false},"categories":[95],"tags":[],"class_list":["post-4755","post","type-post","status-publish","format-standard","has-post-thumbnail","hentry","category-adventny-kalendar-2019"],"aioseo_notices":[],"jetpack_featured_media_url":"https:\/\/i2.wp.com\/www.satb.sk\/wp-content\/uploads\/2019\/12\/2.Jazz-Gloria_baner.png?fit=820%2C312&ssl=1","jetpack_publicize_connections":[],"jetpack_sharing_enabled":true,"jetpack_shortlink":"https:\/\/wp.me\/pav5wC-1eH","jetpack-related-posts":[{"id":6026,"url":"https:\/\/www.satb.sk\/index.php\/2021\/12\/08\/8-den-noel-des-enfants\/","url_meta":{"origin":4755,"position":0},"title":"8. de\u0148: No\u00ebl des enfants","date":"8 decembra, 2021","format":false,"excerpt":"Posledn\u00e9 dielo franc\u00fazskeho velik\u00e1na.\u00a0 P\u00ed\u0161e sa rok 1915. Svet sa zmieta uprostred prvej svetovej vojny, najkrvavej\u0161ej vojny ak\u00fa svet dovtedy poznal. Vojna zasiahla ka\u017ed\u00e9ho, hudobn\u00edkov nevyn\u00edmaj\u00fac a \u0165a\u017eko ju zn\u00e1\u0161al aj franc\u00fazsky skladate\u013e Claude Debussy (1862 \u2013 1918). V tom \u010dase sa 55-ro\u010dn\u00fd velik\u00e1n musel vyrovna\u0165 nielen s vojnou, ale\u2026","rel":"","context":"V &quot;ADVENTN\u00dd KALEND\u00c1R 2021&quot;","img":{"alt_text":"","src":"https:\/\/i0.wp.com\/www.satb.sk\/wp-content\/uploads\/2021\/12\/9.-Noel-des-enfants_AK2021_web.png?fit=1200%2C450&ssl=1&resize=350%2C200","width":350,"height":200},"classes":[]},{"id":5523,"url":"https:\/\/www.satb.sk\/index.php\/2020\/12\/01\/1-den-a-clare-benediction\/","url_meta":{"origin":4755,"position":1},"title":"1. de\u0148: A Clare Benediction","date":"1 decembra, 2020","format":false,"excerpt":"Prv\u00fd de\u0148 adventn\u00e9ho kalend\u00e1ra bude patri\u0165 s\u00fa\u010dasn\u00e9mu klasikovi zborovej literat\u00fary. Anglick\u00e9ho skladate\u013ea Johna Ruttera (*1945) nemus\u00edme predstavova\u0165 \u017eiadnemu zborov\u00e9mu nad\u0161encovi. V r\u00e1mci svojej tvorby sa u\u017e roky venuje predov\u0161etk\u00fdm vok\u00e1lnej a vok\u00e1lno in\u0161trument\u00e1lnej hudbe. Skladbu A Clare Benediction skomponoval v roku 1998 pre mie\u0161an\u00fd spev\u00e1cky zbor, organ a orchester. Text\u2026","rel":"","context":"V &quot;ADVENTN\u00dd KALEND\u00c1R 2020&quot;","img":{"alt_text":"","src":"https:\/\/i2.wp.com\/www.satb.sk\/wp-content\/uploads\/2020\/12\/1.A-Clare-Benedictione_AK2020.png?fit=1200%2C450&ssl=1&resize=350%2C200","width":350,"height":200},"classes":[]},{"id":6101,"url":"https:\/\/www.satb.sk\/index.php\/2021\/12\/22\/22-den-lux-aurumque\/","url_meta":{"origin":4755,"position":2},"title":"22. de\u0148: Lux Aurumque","date":"22 decembra, 2021","format":false,"excerpt":"Ke\u010f sa spoj\u00ed svetlo a zlato v jednej piesni.\u00a0 Ke\u010f si americk\u00fd skladate\u013e Eric Whitacre (*1970) pre\u010d\u00edtal kr\u00e1tku anglick\u00fa b\u00e1se\u0148 Light and Gold (Svetlo a Zlato), ostal o\u010daren\u00fd jej jednoduchos\u0165ou a eleganciou. Whitacre preto oslovil americk\u00e9ho b\u00e1snika Charlesa Anthonyho Silvestriho, aby toto kratu\u010dk\u00e9 dielo prelo\u017eil do latin\u010diny. Silvestri tak urobil\u2026","rel":"","context":"V &quot;ADVENTN\u00dd KALEND\u00c1R 2021&quot;","img":{"alt_text":"","src":"https:\/\/i0.wp.com\/www.satb.sk\/wp-content\/uploads\/2021\/12\/22.-Lux-Aurumque_AK21_web.png?fit=1200%2C450&ssl=1&resize=350%2C200","width":350,"height":200},"classes":[]},{"id":5610,"url":"https:\/\/www.satb.sk\/index.php\/2020\/12\/10\/10-den-stromecku-nechod-spat\/","url_meta":{"origin":4755,"position":3},"title":"10. de\u0148: Strome\u010dku, necho\u010f sp\u00e1t","date":"10 decembra, 2020","format":false,"excerpt":"Ke\u010f jedna n\u00e1v\u0161teva detsk\u00e9ho domova vytvor\u00ed sple\u0165 t\u00f3nov. Skladate\u013e Petr Eben (1929 \u2013 2007) patr\u00ed k najv\u00fdznamnej\u0161\u00edm \u010desk\u00fdm skladate\u013eom. Jeho rozsiahla skladate\u013esk\u00e1 tvorba zasahovala do r\u00f4znych \u017e\u00e1nrov vr\u00e1tane opery, baletu \u010di duchovnej hudby. V zozname jeho diel n\u00e1jdeme aj ve\u013emi ve\u013ea skladieb pre spev\u00e1cke zbory. K nim patr\u00ed aj \u0161tvordielny\u2026","rel":"","context":"V &quot;ADVENTN\u00dd KALEND\u00c1R 2020&quot;","img":{"alt_text":"","src":"https:\/\/i1.wp.com\/www.satb.sk\/wp-content\/uploads\/2020\/12\/10.-Stromec\u030cku-nechod\u030c-spa\u0301t_AK2020_web.png?fit=1200%2C450&ssl=1&resize=350%2C200","width":350,"height":200},"classes":[]},{"id":484,"url":"https:\/\/www.satb.sk\/index.php\/2018\/12\/05\/484\/","url_meta":{"origin":4755,"position":4},"title":"5. de\u0148: Adeste Fideles","date":"5 decembra, 2018","format":false,"excerpt":"Piaty de\u0148 adventn\u00e9ho kalend\u00e1ra bude patri\u0165 viano\u010dnej \"klasike\". Adeste Fideles. Skladbu\u00a0Adeste Fideles h\u00e1dam nemus\u00edme predstavova\u0165 \u017eiadnemu hudobn\u00edkovi. T\u00e1to piese\u0148 sa toti\u017e nach\u00e1dza vo viano\u010dnom reperto\u00e1ri takmer ka\u017ed\u00e9ho spev\u00e1ka, spev\u00e1ckeho zboru alebo orchestra. Skladba bola spopularizovan\u00e1 v 18. storo\u010d\u00ed a o jej autorstve sa dlh\u00e9 roky polemizovalo. Niektor\u00e9 zdroje uv\u00e1dzali ako\u2026","rel":"","context":"V &quot;ADVENTN\u00dd KALEND\u00c1R 2018&quot;","img":{"alt_text":"","src":"https:\/\/i2.wp.com\/www.satb.sk\/wp-content\/uploads\/2018\/12\/5.png?fit=820%2C312&ssl=1&resize=350%2C200","width":350,"height":200},"classes":[]},{"id":5605,"url":"https:\/\/www.satb.sk\/index.php\/2020\/12\/09\/9-den-the-prayer\/","url_meta":{"origin":4755,"position":5},"title":"9. de\u0148: The Prayer","date":"9 decembra, 2020","format":false,"excerpt":"Modlitba, ktor\u00e1 takmer z\u00edskala Oskara.\u00a0 Piese\u0148 The Prayer (Modlitba) bola nap\u00edsan\u00e1 pre animovan\u00fd film The Quest for Camelot (\u010carovn\u00fd me\u010d). Skladba m\u00e1 a\u017e\u00a0\u0161tyroch autorov \u2013 Davida Fostera, Carole Bayer Sager, Alberta Testa and Tonyho Renisa. P\u00f4vodne bola nahran\u00e1 v roku 1998 s\u00f3lovo v dvoch jazykoch - v talian\u010dine a angli\u010dtine.\u2026","rel":"","context":"V &quot;ADVENTN\u00dd KALEND\u00c1R 2020&quot;","img":{"alt_text":"","src":"https:\/\/i1.wp.com\/www.satb.sk\/wp-content\/uploads\/2020\/12\/9.-The-Prayer_AK2020_web.png?fit=1200%2C450&ssl=1&resize=350%2C200","width":350,"height":200},"classes":[]}],"_links":{"self":[{"href":"https:\/\/www.satb.sk\/index.php\/wp-json\/wp\/v2\/posts\/4755"}],"collection":[{"href":"https:\/\/www.satb.sk\/index.php\/wp-json\/wp\/v2\/posts"}],"about":[{"href":"https:\/\/www.satb.sk\/index.php\/wp-json\/wp\/v2\/types\/post"}],"author":[{"embeddable":true,"href":"https:\/\/www.satb.sk\/index.php\/wp-json\/wp\/v2\/users\/1"}],"replies":[{"embeddable":true,"href":"https:\/\/www.satb.sk\/index.php\/wp-json\/wp\/v2\/comments?post=4755"}],"version-history":[{"count":5,"href":"https:\/\/www.satb.sk\/index.php\/wp-json\/wp\/v2\/posts\/4755\/revisions"}],"predecessor-version":[{"id":4762,"href":"https:\/\/www.satb.sk\/index.php\/wp-json\/wp\/v2\/posts\/4755\/revisions\/4762"}],"wp:featuredmedia":[{"embeddable":true,"href":"https:\/\/www.satb.sk\/index.php\/wp-json\/wp\/v2\/media\/4760"}],"wp:attachment":[{"href":"https:\/\/www.satb.sk\/index.php\/wp-json\/wp\/v2\/media?parent=4755"}],"wp:term":[{"taxonomy":"category","embeddable":true,"href":"https:\/\/www.satb.sk\/index.php\/wp-json\/wp\/v2\/categories?post=4755"},{"taxonomy":"post_tag","embeddable":true,"href":"https:\/\/www.satb.sk\/index.php\/wp-json\/wp\/v2\/tags?post=4755"}],"curies":[{"name":"wp","href":"https:\/\/api.w.org\/{rel}","templated":true}]}}