{"id":4764,"date":"2019-12-03T20:22:28","date_gmt":"2019-12-03T20:22:28","guid":{"rendered":"https:\/\/www.satb.sk\/?p=4764"},"modified":"2019-12-03T20:23:34","modified_gmt":"2019-12-03T20:23:34","slug":"3-den-dormi-jesu","status":"publish","type":"post","link":"https:\/\/www.satb.sk\/index.php\/2019\/12\/03\/3-den-dormi-jesu\/","title":{"rendered":"3. de\u0148: Dormi Jesu"},"content":{"rendered":"<h6><em><strong>Dne\u0161n\u00fd adventn\u00fd kalend\u00e1r bude patri\u010d zn\u00e1memu slovensk\u00e9mu skladate\u013eovi.\u00a0<\/strong><\/em><\/h6>\n<p><!--more--><\/p>\n<p>Skladate\u013e <strong>Vladim\u00edr God\u00e1r<\/strong> (*1956) patr\u00ed k nav\u00fdznamnej\u0161\u00edch s\u00fa\u010dasn\u00fdm skladate\u013eom a muzikol\u00f3gom na Slovensku. Skladbu <strong>Dormi Jesu<\/strong> upravil pre The Hildegard Choir &#8211; \u017eensk\u00fd spev\u00e1cky zbor v Oxforde. Celou skladbou sa nes\u00fa predov\u0161etk\u00fdm vok\u00e1lne l\u00edne s\u00f3lov\u00e9ho sopr\u00e1nu, v ktorom mo\u017eno po\u010du\u0165 prepracovanie gregori\u00e1nskeho chor\u00e1lu, \u010di dokonca star\u0161iu trad\u00edciu v\u00fdchodnej duchovnej piesne. S\u00f3lov\u00fd hlas dop\u013a\u0148a pomal\u00fd kol\u00edsav\u00fd sprievod spev\u00e1ckeho zboru, ktor\u00fd m\u00e1 pripom\u00edna\u0165 M\u00e1riu ako hojd\u00e1 mal\u00e9ho Je\u017ei\u0161ka a popritom mu spieva. Zbor i s\u00f3lo hlas dop\u013a\u0148a tlmen\u00fd sprievod harpsichordu, resp. klav\u00edra.<\/p>\n<p style=\"text-align: center;\">Notov\u00fd materi\u00e1lku skladbe Dormi Jesu<br \/>\npre mie\u0161an\u00fd spev\u00e1cky zboru si m\u00f4\u017eete zak\u00fapi\u0165 <a href=\"https:\/\/www.prestomusic.com\/sheet-music\/products\/7110098--godar-dormi-jesu-satb-accompanied\" target=\"_blank\" rel=\"noopener\"><strong>TU.<\/strong><\/a><\/p>\n<p><span class=\"embed-youtube\" style=\"text-align:center; display: block;\"><iframe loading=\"lazy\" class=\"youtube-player\" width=\"837\" height=\"471\" src=\"https:\/\/www.youtube.com\/embed\/TxxvLAiRUhU?version=3&#038;rel=1&#038;showsearch=0&#038;showinfo=1&#038;iv_load_policy=1&#038;fs=1&#038;hl=sk-SK&#038;autohide=2&#038;wmode=transparent\" allowfullscreen=\"true\" style=\"border:0;\" sandbox=\"allow-scripts allow-same-origin allow-popups allow-presentation\"><\/iframe><\/span><\/p>\n<p>Pripravil: satb.sk<\/p>\n","protected":false},"excerpt":{"rendered":"<p>Dne\u0161n\u00fd adventn\u00fd kalend\u00e1r bude patri\u010d zn\u00e1memu slovensk\u00e9mu skladate\u013eovi.\u00a0<\/p>\n","protected":false},"author":1,"featured_media":4765,"comment_status":"closed","ping_status":"closed","sticky":false,"template":"","format":"standard","meta":{"om_disable_all_campaigns":false,"_monsterinsights_skip_tracking":false,"_monsterinsights_sitenote_active":false,"_monsterinsights_sitenote_note":"","_monsterinsights_sitenote_category":0,"spay_email":"","footnotes":"","jetpack_publicize_message":"","jetpack_is_tweetstorm":false},"categories":[95],"tags":[],"class_list":["post-4764","post","type-post","status-publish","format-standard","has-post-thumbnail","hentry","category-adventny-kalendar-2019"],"aioseo_notices":[],"jetpack_featured_media_url":"https:\/\/i0.wp.com\/www.satb.sk\/wp-content\/uploads\/2019\/12\/3.Dormi-Jesu_banerAK19.png?fit=820%2C312&ssl=1","jetpack_publicize_connections":[],"jetpack_sharing_enabled":true,"jetpack_shortlink":"https:\/\/wp.me\/pav5wC-1eQ","jetpack-related-posts":[{"id":6101,"url":"https:\/\/www.satb.sk\/index.php\/2021\/12\/22\/22-den-lux-aurumque\/","url_meta":{"origin":4764,"position":0},"title":"22. de\u0148: Lux Aurumque","date":"22 decembra, 2021","format":false,"excerpt":"Ke\u010f sa spoj\u00ed svetlo a zlato v jednej piesni.\u00a0 Ke\u010f si americk\u00fd skladate\u013e Eric Whitacre (*1970) pre\u010d\u00edtal kr\u00e1tku anglick\u00fa b\u00e1se\u0148 Light and Gold (Svetlo a Zlato), ostal o\u010daren\u00fd jej jednoduchos\u0165ou a eleganciou. Whitacre preto oslovil americk\u00e9ho b\u00e1snika Charlesa Anthonyho Silvestriho, aby toto kratu\u010dk\u00e9 dielo prelo\u017eil do latin\u010diny. Silvestri tak urobil\u2026","rel":"","context":"V &quot;ADVENTN\u00dd KALEND\u00c1R 2021&quot;","img":{"alt_text":"","src":"https:\/\/i0.wp.com\/www.satb.sk\/wp-content\/uploads\/2021\/12\/22.-Lux-Aurumque_AK21_web.png?fit=1200%2C450&ssl=1&resize=350%2C200","width":350,"height":200},"classes":[]},{"id":542,"url":"https:\/\/www.satb.sk\/index.php\/2018\/12\/11\/11-den-jingle-bell-rock\/","url_meta":{"origin":4764,"position":1},"title":"11. de\u0148: Jingle Bell Rock","date":"11 decembra, 2018","format":false,"excerpt":"Jeden\u00e1sty de\u0148 adventn\u00e9ho kalend\u00e1ra bude patri\u0165 ro\u013eni\u010dkovej klasike. Jingle Bell Rock. Autorstvo tejto popul\u00e1rnej piesne patr\u00ed Josephovi C. Bealovi (1900\u20131967) a Jamesovi R. Bootheovi (1917\u20131976). Skladba bola prv\u00fdkr\u00e1t ofici\u00e1lne uveden\u00e1 v roku 1947 v podan\u00ed americk\u00e9ho spev\u00e1ka Bobbyho Helmsa (1933 \u2013 1997). Helmsova verzia piesne je dodnes najzn\u00e1mej\u0161ou verziou, a\u2026","rel":"","context":"V &quot;ADVENTN\u00dd KALEND\u00c1R 2018&quot;","img":{"alt_text":"","src":"https:\/\/i1.wp.com\/www.satb.sk\/wp-content\/uploads\/2018\/12\/11.png?fit=820%2C312&ssl=1&resize=350%2C200","width":350,"height":200},"classes":[]},{"id":4962,"url":"https:\/\/www.satb.sk\/index.php\/2019\/12\/24\/23-den-pie-jesu\/","url_meta":{"origin":4764,"position":2},"title":"23. de\u0148: Pie Jesu","date":"24 decembra, 2019","format":false,"excerpt":"Ke\u010f Requiem znie aj na Vianoce. Ke\u010f Andrew Llyod Webber (*1948 ) zlo\u017eil svoj prv\u00fd Requiem, ur\u010dite netu\u0161il, \u017ee jeho piata \u010das\u0165 Pie Jesu sa bude hr\u00e1va\u0165 nielen na pohreboch, ale aj pri in\u00fdch pr\u00edle\u017eitostiach. Llyod zlo\u017eil Requiem na po\u010des\u0165 svojho otca Williama Lloyda Webera, ktor\u00fd zomrel v roku 1982.\u2026","rel":"","context":"V &quot;ADVENTN\u00dd KALEND\u00c1R 2019&quot;","img":{"alt_text":"","src":"https:\/\/i1.wp.com\/www.satb.sk\/wp-content\/uploads\/2019\/12\/23.Pie-Jesu_AK19_baner.png?fit=820%2C312&ssl=1&resize=350%2C200","width":350,"height":200},"classes":[]},{"id":5569,"url":"https:\/\/www.satb.sk\/index.php\/2020\/12\/04\/4-den-skinija-zlataja\/","url_meta":{"origin":4764,"position":3},"title":"4. de\u0148: Skinija Zlataja","date":"4 decembra, 2020","format":false,"excerpt":"Pravosl\u00e1vna oslava pr\u00edchodu Spasite\u013ea. Raduj sa M\u00e1ria, lebo si porodila a povila syna. V\u00f4l i osol tvorcu poznaj\u00fa, zroden\u00e9mu ml\u00e1dencovi chv\u00e1lu vyznaj\u00fa. Priam detsk\u00e1 rados\u0165 vyviera z tempa tejto koledy, ktor\u00e1 patr\u00ed medzi koledy pravosl\u00e1vnej trad\u00edcie. Roz\u0161\u00edren\u00e9 s\u00fa v krajin\u00e1ch, kde sa praktizoval pravosl\u00e1vny obrad. Zvy\u010dajne ich n\u00e1jdeme v n\u00e1rodn\u00fdch\u2026","rel":"","context":"V &quot;ADVENTN\u00dd KALEND\u00c1R 2020&quot;","img":{"alt_text":"","src":"https:\/\/i2.wp.com\/www.satb.sk\/wp-content\/uploads\/2020\/12\/4.-Skinija-Zlataja_AK2020_web.png?fit=1200%2C450&ssl=1&resize=350%2C200","width":350,"height":200},"classes":[]},{"id":4755,"url":"https:\/\/www.satb.sk\/index.php\/2019\/12\/02\/2-den-jazz-gloria\/","url_meta":{"origin":4764,"position":4},"title":"2. de\u0148: Jazz Gloria","date":"2 decembra, 2019","format":false,"excerpt":"\u010co by to bol za adventn\u00fd kalend\u00e1r, ak by v \u0148om ch\u00fdbali jazzov\u00e9 mel\u00f3die? Americk\u00e1 skladate\u013eka Natalie Allyn Sleeth (1930 - 1992) za\u010dala hra\u0165 na klav\u00edri, ke\u010f mala \u0161tyri roky. Nesk\u00f4r za\u010dala \u0161tudova\u0165 hudobn\u00fa te\u00f3riu na Wellesley College v Massachusetts a popri tom nav\u0161tevovala s\u00fakromn\u00e9 hodiny klav\u00edra a organu. V\u2026","rel":"","context":"V &quot;ADVENTN\u00dd KALEND\u00c1R 2019&quot;","img":{"alt_text":"","src":"https:\/\/i2.wp.com\/www.satb.sk\/wp-content\/uploads\/2019\/12\/2.Jazz-Gloria_baner.png?fit=820%2C312&ssl=1&resize=350%2C200","width":350,"height":200},"classes":[]},{"id":4840,"url":"https:\/\/www.satb.sk\/index.php\/2019\/12\/10\/10-den-jesus-bleibet-meine-freude\/","url_meta":{"origin":4764,"position":5},"title":"10. de\u0148: Jesus bleibet meine Freude","date":"10 decembra, 2019","format":false,"excerpt":"Kant\u00e1ta navodzuj\u00faca viano\u010dn\u00fa atmosf\u00e9ru priamo od samotn\u00e9ho Bacha.\u00a0 Skladbu\u00a0Jesus bleibet meine Freude skomponoval v roku 1723 Johann Sebastian Bach (1685 - 1750) a patr\u00ed k jeho najzn\u00e1mej\u0161\u00edm zborov\u00fdm dielam. Skladba je s\u00fa\u010das\u0165ou Bachovej zbierky kant\u00e1t Herz und Mund und Tat und Leben, BWV 147. Zo v\u0161etk\u00fdch jeho kant\u00e1t sa pr\u00e1ve\u2026","rel":"","context":"V &quot;ADVENTN\u00dd KALEND\u00c1R 2019&quot;","img":{"alt_text":"","src":"https:\/\/i0.wp.com\/www.satb.sk\/wp-content\/uploads\/2019\/12\/10.Jesus-bleibet-meine-Freude_AK19_baner.png?fit=820%2C312&ssl=1&resize=350%2C200","width":350,"height":200},"classes":[]}],"_links":{"self":[{"href":"https:\/\/www.satb.sk\/index.php\/wp-json\/wp\/v2\/posts\/4764"}],"collection":[{"href":"https:\/\/www.satb.sk\/index.php\/wp-json\/wp\/v2\/posts"}],"about":[{"href":"https:\/\/www.satb.sk\/index.php\/wp-json\/wp\/v2\/types\/post"}],"author":[{"embeddable":true,"href":"https:\/\/www.satb.sk\/index.php\/wp-json\/wp\/v2\/users\/1"}],"replies":[{"embeddable":true,"href":"https:\/\/www.satb.sk\/index.php\/wp-json\/wp\/v2\/comments?post=4764"}],"version-history":[{"count":4,"href":"https:\/\/www.satb.sk\/index.php\/wp-json\/wp\/v2\/posts\/4764\/revisions"}],"predecessor-version":[{"id":4769,"href":"https:\/\/www.satb.sk\/index.php\/wp-json\/wp\/v2\/posts\/4764\/revisions\/4769"}],"wp:featuredmedia":[{"embeddable":true,"href":"https:\/\/www.satb.sk\/index.php\/wp-json\/wp\/v2\/media\/4765"}],"wp:attachment":[{"href":"https:\/\/www.satb.sk\/index.php\/wp-json\/wp\/v2\/media?parent=4764"}],"wp:term":[{"taxonomy":"category","embeddable":true,"href":"https:\/\/www.satb.sk\/index.php\/wp-json\/wp\/v2\/categories?post=4764"},{"taxonomy":"post_tag","embeddable":true,"href":"https:\/\/www.satb.sk\/index.php\/wp-json\/wp\/v2\/tags?post=4764"}],"curies":[{"name":"wp","href":"https:\/\/api.w.org\/{rel}","templated":true}]}}