{"id":4778,"date":"2019-12-05T19:34:09","date_gmt":"2019-12-05T19:34:09","guid":{"rendered":"https:\/\/www.satb.sk\/?p=4778"},"modified":"2019-12-05T19:52:17","modified_gmt":"2019-12-05T19:52:17","slug":"5-den-vanocni-roztomilost","status":"publish","type":"post","link":"https:\/\/www.satb.sk\/index.php\/2019\/12\/05\/5-den-vanocni-roztomilost\/","title":{"rendered":"5. de\u0148: V\u00e1no\u010dn\u00ed roztomilost"},"content":{"rendered":"<h6><em><strong>Roztomil\u00e9 barokov\u00e9 Vianoce, ktor\u00e9 skomponoval rytier.<\/strong><\/em><\/h6>\n<p><!--more--><\/p>\n<p>Piese\u0148 <em>V\u00e1no\u010dn\u00ed roztomilost<\/em> skomponoval\u00a0<b>Adam V\u00e1clav Michna z Otradovic<\/b>\u00a0(1600 &#8211; 1676), jeden z najv\u00fdznamnej\u0161\u00edch \u010desk\u00fdch skladate\u013eov a b\u00e1snikov 17. storo\u010dia. Adam Michna poch\u00e1dzal zo starej, i ke\u010f nie pr\u00edli\u0161 v\u00fdznamnej, aristokratickej rodiny a mal \u0161\u013eachtick\u00fd titul rytier. Podobne ako jeho otec, aj Adam Michna bol organistom a z\u00e1rove\u0148 tr\u00fabkarom, \u010do bola rodinn\u00e1 trad\u00edcia. Michna bol ve\u013emi plodn\u00fdm skladate\u013eom a prim\u00e1rne sa orientoval na duchovn\u00fa hudbu. Skomponoval pribli\u017ene 230 diel, ktor\u00e9 s\u00fastredil do piatich zbierok &#8211; troch \u010desk\u00fdch a dvoch latinsk\u00fdch. Medzi jeho najzn\u00e1mej\u0161ie cykly patr\u00ed <strong>\u010cesk\u00e1 mari\u00e1nsk\u00e1 muzika<\/strong> (1647) a pr\u00e1ve v tomto cykle sa nach\u00e1dza piese\u0148 <em>V\u00e1no\u010dn\u00ed roztomilos\u0165.\u00a0<\/em>Skladba je ur\u010den\u00e1 pre mie\u0161an\u00e9 spev\u00e1cke zbory, ale je vhodn\u00e1 i pre detsk\u00e9 spev\u00e1cke zbory.<\/p>\n<p style=\"text-align: center;\">Notov\u00fd materi\u00e1l pre mie\u0161an\u00fd spev\u00e1cky zbor<br \/>\nsi m\u00f4\u017eete stiahnu\u0165 na<a href=\"http:\/\/organist-ub.cz\/wp-content\/uploads\/2013\/06\/Michna.-V%C3%A1no%C4%8Dn%C3%AD-roztomilost.pdf\" target=\"_blank\" rel=\"noopener\"><strong> tomto odkaze.<\/strong><\/a><br \/>\nJednohlasn\u00fa verziu s akordami n\u00e1jdete <strong><a href=\"http:\/\/www.rolnickapraha12.cz\/repertoar\/vanocni_roztomilost.pdf\" target=\"_blank\" rel=\"noopener\">TU.<\/a><br \/>\n<\/strong><\/p>\n<p style=\"text-align: center;\">Ak v\u00e1s zaujala viano\u010dn\u00e1 barokov\u00e1 hudba, m\u00f4\u017eete si stiahnu\u0165 aj <a href=\"http:\/\/www.collegium.cz\/noty\/pdf\/vanocni%20pisne.pdf\" target=\"_blank\" rel=\"noopener\"><strong>t\u00fato publik\u00e1ciu<\/strong><\/a><br \/>\ns viano\u010dnou hudbou barokov\u00fdch kancion\u00e1lov, kde n\u00e1jdete \u0161tvorhlasn\u00e9 \u00fapravy mnoh\u00fdch \u010fal\u0161\u00edch piesn\u00ed.<\/p>\n<p><span class=\"embed-youtube\" style=\"text-align:center; display: block;\"><iframe loading=\"lazy\" class=\"youtube-player\" width=\"837\" height=\"471\" src=\"https:\/\/www.youtube.com\/embed\/WJvzfQUGpCU?version=3&#038;rel=1&#038;showsearch=0&#038;showinfo=1&#038;iv_load_policy=1&#038;fs=1&#038;hl=sk-SK&#038;autohide=2&#038;wmode=transparent\" allowfullscreen=\"true\" style=\"border:0;\" sandbox=\"allow-scripts allow-same-origin allow-popups allow-presentation\"><\/iframe><\/span><\/p>\n<p>Pripravil: satb.sk<\/p>\n","protected":false},"excerpt":{"rendered":"<p>Roztomil\u00e9 barokov\u00e9 Vianoce, ktor\u00e9 skomponoval rytier.<\/p>\n","protected":false},"author":1,"featured_media":4781,"comment_status":"closed","ping_status":"closed","sticky":false,"template":"","format":"standard","meta":{"om_disable_all_campaigns":false,"_monsterinsights_skip_tracking":false,"_monsterinsights_sitenote_active":false,"_monsterinsights_sitenote_note":"","_monsterinsights_sitenote_category":0,"spay_email":"","footnotes":"","jetpack_publicize_message":"","jetpack_is_tweetstorm":false},"categories":[95],"tags":[],"class_list":["post-4778","post","type-post","status-publish","format-standard","has-post-thumbnail","hentry","category-adventny-kalendar-2019"],"aioseo_notices":[],"jetpack_featured_media_url":"https:\/\/i1.wp.com\/www.satb.sk\/wp-content\/uploads\/2019\/12\/5.Va\u0301noc\u030cni\u0301-roztomilost_AK19_baner.png?fit=820%2C312&ssl=1","jetpack_publicize_connections":[],"jetpack_sharing_enabled":true,"jetpack_shortlink":"https:\/\/wp.me\/pav5wC-1f4","jetpack-related-posts":[{"id":5565,"url":"https:\/\/www.satb.sk\/index.php\/2020\/12\/03\/3-den-glej-zvezdice-bozje\/","url_meta":{"origin":4778,"position":0},"title":"3. de\u0148: Glej zvezdice Bo\u017eje","date":"3 decembra, 2020","format":false,"excerpt":"Bo\u017ei\u010dne pesmi (Viano\u010dn\u00e9 piesne) spod Julsk\u00fdch \u00c1lp. V Slovinsku sa tzv. spevov \u2013 kolied, ktor\u00e9 oznamuj\u00fa pr\u00edchod Je\u017ei\u0161a, zachovalo ve\u013ea a aj ve\u013ea vytvorilo. Piese\u0148 Glej zvezdice bo\u017eje je radostnou oslavou: hviezdy na nebi \u017eiaria a potvrdzuj\u00fa star\u00e9 proroctvo o pr\u00edchode P\u00e1na a du\u0161e s\u00fa naplnen\u00e9 rados\u0165ou. Nap\u00edsal ju skladate\u013e\u2026","rel":"","context":"V &quot;ADVENTN\u00dd KALEND\u00c1R 2020&quot;","img":{"alt_text":"","src":"https:\/\/i1.wp.com\/www.satb.sk\/wp-content\/uploads\/2020\/12\/3.-Glej-zvezdice-boz\u030cje_AK2020_web.png?fit=1200%2C450&ssl=1&resize=350%2C200","width":350,"height":200},"classes":[]},{"id":5636,"url":"https:\/\/www.satb.sk\/index.php\/2020\/12\/16\/16-den-you-are-a-mean-one-mr-grinch\/","url_meta":{"origin":4778,"position":1},"title":"16. de\u0148: You are a Mean One, Mr. Grinch","date":"16 decembra, 2020","format":false,"excerpt":"\u010co ak by Vianoce niekto ukradol? Spisovate\u013e Theodor Geisel \u201cDr. Seuss\u201d (1904 \u2013 1991) nap\u00edsal pre deti mnoho kn\u00edh a medzi nimi i poviedku o tom ako Mr. Grinch ukradne Vianoce. V roku 1966 na jej z\u00e1klade vytvorili diel kreslen\u00e9ho seri\u00e1lu, ku ktor\u00e9mu Albert Hague (1920 \u2013 2001)\u00a0skomponoval piese\u0148 You\u2026","rel":"","context":"V &quot;ADVENTN\u00dd KALEND\u00c1R 2020&quot;","img":{"alt_text":"","src":"https:\/\/i1.wp.com\/www.satb.sk\/wp-content\/uploads\/2020\/12\/16.-You-are-a-Mean-One-Mr.-Grinch_AK2020_web.png?fit=1200%2C450&ssl=1&resize=350%2C200","width":350,"height":200},"classes":[]},{"id":4932,"url":"https:\/\/www.satb.sk\/index.php\/2019\/12\/18\/17-den-vsichni-verni-krestane\/","url_meta":{"origin":4778,"position":2},"title":"17. de\u0148: V\u0161ichni v\u011brn\u00ed kres\u0165an\u00e9","date":"18 decembra, 2019","format":false,"excerpt":"Poklady zo star\u00fdch kancion\u00e1lov. V Bene\u0161ove v\u00a0\u010ceskej republike sa dochovala zbierka duchovn\u00fdch piesn\u00ed z\u00a0roku 1596. Sedemn\u00e1s\u0165 kompoz\u00edci\u00ed v\u00a0zbierke nap\u00edsal Jan Trojan Turnovsk\u00fd (1550 - 1606). Interpretmi skladieb boli mn\u00edsi z\u00a0bene\u0161ovsk\u00e9ho liter\u00e1tskeho bratstva, preto je v\u00e4\u010d\u0161ina kompoz\u00edci\u00ed zap\u00edsan\u00e1 v\u00a0poloh\u00e1ch vhodn\u00fdch pre mu\u017esk\u00e9 spev\u00e1cke zbory. P\u00e4\u0165hlasn\u00e1 piese\u0148 V\u0161ichni v\u011brn\u00ed kres\u0165an\u00e9 ukazuje dobov\u00e9\u2026","rel":"","context":"V &quot;ADVENTN\u00dd KALEND\u00c1R 2019&quot;","img":{"alt_text":"","src":"https:\/\/i2.wp.com\/www.satb.sk\/wp-content\/uploads\/2019\/12\/17.Vs\u030cichni-ve\u030crni\u0301-krest\u030cane\u0301_AK19_baner.png?fit=820%2C312&ssl=1&resize=350%2C200","width":350,"height":200},"classes":[]},{"id":611,"url":"https:\/\/www.satb.sk\/index.php\/2018\/12\/22\/22-den-ceska-mse-vanocni\/","url_meta":{"origin":4778,"position":3},"title":"22. de\u0148: \u010cesk\u00e1 m\u0161e v\u00e1no\u010dn\u00ed","date":"22 decembra, 2018","format":false,"excerpt":"Dva dni pred Vianocami n\u00e1s adventn\u00fd kalend\u00e1r vezme znovu ku na\u0161im \u010desk\u00fdm susedom. \u010cesk\u00e1 m\u0161e v\u00e1no\u010dn\u00ed. \u010cesk\u00e1 m\u0161e v\u00e1no\u010dn\u00ed patr\u00ed spolu so Zrunekovou Harmoniou Pastoralis k osved\u010den\u00fdm viano\u010dn\u00fdm klasik\u00e1m na Slovensku i v \u010cesku. Om\u0161u skomponoval v roku 1796 Jakub Jan Ryba (1765\u00a0\u2013 1815), ktor\u00fd patril v 18. storo\u010d\u00ed k\u2026","rel":"","context":"V &quot;ADVENTN\u00dd KALEND\u00c1R 2018&quot;","img":{"alt_text":"","src":"https:\/\/i1.wp.com\/www.satb.sk\/wp-content\/uploads\/2018\/12\/22.png?fit=820%2C312&ssl=1&resize=350%2C200","width":350,"height":200},"classes":[]},{"id":4619,"url":"https:\/\/www.satb.sk\/index.php\/2019\/11\/04\/vznikla-nova-sutaz-pre-spevakov-i-vokalne-telesa\/","url_meta":{"origin":4778,"position":4},"title":"Vznikla nov\u00e1 s\u00fa\u0165a\u017e pre spev\u00e1kov i vok\u00e1lne teles\u00e1","date":"4 novembra, 2019","format":false,"excerpt":"Prihl\u00e1ste sa na s\u00fa\u0165a\u017e Viano\u010dn\u00e1 piese\u0148 2019.\u00a0 Ob\u010dianske zdru\u017eenie \u0160tart organizuje prv\u00fd ro\u010dn\u00edk S\u00fa\u0165a\u017ee v speve adventn\u00fdch a viano\u010dn\u00fdch piesn\u00ed s n\u00e1zvom Viano\u010dn\u00e1 piese\u0148 2019. S\u00fa\u0165a\u017e sa uskuto\u010dn\u00ed 18. decembra 2019 v Divadle ARTEATRO v Bratislave a je ur\u010den\u00e1 najm\u00e4 \u017eiakom z\u00e1kladn\u00fdch a z\u00e1kladn\u00fdch umeleck\u00fdch \u0161k\u00f4l, stredn\u00fdch \u0161k\u00f4l, jednotlivcom, duet\u00e1m,\u2026","rel":"","context":"V &quot;PODUJATIA&quot;","img":{"alt_text":"","src":"https:\/\/i0.wp.com\/www.satb.sk\/wp-content\/uploads\/2019\/11\/Document-page-001.jpg?fit=1200%2C578&ssl=1&resize=350%2C200","width":350,"height":200},"classes":[]},{"id":6020,"url":"https:\/\/www.satb.sk\/index.php\/2021\/12\/07\/7-den-nativity-carol\/","url_meta":{"origin":4778,"position":5},"title":"7. de\u0148: Nativity Carol","date":"7 decembra, 2021","format":false,"excerpt":"Ke\u010f koledu sklad\u00e1 samotn\u00fd p\u00e1n Koleda.\u00a0 B\u00fdva u\u017e zvykom, \u017ee ka\u017edoro\u010dne do n\u00e1\u0161ho adventn\u00e9ho kalend\u00e1ra zarad\u00edme aspo\u0148 jedno dielo od s\u00fa\u010dasn\u00e9ho anglick\u00e9ho dirigenta a skladate\u013ea Johna Ruttera (*1945). Rutter, ktor\u00fd sa vo svojej tvorbe venuje predov\u0161etk\u00fdm vok\u00e1lnej a vok\u00e1lno-in\u0161trument\u00e1lnej tvorbe, nap\u00edsal a upravil mno\u017estvo kolied. Dokonca si pre svoju \"viano\u010dn\u00fa\u2026","rel":"","context":"V &quot;ADVENTN\u00dd KALEND\u00c1R 2021&quot;","img":{"alt_text":"","src":"https:\/\/i0.wp.com\/www.satb.sk\/wp-content\/uploads\/2021\/12\/7.-Nativity-Carol_AK21_web.png?fit=1200%2C450&ssl=1&resize=350%2C200","width":350,"height":200},"classes":[]}],"_links":{"self":[{"href":"https:\/\/www.satb.sk\/index.php\/wp-json\/wp\/v2\/posts\/4778"}],"collection":[{"href":"https:\/\/www.satb.sk\/index.php\/wp-json\/wp\/v2\/posts"}],"about":[{"href":"https:\/\/www.satb.sk\/index.php\/wp-json\/wp\/v2\/types\/post"}],"author":[{"embeddable":true,"href":"https:\/\/www.satb.sk\/index.php\/wp-json\/wp\/v2\/users\/1"}],"replies":[{"embeddable":true,"href":"https:\/\/www.satb.sk\/index.php\/wp-json\/wp\/v2\/comments?post=4778"}],"version-history":[{"count":3,"href":"https:\/\/www.satb.sk\/index.php\/wp-json\/wp\/v2\/posts\/4778\/revisions"}],"predecessor-version":[{"id":4783,"href":"https:\/\/www.satb.sk\/index.php\/wp-json\/wp\/v2\/posts\/4778\/revisions\/4783"}],"wp:featuredmedia":[{"embeddable":true,"href":"https:\/\/www.satb.sk\/index.php\/wp-json\/wp\/v2\/media\/4781"}],"wp:attachment":[{"href":"https:\/\/www.satb.sk\/index.php\/wp-json\/wp\/v2\/media?parent=4778"}],"wp:term":[{"taxonomy":"category","embeddable":true,"href":"https:\/\/www.satb.sk\/index.php\/wp-json\/wp\/v2\/categories?post=4778"},{"taxonomy":"post_tag","embeddable":true,"href":"https:\/\/www.satb.sk\/index.php\/wp-json\/wp\/v2\/tags?post=4778"}],"curies":[{"name":"wp","href":"https:\/\/api.w.org\/{rel}","templated":true}]}}