{"id":4784,"date":"2019-12-13T09:32:42","date_gmt":"2019-12-13T09:32:42","guid":{"rendered":"https:\/\/www.satb.sk\/?p=4784"},"modified":"2019-12-13T09:32:42","modified_gmt":"2019-12-13T09:32:42","slug":"13-den-ave-verum","status":"publish","type":"post","link":"https:\/\/www.satb.sk\/index.php\/2019\/12\/13\/13-den-ave-verum\/","title":{"rendered":"13. de\u0148: Ave verum"},"content":{"rendered":"<h6><em><strong>Overen\u00e1 klasika, ktor\u00e1 nikdy nesklame.<\/strong><\/em><\/h6>\n<p><!--more--><\/p>\n<p>Hudobn\u00e9 \u00fapravy euchyristickej hymny\u00a0<em>Ave verum<\/em> poch\u00e1dzaj\u00facej zo14. storo\u010dia, s\u00fa u spev\u00e1kov a spev\u00e1ckych zborov popul\u00e1rne. Medzi najzn\u00e1mej\u0161ie patr\u00ed \u00faprava od <strong>W. A. Mozarta<\/strong> (1721 &#8211; 1791).\u00a0Mozart svoje <em>Ave verum<\/em> nap\u00edsal popri komponovan\u00ed opery <em>\u010carovn\u00e1 flauta <\/em>a dokon\u010dil ho v roku 1791, len \u0161es\u0165 mesiacov pred svojou smr\u0165ou. Skladbu nap\u00edsal pre zbor, sl\u00e1\u010diky a organ a dokopy m\u00e1 iba 46 taktov. Okrem Mozarta <em>Ave verum<\/em> hudobne spracovali aj \u010fal\u0161\u00ed skladatelia ako napr\u00edklad William Byrd,<br \/>\nP. I. \u010cajkovskij \u010di Franz Liszt.<\/p>\n<p style=\"text-align: center;\">Skladba Ave verum K.618 v \u00faprave pre <a href=\"http:\/\/www.cafe-puccini.dk\/Mozart\/pdf\/Ave_verum_corpus.pdf\" target=\"_blank\" rel=\"noopener\"><strong>mie\u0161an\u00fd spev\u00e1cky zbor<\/strong><\/a><br \/>\n\u00daprava pre mie\u0161an\u00fd zbor so <a href=\"https:\/\/www.cpdl.org\/wiki\/images\/b\/b8\/Mozart.AveVerumCorpus.OrganAccomp.pdf\" target=\"_blank\" rel=\"noopener\"><strong>sprievodom organa<\/strong><\/a><br \/>\n\u00daprava pre mie\u0161an\u00fd zbor s <a href=\"http:\/\/kantoreiarchiv.imslp.eu\/archiv\/choir_orchestra\/varia_vocal_instrumental\/mozart\/ave_verum\/score.pdf\" target=\"_blank\" rel=\"noopener\"><strong>in\u0161trument\u00e1lnym sprievodom<\/strong><\/a><br \/>\nDvojhlasn\u00e1 \u00faprava pre <strong><a href=\"https:\/\/www.sheetmusicplus.com\/title\/ave-verum-corpus-for-2-part-choir-sa-piano-accompaniment-digital-sheet-music\/20769779\" target=\"_blank\" rel=\"noopener\">\u017eensk\u00fd spev\u00e1cky zbor<\/a><br \/>\n<\/strong>Trohlasn\u00e1 \u00faprava pre <a href=\"https:\/\/www.musicroom.com\/product\/staw156\/wolfgang-amadeus-mozart-ave-verum-corpus-ssa.aspx\" target=\"_blank\" rel=\"noopener\"><strong>\u017eensk\u00fd spev\u00e1cky zbor<\/strong><\/a><br \/>\n\u00daprava pre <a href=\"https:\/\/www.sheetmusicplus.com\/title\/ave-verum-corpus-sheet-music\/20735828\" target=\"_blank\" rel=\"noopener\"><strong>mu\u017esk\u00fd spev\u00e1cky zbor<\/strong><\/a><\/p>\n<p><span class=\"embed-youtube\" style=\"text-align:center; display: block;\"><iframe loading=\"lazy\" class=\"youtube-player\" width=\"837\" height=\"471\" src=\"https:\/\/www.youtube.com\/embed\/AEVG_HIr-zI?version=3&#038;rel=1&#038;showsearch=0&#038;showinfo=1&#038;iv_load_policy=1&#038;fs=1&#038;hl=sk-SK&#038;autohide=2&#038;wmode=transparent\" allowfullscreen=\"true\" style=\"border:0;\" sandbox=\"allow-scripts allow-same-origin allow-popups allow-presentation\"><\/iframe><\/span><\/p>\n<p>Pripravil: satb.sk<\/p>\n<p>&nbsp;<\/p>\n","protected":false},"excerpt":{"rendered":"<p>Overen\u00e1 klasika, ktor\u00e1 nikdy nesklame.<\/p>\n","protected":false},"author":1,"featured_media":4854,"comment_status":"closed","ping_status":"closed","sticky":false,"template":"","format":"standard","meta":{"om_disable_all_campaigns":false,"_monsterinsights_skip_tracking":false,"_monsterinsights_sitenote_active":false,"_monsterinsights_sitenote_note":"","_monsterinsights_sitenote_category":0,"spay_email":"","footnotes":"","jetpack_publicize_message":"","jetpack_is_tweetstorm":false},"categories":[95],"tags":[],"class_list":["post-4784","post","type-post","status-publish","format-standard","has-post-thumbnail","hentry","category-adventny-kalendar-2019"],"aioseo_notices":[],"jetpack_featured_media_url":"https:\/\/i0.wp.com\/www.satb.sk\/wp-content\/uploads\/2019\/12\/13.Ave-verum_AK19_baner.png?fit=820%2C312&ssl=1","jetpack_publicize_connections":[],"jetpack_sharing_enabled":true,"jetpack_shortlink":"https:\/\/wp.me\/pav5wC-1fa","jetpack-related-posts":[{"id":5622,"url":"https:\/\/www.satb.sk\/index.php\/2020\/12\/14\/14-den-ave-verum\/","url_meta":{"origin":4784,"position":0},"title":"14. de\u0148: Ave Verum","date":"14 decembra, 2020","format":false,"excerpt":"Ke\u010f klav\u00edrny virtu\u00f3z nap\u00ed\u0161e skladbu pre spev\u00e1cky zbor.\u00a0 Ke\u010f sa povie Ave Verum, v\u00e4\u010d\u0161ina \u013eud\u00ed si spomenie na skladbu Wolfganga Amadea Mozarta. M\u00e1lokomu sa t\u00e1to skladba spoj\u00ed s legend\u00e1rnym klav\u00edrnym g\u00e9niom Franzom Lisztom (1811 - 1886). Liszt zlo\u017eil t\u00fato skladbu pre mie\u0161an\u00fd spev\u00e1cky zbor v sprievode organu a skladba ofici\u00e1lne\u2026","rel":"","context":"V &quot;ADVENTN\u00dd KALEND\u00c1R 2020&quot;","img":{"alt_text":"","src":"https:\/\/i1.wp.com\/www.satb.sk\/wp-content\/uploads\/2020\/12\/14.-Ave-verum_AK2020_web.png?fit=1200%2C450&ssl=1&resize=350%2C200","width":350,"height":200},"classes":[]},{"id":4770,"url":"https:\/\/www.satb.sk\/index.php\/2019\/12\/04\/4-den-jingle-bells\/","url_meta":{"origin":4784,"position":1},"title":"4. de\u0148: Jingle Bells","date":"4 decembra, 2019","format":false,"excerpt":"Ro\u013eni\u010dky, ro\u013eni\u010dky, kto v\u00e1m dal ten hlas? Alebo piese\u0148, ktor\u00fa pozn\u00e1 cel\u00fd svet. Piese\u0148 Jingle Bells (v sloven\u010dine Ro\u013eni\u010dky, ro\u013eni\u010dky) v\u00e1m predstavova\u0165 ur\u010dite nemus\u00edme, preto\u017ee patr\u00ed k najzn\u00e1mej\u0161\u00edm pies\u0148am sp\u00e1jaj\u00facim sa s Vianocami. Jingle Bells nap\u00edsal v jeseni roku 1857 pod n\u00e1zvom \"One Horse Open Sleigh\" americk\u00fd skladate\u013e a organista\u2026","rel":"","context":"V &quot;ADVENTN\u00dd KALEND\u00c1R 2019&quot;","img":{"alt_text":"","src":"https:\/\/i1.wp.com\/www.satb.sk\/wp-content\/uploads\/2019\/12\/4.Jingle-Bells_AK19_baner.png?fit=820%2C312&ssl=1&resize=350%2C200","width":350,"height":200},"classes":[]},{"id":5523,"url":"https:\/\/www.satb.sk\/index.php\/2020\/12\/01\/1-den-a-clare-benediction\/","url_meta":{"origin":4784,"position":2},"title":"1. de\u0148: A Clare Benediction","date":"1 decembra, 2020","format":false,"excerpt":"Prv\u00fd de\u0148 adventn\u00e9ho kalend\u00e1ra bude patri\u0165 s\u00fa\u010dasn\u00e9mu klasikovi zborovej literat\u00fary. Anglick\u00e9ho skladate\u013ea Johna Ruttera (*1945) nemus\u00edme predstavova\u0165 \u017eiadnemu zborov\u00e9mu nad\u0161encovi. V r\u00e1mci svojej tvorby sa u\u017e roky venuje predov\u0161etk\u00fdm vok\u00e1lnej a vok\u00e1lno in\u0161trument\u00e1lnej hudbe. Skladbu A Clare Benediction skomponoval v roku 1998 pre mie\u0161an\u00fd spev\u00e1cky zbor, organ a orchester. Text\u2026","rel":"","context":"V &quot;ADVENTN\u00dd KALEND\u00c1R 2020&quot;","img":{"alt_text":"","src":"https:\/\/i2.wp.com\/www.satb.sk\/wp-content\/uploads\/2020\/12\/1.A-Clare-Benedictione_AK2020.png?fit=1200%2C450&ssl=1&resize=350%2C200","width":350,"height":200},"classes":[]},{"id":6104,"url":"https:\/\/www.satb.sk\/index.php\/2021\/12\/23\/24-den-laudate-dominum\/","url_meta":{"origin":4784,"position":3},"title":"23. de\u0148: Laudate Dominum","date":"23 decembra, 2021","format":false,"excerpt":"Skladba od klasika klasicizmu.\u00a0 V predve\u010der \u0160tedr\u00e9ho d\u0148a sme do adventn\u00e9ho kalend\u00e1ra zaradili zn\u00e1mu skladbu od jedn\u00e9ho z najv\u00e4\u010d\u0161\u00edch skladate\u013eov v hist\u00f3rii klasickej hudby - Wolfganga Amadea Mozarta (1756 \u2013 1791). Mozart po\u010das svojho kr\u00e1tkeho \u017eivota skomponoval viac ako 600 diel r\u00f4znych \u017e\u00e1nrov od opery a\u017e po jednoduch\u00e9 son\u00e1ty. V\u2026","rel":"","context":"V &quot;ADVENTN\u00dd KALEND\u00c1R 2021&quot;","img":{"alt_text":"","src":"https:\/\/i0.wp.com\/www.satb.sk\/wp-content\/uploads\/2021\/12\/23.-Laudate-Dominum_AK21_web.png?fit=1200%2C450&ssl=1&resize=350%2C200","width":350,"height":200},"classes":[]},{"id":5613,"url":"https:\/\/www.satb.sk\/index.php\/2020\/12\/11\/11-den-in-dulci-jubilo\/","url_meta":{"origin":4784,"position":4},"title":"11. de\u0148: In dulci jubilo","date":"11 decembra, 2020","format":false,"excerpt":"Sladk\u00e1 rados\u0165 Johanna Sebastiana Bacha. In dulci jubilo je tradi\u010dn\u00e1 viano\u010dn\u00e1 koleda poch\u00e1dzaj\u00faca z obdobia stredoveku. Zauj\u00edmavos\u0165ou koledy je, \u017ee m\u00e1 tzv. makaronick\u00fd text, teda obsahuje text a slovn\u00e9 hra\u010dky v dvoch jazykoch - v tomto pr\u00edpade v nemeckom a latinskom. N\u00e1zov piesne znamen\u00e1 v preklade \"V skladej radosti\" a\u2026","rel":"","context":"V &quot;ADVENTN\u00dd KALEND\u00c1R 2020&quot;","img":{"alt_text":"","src":"https:\/\/i0.wp.com\/www.satb.sk\/wp-content\/uploads\/2020\/12\/11.-In-dulci-jubilo_AK2020_web.png?fit=1200%2C450&ssl=1&resize=350%2C200","width":350,"height":200},"classes":[]},{"id":5565,"url":"https:\/\/www.satb.sk\/index.php\/2020\/12\/03\/3-den-glej-zvezdice-bozje\/","url_meta":{"origin":4784,"position":5},"title":"3. de\u0148: Glej zvezdice Bo\u017eje","date":"3 decembra, 2020","format":false,"excerpt":"Bo\u017ei\u010dne pesmi (Viano\u010dn\u00e9 piesne) spod Julsk\u00fdch \u00c1lp. V Slovinsku sa tzv. spevov \u2013 kolied, ktor\u00e9 oznamuj\u00fa pr\u00edchod Je\u017ei\u0161a, zachovalo ve\u013ea a aj ve\u013ea vytvorilo. Piese\u0148 Glej zvezdice bo\u017eje je radostnou oslavou: hviezdy na nebi \u017eiaria a potvrdzuj\u00fa star\u00e9 proroctvo o pr\u00edchode P\u00e1na a du\u0161e s\u00fa naplnen\u00e9 rados\u0165ou. Nap\u00edsal ju skladate\u013e\u2026","rel":"","context":"V &quot;ADVENTN\u00dd KALEND\u00c1R 2020&quot;","img":{"alt_text":"","src":"https:\/\/i1.wp.com\/www.satb.sk\/wp-content\/uploads\/2020\/12\/3.-Glej-zvezdice-boz\u030cje_AK2020_web.png?fit=1200%2C450&ssl=1&resize=350%2C200","width":350,"height":200},"classes":[]}],"_links":{"self":[{"href":"https:\/\/www.satb.sk\/index.php\/wp-json\/wp\/v2\/posts\/4784"}],"collection":[{"href":"https:\/\/www.satb.sk\/index.php\/wp-json\/wp\/v2\/posts"}],"about":[{"href":"https:\/\/www.satb.sk\/index.php\/wp-json\/wp\/v2\/types\/post"}],"author":[{"embeddable":true,"href":"https:\/\/www.satb.sk\/index.php\/wp-json\/wp\/v2\/users\/1"}],"replies":[{"embeddable":true,"href":"https:\/\/www.satb.sk\/index.php\/wp-json\/wp\/v2\/comments?post=4784"}],"version-history":[{"count":3,"href":"https:\/\/www.satb.sk\/index.php\/wp-json\/wp\/v2\/posts\/4784\/revisions"}],"predecessor-version":[{"id":4856,"href":"https:\/\/www.satb.sk\/index.php\/wp-json\/wp\/v2\/posts\/4784\/revisions\/4856"}],"wp:featuredmedia":[{"embeddable":true,"href":"https:\/\/www.satb.sk\/index.php\/wp-json\/wp\/v2\/media\/4854"}],"wp:attachment":[{"href":"https:\/\/www.satb.sk\/index.php\/wp-json\/wp\/v2\/media?parent=4784"}],"wp:term":[{"taxonomy":"category","embeddable":true,"href":"https:\/\/www.satb.sk\/index.php\/wp-json\/wp\/v2\/categories?post=4784"},{"taxonomy":"post_tag","embeddable":true,"href":"https:\/\/www.satb.sk\/index.php\/wp-json\/wp\/v2\/tags?post=4784"}],"curies":[{"name":"wp","href":"https:\/\/api.w.org\/{rel}","templated":true}]}}