{"id":4787,"date":"2019-12-06T19:54:43","date_gmt":"2019-12-06T19:54:43","guid":{"rendered":"https:\/\/www.satb.sk\/?p=4787"},"modified":"2019-12-06T19:54:43","modified_gmt":"2019-12-06T19:54:43","slug":"6-den-ave-maria","status":"publish","type":"post","link":"https:\/\/www.satb.sk\/index.php\/2019\/12\/06\/6-den-ave-maria\/","title":{"rendered":"6. de\u0148: Ave Maria"},"content":{"rendered":"<h6><em><strong>Hudobn\u00e1 n\u00e1dielka od skuto\u010dn\u00e9ho Mikul\u00e1\u0161a.\u00a0<\/strong><\/em><\/h6>\n<p><!--more--><\/p>\n<p>Ke\u010f sa povie <em>Ave Maria<\/em>, v\u00e4\u010d\u0161ina \u013eud\u00ed si v hlave vybav\u00ed zn\u00e1me skladby od Charlesa Gounoda \u010di Giulia Cacciniho. Vedeli ste v\u0161ak, \u017ee existuje aj verzia od slovensk\u00e9ho skladate\u013ea? Skladate\u013e, dirigent a hudobn\u00fd pedag\u00f3g <strong>Mikul\u00e1\u0161 Scheider-Trnavsk\u00fd<\/strong> (1881 &#8211; 1958) patr\u00ed k predstavite\u013eom star\u0161ej \u0161koly slovensk\u00fdch skladate\u013eov, ku ktor\u00fdm sa radia napr\u00edklad aj J\u00e1n Levoslav Bella, Viliam Figu\u0161-Bystr\u00fd \u010di Alexander Moyzes. Trnavsk\u00fd komponoval vok\u00e1lnu, in\u0161trument\u00e1lu hudbu i vok\u00e1lno-in\u0161turment\u00e1lnu hudbu. Bol v\u00fdznamn\u00fdm autorom tzv. &#8220;umelej slovenskej piesne&#8221; a mnoho z jeho piesni v priebehu rokov z\u013eudovelo.\u00a0Okrem komponovania sa venoval i koncertnej a osvetovej \u010dinnosti, no na Slovensku je zn\u00e1my predov\u0161etk\u00fdm ako zostavovate\u013e <em>Jednotn\u00e9ho katol\u00edckeho spevn\u00edka<\/em>, ktor\u00fd sa v katol\u00edckej cirkvi na Slovensku pou\u017e\u00edva dodnes. V jeho tvorbe n\u00e1jdeme i s\u00e1kralne diela a pr\u00e1ve k nim sa rad\u00ed jeho\u00a0<em>Ave Maria, <\/em>ktor\u00e1 je medzi slovensk\u00fdmi zbormi pomerne popul\u00e1rna.\u00a0M\u00e1te ju u\u017e vo svojom reperto\u00e1ri?<\/p>\n<p style=\"text-align: center;\">Notov\u00fd materi\u00e1l pre mie\u0161an\u00fd spev\u00e1cky zbor<br \/>\nsi m\u00f4\u017eete zadarmo stiahnu\u0165 na tejto <a href=\"http:\/\/www0.cpdl.org\/wiki\/images\/c\/c2\/Trnavsky_Ave_Maria.pdf\" target=\"_blank\" rel=\"noopener\"><strong>webovej str\u00e1nke.<\/strong><\/a><\/p>\n<p><span class=\"embed-youtube\" style=\"text-align:center; display: block;\"><iframe loading=\"lazy\" class=\"youtube-player\" width=\"837\" height=\"471\" src=\"https:\/\/www.youtube.com\/embed\/NeQ3q3SS5lc?version=3&#038;rel=1&#038;showsearch=0&#038;showinfo=1&#038;iv_load_policy=1&#038;fs=1&#038;hl=sk-SK&#038;autohide=2&#038;wmode=transparent\" allowfullscreen=\"true\" style=\"border:0;\" sandbox=\"allow-scripts allow-same-origin allow-popups allow-presentation\"><\/iframe><\/span><\/p>\n<p>Pripravil: satb.sk<\/p>\n","protected":false},"excerpt":{"rendered":"<p>Hudobn\u00e1 n\u00e1dielka od skuto\u010dn\u00e9ho Mikul\u00e1\u0161a.\u00a0<\/p>\n","protected":false},"author":1,"featured_media":4788,"comment_status":"closed","ping_status":"closed","sticky":false,"template":"","format":"standard","meta":{"om_disable_all_campaigns":false,"_monsterinsights_skip_tracking":false,"_monsterinsights_sitenote_active":false,"_monsterinsights_sitenote_note":"","_monsterinsights_sitenote_category":0,"spay_email":"","footnotes":"","jetpack_publicize_message":"","jetpack_is_tweetstorm":false},"categories":[95],"tags":[],"class_list":["post-4787","post","type-post","status-publish","format-standard","has-post-thumbnail","hentry","category-adventny-kalendar-2019"],"aioseo_notices":[],"jetpack_featured_media_url":"https:\/\/i2.wp.com\/www.satb.sk\/wp-content\/uploads\/2019\/12\/6.Ave-Maria_AK19_baner.png?fit=820%2C312&ssl=1","jetpack_publicize_connections":[],"jetpack_sharing_enabled":true,"jetpack_shortlink":"https:\/\/wp.me\/pav5wC-1fd","jetpack-related-posts":[{"id":4596,"url":"https:\/\/www.satb.sk\/index.php\/2019\/11\/03\/spevom-dojali-krajanov-i-potomkov-slovakov\/","url_meta":{"origin":4787,"position":0},"title":"Spevom dojali krajanov i potomkov Slov\u00e1kov","date":"3 novembra, 2019","format":false,"excerpt":"Spev\u00e1ci z mesta Humenn\u00e9 vycestovali zaspieva\u0165 si so svojimi izraelsk\u00fdmi kolegami. Po\u010das nieko\u013ek\u00fdch dn\u00ed spievali pre ve\u013evyslanca, pre krajanov \u017eij\u00facich v zahrani\u010d\u00ed i pre potomkov Slov\u00e1kov, ktor\u00ed pri\u0161li do Izraela po\u010das druhej svetovej vojny. Spev\u00e1cky zbor mesta Humenn\u00e9 u\u017e 17 rokov organizuje festivalov\u00e9 koncerty pod n\u00e1zvom \"Hudba - k\u013e\u00fa\u010d k\u2026","rel":"","context":"V &quot;AKTU\u00c1LNE&quot;","img":{"alt_text":"","src":"https:\/\/i1.wp.com\/www.satb.sk\/wp-content\/uploads\/2019\/11\/20191018_151552.jpg?fit=1200%2C583&ssl=1&resize=350%2C200","width":350,"height":200},"classes":[]},{"id":5965,"url":"https:\/\/www.satb.sk\/index.php\/2021\/12\/02\/2-den-the-lords-prayer\/","url_meta":{"origin":4787,"position":1},"title":"2. de\u0148: The Lord's Prayer","date":"2 decembra, 2021","format":false,"excerpt":"Ke\u010f si od Disneyho odbehnete skomponova\u0165 modlitbu. V zborovom svete azda neexistuje spev\u00e1k, \u010di dirigent, ktor\u00fd by nepoznal modlitbu Ot\u010de n\u00e1\u0161 zn\u00e1mu v anglickom preklade pod n\u00e1zvom The Lord's Prayer. Text tejto najbe\u017enej\u0161ej modlitby pou\u017eilo vo svojej tvorbe tis\u00edcky skladate\u013eov r\u00f4zneho \u017e\u00e1nru, obdobia i n\u00e1rodnosti. Ke\u010f dostal americk\u00fd klavirista a\u2026","rel":"","context":"V &quot;ADVENTN\u00dd KALEND\u00c1R 2021&quot;","img":{"alt_text":"","src":"https:\/\/i0.wp.com\/www.satb.sk\/wp-content\/uploads\/2021\/12\/2.-The-Lords-Prayer_AK2021_web.png?fit=1200%2C450&ssl=1&resize=350%2C200","width":350,"height":200},"classes":[]},{"id":289,"url":"https:\/\/www.satb.sk\/index.php\/2018\/11\/18\/subor-credo-oslavil-50-vyrocie-svojej-existencie\/","url_meta":{"origin":4787,"position":2},"title":"S\u00fabor Credo osl\u00e1vil 50. v\u00fdro\u010die svojej existencie","date":"18 novembra, 2018","format":false,"excerpt":"Vok\u00e1lno-in\u0161trument\u00e1lny s\u00fabor Credo, ktor\u00fd p\u00f4sob\u00ed v\u00a0Ivanke pri Dunaji, osl\u00e1vil v\u00a0septembri 50 rokov od svojho vzniku. S\u00fabor si v\u00fdro\u010die pripomenul koncertom, bohoslu\u017ebou, v\u00fdstavou fotografi\u00ed a\u00a0knihou. Credo pre\u017eilo v\u010faka viere, spolo\u010denstvu, odvahe, talentu a pracovitosti S\u00fabor Credo zalo\u017eili v\u00a0septembri 1968 Stanislav Zibala (kapeln\u00edak, s\u00f3lov\u00e1 gitara), Du\u0161an Mi\u0161\u00edk (sprievodn\u00e1 gitara), O\u013ega Dubovsk\u00e1-Zibalov\u00e1 (organ),\u2026","rel":"","context":"V &quot;PODUJATIA&quot;","img":{"alt_text":"","src":"https:\/\/i0.wp.com\/www.satb.sk\/wp-content\/uploads\/2018\/11\/Credo_full.jpg?fit=1200%2C900&ssl=1&resize=350%2C200","width":350,"height":200},"classes":[]},{"id":5862,"url":"https:\/\/www.satb.sk\/index.php\/2021\/11\/15\/smutna-sprava-pre-zborovy-svet-na-slovensku-zomrel-ladislav-holasek\/","url_meta":{"origin":4787,"position":3},"title":"Smutn\u00e1 spr\u00e1va pre zborov\u00fd svet na Slovensku. Zomrel Ladislav Hol\u00e1sek","date":"15 novembra, 2021","format":false,"excerpt":"Opustil n\u00e1s v\u00fdznamn\u00fd slovensk\u00fd dirigent, ktor\u00fd st\u00e1l pri zrode popredn\u00fdch zborov\u00fdch telies na Slovensku. Vo veku 92 rokov zomrel popredn\u00fd slovensk\u00fd dirigent a pedag\u00f3g Ladislav Hol\u00e1sek. Informoval o tom mana\u017e\u00e9rka Spev\u00e1ckeho zboru mesta Bratislava, na \u010dele ktor\u00e9ho st\u00e1l Hol\u00e1sek nieko\u013eko desa\u0165ro\u010d\u00ed. \"Jeho odchodom str\u00e1ca spolo\u010dnos\u0165 a predov\u0161etk\u00fdm n\u00e1\u0161 spev\u00e1cky zbor\u2026","rel":"","context":"V &quot;AKTU\u00c1LNE&quot;","img":{"alt_text":"","src":"https:\/\/i2.wp.com\/www.satb.sk\/wp-content\/uploads\/2021\/11\/255638725_4649461035111016_970198589409811681_n.jpg?fit=1200%2C674&ssl=1&resize=350%2C200","width":350,"height":200},"classes":[]},{"id":6116,"url":"https:\/\/www.satb.sk\/index.php\/2022\/01\/22\/stefan-sedlicky-s-podmienkami-ake-na-slovensku-mame-je-az-obdivuhodne-aka-je-u-nas-kvalita-niektorych-zborov\/","url_meta":{"origin":4787,"position":4},"title":"\u0160tefan Sedlick\u00fd: S\u00a0podmienkami ak\u00e9 na Slovensku m\u00e1me je a\u017e obdivuhodn\u00e9 ak\u00e1 je u n\u00e1s kvalita zborov","date":"22 janu\u00e1ra, 2022","format":false,"excerpt":"O slovensk\u00fdch zboroch, zborovom speve a ich dne\u0161nom postaven\u00ed na Slovensku. Rozhovor s dirigentom a pedag\u00f3gom \u0160tefanom Sedlick\u00fdm. P\u00e1n Sedlick\u00fd, po\u010fme \u00faplne na za\u010diatok Va\u0161ej dirigentskej kari\u00e9ry. Kedy bol V\u00e1\u0161 prv\u00fd kontakt s\u00a0hudbou? Poch\u00e1dzam v podstate z hudobn\u00edckej rodiny, otec bol u\u010dite\u013eom hudby a nesk\u00f4r sa vypracoval a\u017e na docenta\u2026","rel":"","context":"V &quot;ROZHOVORY&quot;","img":{"alt_text":"","src":"https:\/\/i0.wp.com\/www.satb.sk\/wp-content\/uploads\/2022\/01\/609_sucas.dirigent.jpeg?fit=881%2C614&ssl=1&resize=350%2C200","width":350,"height":200},"classes":[]},{"id":5369,"url":"https:\/\/www.satb.sk\/index.php\/2020\/03\/29\/zomrel-polsky-skladatel-a-dirigent-krzysztof-penderecki\/","url_meta":{"origin":4787,"position":5},"title":"Zomrel po\u013esk\u00fd skladate\u013e a dirigent Krzysztof Penderecki","date":"29 marca, 2020","format":false,"excerpt":"Vo veku 86 rokov zomrel v Krakowe jeden z najv\u00fdraznej\u0161\u00edch predstavite\u013eov hudobnej avantgardy 20. storo\u010dia. Krzysztof Penderecki sa narodil v roku 1933 v po\u013eskom meste Debnice. V roku 1946 za\u010dal \u0161tudova\u0165 na gymn\u00e1ziu a popri tom sa u\u010dil hra\u0165 na husle u tamoj\u0161ieho dirigenta vojensk\u00e9ho orchestra\u00a0Stanis\u0142awa Dar\u0142aka. Po maturite v\u2026","rel":"","context":"V &quot;AKTU\u00c1LNE&quot;","img":{"alt_text":"","src":"https:\/\/i0.wp.com\/www.satb.sk\/wp-content\/uploads\/2020\/03\/80f3adb7-0671-4f17-8df0-c3749bd76648.jpg?fit=1200%2C660&ssl=1&resize=350%2C200","width":350,"height":200},"classes":[]}],"_links":{"self":[{"href":"https:\/\/www.satb.sk\/index.php\/wp-json\/wp\/v2\/posts\/4787"}],"collection":[{"href":"https:\/\/www.satb.sk\/index.php\/wp-json\/wp\/v2\/posts"}],"about":[{"href":"https:\/\/www.satb.sk\/index.php\/wp-json\/wp\/v2\/types\/post"}],"author":[{"embeddable":true,"href":"https:\/\/www.satb.sk\/index.php\/wp-json\/wp\/v2\/users\/1"}],"replies":[{"embeddable":true,"href":"https:\/\/www.satb.sk\/index.php\/wp-json\/wp\/v2\/comments?post=4787"}],"version-history":[{"count":1,"href":"https:\/\/www.satb.sk\/index.php\/wp-json\/wp\/v2\/posts\/4787\/revisions"}],"predecessor-version":[{"id":4789,"href":"https:\/\/www.satb.sk\/index.php\/wp-json\/wp\/v2\/posts\/4787\/revisions\/4789"}],"wp:featuredmedia":[{"embeddable":true,"href":"https:\/\/www.satb.sk\/index.php\/wp-json\/wp\/v2\/media\/4788"}],"wp:attachment":[{"href":"https:\/\/www.satb.sk\/index.php\/wp-json\/wp\/v2\/media?parent=4787"}],"wp:term":[{"taxonomy":"category","embeddable":true,"href":"https:\/\/www.satb.sk\/index.php\/wp-json\/wp\/v2\/categories?post=4787"},{"taxonomy":"post_tag","embeddable":true,"href":"https:\/\/www.satb.sk\/index.php\/wp-json\/wp\/v2\/tags?post=4787"}],"curies":[{"name":"wp","href":"https:\/\/api.w.org\/{rel}","templated":true}]}}