{"id":4790,"date":"2019-12-07T16:50:47","date_gmt":"2019-12-07T16:50:47","guid":{"rendered":"https:\/\/www.satb.sk\/?p=4790"},"modified":"2020-01-02T21:00:51","modified_gmt":"2020-01-02T21:00:51","slug":"7-den-vuelie","status":"publish","type":"post","link":"https:\/\/www.satb.sk\/index.php\/2019\/12\/07\/7-den-vuelie\/","title":{"rendered":"7. de\u0148: Vuelie"},"content":{"rendered":"<h6><em><strong>Seversk\u00e1 mel\u00f3dia, ktor\u00e1 si z\u00edskala i Disneyho.\u00a0<\/strong><\/em><\/h6>\n<p><!--more--><\/p>\n<section id=\"WikiaPage\" class=\"WikiaPage V2\">\n<div class=\"WikiaPageContentWrapper\">\n<article id=\"WikiaMainContent\" class=\"WikiaMainContent\">\n<div id=\"WikiaMainContentContainer\" class=\"WikiaMainContentContainer\">\n<div id=\"WikiaArticle\" class=\"WikiaArticle\">\n<div id=\"mw-content-text\" class=\"mw-content-ltr mw-content-text\" dir=\"ltr\" lang=\"en\">\n<p>Piese\u0148<strong>\u00a0Vuelie<\/strong> sa st\u00e1la zn\u00e1mou predov\u0161etk\u00fdm v\u010faka tomu, \u017ee bola otv\u00e1racou skladbou k zn\u00e1memu Disney filmu Frozen<br \/>\n(v sloven\u010dine \u013dadov\u00e9 kr\u00e1\u013eovstvo). Piese\u0148 nap\u00edsal n\u00f3rsky hudobn\u00edk <strong>Frode Fjllheim<\/strong> (*1959)\u00a0a hudobne ju skomponoval kanadsk\u00fd skladate\u013e <strong>Christophe Beck\u00a0<\/strong>(*1972)\u00a0. Ku skladbe boli nahran\u00e9 dodato\u010dne aj vok\u00e1ly, ktor\u00e9 naspieval n\u00f3rsky \u017eensk\u00fd zbor Cantus. Origin\u00e1la skladba je kombin\u00e1ciou joik mel\u00f3die a \u010fal\u0161ej vrchnej mel\u00f3die, ktor\u00e1 sa nesie celou skladbou. Vuelie je v\u00fdraz seversk\u00e9ho kme\u0148a S\u00e1mi pre slovo &#8220;joik&#8221;. Joik je typ S\u00e1mi piesne a z\u00e1rove\u0148 unik\u00e1tny vok\u00e1lny \u0161t\u00fdl, ktor\u00ed pou\u017e\u00edvali \u013eudia z kme\u0148a S\u00e1mi<br \/>\nv seversk\u00fdch krajin\u00e1ch. Pod\u013ea hudobn\u00fdch vedcov patr\u00ed joik k najstar\u0161\u00edm kontinu\u00e1lnym hudobn\u00fdm trad\u00edci\u00e1m v Eur\u00f3pe.\u00a0Sylaby a vok\u00e1ly v skladbe nemaj\u00fa \u017eiaden linguistick\u00fd v\u00fdznam, s\u00fa len s\u00fa\u010das\u0165ou vok\u00e1lneho \u0161t\u00fdlu joik.<\/p>\n<\/div>\n<\/div>\n<\/div>\n<\/article>\n<\/div>\n<\/section>\n<p style=\"text-align: center;\">Notov\u00fd materi\u00e1l pre mie\u0161an\u00fd a tie\u017e \u017eensk\u00fd spev\u00e1cky zbor<br \/>\nsi m\u00f4\u017eete zak\u00fapi\u0165 na str\u00e1nke <a href=\"https:\/\/www.jwpepper.com\/Eatnemen-Vuelie\/3298108.item#\/\" target=\"_blank\" rel=\"noopener\"><strong>vydavate\u013estva. J.W. Pepper.<\/strong><\/a><br \/>\nZadarmo is \u00fapravu m\u00f4\u017eete stiahnu\u0165 <a href=\"https:\/\/kupdf.net\/download\/eatnemen-vuelie-frozen-openingpdf_5a35086fe2b6f5455ec050a5_pdf\" target=\"_blank\" rel=\"noopener\"><strong>TU.<\/strong><\/a><\/p>\n<p><span class=\"embed-youtube\" style=\"text-align:center; display: block;\"><iframe loading=\"lazy\" class=\"youtube-player\" width=\"837\" height=\"471\" src=\"https:\/\/www.youtube.com\/embed\/schn6IIJd-U?version=3&#038;rel=1&#038;showsearch=0&#038;showinfo=1&#038;iv_load_policy=1&#038;fs=1&#038;hl=sk-SK&#038;autohide=2&#038;wmode=transparent\" allowfullscreen=\"true\" style=\"border:0;\" sandbox=\"allow-scripts allow-same-origin allow-popups allow-presentation\"><\/iframe><\/span><\/p>\n<p>Pripravil: satb.sk<\/p>\n","protected":false},"excerpt":{"rendered":"<p>Seversk\u00e1 mel\u00f3dia, ktor\u00e1 si z\u00edskala i Disneyho.\u00a0<\/p>\n","protected":false},"author":1,"featured_media":4791,"comment_status":"closed","ping_status":"closed","sticky":false,"template":"","format":"standard","meta":{"om_disable_all_campaigns":false,"_monsterinsights_skip_tracking":false,"_monsterinsights_sitenote_active":false,"_monsterinsights_sitenote_note":"","_monsterinsights_sitenote_category":0,"spay_email":"","footnotes":"","jetpack_publicize_message":"","jetpack_is_tweetstorm":false},"categories":[95],"tags":[],"class_list":["post-4790","post","type-post","status-publish","format-standard","has-post-thumbnail","hentry","category-adventny-kalendar-2019"],"aioseo_notices":[],"jetpack_featured_media_url":"https:\/\/i0.wp.com\/www.satb.sk\/wp-content\/uploads\/2019\/12\/7.Vuelie_AK19_baner.png?fit=820%2C312&ssl=1","jetpack_publicize_connections":[],"jetpack_sharing_enabled":true,"jetpack_shortlink":"https:\/\/wp.me\/pav5wC-1fg","jetpack-related-posts":[{"id":5600,"url":"https:\/\/www.satb.sk\/index.php\/2020\/12\/08\/8-den-festejo-de-navidad\/","url_meta":{"origin":4790,"position":0},"title":"8. de\u0148: Festejo de Navidad","date":"8 decembra, 2020","format":false,"excerpt":"Zvesela oslavujme narodenie P\u00e1na ako v Peru! Mel\u00f3dia kompoz\u00edcie Festejo de Navidad je odvoden\u00e1 z tradi\u010dnej afro-peru\u00e1nskej piesne, ktor\u00e1 oslavuje pr\u00edchod P\u00e1na. Spont\u00e1nnu rados\u0165 mo\u017eno po\u010du\u0165 v tempe kompoz\u00edcie a tie\u017e v \u017eivelnosti mel\u00f3die. Autorom popul\u00e1rneho aran\u017em\u00e1nu je kardiol\u00f3g a hudobn\u00edk Herbert Bittrich (*1932) , ktor\u00fd hudobne ve\u013emi v\u00fdsti\u017ene skr\u00e1\u0161lil\u2026","rel":"","context":"V &quot;ADVENTN\u00dd KALEND\u00c1R 2020&quot;","img":{"alt_text":"","src":"https:\/\/i2.wp.com\/www.satb.sk\/wp-content\/uploads\/2020\/12\/8.-Festejo-de-Navidad_AK2020_web-1.png?fit=1200%2C450&ssl=1&resize=350%2C200","width":350,"height":200},"classes":[]},{"id":4929,"url":"https:\/\/www.satb.sk\/index.php\/2019\/12\/19\/17-den-joy-to-the-world\/","url_meta":{"origin":4790,"position":1},"title":"18. de\u0148: Joy to the World","date":"19 decembra, 2019","format":false,"excerpt":"Najpopul\u00e1rnej\u0161ia viano\u010dn\u00e1 piese\u0148 v severnej Amerike. Text ku piesni Joy to the World nap\u00edsal anglick\u00fd spisovate\u013e Isaac Watts (1674 - 1748) a je zalo\u017een\u00fd na ver\u0161och z biblickej Knihy \u017ealmov a knihy Genezis. Piese\u0148 bola prv\u00fdkr\u00e1t publikovan\u00e1 v roku 1836 v zbierke Lowella Masona (1792- 1892), uzn\u00e1van\u00e9ho skladate\u013ea a upravovate\u013ea,\u2026","rel":"","context":"V &quot;ADVENTN\u00dd KALEND\u00c1R 2019&quot;","img":{"alt_text":"","src":"https:\/\/i1.wp.com\/www.satb.sk\/wp-content\/uploads\/2019\/12\/18.Joy-to-the-world-AK19_baner.png?fit=820%2C312&ssl=1&resize=350%2C200","width":350,"height":200},"classes":[]},{"id":4796,"url":"https:\/\/www.satb.sk\/index.php\/2019\/12\/08\/8-den-dona-nobis-pacem\/","url_meta":{"origin":4790,"position":2},"title":"8. de\u0148: Dona nobis pacem","date":"8 decembra, 2019","format":false,"excerpt":"Skladba, ktor\u00e1 v\u00e1m prinesie pokoj.\u00a0 Vianoce s\u00fa vo v\u0161eobecnosti pova\u017eovan\u00e9 za sviatky rodiny a pokoja. Dnes sme preto do adventn\u00e9ho kalend\u00e1ra zaradili jednoduch\u00fd k\u00e1non Dona nobis pacem. Jednoduch\u00e1 mel\u00f3dia, ktor\u00e1 sa nesie celou skladbou si z\u00edskala popularitu po celom svete. Autorstvo tohto k\u00e1nonu nie je jednozna\u010dn\u00e9 a v\u00e4\u010d\u0161inou sa ozna\u010duje\u2026","rel":"","context":"V &quot;ADVENTN\u00dd KALEND\u00c1R 2019&quot;","img":{"alt_text":"","src":"https:\/\/i1.wp.com\/www.satb.sk\/wp-content\/uploads\/2019\/12\/8.Dona-nobis-pacem_AK19_baner.png?fit=820%2C312&ssl=1&resize=350%2C200","width":350,"height":200},"classes":[]},{"id":5605,"url":"https:\/\/www.satb.sk\/index.php\/2020\/12\/09\/9-den-the-prayer\/","url_meta":{"origin":4790,"position":3},"title":"9. de\u0148: The Prayer","date":"9 decembra, 2020","format":false,"excerpt":"Modlitba, ktor\u00e1 takmer z\u00edskala Oskara.\u00a0 Piese\u0148 The Prayer (Modlitba) bola nap\u00edsan\u00e1 pre animovan\u00fd film The Quest for Camelot (\u010carovn\u00fd me\u010d). Skladba m\u00e1 a\u017e\u00a0\u0161tyroch autorov \u2013 Davida Fostera, Carole Bayer Sager, Alberta Testa and Tonyho Renisa. P\u00f4vodne bola nahran\u00e1 v roku 1998 s\u00f3lovo v dvoch jazykoch - v talian\u010dine a angli\u010dtine.\u2026","rel":"","context":"V &quot;ADVENTN\u00dd KALEND\u00c1R 2020&quot;","img":{"alt_text":"","src":"https:\/\/i1.wp.com\/www.satb.sk\/wp-content\/uploads\/2020\/12\/9.-The-Prayer_AK2020_web.png?fit=1200%2C450&ssl=1&resize=350%2C200","width":350,"height":200},"classes":[]},{"id":6069,"url":"https:\/\/www.satb.sk\/index.php\/2021\/12\/15\/15-den-suo-gan\/","url_meta":{"origin":4790,"position":4},"title":"15. de\u0148: Suo G\u00e2n","date":"15 decembra, 2021","format":false,"excerpt":"Pssst, bu\u010fte potichu, pr\u00e1ve sa spieva usp\u00e1vanka. S viano\u010dn\u00fdm obdob\u00edm sa okrem kolied sp\u00e1jaj\u00fa aj in\u00e9 typy piesn\u00ed, napr. usp\u00e1vanky. Tie symbolizuj\u00fa spev Panny M\u00e1rie, ktor\u00e1 svoj\u00edm hlasom usp\u00e1va svojho pr\u00e1ve naroden\u00e9ho syna. Piese\u0148 Suo G\u00e2n je tradi\u010dnou usp\u00e1vankou z Walesu vo Ve\u013ekej Brit\u00e1nii. Prv\u00fdkr\u00e1t bola publikovan\u00e1 okolo roku 1800\u2026","rel":"","context":"V &quot;ADVENTN\u00dd KALEND\u00c1R 2021&quot;","img":{"alt_text":"","src":"https:\/\/i2.wp.com\/www.satb.sk\/wp-content\/uploads\/2021\/12\/15.-Suo-Ga\u0302n_AK21_web.png?fit=1200%2C450&ssl=1&resize=350%2C200","width":350,"height":200},"classes":[]},{"id":6060,"url":"https:\/\/www.satb.sk\/index.php\/2021\/12\/13\/13-den-sussex-carol\/","url_meta":{"origin":4790,"position":5},"title":"13. de\u0148: Sussex Carol","date":"13 decembra, 2021","format":false,"excerpt":"Znovuobjaven\u00e1 koleda.\u00a0 V dne\u0161nom adventnom kalend\u00e1ri sa znovu vyberieme do Ve\u013ekej Brit\u00e1nie. Pr\u00e1ve odtia\u013e toti\u017e poch\u00e1dza popul\u00e1rna koleda Sussex Carol (Koleda zo Sussexu). Piese\u0148 bola prv\u00fdkr\u00e1t publikovan\u00e1 v 17. storo\u010d\u00ed \u00edrskym katol\u00edckym biskupom Lukom Waddingom. Koleda na dlh\u0161\u00ed \u010das zapadla prachom, znovuobjavili ju a\u017e o p\u00e1r storo\u010d\u00ed nesk\u00f4r dvaja skladatelia\u2026","rel":"","context":"V &quot;ADVENTN\u00dd KALEND\u00c1R 2021&quot;","img":{"alt_text":"","src":"https:\/\/i2.wp.com\/www.satb.sk\/wp-content\/uploads\/2021\/12\/Adventny\u0301-kalenda\u0301r-2021-vizua\u0301l-WEB.png?fit=1200%2C450&ssl=1&resize=350%2C200","width":350,"height":200},"classes":[]}],"_links":{"self":[{"href":"https:\/\/www.satb.sk\/index.php\/wp-json\/wp\/v2\/posts\/4790"}],"collection":[{"href":"https:\/\/www.satb.sk\/index.php\/wp-json\/wp\/v2\/posts"}],"about":[{"href":"https:\/\/www.satb.sk\/index.php\/wp-json\/wp\/v2\/types\/post"}],"author":[{"embeddable":true,"href":"https:\/\/www.satb.sk\/index.php\/wp-json\/wp\/v2\/users\/1"}],"replies":[{"embeddable":true,"href":"https:\/\/www.satb.sk\/index.php\/wp-json\/wp\/v2\/comments?post=4790"}],"version-history":[{"count":5,"href":"https:\/\/www.satb.sk\/index.php\/wp-json\/wp\/v2\/posts\/4790\/revisions"}],"predecessor-version":[{"id":5002,"href":"https:\/\/www.satb.sk\/index.php\/wp-json\/wp\/v2\/posts\/4790\/revisions\/5002"}],"wp:featuredmedia":[{"embeddable":true,"href":"https:\/\/www.satb.sk\/index.php\/wp-json\/wp\/v2\/media\/4791"}],"wp:attachment":[{"href":"https:\/\/www.satb.sk\/index.php\/wp-json\/wp\/v2\/media?parent=4790"}],"wp:term":[{"taxonomy":"category","embeddable":true,"href":"https:\/\/www.satb.sk\/index.php\/wp-json\/wp\/v2\/categories?post=4790"},{"taxonomy":"post_tag","embeddable":true,"href":"https:\/\/www.satb.sk\/index.php\/wp-json\/wp\/v2\/tags?post=4790"}],"curies":[{"name":"wp","href":"https:\/\/api.w.org\/{rel}","templated":true}]}}