{"id":4831,"date":"2019-12-09T13:29:07","date_gmt":"2019-12-09T13:29:07","guid":{"rendered":"https:\/\/www.satb.sk\/?p=4831"},"modified":"2019-12-09T13:29:07","modified_gmt":"2019-12-09T13:29:07","slug":"do-prahy-zavita-jeden-z-najlepsich-popovych-zborov-na-svete","status":"publish","type":"post","link":"https:\/\/www.satb.sk\/index.php\/2019\/12\/09\/do-prahy-zavita-jeden-z-najlepsich-popovych-zborov-na-svete\/","title":{"rendered":"Do Prahy zav\u00edta jeden z najlep\u0161\u00edch popov\u00fdch zborov na svete"},"content":{"rendered":"<h6><em><strong>V Prahe vyst\u00fapi zn\u00e1my zbor Perpetuum Jazzile. Zabezpe\u010dte si vstupenku u\u017e teraz!<\/strong><\/em><\/h6>\n<p><!--more--><\/p>\n<p>Pra\u017esk\u00fd <em>Prague A cappella Festival\u00a0<\/em>sa rozhodol pozva\u0165 do \u010deskej metropoly zn\u00e1mu vok\u00e1lnu skupina <strong>Perpetuum Jazzile.<\/strong>\u00a0Toto teleso patr\u00ed v s\u00fa\u010dasnost\u00ed k celosvetovej \u0161pi\u010dke a cappella zoskupen\u00ed. Do povedomia verejnosti sa dostali predov\u0161etk\u00fdm v\u010faka ich vynikaj\u00facemu prevedeniu popul\u00e1rnej piesne <em>Africa<\/em>, ktor\u00e9 m\u00e1 na YouTube u\u017e viac ako 21 mili\u00f3nov viden\u00ed.<\/p>\n<p><span class=\"embed-youtube\" style=\"text-align:center; display: block;\"><iframe loading=\"lazy\" class=\"youtube-player\" width=\"837\" height=\"471\" src=\"https:\/\/www.youtube.com\/embed\/yjbpwlqp5Qw?version=3&#038;rel=1&#038;showsearch=0&#038;showinfo=1&#038;iv_load_policy=1&#038;fs=1&#038;hl=sk-SK&#038;autohide=2&#038;wmode=transparent\" allowfullscreen=\"true\" style=\"border:0;\" sandbox=\"allow-scripts allow-same-origin allow-popups allow-presentation\"><\/iframe><\/span><\/p>\n<p>Perpetuum Jazzile je spev\u00e1cky zbor zlo\u017een\u00fd z vynikaj\u00facich jazzov\u00fdch a popov\u00fdch spev\u00e1kov. Zbor bol zalo\u017een\u00fd v roku 1983 pod n\u00e1zvom <em>Komorn\u00fd zbor Gaudeamus<\/em>. Zbor pravidelne koncertuje po celom svete a ocenenia z\u00edskal i na viacer\u00fdch popredn\u00fdch festivaloch ako napr. <em>World Choir Games<\/em>.<\/p>\n<p>Koncert Perpettum Jazzile sa uskuto\u010dn\u00ed <strong>23. septembra 2020<\/strong> vo <strong>Fore Karl\u00edn v Prahe<\/strong>. Na to, aby sa spom\u00ednan\u00fd koncert uskuto\u010dnil je v\u0161ak potrebn\u00e9 zak\u00fapi\u0165 si l\u00edstky v prvej vlne predpredaju. Pokia\u013e sa do 23. decembra 2019 nenazbiera potrebn\u00fd po\u010det l\u00edstkov, koncert sa neuskuto\u010dn\u00ed a peniaze za u\u017e zak\u00fapen\u00e9 l\u00edstky bud\u00fa vr\u00e1ten\u00e9. Nev\u00e1hajte preto a k\u00fapte l\u00edstky sebe i svojim bl\u00edzkym na tento v\u00fdnimo\u010dn\u00fd koncert u\u017e teraz.<\/p>\n<h4 style=\"text-align: center;\"><span style=\"color: #33a7a4;\"><a style=\"color: #33a7a4;\" href=\"https:\/\/www.hithit.com\/cs\/project\/7028\/perpetuum-jazzile-v-praze?fbclid=IwAR3YL7__bIlk9SVlyH0jJYr5jL0jTI3TSIMcp-lOv-pV8b0YPGGx0B2kkqY\" target=\"_blank\" rel=\"noopener\"><strong>CHCEM SI K\u00daPI\u0164 L\u00cdSTKY<\/strong><\/a><\/span><br \/>\n<span style=\"color: #33a7a4;\"><strong>NA PERPETUUM JAZZILE<\/strong><\/span><\/h4>\n<div>\n<p><span class=\"embed-youtube\" style=\"text-align:center; display: block;\"><iframe loading=\"lazy\" class=\"youtube-player\" width=\"837\" height=\"471\" src=\"https:\/\/www.youtube.com\/embed\/H4ERHRe2bt0?version=3&#038;rel=1&#038;showsearch=0&#038;showinfo=1&#038;iv_load_policy=1&#038;fs=1&#038;hl=sk-SK&#038;autohide=2&#038;wmode=transparent\" allowfullscreen=\"true\" style=\"border:0;\" sandbox=\"allow-scripts allow-same-origin allow-popups allow-presentation\"><\/iframe><\/span><\/p>\n<p>Pripravil: satb.sk<br \/>\nFoto: Facebook\u00a0<a href=\"https:\/\/www.facebook.com\/PACF2017\/\" target=\"_blank\" rel=\"noopener\">Prague A Cappella Festival<\/a><\/p>\n<\/div>\n","protected":false},"excerpt":{"rendered":"<p>V Prahe vyst\u00fapi zn\u00e1my zbor Perpetuum Jazzile. Zabezpe\u010dte si vstupenku u\u017e teraz!<\/p>\n","protected":false},"author":1,"featured_media":4832,"comment_status":"closed","ping_status":"closed","sticky":false,"template":"","format":"standard","meta":{"om_disable_all_campaigns":false,"_monsterinsights_skip_tracking":false,"_monsterinsights_sitenote_active":false,"_monsterinsights_sitenote_note":"","_monsterinsights_sitenote_category":0,"spay_email":"","footnotes":"","jetpack_publicize_message":"","jetpack_is_tweetstorm":false},"categories":[19,22],"tags":[],"class_list":["post-4831","post","type-post","status-publish","format-standard","has-post-thumbnail","hentry","category-magazin","category-podujatia"],"aioseo_notices":[],"jetpack_featured_media_url":"https:\/\/i2.wp.com\/www.satb.sk\/wp-content\/uploads\/2019\/12\/77284868_969677970054209_8778601467247329280_o.jpg?fit=960%2C639&ssl=1","jetpack_publicize_connections":[],"jetpack_sharing_enabled":true,"jetpack_shortlink":"https:\/\/wp.me\/pav5wC-1fV","jetpack-related-posts":[{"id":5040,"url":"https:\/\/www.satb.sk\/index.php\/2020\/01\/29\/pozname-grammy-vitazov-v-kategorii-spevackych-zborov\/","url_meta":{"origin":4831,"position":0},"title":"Pozn\u00e1me Grammy v\u00ed\u0165azov v kateg\u00f3rii spev\u00e1ckych zborov","date":"29 janu\u00e1ra, 2020","format":false,"excerpt":"62. ro\u010dn\u00edk odovzd\u00e1vania hudobn\u00fdch ocenen\u00ed Grammy je u\u017e za nami a najprest\u00ed\u017enej\u0161ie hudobn\u00e9 ceny u\u017e maj\u00fa svojich majite\u013eov. Pozrite si Grammy nomin\u00e1cie a v\u00ed\u0165aza ocenenia Grammy v kateg\u00f3rii najlep\u0161\u00ed zborov\u00fd v\u00fdkon.\u00a0 Americk\u00e1 organiz\u00e1cia The Recording Academy ude\u013euje Grammy ocenenia od roku 1959. Ocenenia odovdz\u00e1va vo viac ako osemdesiatich kateg\u00f3ri\u00e1ch a\u2026","rel":"","context":"V &quot;AKTU\u00c1LNE&quot;","img":{"alt_text":"","src":"https:\/\/i0.wp.com\/www.satb.sk\/wp-content\/uploads\/2020\/01\/blk.png?fit=1200%2C675&ssl=1&resize=350%2C200","width":350,"height":200},"classes":[]},{"id":3834,"url":"https:\/\/www.satb.sk\/index.php\/2019\/03\/25\/john-rutter-politici-vacsinou-nerozumeju-hudbe-a-nerozumeju-dolezitosti-zboroveho-spevu\/","url_meta":{"origin":4831,"position":1},"title":"John Rutter: Politici v\u00e4\u010d\u0161inou nerozumej\u00fa hudbe a nerozumej\u00fa d\u00f4le\u017eitosti zborov\u00e9ho spevu","date":"25 marca, 2019","format":false,"excerpt":"Rozhovor za\u010dal ako prav\u00fd anglick\u00fd gentleman. Ospravedlnil sa, \u017ee nehovor\u00ed po slovensky. To, \u017ee dnes komponuje pre zbory pova\u017euje sk\u00f4r za n\u00e1hodu. No ako s\u00e1m hovor\u00ed, ne\u013eutuje to. Dnes\u00a0jeho skladby spievaj\u00fa spev\u00e1cke zbory po celom svete. Skladate\u013e a dirigent John Rutter.\u00a0 Patr\u00edte ku skladate\u013eom, ktor\u00fd m\u00e1 vo svojej tvorbe zast\u00fapen\u00e9\u2026","rel":"","context":"V &quot;AKTU\u00c1LNE&quot;","img":{"alt_text":"","src":"https:\/\/i1.wp.com\/www.satb.sk\/wp-content\/uploads\/2019\/03\/JR-casual-by-piano.jpg?fit=1200%2C800&ssl=1&resize=350%2C200","width":350,"height":200},"classes":[]},{"id":4755,"url":"https:\/\/www.satb.sk\/index.php\/2019\/12\/02\/2-den-jazz-gloria\/","url_meta":{"origin":4831,"position":2},"title":"2. de\u0148: Jazz Gloria","date":"2 decembra, 2019","format":false,"excerpt":"\u010co by to bol za adventn\u00fd kalend\u00e1r, ak by v \u0148om ch\u00fdbali jazzov\u00e9 mel\u00f3die? Americk\u00e1 skladate\u013eka Natalie Allyn Sleeth (1930 - 1992) za\u010dala hra\u0165 na klav\u00edri, ke\u010f mala \u0161tyri roky. Nesk\u00f4r za\u010dala \u0161tudova\u0165 hudobn\u00fa te\u00f3riu na Wellesley College v Massachusetts a popri tom nav\u0161tevovala s\u00fakromn\u00e9 hodiny klav\u00edra a organu. V\u2026","rel":"","context":"V &quot;ADVENTN\u00dd KALEND\u00c1R 2019&quot;","img":{"alt_text":"","src":"https:\/\/i2.wp.com\/www.satb.sk\/wp-content\/uploads\/2019\/12\/2.Jazz-Gloria_baner.png?fit=820%2C312&ssl=1&resize=350%2C200","width":350,"height":200},"classes":[]},{"id":5751,"url":"https:\/\/www.satb.sk\/index.php\/2021\/09\/13\/nova-hymna-i-skladba-venovana-frantiskovi-takto-nacvicovali-slovenske-zbory-pre-papeza\/","url_meta":{"origin":4831,"position":3},"title":"Nov\u00e1 hymna i skladba venovan\u00e1 Franti\u0161kovi. Takto nacvi\u010dovali slovensk\u00e9 zbory pre p\u00e1pe\u017ea","date":"13 septembra, 2021","format":false,"excerpt":"Pozreli sme sa ako vyzerali pr\u00edpravy spev\u00e1ckych zborov na vz\u00e1cnu n\u00e1v\u0161tevu z Vatik\u00e1nu.\u00a0 Slovensko aktu\u00e1lne \u017eije dlhoo\u010dak\u00e1van\u00fdm pr\u00edchodom p\u00e1pe\u017ea Franti\u0161ka. Jeho n\u00e1v\u0161tevu sprev\u00e1dzaj\u00fa rozsiahle organiza\u010dn\u00e9 pr\u00edpravy, ktor\u00e9 sa v\u0161ak net\u00fdkaj\u00fa len bezpe\u010dnosti \u010di dopravy, ale aj umeleckej \u010dasti programu n\u00e1v\u0161tevy. Stovky spev\u00e1kov, tane\u010dn\u00edkov i in\u0161trument\u00e1lnych hr\u00e1\u010dov sa u\u017e nieko\u013eko mesiacov\u2026","rel":"","context":"V &quot;AKTU\u00c1LNE&quot;","img":{"alt_text":"","src":"https:\/\/i0.wp.com\/www.satb.sk\/wp-content\/uploads\/2021\/09\/114-Zbor-a-orchester-04-09-2021-\u00a9-jan.f.lukas_-1-scaled.jpg?fit=1200%2C801&ssl=1&resize=350%2C200","width":350,"height":200},"classes":[]},{"id":5686,"url":"https:\/\/www.satb.sk\/index.php\/2021\/03\/02\/novy-album-spevackeho-zboru-lucnica\/","url_meta":{"origin":4831,"position":4},"title":"Nov\u00fd album spev\u00e1ckeho zboru L\u00fa\u010dnica","date":"2 marca, 2021","format":false,"excerpt":"Spev\u00e1cky zbor L\u00fa\u010dnica vydal v celosvetovej premi\u00e9re diela Alexandra Albrechta a Petra Martin\u010deka.\u00a0 Spev\u00e1cky zbor\u00a0L\u00fa\u010dnica prich\u00e1dza aj napriek \u0165a\u017ek\u00e9mu obdobiu, ktor\u00e9 pozna\u010dila pand\u00e9mia, s dramaturgicky mimoriadne ambici\u00f3znou nahr\u00e1vkou. V spolupr\u00e1ci s vydavate\u013estvom Real Music House vydal titul\u00a0Albrecht\/Martin\u010dek, ktot\u00fd pote\u0161\u00ed nielen vern\u00fdch fan\u00fa\u0161ikov zboru, ale aj obdivovate\u013eov slovenskej v\u00e1\u017enej hudby. Nahr\u00e1vka\u2026","rel":"","context":"V &quot;AKTU\u00c1LNE&quot;","img":{"alt_text":"","src":"https:\/\/i1.wp.com\/www.satb.sk\/wp-content\/uploads\/2021\/03\/Albrecht-Martinc\u030cek.png?fit=1200%2C675&ssl=1&resize=350%2C200","width":350,"height":200},"classes":[]},{"id":3813,"url":"https:\/\/www.satb.sk\/index.php\/2019\/03\/18\/tento-spevacky-zbor-sa-stal-milacikom-publika\/","url_meta":{"origin":4831,"position":5},"title":"Tento spev\u00e1cky zbor sa stal mil\u00e1\u010dikom publika","date":"18 marca, 2019","format":false,"excerpt":"Na ACDA konferencii za\u017eiarilo viacero spev\u00e1ckych zborov. No najviac si publikum z\u00edskal vynikaj\u00faci spev\u00e1cky zbor Aeolians z Oakwood Univerzity v Alabame. Spev\u00e1cky zbor\u00a0Aeolians bol zalo\u017een\u00fd v roku 1946 dirigentkou Evou B. Dykes. U\u017e od svojho vzniku patril ku \u0161pi\u010dkov\u00fdm spev\u00e1ckym zborom. Koncertoval napr\u00edklad v Kennedyho centre vo Washingtone \u010di v\u2026","rel":"","context":"V &quot;MAGAZ\u00cdN&quot;","img":{"alt_text":"","src":"https:\/\/i0.wp.com\/www.satb.sk\/wp-content\/uploads\/2019\/03\/20017599_1360492570703548_6781390756574016467_o.jpg?fit=1024%2C682&ssl=1&resize=350%2C200","width":350,"height":200},"classes":[]}],"_links":{"self":[{"href":"https:\/\/www.satb.sk\/index.php\/wp-json\/wp\/v2\/posts\/4831"}],"collection":[{"href":"https:\/\/www.satb.sk\/index.php\/wp-json\/wp\/v2\/posts"}],"about":[{"href":"https:\/\/www.satb.sk\/index.php\/wp-json\/wp\/v2\/types\/post"}],"author":[{"embeddable":true,"href":"https:\/\/www.satb.sk\/index.php\/wp-json\/wp\/v2\/users\/1"}],"replies":[{"embeddable":true,"href":"https:\/\/www.satb.sk\/index.php\/wp-json\/wp\/v2\/comments?post=4831"}],"version-history":[{"count":3,"href":"https:\/\/www.satb.sk\/index.php\/wp-json\/wp\/v2\/posts\/4831\/revisions"}],"predecessor-version":[{"id":4836,"href":"https:\/\/www.satb.sk\/index.php\/wp-json\/wp\/v2\/posts\/4831\/revisions\/4836"}],"wp:featuredmedia":[{"embeddable":true,"href":"https:\/\/www.satb.sk\/index.php\/wp-json\/wp\/v2\/media\/4832"}],"wp:attachment":[{"href":"https:\/\/www.satb.sk\/index.php\/wp-json\/wp\/v2\/media?parent=4831"}],"wp:term":[{"taxonomy":"category","embeddable":true,"href":"https:\/\/www.satb.sk\/index.php\/wp-json\/wp\/v2\/categories?post=4831"},{"taxonomy":"post_tag","embeddable":true,"href":"https:\/\/www.satb.sk\/index.php\/wp-json\/wp\/v2\/tags?post=4831"}],"curies":[{"name":"wp","href":"https:\/\/api.w.org\/{rel}","templated":true}]}}