{"id":4845,"date":"2019-12-11T19:06:14","date_gmt":"2019-12-11T19:06:14","guid":{"rendered":"https:\/\/www.satb.sk\/?p=4845"},"modified":"2019-12-11T19:07:04","modified_gmt":"2019-12-11T19:07:04","slug":"11-den-kedy-jasna-hvizda","status":"publish","type":"post","link":"https:\/\/www.satb.sk\/index.php\/2019\/12\/11\/11-den-kedy-jasna-hvizda\/","title":{"rendered":"11. de\u0148: Kedy jasna hvizda"},"content":{"rendered":"<h6><em><strong>Jedna z nakraj\u0161\u00edch kolied z v\u00fdchodn\u00e9ho Slovenska.\u00a0<\/strong><\/em><\/h6>\n<p><!--more--><\/p>\n<p>\u00dapravy kolied od <strong>Franti\u0161ka Pr\u00e1\u0161ila<\/strong> (1902 &#8211; 1981) patria na Slovensku medzi tie najob\u013e\u00fabenej\u0161ie. A podobne je to aj so \u0161ari\u0161skou koledou <em>Kedy jasna hvizda<\/em>, ktor\u00fa prespievali mnoh\u00ed hudobn\u00edci vr\u00e1tane Zuzany Smatanovej, \u010di zn\u00e1my Kandr\u00e1\u010dovci.<\/p>\n<p style=\"text-align: center;\">Notov\u00fd materi\u00e1l v \u00faprave Franti\u0161ka Pr\u00e1\u0161ila<br \/>\nsi m\u00f4\u017eete stiahnu\u0165 <a href=\"http:\/\/www.cantica.deepgirl.sk\/downloads\/koledy.pdf\" target=\"_blank\" rel=\"noopener\"><strong>TU.<\/strong><\/a><br \/>\nM\u00f4\u017eete si ich zak\u00fapi\u0165 i na str\u00e1nkach <a href=\"http:\/\/www.musicaslovaca.sk\/index.php?route=product\/product&amp;path=62_63&amp;product_id=1528&amp;mfp=search[koledy]\" target=\"_blank\" rel=\"noopener\"><strong>Hudobn\u00e9ho fondu.<\/strong><\/a><\/p>\n<p><span class=\"embed-youtube\" style=\"text-align:center; display: block;\"><iframe loading=\"lazy\" class=\"youtube-player\" width=\"837\" height=\"471\" src=\"https:\/\/www.youtube.com\/embed\/T5R4EU7Jxvo?version=3&#038;rel=1&#038;showsearch=0&#038;showinfo=1&#038;iv_load_policy=1&#038;fs=1&#038;hl=sk-SK&#038;autohide=2&#038;wmode=transparent\" allowfullscreen=\"true\" style=\"border:0;\" sandbox=\"allow-scripts allow-same-origin allow-popups allow-presentation\"><\/iframe><\/span><\/p>\n<p>Pripravil: satb.sk<\/p>\n","protected":false},"excerpt":{"rendered":"<p>Jedna z nakraj\u0161\u00edch kolied z v\u00fdchodn\u00e9ho Slovenska.\u00a0<\/p>\n","protected":false},"author":1,"featured_media":4848,"comment_status":"closed","ping_status":"closed","sticky":false,"template":"","format":"standard","meta":{"om_disable_all_campaigns":false,"_monsterinsights_skip_tracking":false,"_monsterinsights_sitenote_active":false,"_monsterinsights_sitenote_note":"","_monsterinsights_sitenote_category":0,"spay_email":"","footnotes":"","jetpack_publicize_message":"","jetpack_is_tweetstorm":false},"categories":[95],"tags":[],"class_list":["post-4845","post","type-post","status-publish","format-standard","has-post-thumbnail","hentry","category-adventny-kalendar-2019"],"aioseo_notices":[],"jetpack_featured_media_url":"https:\/\/i0.wp.com\/www.satb.sk\/wp-content\/uploads\/2019\/12\/11.Kedy-jasna-hvizda_AK19.png?fit=820%2C312&ssl=1","jetpack_publicize_connections":[],"jetpack_sharing_enabled":true,"jetpack_shortlink":"https:\/\/wp.me\/pav5wC-1g9","jetpack-related-posts":[{"id":571,"url":"https:\/\/www.satb.sk\/index.php\/2018\/12\/16\/16-den-narodzil-se-nam\/","url_meta":{"origin":4845,"position":0},"title":"16. de\u0148: Narodzil \u0161e n\u00e1m","date":"16 decembra, 2018","format":false,"excerpt":"\u0160esn\u00e1sty de\u0148 adventn\u00e9ho kalend\u00e1ra bude po prv\u00fdkr\u00e1t patri\u0165 slovenskej kolede. Narodzil \u0161e n\u00e1m.\u00a0 Piese\u0148 \"Narodzil \u0161e n\u00e1m\" je \u013eudovou koledou z oblasti Zempl\u00edna. T\u00fato koledu, spolu s \u010fal\u0161\u00edmi viano\u010dn\u00fdmi pies\u0148ami, upravil pre mie\u0161an\u00fd spev\u00e1cky zbor Franti\u0161ek Pr\u00e1\u0161il, ktor\u00fd sa narodil v roku 1902 a zomrel v roku 1981. Jeho \u00fapravy\u2026","rel":"","context":"V &quot;ADVENTN\u00dd KALEND\u00c1R 2018&quot;","img":{"alt_text":"","src":"https:\/\/i0.wp.com\/www.satb.sk\/wp-content\/uploads\/2018\/12\/16.png?fit=820%2C312&ssl=1&resize=350%2C200","width":350,"height":200},"classes":[]},{"id":4922,"url":"https:\/\/www.satb.sk\/index.php\/2019\/12\/17\/16-den-riu-riu-chiu\/","url_meta":{"origin":4845,"position":1},"title":"16. de\u0148: R\u00edu r\u00edu ch\u00edu","date":"17 decembra, 2019","format":false,"excerpt":"N\u00e1dych renesancie v\u00a0starej \u0161panielskej kolede. Zamysleli ste sa u\u017e niekedy nad t\u00fdm od kedy spievame na Vianoce koledy? Star\u00e9 hudobn\u00e9 pramene dokazuj\u00fa ak\u00e1 bohat\u00e1 je hist\u00f3ria spievania kolied v\u00a0krajin\u00e1ch s\u00a0kres\u0165anskou trad\u00edciou. V\u00a0roku 1556 v\u00a0Ben\u00e1tkach publikovali v\u00a0zbierke Cancionero de Upsala koledu Riu, riu chiu. Niektor\u00ed odborn\u00edci pripisuj\u00fa jej autorstvo katal\u00e1nskemu skladate\u013eovi\u00a0Mateovi\u2026","rel":"","context":"V &quot;ADVENTN\u00dd KALEND\u00c1R 2019&quot;","img":{"alt_text":"","src":"https:\/\/i0.wp.com\/www.satb.sk\/wp-content\/uploads\/2019\/12\/16.Riu-riu-chiu_AK19_baner.png?fit=820%2C312&ssl=1&resize=350%2C200","width":350,"height":200},"classes":[]},{"id":5657,"url":"https:\/\/www.satb.sk\/index.php\/2020\/12\/21\/21-den-narodil-sa-kristus-pan\/","url_meta":{"origin":4845,"position":2},"title":"21. de\u0148: Narodil sa Kristus P\u00e1n","date":"21 decembra, 2020","format":false,"excerpt":"Klasick\u00e1 koleda v podan\u00ed s\u00fa\u010dasn\u00e9ho slovensk\u00e9ho skladate\u013ea.\u00a0 Pomaly sa bl\u00ed\u017ei de\u0148, kedy sl\u00e1vime narodenie Je\u017ei\u0161a Krista. \u013dudia na celom svete k tejto pr\u00edle\u017eitosti vytvorili desiatky piesn\u00ed, ktor\u00fdmi chc\u00fa osl\u00e1vi\u0165 pr\u00edchod P\u00e1na. V slovenskej pies\u0148ovej trad\u00edcii to nie je inak, \u013eudov\u00e9 koledy zaran\u017eovalo pre zborov\u00e9 obsadenie viacero skladate\u013eov. Jedn\u00fdm z nich\u2026","rel":"","context":"V &quot;ADVENTN\u00dd KALEND\u00c1R 2020&quot;","img":{"alt_text":"","src":"https:\/\/i1.wp.com\/www.satb.sk\/wp-content\/uploads\/2020\/12\/21.-Narodil-sa-Kristus-Pa\u0301n_AK2020_web.png?fit=1200%2C450&ssl=1&resize=350%2C200","width":350,"height":200},"classes":[]},{"id":600,"url":"https:\/\/www.satb.sk\/index.php\/2018\/12\/20\/20-den-ninaj-nijaj\/","url_meta":{"origin":4845,"position":3},"title":"20. de\u0148: Ninaj, nijaj","date":"20 decembra, 2018","format":false,"excerpt":"Dvadsiaty de\u0148 adventn\u00e9ho kalend\u00e1ra patr\u00ed kolede v \u00faprave \u010fal\u0161ieho slovensk\u00e9ho velik\u00e1na. Ninaj, ninaj.\u00a0 J\u00e1n Cikker\u00a0(1911 - 1989) patril medzi slovensk\u00fdch skladate\u013eov, ktor\u00fdch tvorba bola silne in\u0161pirovan\u00e1 \u013eudovou tvorbou. Preto nie je prekvapuj\u00face, \u017ee aj on upravil a spracoval slovensk\u00e9 koledy pre mie\u0161an\u00fd spev\u00e1cky zbor. Koleda Ninaj, Ninaj patr\u00ed k jeho\u2026","rel":"","context":"V &quot;ADVENTN\u00dd KALEND\u00c1R 2018&quot;","img":{"alt_text":"","src":"https:\/\/i1.wp.com\/www.satb.sk\/wp-content\/uploads\/2018\/12\/20.png?fit=820%2C312&ssl=1&resize=350%2C200","width":350,"height":200},"classes":[]},{"id":4717,"url":"https:\/\/www.satb.sk\/index.php\/2019\/11\/14\/paul-mealor-peace\/","url_meta":{"origin":4845,"position":4},"title":"Paul Mealor: Peace","date":"14 novembra, 2019","format":false,"excerpt":"\u0160e\u010f jesenn\u00e9ho po\u010dasia a\u00a0d\u00e1\u017e\u010f posilnila na\u0161u ideu predstavi\u0165 si dnes dielo anglick\u00e9ho skladate\u013ea Paula Mealora. Vhodn\u00e9 pre:\u00a0mie\u0161an\u00fd spev\u00e1cky zbor N\u00e1ro\u010dnos\u0165: Zborov\u00e1 tvorba Paula Mealora si z\u00edskala srdcia mnoh\u00fdch po\u010das kr\u00e1\u013eovskej svadby princa Williama v\u00a0roku 2011. Odvtedy u\u017e uplynuli nejak\u00e9 tie r\u00f4\u010dky, po\u010das ktor\u00fdch sa uk\u00e1zalo, \u017ee Mealor m\u00e1 nehyn\u00faceho tvoriv\u00e9ho\u2026","rel":"","context":"V &quot;ZO ZBOROVEJ KNI\u017dNICE&quot;","img":{"alt_text":"","src":"https:\/\/i1.wp.com\/www.satb.sk\/wp-content\/uploads\/2019\/11\/ZBOROVA\u0301-KNIZ\u030cNICA-1.png?fit=1200%2C675&ssl=1&resize=350%2C200","width":350,"height":200},"classes":[]},{"id":1505,"url":"https:\/\/www.satb.sk\/index.php\/2019\/01\/30\/2-1-zo-zborovej-kniznice\/","url_meta":{"origin":4845,"position":5},"title":"Ola Gjeilo: Northern Lights","date":"30 janu\u00e1ra, 2019","format":false,"excerpt":"Do na\u0161ej zborovej kni\u017enice tentokr\u00e1t pribudne dielo od skladate\u013ea, ktor\u00e9ho v\u00e1m ur\u010dite nemus\u00edme predstavova\u0165. Vhodn\u00e9 pre: Mie\u0161an\u00fd spev\u00e1cky zbor N\u00e1ro\u010dnos\u0165:\u00a0 Pr\u00edroda v\u017edy \u013eud\u00ed fascinovala a\u00a0neraz i\u00a0podnecovala k jej umeleck\u00e9mu zobrazeniu v\u00a0obrazoch, slov\u00e1ch, \u010di hudbe. Aurora borealis - farebn\u00e9 svetl\u00e1 na no\u010dnej oblohe, oby\u010dajne naz\u00fdvan\u00e9 pol\u00e1rna \u017eiara, o\u010darili i\u00a0n\u00f3rskeho skladate\u013ea Ola\u2026","rel":"","context":"V &quot;ZO ZBOROVEJ KNI\u017dNICE&quot;","img":{"alt_text":"","src":"https:\/\/i2.wp.com\/www.satb.sk\/wp-content\/uploads\/2019\/01\/21-Northern-Lights.png?fit=1200%2C675&ssl=1&resize=350%2C200","width":350,"height":200},"classes":[]}],"_links":{"self":[{"href":"https:\/\/www.satb.sk\/index.php\/wp-json\/wp\/v2\/posts\/4845"}],"collection":[{"href":"https:\/\/www.satb.sk\/index.php\/wp-json\/wp\/v2\/posts"}],"about":[{"href":"https:\/\/www.satb.sk\/index.php\/wp-json\/wp\/v2\/types\/post"}],"author":[{"embeddable":true,"href":"https:\/\/www.satb.sk\/index.php\/wp-json\/wp\/v2\/users\/1"}],"replies":[{"embeddable":true,"href":"https:\/\/www.satb.sk\/index.php\/wp-json\/wp\/v2\/comments?post=4845"}],"version-history":[{"count":2,"href":"https:\/\/www.satb.sk\/index.php\/wp-json\/wp\/v2\/posts\/4845\/revisions"}],"predecessor-version":[{"id":4847,"href":"https:\/\/www.satb.sk\/index.php\/wp-json\/wp\/v2\/posts\/4845\/revisions\/4847"}],"wp:featuredmedia":[{"embeddable":true,"href":"https:\/\/www.satb.sk\/index.php\/wp-json\/wp\/v2\/media\/4848"}],"wp:attachment":[{"href":"https:\/\/www.satb.sk\/index.php\/wp-json\/wp\/v2\/media?parent=4845"}],"wp:term":[{"taxonomy":"category","embeddable":true,"href":"https:\/\/www.satb.sk\/index.php\/wp-json\/wp\/v2\/categories?post=4845"},{"taxonomy":"post_tag","embeddable":true,"href":"https:\/\/www.satb.sk\/index.php\/wp-json\/wp\/v2\/tags?post=4845"}],"curies":[{"name":"wp","href":"https:\/\/api.w.org\/{rel}","templated":true}]}}