{"id":5369,"date":"2020-03-29T10:01:48","date_gmt":"2020-03-29T10:01:48","guid":{"rendered":"https:\/\/www.satb.sk\/?p=5369"},"modified":"2020-03-29T23:15:27","modified_gmt":"2020-03-29T23:15:27","slug":"zomrel-polsky-skladatel-a-dirigent-krzysztof-penderecki","status":"publish","type":"post","link":"https:\/\/www.satb.sk\/index.php\/2020\/03\/29\/zomrel-polsky-skladatel-a-dirigent-krzysztof-penderecki\/","title":{"rendered":"Zomrel po\u013esk\u00fd skladate\u013e a dirigent Krzysztof Penderecki"},"content":{"rendered":"<h6><strong><em>Vo veku 86 rokov zomrel v Krakowe jeden z najv\u00fdraznej\u0161\u00edch predstavite\u013eov hudobnej avantgardy 20. storo\u010dia.<\/em><\/strong><\/h6>\n<p><!--more--><\/p>\n<p>Krzysztof Penderecki sa narodil v roku 1933 v po\u013eskom meste Debnice. V roku 1946 za\u010dal \u0161tudova\u0165 na gymn\u00e1ziu a popri tom sa u\u010dil hra\u0165 na husle u tamoj\u0161ieho dirigenta vojensk\u00e9ho orchestra\u00a0Stanis\u0142awa Dar\u0142aka. Po maturite v roku 1951 nast\u00fapil na Jagelovsk\u00fa univerzitu a pokra\u010doval v hre na husle u\u00a0Stanis\u0142awa Tawroszewiczu. O tri roky nesk\u00f4r nast\u00fapil na Krakovsk\u00fa hudobn\u00fa akad\u00e9miu. Zanechal hru na husle a plne sa za\u010dal venova\u0165 kompoz\u00edcii pod veden\u00edm skladate\u013ea Artura Malawskieho a po jeho smrti pod veden\u00edm Stanis\u0142awa Wiechowicza.\u00a0Po absolvovan\u00ed Akad\u00e9mie v roku 1958 ostal p\u00f4sobi\u0165 na \u0161kole ako pedag\u00f3g.<\/p>\n<p>Jeho prv\u00e9 diela boli ovplyvnen\u00e9 tvorbou Igora Stravinsk\u00e9ho, Antona Webera a Pierra Bouleza. Do popredia sa dostal v roku 1959, ke\u010f na festivale Var\u0161avsk\u00e1 jese\u0148 uviedli jeho skladby <em>Strofy, D\u00e1vidove \u017ealmy<\/em> <em>(Psalmy Dawida)<\/em> a <em>Emanacje<\/em>. Medzin\u00e1rodn\u00fd \u00faspech mu v\u0161ak prinieslo predov\u0161etk\u00fdm dielo <em>\u017dalospev za obete Hiro\u0161imy<\/em>\u00a0(<i>Ofiarom Hiroszimy \u2013 tren na 52 instrumenty smyczkowe),\u00a0<\/i>ktor\u00e9 venoval obetiam at\u00f3mov\u00e9ho \u00fatoku v Japonsku.\u00a0Penderecki skomponoval \u0161tyri opery, osem symf\u00f3nii a ve\u013ek\u00e9 mno\u017estvo orchestr\u00e1lnych kompoz\u00edcii. Je tie\u017e autorom mnoh\u00fdch vok\u00e1lnych, komorn\u00fdch aj in\u0161trument\u00e1lnych skladieb. Medzi jeho \u010fal\u0161ie v\u00fdznamn\u00e9 diela <em>Pa\u0161ie pod\u013ea sv. Luk\u00e1\u0161a (Pasja wed\u0142ug \u015bw. \u0141ukasza)<\/em>, <em>Po\u013esk\u00e9 Requiem (Polskie Requiem)<\/em> \u010di <em>Symf\u00f3nia \u010d. 3<\/em>.<\/p>\n<blockquote>\n<p style=\"text-align: center;\"><strong>V\u0161etko \u010do ma zauj\u00edma, je oslobodenie zvuku od v\u0161etkej trad\u00edcie.<\/strong><br \/>\nKrzysztof Penderecki (23. 8. 1933 &#8211; 29. 3. 2020)<\/p>\n<\/blockquote>\n<div class=\"td-post-content\">\n<p><span class=\"embed-youtube\" style=\"text-align:center; display: block;\"><iframe loading=\"lazy\" class=\"youtube-player\" width=\"837\" height=\"471\" src=\"https:\/\/www.youtube.com\/embed\/Dp3BlFZWJNA?version=3&#038;rel=1&#038;showsearch=0&#038;showinfo=1&#038;iv_load_policy=1&#038;fs=1&#038;hl=sk-SK&#038;autohide=2&#038;wmode=transparent\" allowfullscreen=\"true\" style=\"border:0;\" sandbox=\"allow-scripts allow-same-origin allow-popups allow-presentation\"><\/iframe><\/span><\/p>\n<p><span class=\"embed-youtube\" style=\"text-align:center; display: block;\"><iframe loading=\"lazy\" class=\"youtube-player\" width=\"837\" height=\"471\" src=\"https:\/\/www.youtube.com\/embed\/5MEwiO563rY?version=3&#038;rel=1&#038;showsearch=0&#038;showinfo=1&#038;iv_load_policy=1&#038;fs=1&#038;hl=sk-SK&#038;autohide=2&#038;wmode=transparent\" allowfullscreen=\"true\" style=\"border:0;\" sandbox=\"allow-scripts allow-same-origin allow-popups allow-presentation\"><\/iframe><\/span><\/p>\n<p>Pendereckeho tvorba na\u0161la svoje uplatnenie aj na filmov\u00fdch pl\u00e1tnach. Jeho hudbu m\u00f4\u017eeme n\u00e1js\u0165 napr\u00edklad vo filme <em>Exorcita (Exorcist)<\/em> od Williama Friedkina, v kultovom filme <em>Osvietenie (Shining)<\/em> od Stanleyho Kubricka, vo filme <em>Prekliaty ostrov (Shutter Island)<\/em> od Martina Scorsesa alebo v po\u013eskom filme <em>Katy\u0148<\/em>. Penderecki z\u00edskal za svoje dielo mnoho v\u00fdznamn\u00fdch cien vr\u00e1tane dvojn\u00e1sobn\u00e9ho ocenenia Prix Italia v roku 1967 a 1968. Je tie\u017e \u0161tvorn\u00e1sobn\u00fdm dr\u017eite\u013eom ocenenia Grammy &#8211; posledn\u00e9 z\u00edskal v roku 2016 za najlep\u0161ie zborov\u00e9 prevedenie.<\/p>\n<p><span style=\"font-size: 14px; letter-spacing: 0px;\">Krzysztof Penderecki zomrel 29. marca 2020 v skor\u00fdch rann\u00fdch hodin\u00e1ch. Inform\u00e1ciu o jeho smrti prinieslo <\/span><a style=\"font-size: 14px; letter-spacing: 0px;\" href=\"http:\/\/www.radiokrakow.pl\/kultura\/nie-zyje-krzysztof-penderecki\/\" target=\"_blank\" rel=\"noopener noreferrer\">Radio Krak\u00f3v<\/a><span style=\"font-size: 14px; letter-spacing: 0px;\">\u00a0odvol\u00e1vaj\u00fac sa na rodinu skladate\u013ea.\u00a0<\/span>Patril k najv\u00fdraznej\u0161\u00edm skladate\u013eom na po\u013eskej hudobnej sc\u00e9ne a pred \u00f4smimi rokmi ho britsk\u00fd \u010dasopis Guardian ozna\u010dil za najv\u00fdznamnej\u0161ieho s\u00fa\u010dasn\u00e9ho skladate\u013ea Po\u013eska. \u013d\u00fatos\u0165 nad jeho \u00famrt\u00edm zverejnilo na soci\u00e1lnej sieti Twitter aj po\u013esk\u00e9 ministerstvo kult\u00fary, ktor\u00e9 vedie Piotr Gli\u0144ski: <em>&#8220;Po dlhej a v\u00e1\u017enej chorobe zomrel Krzystof Penderecki &#8211; jeden z najv\u00e4\u010d\u0161\u00edch po\u013esk\u00fdch skladate\u013eov a svetov\u00e1 autorita v oblasti klasickej hudby.&#8221;<\/em><\/p>\n<blockquote class=\"twitter-tweet\" data-width=\"550\" data-dnt=\"true\">\n<p lang=\"pl\" dir=\"ltr\">Po d\u0142ugiej, ci\u0119\u017ckiej chorobie zmar\u0142 <a href=\"https:\/\/twitter.com\/hashtag\/KrzysztofPenderecki?src=hash&amp;ref_src=twsrc%5Etfw\">#KrzysztofPenderecki<\/a> &#8211; jeden z najwybitniejszych polskich muzyk\u00f3w, \u015bwiatowy autorytet w dziedzinie muzyki klasycznej. By\u0142 profesorem i rektorem Akademii Muzycznej w Krakowie. Mia\u0142 86 lat. <a href=\"https:\/\/t.co\/Mz2kmLBPGW\">pic.twitter.com\/Mz2kmLBPGW<\/a><\/p>\n<p>&mdash; Ministerstwo Kultury (@MKiDN_GOV_PL) <a href=\"https:\/\/twitter.com\/MKiDN_GOV_PL\/status\/1244157527077642240?ref_src=twsrc%5Etfw\">March 29, 2020<\/a><\/p><\/blockquote>\n<p><script async src=\"https:\/\/platform.twitter.com\/widgets.js\" charset=\"utf-8\"><\/script><\/p>\n<\/div>\n<p><em>Penderecki diriguje Pendereckeho vol 1. &#8211; nahr\u00e1vka, v\u010faka ktorej z\u00edskal Penderecki v roku 2016 cenu Grammy za najlep\u0161ie vok\u00e1lne prevedenie.\u00a0<\/em><\/p>\n<p><span class=\"embed-youtube\" style=\"text-align:center; display: block;\"><iframe loading=\"lazy\" class=\"youtube-player\" width=\"837\" height=\"471\" src=\"https:\/\/www.youtube.com\/embed\/SyHDZyOuiDY?version=3&#038;rel=1&#038;showsearch=0&#038;showinfo=1&#038;iv_load_policy=1&#038;fs=1&#038;hl=sk-SK&#038;autohide=2&#038;wmode=transparent\" allowfullscreen=\"true\" style=\"border:0;\" sandbox=\"allow-scripts allow-same-origin allow-popups allow-presentation\"><\/iframe><\/span><\/p>\n<p>&nbsp;<\/p>\n<p>Pripravil: satb.sk<br \/>\nFoto:\u00a0www.polskieradio24.pl<\/p>\n<p>&nbsp;<\/p>\n","protected":false},"excerpt":{"rendered":"<p>Vo veku 86 rokov zomrel v Krakowe jeden z najv\u00fdraznej\u0161\u00edch predstavite\u013eov hudobnej avantgardy 20. storo\u010dia.<\/p>\n","protected":false},"author":1,"featured_media":5371,"comment_status":"closed","ping_status":"closed","sticky":false,"template":"","format":"standard","meta":{"om_disable_all_campaigns":false,"_monsterinsights_skip_tracking":false,"_monsterinsights_sitenote_active":false,"_monsterinsights_sitenote_note":"","_monsterinsights_sitenote_category":0,"spay_email":"","footnotes":"","jetpack_publicize_message":"","jetpack_is_tweetstorm":false},"categories":[49],"tags":[],"class_list":["post-5369","post","type-post","status-publish","format-standard","has-post-thumbnail","hentry","category-aktualne"],"aioseo_notices":[],"jetpack_featured_media_url":"https:\/\/i0.wp.com\/www.satb.sk\/wp-content\/uploads\/2020\/03\/80f3adb7-0671-4f17-8df0-c3749bd76648.jpg?fit=1200%2C660&ssl=1","jetpack_publicize_connections":[],"jetpack_sharing_enabled":true,"jetpack_shortlink":"https:\/\/wp.me\/pav5wC-1oB","jetpack-related-posts":[{"id":4455,"url":"https:\/\/www.satb.sk\/index.php\/2019\/10\/03\/zomrel-gruzinsky-skladatel-giya-kancheli\/","url_meta":{"origin":5369,"position":0},"title":"Zomrel gruz\u00ednsky skladate\u013e Giya Kancheli","date":"3 okt\u00f3bra, 2019","format":false,"excerpt":"Vo veku 84 rokov zomrel na srdcov\u00e9 komplik\u00e1cie najv\u00fdznamnej\u0161\u00ed gruz\u00ednsky skladate\u013e. Giya Kancheli sa narodil v roku 1935 v hlavnom meste Gruz\u00ednska - Tbilisi. \u0160tudoval kompoz\u00edciu na tamoj\u0161om konzervat\u00f3riu a v roku 1970 sa stal riadite\u013eom tbilisk\u00e9ho \u0160t\u00e1tneho akademick\u00e9ho divadla, opery a baletu. Po vypuknut\u00ed konfliktu medzi Ruskom a Gruz\u00ednskom\u2026","rel":"","context":"V &quot;AKTU\u00c1LNE&quot;","img":{"alt_text":"","src":"https:\/\/i2.wp.com\/www.satb.sk\/wp-content\/uploads\/2019\/10\/EF2uAk_VUAEN5dv.jpeg?fit=1200%2C675&ssl=1&resize=350%2C200","width":350,"height":200},"classes":[]},{"id":5862,"url":"https:\/\/www.satb.sk\/index.php\/2021\/11\/15\/smutna-sprava-pre-zborovy-svet-na-slovensku-zomrel-ladislav-holasek\/","url_meta":{"origin":5369,"position":1},"title":"Smutn\u00e1 spr\u00e1va pre zborov\u00fd svet na Slovensku. Zomrel Ladislav Hol\u00e1sek","date":"15 novembra, 2021","format":false,"excerpt":"Opustil n\u00e1s v\u00fdznamn\u00fd slovensk\u00fd dirigent, ktor\u00fd st\u00e1l pri zrode popredn\u00fdch zborov\u00fdch telies na Slovensku. Vo veku 92 rokov zomrel popredn\u00fd slovensk\u00fd dirigent a pedag\u00f3g Ladislav Hol\u00e1sek. Informoval o tom mana\u017e\u00e9rka Spev\u00e1ckeho zboru mesta Bratislava, na \u010dele ktor\u00e9ho st\u00e1l Hol\u00e1sek nieko\u013eko desa\u0165ro\u010d\u00ed. \"Jeho odchodom str\u00e1ca spolo\u010dnos\u0165 a predov\u0161etk\u00fdm n\u00e1\u0161 spev\u00e1cky zbor\u2026","rel":"","context":"V &quot;AKTU\u00c1LNE&quot;","img":{"alt_text":"","src":"https:\/\/i2.wp.com\/www.satb.sk\/wp-content\/uploads\/2021\/11\/255638725_4649461035111016_970198589409811681_n.jpg?fit=1200%2C674&ssl=1&resize=350%2C200","width":350,"height":200},"classes":[]},{"id":571,"url":"https:\/\/www.satb.sk\/index.php\/2018\/12\/16\/16-den-narodzil-se-nam\/","url_meta":{"origin":5369,"position":2},"title":"16. de\u0148: Narodzil \u0161e n\u00e1m","date":"16 decembra, 2018","format":false,"excerpt":"\u0160esn\u00e1sty de\u0148 adventn\u00e9ho kalend\u00e1ra bude po prv\u00fdkr\u00e1t patri\u0165 slovenskej kolede. Narodzil \u0161e n\u00e1m.\u00a0 Piese\u0148 \"Narodzil \u0161e n\u00e1m\" je \u013eudovou koledou z oblasti Zempl\u00edna. T\u00fato koledu, spolu s \u010fal\u0161\u00edmi viano\u010dn\u00fdmi pies\u0148ami, upravil pre mie\u0161an\u00fd spev\u00e1cky zbor Franti\u0161ek Pr\u00e1\u0161il, ktor\u00fd sa narodil v roku 1902 a zomrel v roku 1981. Jeho \u00fapravy\u2026","rel":"","context":"V &quot;ADVENTN\u00dd KALEND\u00c1R 2018&quot;","img":{"alt_text":"","src":"https:\/\/i0.wp.com\/www.satb.sk\/wp-content\/uploads\/2018\/12\/16.png?fit=820%2C312&ssl=1&resize=350%2C200","width":350,"height":200},"classes":[]},{"id":5982,"url":"https:\/\/www.satb.sk\/index.php\/2021\/12\/04\/4-den-amazing-grace\/","url_meta":{"origin":5369,"position":3},"title":"4. de\u0148: Amazing Grace","date":"4 decembra, 2021","format":false,"excerpt":"\u00da\u017easn\u00e1 je milos\u0165, ktor\u00fa n\u00e1jdete v tejto piesni.\u00a0 P\u00edsal sa rok 1748. Dvadsa\u0165triro\u010dn\u00fd John Newton (1725 \u2013 1807) sl\u00fa\u017eiaci v n\u00e1morn\u00edctve sa ocitne uprostred z\u00fariacej b\u00farky na mori bl\u00edzko \u00edrskeho pobre\u017eia. B\u00farka je tak\u00e1 zl\u00e1, \u017ee mlad\u00edk v z\u00fafalstve pros\u00ed Boha o milos\u0165, aby ho zachr\u00e1nil. Lo\u010f sa zb\u00farky napokon\u2026","rel":"","context":"V &quot;ADVENTN\u00dd KALEND\u00c1R 2021&quot;","img":{"alt_text":"","src":"https:\/\/i0.wp.com\/www.satb.sk\/wp-content\/uploads\/2021\/12\/4.-Amazing-Grace_AK2021_web.png?fit=1200%2C450&ssl=1&resize=350%2C200","width":350,"height":200},"classes":[]},{"id":5785,"url":"https:\/\/www.satb.sk\/index.php\/2021\/11\/04\/zacina-festival-voce-magna-2021\/","url_meta":{"origin":5369,"position":4},"title":"Za\u010dal sa festival \u017dilina Voce Magna 2021","date":"4 novembra, 2021","format":false,"excerpt":"Po pandemickej odmlke sa do \u017diliny vracia festival zborov\u00e9ho umenia. \u0160tyri koncerty, jedna s\u00fa\u0165a\u017e a desiatky spev\u00e1kov z viac ako p\u00e4tn\u00e1stich spev\u00e1ckych zborov. Tak bude vyzera\u0165 jeden\u00e1sty ro\u010dn\u00edk Medzin\u00e1rodn\u00e9ho festivalu a s\u00fa\u0165a\u017ee zborov\u00e9ho umenia Voce Magna 2021. Festival sa mal p\u00f4vodne za\u010da\u0165 u\u017e v utorok 2. novembra, no kv\u00f4li pandemick\u00fdm\u2026","rel":"","context":"V &quot;AKTU\u00c1LNE&quot;","img":{"alt_text":"","src":"https:\/\/i1.wp.com\/www.satb.sk\/wp-content\/uploads\/2021\/11\/IMG_1536-scaled.jpg?fit=1200%2C800&ssl=1&resize=350%2C200","width":350,"height":200},"classes":[]},{"id":5704,"url":"https:\/\/www.satb.sk\/index.php\/2021\/03\/22\/najlepsie-zborove-vykony-za-rok-2020\/","url_meta":{"origin":5369,"position":5},"title":"Najlep\u0161ie zborov\u00e9 v\u00fdkony za rok 2020","date":"22 marca, 2021","format":false,"excerpt":"Pozrite si nomin\u00e1cie spev\u00e1ckych zborov v kateg\u00f3rii najlep\u0161\u00ed zborov\u00fd v\u00fdkon v r\u00e1mci 63. ro\u010dn\u00edka odovzd\u00e1vania hudobn\u00fdch cien Grammy.\u00a0 1. CARTHAGE Interpret: The Crossing Dirigent: Donald Nally\u00a0 Prvou nominovanou nahr\u00e1vkou v kateg\u00f3rii najlep\u0161\u00ed zborov\u00fd v\u00fdkon bolo dielo CARTHAGE od americk\u00e9ho skladate\u013ea Jamesa Primoscha (1956). Dielo nahral Komorn\u00fd spev\u00e1cky zbor The Crossing\u2026","rel":"","context":"V &quot;AKTU\u00c1LNE&quot;","img":{"alt_text":"","src":"https:\/\/i0.wp.com\/www.satb.sk\/wp-content\/uploads\/2021\/03\/header-gold.jpg?fit=1200%2C675&ssl=1&resize=350%2C200","width":350,"height":200},"classes":[]}],"_links":{"self":[{"href":"https:\/\/www.satb.sk\/index.php\/wp-json\/wp\/v2\/posts\/5369"}],"collection":[{"href":"https:\/\/www.satb.sk\/index.php\/wp-json\/wp\/v2\/posts"}],"about":[{"href":"https:\/\/www.satb.sk\/index.php\/wp-json\/wp\/v2\/types\/post"}],"author":[{"embeddable":true,"href":"https:\/\/www.satb.sk\/index.php\/wp-json\/wp\/v2\/users\/1"}],"replies":[{"embeddable":true,"href":"https:\/\/www.satb.sk\/index.php\/wp-json\/wp\/v2\/comments?post=5369"}],"version-history":[{"count":9,"href":"https:\/\/www.satb.sk\/index.php\/wp-json\/wp\/v2\/posts\/5369\/revisions"}],"predecessor-version":[{"id":5383,"href":"https:\/\/www.satb.sk\/index.php\/wp-json\/wp\/v2\/posts\/5369\/revisions\/5383"}],"wp:featuredmedia":[{"embeddable":true,"href":"https:\/\/www.satb.sk\/index.php\/wp-json\/wp\/v2\/media\/5371"}],"wp:attachment":[{"href":"https:\/\/www.satb.sk\/index.php\/wp-json\/wp\/v2\/media?parent=5369"}],"wp:term":[{"taxonomy":"category","embeddable":true,"href":"https:\/\/www.satb.sk\/index.php\/wp-json\/wp\/v2\/categories?post=5369"},{"taxonomy":"post_tag","embeddable":true,"href":"https:\/\/www.satb.sk\/index.php\/wp-json\/wp\/v2\/tags?post=5369"}],"curies":[{"name":"wp","href":"https:\/\/api.w.org\/{rel}","templated":true}]}}