{"id":5481,"date":"2020-06-03T11:16:27","date_gmt":"2020-06-03T11:16:27","guid":{"rendered":"https:\/\/www.satb.sk\/?p=5481"},"modified":"2020-07-07T18:55:38","modified_gmt":"2020-07-07T18:55:38","slug":"ukaz-pribeh-svojho-zboru-pocas-karanteny-2","status":"publish","type":"post","link":"https:\/\/www.satb.sk\/index.php\/2020\/06\/03\/ukaz-pribeh-svojho-zboru-pocas-karanteny-2\/","title":{"rendered":"Uk\u00e1\u017e pr\u00edbeh svojho zboru po\u010das karant\u00e9ny"},"content":{"rendered":"<h6 data-offset-key=\"e956h-0-0\"><em><strong>V\u00fdzva pre spev\u00e1cke zbory. Nap\u00ed\u0161te n\u00e1m ako ste so svoj\u00edm zborom prekonali pand\u00e9miu.<\/strong><\/em><\/h6>\n<p><!--more--><\/p>\n<p>Pand\u00e9mia koronav\u00edrusu zasiahla v\u0161etky zlo\u017eky kult\u00fary, spev\u00e1cke zbory nevyn\u00edmaj\u00fac. Zru\u0161en\u00e9 n\u00e1cviky i festivaly, odrieknut\u00e9 koncerty a z\u00e1jazdy. To bola realita, ktorej spev\u00e1cke zbory museli \u010deli\u0165 kv\u00f4li nebezpe\u010denstvu n\u00e1kazy. Napriek tomu, \u017ee sa zboristi nemohli stretn\u00fa\u0165 spolo\u010dne na n\u00e1cvikoch, mnoh\u00ed z nich si predsalen na\u0161li sp\u00f4sob ako si zaspieva\u0165. Vznikli skvel\u00e9 virtu\u00e1lne nahr\u00e1vky zborov, z\u00e1znamy z online n\u00e1cvikov \u010di vtipn\u00e9 fotografie spev\u00e1kov s r\u00fa\u0161kami.<\/p>\n<h6><em style=\"font-family: Montserrat, sans-serif; font-size: 16px; letter-spacing: 0px;\">Nap\u00ed\u0161te n\u00e1m<\/em><\/h6>\n<p>A \u010do vy? Boli ste so svoj\u00edm zborom po\u010das karant\u00e9ny v kontakte? Mali ste online n\u00e1cviky alebo ste komunikovali len p\u00edsomne? Nahrali ste nejak\u00e9 virtu\u00e1lne video? Nap\u00ed\u0161te n\u00e1m o svojej sk\u00fasenosti! Po\u0161lite n\u00e1m link na video, fotografiu z online n\u00e1cviku, vtipn\u00fa komunik\u00e1ciu \u010di len kr\u00e1tky koment\u00e1r o tom, ako ste po\u010das karant\u00e9ny pracovali so svoj\u00edm zborom. Va\u0161e odpovede potom zahrnieme do \u0161peci\u00e1lneho \u010dl\u00e1nku, ktor\u00fd sa bude venova\u0165 situ\u00e1cii spev\u00e1ckych zborov po\u010das pand\u00e9mie koronav\u00edrusu.<\/p>\n<p>Svoje sk\u00fasenosti a v\u0161etky ostatn\u00e9 materi\u00e1ly n\u00e1m m\u00f4\u017eete posiela\u0165 do <strong>10. j\u00fana 2020<\/strong> na adresu<strong> info@satb.sk.<\/strong><\/p>\n<div style=\"text-align: left;\" data-offset-key=\"e956h-0-0\">Do emailu nap\u00ed\u0161te meno spev\u00e1ckeho zboru a kr\u00e1tky popis situ\u00e1cie, po\u010das ktorej dan\u00e1 fotografie, video \u010di konverz\u00e1cia vznikli. <strong><br \/>\n<\/strong><\/div>\n<div data-offset-key=\"e956h-0-0\">SATB.SK je aktu\u00e1lne jedin\u00fd webov\u00fd port\u00e1l, ktor\u00fd sa venuje propag\u00e1cii zborov\u00e9ho spevu a t\u00fdmto sp\u00f4sobom chce zmapova\u0165 situ\u00e1ciu spev\u00e1ckych zborov po\u010das pand\u00e9mie koronav\u00edrusu.<\/div>\n<div data-offset-key=\"e956h-0-0\"><\/div>\n<div data-offset-key=\"e956h-0-0\"><em>Vypo\u010dujte si skladbu Kiss from a Rose v podan\u00ed slovensk\u00e9ho spev\u00e1ckeho zboru Vocalatt\u00e9, ktor\u00fa spev\u00e1ci zboru nahrali po\u010das karant\u00e9ny.<\/em><\/div>\n<div data-offset-key=\"e956h-0-0\"><\/div>\n<div data-offset-key=\"e956h-0-0\">\n<p><span class=\"embed-youtube\" style=\"text-align:center; display: block;\"><iframe loading=\"lazy\" class=\"youtube-player\" width=\"837\" height=\"471\" src=\"https:\/\/www.youtube.com\/embed\/wQItAbxy9AI?version=3&#038;rel=1&#038;showsearch=0&#038;showinfo=1&#038;iv_load_policy=1&#038;fs=1&#038;hl=sk-SK&#038;autohide=2&#038;wmode=transparent\" allowfullscreen=\"true\" style=\"border:0;\" sandbox=\"allow-scripts allow-same-origin allow-popups allow-presentation\"><\/iframe><\/span><\/p>\n<\/div>\n<div data-offset-key=\"e956h-0-0\"><\/div>\n<div data-offset-key=\"e956h-0-0\">Pripravil: satb.sk<br \/>\nFoto: ilustra\u010dn\u00e9<\/div>\n","protected":false},"excerpt":{"rendered":"<p>V\u00fdzva pre spev\u00e1cke zbory. Nap\u00ed\u0161te n\u00e1m ako ste so svoj\u00edm zborom prekonali pand\u00e9miu.<\/p>\n","protected":false},"author":1,"featured_media":5473,"comment_status":"closed","ping_status":"closed","sticky":false,"template":"","format":"standard","meta":{"om_disable_all_campaigns":false,"_monsterinsights_skip_tracking":false,"_monsterinsights_sitenote_active":false,"_monsterinsights_sitenote_note":"","_monsterinsights_sitenote_category":0,"spay_email":"","footnotes":"","jetpack_publicize_message":"","jetpack_is_tweetstorm":false},"categories":[49],"tags":[111,112,113],"class_list":["post-5481","post","type-post","status-publish","format-standard","has-post-thumbnail","hentry","category-aktualne","tag-koronavirus","tag-nacvik","tag-spevacky-zbor"],"aioseo_notices":[],"jetpack_featured_media_url":"https:\/\/i2.wp.com\/www.satb.sk\/wp-content\/uploads\/2020\/06\/Covid-vy\u0301zva-vizua\u0301l.png?fit=1920%2C1080&ssl=1","jetpack_publicize_connections":[],"jetpack_sharing_enabled":true,"jetpack_shortlink":"https:\/\/wp.me\/pav5wC-1qp","jetpack-related-posts":[{"id":4586,"url":"https:\/\/www.satb.sk\/index.php\/2019\/10\/28\/koncertujte-v-cine\/","url_meta":{"origin":5481,"position":0},"title":"Koncertujte v \u010c\u00edne!","date":"28 okt\u00f3bra, 2019","format":false,"excerpt":"Spev\u00e1cke zbory maj\u00fa jedine\u010dn\u00fa mo\u017enos\u0165 za\u017ei\u0165 koncertn\u00e9 turn\u00e9 v \u010c\u00edne.\u00a0 Medzin\u00e1rodn\u00e1 feder\u00e1cia pre zborov\u00fa hudbu (IFCM) sa spojila s partnermi v \u010c\u00edne. Spolo\u010dne pon\u00fakaj\u00fa spev\u00e1ckym zborom z cel\u00e9ho sveta pr\u00edle\u017eitos\u0165 v\u00fdhodne koncertova\u0165 v r\u00e1mci troch medzin\u00e1rodn\u00fdch festivalov. Spev\u00e1cke zbory sa prihl\u00e1sia a n\u00e1sledne organiz\u00e1tori vyber\u00fa najlep\u0161ie zbory, ktor\u00e9 pozv\u00fa na\u2026","rel":"","context":"V &quot;PODUJATIA&quot;","img":{"alt_text":"","src":"https:\/\/i0.wp.com\/www.satb.sk\/wp-content\/uploads\/2019\/10\/chuttersnap-aku7Zlj_x_o-unsplash.jpg?fit=1200%2C801&ssl=1&resize=350%2C200","width":350,"height":200},"classes":[]},{"id":5449,"url":"https:\/\/www.satb.sk\/index.php\/2020\/05\/30\/spievat-ci-nespievat-spevacke-zbory-a-uvolnovanie-opatreni\/","url_meta":{"origin":5481,"position":1},"title":"Spieva\u0165 \u010di nespieva\u0165? Op\u00fdtali sme sa za v\u00e1s (aktualizovan\u00e9)","date":"30 m\u00e1ja, 2020","format":false,"excerpt":"Ako sa vz\u0165ahuje uvo\u013e\u0148ovanie opatren\u00ed na spev\u00e1cke zbory? Do redakcie n\u00e1m pri\u0161lo mnoho ot\u00e1zok t\u00fdkaj\u00facich sa opatren\u00ed v s\u00favislosti s pand\u00e9miou koronav\u00edrusu. P\u00fdtali ste sa n\u00e1s, \u010di u\u017e m\u00f4\u017eete ma\u0165 so zborom n\u00e1cviky, \u010di m\u00f4\u017eete usporiada\u0165 koncert alebo \u010di mus\u00edte dodr\u017eiava\u0165 dvojmetrov\u00e9 odstupy. Na va\u0161e ot\u00e1zky v\u00e1m prin\u00e1\u0161ame odpovede na\u2026","rel":"","context":"V &quot;AKTU\u00c1LNE&quot;","img":{"alt_text":"","src":"https:\/\/i0.wp.com\/www.satb.sk\/wp-content\/uploads\/2020\/05\/globe-5116641_1920.jpg?fit=1200%2C798&ssl=1&resize=350%2C200","width":350,"height":200},"classes":[]},{"id":3834,"url":"https:\/\/www.satb.sk\/index.php\/2019\/03\/25\/john-rutter-politici-vacsinou-nerozumeju-hudbe-a-nerozumeju-dolezitosti-zboroveho-spevu\/","url_meta":{"origin":5481,"position":2},"title":"John Rutter: Politici v\u00e4\u010d\u0161inou nerozumej\u00fa hudbe a nerozumej\u00fa d\u00f4le\u017eitosti zborov\u00e9ho spevu","date":"25 marca, 2019","format":false,"excerpt":"Rozhovor za\u010dal ako prav\u00fd anglick\u00fd gentleman. Ospravedlnil sa, \u017ee nehovor\u00ed po slovensky. To, \u017ee dnes komponuje pre zbory pova\u017euje sk\u00f4r za n\u00e1hodu. No ako s\u00e1m hovor\u00ed, ne\u013eutuje to. Dnes\u00a0jeho skladby spievaj\u00fa spev\u00e1cke zbory po celom svete. Skladate\u013e a dirigent John Rutter.\u00a0 Patr\u00edte ku skladate\u013eom, ktor\u00fd m\u00e1 vo svojej tvorbe zast\u00fapen\u00e9\u2026","rel":"","context":"V &quot;AKTU\u00c1LNE&quot;","img":{"alt_text":"","src":"https:\/\/i1.wp.com\/www.satb.sk\/wp-content\/uploads\/2019\/03\/JR-casual-by-piano.jpg?fit=1200%2C800&ssl=1&resize=350%2C200","width":350,"height":200},"classes":[]},{"id":435,"url":"https:\/\/www.satb.sk\/index.php\/2018\/12\/01\/1-den-veni-veni-emmanuel\/","url_meta":{"origin":5481,"position":3},"title":"1. de\u0148: Veni, Veni Emmanuel","date":"1 decembra, 2018","format":false,"excerpt":"Prv\u00fd de\u0148 Adventn\u00e9ho kalend\u00e1ra pre spev\u00e1cke zbory za\u010dneme skladbou, ktor\u00e1 sa s adventom sp\u00e1ja u\u017e nieko\u013eko storo\u010d\u00ed. Veni, Veni Emmanuel (Pr\u00ed\u010f, Pr\u00ed\u010f Emmanuel). Text tohto hymnusu bol prv\u00fdkr\u00e1t vydan\u00fd v r\u00e1mci zbierky Psalteriolum Cantionum Catholicarum v Kol\u00edne v roku 1710. P\u00f4vodn\u00fd text v\u0161ak m\u00f4\u017eeme n\u00e1js\u0165 u\u017e pribli\u017ene v 9. storo\u010d\u00ed\u2026","rel":"","context":"V &quot;ADVENTN\u00dd KALEND\u00c1R 2018&quot;","img":{"alt_text":"","src":"https:\/\/i0.wp.com\/www.satb.sk\/wp-content\/uploads\/2018\/12\/1-5.png?fit=820%2C312&ssl=1&resize=350%2C200","width":350,"height":200},"classes":[]},{"id":521,"url":"https:\/\/www.satb.sk\/index.php\/2018\/12\/10\/olga-budinska-nadsenie-a-tradicia-pre-zborovy-spev-su-vo-vojvodine-naozaj-velke\/","url_meta":{"origin":5481,"position":4},"title":"O\u013ega Budinsk\u00e1: Nad\u0161enie a\u00a0trad\u00edcia pre zborov\u00fd spev s\u00fa vo Vojvodine naozaj ve\u013ek\u00e9","date":"10 decembra, 2018","format":false,"excerpt":"V B\u00e1\u010dskom Petrovci vo Vojvodine (Srbsko) sa ned\u00e1vno uskuto\u010dnil Koncert slovensk\u00fdch spev\u00e1ckych zborov. Slovensko na tomto podujat\u00ed reprezentoval \u017densk\u00fd spev\u00e1cky zbor Belius. O\u013ega Budinsk\u00e1, dirigentka tohto zboru, n\u00e1m v kr\u00e1tkom rozhovore porozpr\u00e1vala ako prebiehal ich pobyt a ak\u00e1 je aktu\u00e1lna situ\u00e1cia slovensk\u00fdch spev\u00e1ckych zborov vo Vojvodine. O\u013ega, ako sa dostal\u2026","rel":"","context":"V &quot;MAGAZ\u00cdN&quot;","img":{"alt_text":"","src":"https:\/\/i1.wp.com\/www.satb.sk\/wp-content\/uploads\/2018\/12\/46091959_582789868844935_3852187813101436928_o.jpg?fit=1200%2C800&ssl=1&resize=350%2C200","width":350,"height":200},"classes":[]},{"id":5091,"url":"https:\/\/www.satb.sk\/index.php\/2020\/02\/10\/hladaju-sa-spevaci-zo-slovenska-do-unikatneho-projektu\/","url_meta":{"origin":5481,"position":5},"title":"H\u013eadaj\u00fa sa spev\u00e1ci zo Slovenska do unik\u00e1tneho projektu","date":"10 febru\u00e1ra, 2020","format":false,"excerpt":"Zapojte sa do Eur\u00f3pskeho ml\u00e1de\u017en\u00edckeho zboru a sta\u0148te sa s\u00fa\u010das\u0165ou Beethovenov\u00fdch osl\u00e1v v Nemecku a Belgicku. Rok 2020 je pre svet klasickej hudby ve\u013emi v\u00fdnimo\u010dn\u00fd. Pripom\u00edname si 250. v\u00fdro\u010die narodenia jedn\u00e9ho z najv\u00fdznamnej\u0161\u00edch skladate\u013eov v hist\u00f3rii hudby -\u00a0Ludwiga van Beethovena (1770 - 1827). Pri tejto pr\u00edle\u017eitosti organizuje Eur\u00f3pska zborov\u00e1 asoci\u00e1cia\u2026","rel":"","context":"V &quot;AKTU\u00c1LNE&quot;","img":{"alt_text":"","src":"https:\/\/i0.wp.com\/www.satb.sk\/wp-content\/uploads\/2020\/02\/fbe1debc-c16f-4252-b713-8d266e528fd5-e1581522786295.jpg?fit=1023%2C442&ssl=1&resize=350%2C200","width":350,"height":200},"classes":[]}],"_links":{"self":[{"href":"https:\/\/www.satb.sk\/index.php\/wp-json\/wp\/v2\/posts\/5481"}],"collection":[{"href":"https:\/\/www.satb.sk\/index.php\/wp-json\/wp\/v2\/posts"}],"about":[{"href":"https:\/\/www.satb.sk\/index.php\/wp-json\/wp\/v2\/types\/post"}],"author":[{"embeddable":true,"href":"https:\/\/www.satb.sk\/index.php\/wp-json\/wp\/v2\/users\/1"}],"replies":[{"embeddable":true,"href":"https:\/\/www.satb.sk\/index.php\/wp-json\/wp\/v2\/comments?post=5481"}],"version-history":[{"count":6,"href":"https:\/\/www.satb.sk\/index.php\/wp-json\/wp\/v2\/posts\/5481\/revisions"}],"predecessor-version":[{"id":5488,"href":"https:\/\/www.satb.sk\/index.php\/wp-json\/wp\/v2\/posts\/5481\/revisions\/5488"}],"wp:featuredmedia":[{"embeddable":true,"href":"https:\/\/www.satb.sk\/index.php\/wp-json\/wp\/v2\/media\/5473"}],"wp:attachment":[{"href":"https:\/\/www.satb.sk\/index.php\/wp-json\/wp\/v2\/media?parent=5481"}],"wp:term":[{"taxonomy":"category","embeddable":true,"href":"https:\/\/www.satb.sk\/index.php\/wp-json\/wp\/v2\/categories?post=5481"},{"taxonomy":"post_tag","embeddable":true,"href":"https:\/\/www.satb.sk\/index.php\/wp-json\/wp\/v2\/tags?post=5481"}],"curies":[{"name":"wp","href":"https:\/\/api.w.org\/{rel}","templated":true}]}}