{"id":5489,"date":"2020-07-08T19:42:40","date_gmt":"2020-07-08T19:42:40","guid":{"rendered":"https:\/\/www.satb.sk\/?p=5489"},"modified":"2020-07-08T19:49:22","modified_gmt":"2020-07-08T19:49:22","slug":"stretnutie-nad-zborovou-partiturou-sutaz-pre-dirigentov-sa-uskutocni-aj-tento-rok","status":"publish","type":"post","link":"https:\/\/www.satb.sk\/index.php\/2020\/07\/08\/stretnutie-nad-zborovou-partiturou-sutaz-pre-dirigentov-sa-uskutocni-aj-tento-rok\/","title":{"rendered":"Stretnutie nad zborovou partit\u00farou. S\u00fa\u0165a\u017e pre dirigentov sa uskuto\u010dn\u00ed aj tento rok"},"content":{"rendered":"<h6><em><strong>Zborov\u00e9 podujatia na Slovensku znovu o\u017e\u00edvaj\u00fa. Po kult\u00farnej odm\u013ake v s\u00favislosti s pand\u00e9miou koronav\u00edrusu sa m\u00f4\u017eeme te\u0161i\u0165 na \u010fal\u0161\u00ed ro\u010dn\u00edk Medzin\u00e1rodnej s\u00fa\u0165a\u017ee pre dirigentov spev\u00e1ckych zborov.\u00a0<\/strong><\/em><\/h6>\n<p><!--more--><\/p>\n<p><span class=\"s1\">Tvoriv\u00e1 atmosf\u00e9ra, finan\u010dn\u00e9 ceny a koncentr\u00e1cia skvelej zborovej tvorby. To je piaty ro\u010dn\u00edk <strong>Medzin\u00e1rodnej s\u00fa\u0165a\u017ee v zborovom dirigovan\u00ed<\/strong>, ktor\u00fa op\u00e4\u0165 organizuje Katedra kompoz\u00edcie a dirigovania zboru Akad\u00e9mie umen\u00ed v Banskej Bystrici.<\/span><\/p>\n<p>Toto podujatie u\u017e p\u00e4\u0165 rokov pon\u00faka priestor mlad\u00fdm dirigentom, aby si vz\u00e1jomne vymenili svoje sk\u00fasenosti na zborovom p\u00f3diu. Po\u010das prech\u00e1dzaj\u00facich rokov sa s\u00fa\u0165a\u017ee z\u00fa\u010dastnili desiatky dirigentov zo Slovenska a z okolit\u00fdch kraj\u00edn ako \u010cesko, Po\u013esko \u010di Ukrajina. <em>&#8220;Mlad\u00ed dirigenti si s\u00fa\u0165a\u017e ob\u013e\u00fabili, o \u010dom sved\u010d\u00ed aj narastaj\u00faci po\u010det prihl\u00e1sen\u00fdch v uplynul\u00fdch rokoch. N\u00e1rast \u00fa\u010dastn\u00edkov predpoklad\u00e1me aj tento rok, ke\u010f\u017ee v\u00ed\u0165azi tohtoro\u010dnej s\u00fa\u0165a\u017ee m\u00f4\u017eu okrem vecn\u00fdch cien z\u00edska\u0165 aj <strong>finan\u010dn\u00e9 odmeny v hodnote 700 \u20ac a 500 \u20ac.&#8221;<\/strong><\/em> <span style=\"font-size: 14px; letter-spacing: 0px;\">povedala Veronika Veverkov\u00e1, \u010dlenka organiza\u010dn\u00e9ho t\u00edmu s\u00fa\u0165a\u017ee.<\/span><\/p>\n<h6><em>Zmeny v kateg\u00f3ri\u00e1ch<\/em><\/h6>\n<p>Tento ro\u010dn\u00edk s\u00fa\u0165a\u017ee so sebou prin\u00e1\u0161a aj nov\u00fa kategoriz\u00e1ciu. V predch\u00e1dzaj\u00facich rokoch boli s\u00fa\u0165a\u017eiaci zara\u010fovan\u00ed do kateg\u00f3ri\u00ed pod\u013ea \u0161k\u00f4l, v ktor\u00fdch sa vzdel\u00e1vali. Po novom sa v\u0161ak m\u00f4\u017eu prihlasova\u0165 do dvoch kateg\u00f3ri\u00ed na z\u00e1klade svojho veku:<br \/>\n<strong>I. kateg\u00f3ria: dirigenti vo veku 15 \u2013 20 rokov<\/strong><br \/>\n<strong>II. kateg\u00f3ria: dirigenti vo veku 21 \u2013 29 rokov<\/strong><\/p>\n<p>Nov\u00fd sp\u00f4sob zara\u010fovania do s\u00fa\u0165a\u017ee tak otv\u00e1ra priestor aj \u00fa\u010dastn\u00edkom, ktor\u00ed u\u017e ne\u0161tuduj\u00fa. <span style=\"font-size: 14px; letter-spacing: 0px;\"><em>&#8220;V\u010faka novej kategoriz\u00e1ci\u00ed sa do s\u00fa\u0165a\u017ee m\u00f4\u017eu prihl\u00e1si\u0165 aj dirigenti, ktor\u00ed nep\u00f4sobia na \u017eiadnej \u0161kole, ale sp\u013a\u0148aj\u00fa vekov\u00e9 rozhranie.&#8221; <\/em>dod\u00e1va Veverkov\u00e1.<\/span><\/p>\n<h6><em>Medzin\u00e1rodn\u00e1 porota i renomovan\u00fd zbor<\/em><\/h6>\n<p>\u00da\u010dastn\u00edci s\u00fa\u0165a\u017ee bud\u00fa ma\u0165 mo\u017enos\u0165 vybra\u0165 si svoj s\u00fa\u0165a\u017en\u00fd reperto\u00e1r zo zauj\u00edmav\u00fdch zborov\u00fdch diel od slovensk\u00fdch i svetov\u00fdch skladate\u013eov r\u00f4znych \u0161t\u00fdlov\u00fdch obdob\u00ed. V prvom kole s\u00fa\u0165a\u017ee bud\u00fa dirigenti s\u00fa\u0165a\u017en\u00fd reperto\u00e1r dirigova\u0165 pri klav\u00edri za pomoci klav\u00edrneho korepet\u00edtora. Postupuj\u00faci z prv\u00e9ho kola bud\u00fa n\u00e1sledne v druhom kole vybran\u00e9 skladby sk\u00fa\u0161a\u0165 a predv\u00e1dza\u0165 s renomovan\u00fdm spev\u00e1ckym telesom \u2013 <strong>\u017dilinsk\u00fdm mie\u0161an\u00fdm zborom.<\/strong> Cel\u00e9 dianie s\u00fa\u0165a\u017ee bude prebieha\u0165 pod pr\u00edsnym okom medzin\u00e1rodnej poroty, zlo\u017eenej z profesion\u00e1lnych dirigentov a hudobn\u00edkov. Vyvrcholen\u00edm celej s\u00fa\u0165a\u017ee bude Koncert v\u00ed\u0165azov, po\u010das ktor\u00e9ho prebehne odovzd\u00e1nie finan\u010dn\u00fdch i vecn\u00fdch cien v\u00ed\u0165azom.<\/p>\n<p>Jubilejn\u00fd piaty ro\u010dn\u00edk Medzin\u00e1rodnej dirigentskej s\u00fa\u0165a\u017ee sa bude kona\u0165 <strong>20. \u2013 21. novembra 2020 v Banskej Bystrici.<br \/>\n<\/strong>Detailn\u00e9 inform\u00e1cie a konkr\u00e9tne podmienky s\u00fa\u0165a\u017ee bud\u00fa zverejnen\u00e9 <strong>15. septembra 2020<\/strong> na str\u00e1nke <a href=\"https:\/\/fmu.aku.sk\/sk\/\">Akad\u00e9mie umen\u00ed.<\/a><br \/>\nV pr\u00edpade ot\u00e1zok je mo\u017en\u00e9 kontaktova\u0165 organiz\u00e1torov na adrese <span style=\"text-decoration: underline;\">dirigentskasutaz@gmail.com.<\/span><\/p>\n<p style=\"text-align: center;\"><strong><a href=\"https:\/\/www.satb.sk\/wp-content\/uploads\/2020\/07\/Informacny-list-2020-3-farby_01.pdf\">PLAG\u00c1T PODUJATIA<\/a><\/strong><\/p>\n<p>Pripravil: satb.sk<br \/>\nFoto: arch\u00edv s\u00fa\u0165a\u017ee<\/p>\n","protected":false},"excerpt":{"rendered":"<p>Zborov\u00e9 podujatia na Slovensku znovu o\u017e\u00edvaj\u00fa. Po kult\u00farnej odm\u013ake v s\u00favislosti s pand\u00e9miou koronav\u00edrusu sa m\u00f4\u017eeme te\u0161i\u0165 na \u010fal\u0161\u00ed ro\u010dn\u00edk Medzin\u00e1rodnej s\u00fa\u0165a\u017ee pre dirigentov spev\u00e1ckych zborov.\u00a0<\/p>\n","protected":false},"author":1,"featured_media":5492,"comment_status":"closed","ping_status":"closed","sticky":false,"template":"","format":"standard","meta":{"om_disable_all_campaigns":false,"_monsterinsights_skip_tracking":false,"_monsterinsights_sitenote_active":false,"_monsterinsights_sitenote_note":"","_monsterinsights_sitenote_category":0,"spay_email":"","footnotes":"","jetpack_publicize_message":"","jetpack_is_tweetstorm":false},"categories":[49,22],"tags":[99,114,35],"class_list":["post-5489","post","type-post","status-publish","format-standard","has-post-thumbnail","hentry","category-aktualne","category-podujatia","tag-dirigent","tag-podujatie","tag-sutaz"],"aioseo_notices":[],"jetpack_featured_media_url":"https:\/\/i1.wp.com\/www.satb.sk\/wp-content\/uploads\/2020\/07\/Foto_Su\u0301t\u030caz\u030c-dirigentov.jpg?fit=960%2C720&ssl=1","jetpack_publicize_connections":[],"jetpack_sharing_enabled":true,"jetpack_shortlink":"https:\/\/wp.me\/pav5wC-1qx","jetpack-related-posts":[{"id":4070,"url":"https:\/\/www.satb.sk\/index.php\/2019\/05\/27\/jedinecna-sanca-pre-mladych-dirigentov\/","url_meta":{"origin":5489,"position":0},"title":"Jedine\u010dn\u00e1 \u0161anca pre mlad\u00fdch dirigentov","date":"27 m\u00e1ja, 2019","format":false,"excerpt":"Do konca m\u00e1ja je mo\u017en\u00e9 prihl\u00e1si\u0165 sa na Medzin\u00e1rodn\u00fa s\u00fa\u0165a\u017e pre mlad\u00fdch dirigentov.\u00a0 Franc\u00fazsky in\u0161tit\u00fat pre zborov\u00e9 umenie v spolupr\u00e1ci s Eur\u00f3pskou zborovou asoci\u00e1ciou - Europa Cantat organizuje deviaty ro\u010dn\u00edk Medzin\u00e1rodnej s\u00fa\u0165a\u017ee pre mlad\u00fdch dirigentov. S\u00fa\u0165a\u017e je ur\u010den\u00e1 pre dirigentov z cel\u00e9ho sveta vo veku 18 - 30 rokov. \u00da\u010dastn\u00edci\u2026","rel":"","context":"V &quot;PODUJATIA&quot;","img":{"alt_text":"","src":"https:\/\/i0.wp.com\/www.satb.sk\/wp-content\/uploads\/2019\/05\/IFAC-Bannie\u0300re-FB-Version-Anglaise-Fond-Noir-JPG.jpg?fit=851%2C315&ssl=1&resize=350%2C200","width":350,"height":200},"classes":[]},{"id":6115,"url":"https:\/\/www.satb.sk\/index.php\/2022\/01\/26\/pozname-terminy-mladez-spieva\/","url_meta":{"origin":5489,"position":1},"title":"Spojen\u00e9 ro\u010dn\u00edky a bez povinnej skladby. Pozn\u00e1me term\u00edny Ml\u00e1de\u017e spieva","date":"26 janu\u00e1ra, 2022","format":false,"excerpt":"Najstar\u0161ie zborov\u00e9 podujatie na Slovensku sa bude kona\u0165 aj napriek pand\u00e9mii.\u00a0 Po pandemickej odmlke sa pomaly vracaj\u00fa do kult\u00farneho \u017eivota aj podujatia pre spev\u00e1cke zbory. Tento rok sa uskuto\u010dn\u00ed 51. ro\u010dn\u00edk Celo\u0161t\u00e1tnej postupovej s\u00fa\u0165a\u017ee a prehliadky detsk\u00fdch a ml\u00e1de\u017en\u00edckych spev\u00e1ckych zborov Ml\u00e1de\u017e spieva 2022. Ml\u00e1de\u017e spieva patr\u00ed k vrcholn\u00fdm podujatiam\u2026","rel":"","context":"V &quot;AKTU\u00c1LNE&quot;","img":{"alt_text":"","src":"https:\/\/i0.wp.com\/www.satb.sk\/wp-content\/uploads\/2022\/01\/61852989_2298332020419336_8870836856296570880_n.jpeg?fit=1200%2C800&ssl=1&resize=350%2C200","width":350,"height":200},"classes":[]},{"id":692,"url":"https:\/\/www.satb.sk\/index.php\/2019\/01\/21\/podujatie-mladez-spieva-zverejnilo-propozicie\/","url_meta":{"origin":5489,"position":2},"title":"Podujatie Ml\u00e1de\u017e spieva zverejnilo propoz\u00edcie","date":"21 janu\u00e1ra, 2019","format":false,"excerpt":"Najstar\u0161ia postupov\u00e1 s\u00fa\u0165a\u017e a prehliadka v oblasti zborov\u00e9ho spevu na Slovensku zverejnila podmienky, na z\u00e1klade ktor\u00fdch sa m\u00f4\u017eu prihl\u00e1si\u0165 detsk\u00e9 spev\u00e1cke zbory do krajsk\u00fdch k\u00f4l s\u00fa\u0165a\u017ee. Podujatie Ml\u00e1de\u017e spieva je na zborovej sc\u00e9ne u\u017e od roku 1969 a tento rok sa pripravuje na oslavu svojho p\u00e4\u0165desiateho v\u00fdro\u010dia. S\u00fa\u0165a\u017en\u00e1 prehliadka bola\u2026","rel":"","context":"V &quot;PODUJATIA&quot;","img":{"alt_text":"","src":"https:\/\/i2.wp.com\/www.satb.sk\/wp-content\/uploads\/2019\/01\/19621074_252383868500134_2984842279771165822_o.jpg?fit=1200%2C900&ssl=1&resize=350%2C200","width":350,"height":200},"classes":[]},{"id":455,"url":"https:\/\/www.satb.sk\/index.php\/2018\/12\/03\/spoznajte-vitazov-dirigentskej-sutaze\/","url_meta":{"origin":5489,"position":3},"title":"Spoznajte v\u00ed\u0165azov dirigentskej s\u00fa\u0165a\u017ee","date":"3 decembra, 2018","format":false,"excerpt":"V Banskej Bystrici sa uskuto\u010dnil tret\u00ed ro\u010dn\u00edk medzin\u00e1rodnej dirigentskej s\u00fa\u0165a\u017ee s n\u00e1zvom Stretnutie nad zborovou partit\u00farou.\u00a0 S\u00fa\u0165a\u017e sa uskuto\u010dnila 23. \u2013 24. novembra na p\u00f4de Akad\u00e9mie umen\u00ed v Banskej Bystrici a bola ur\u010den\u00e1 pre \u0161tudentov dirigovania na konzervat\u00f3ri\u00e1ch, pedagogick\u00fdch fakult\u00e1ch a vysok\u00fdch umeleck\u00fdch \u0161kol\u00e1ch. Do s\u00fa\u0165a\u017ee sa prihl\u00e1silo celkovo dev\u00e4\u0165\u2026","rel":"","context":"V &quot;PODUJATIA&quot;","img":{"alt_text":"","src":"https:\/\/i0.wp.com\/www.satb.sk\/wp-content\/uploads\/2018\/12\/IMG_4215.jpg?fit=1200%2C799&ssl=1&resize=350%2C200","width":350,"height":200},"classes":[]},{"id":4619,"url":"https:\/\/www.satb.sk\/index.php\/2019\/11\/04\/vznikla-nova-sutaz-pre-spevakov-i-vokalne-telesa\/","url_meta":{"origin":5489,"position":4},"title":"Vznikla nov\u00e1 s\u00fa\u0165a\u017e pre spev\u00e1kov i vok\u00e1lne teles\u00e1","date":"4 novembra, 2019","format":false,"excerpt":"Prihl\u00e1ste sa na s\u00fa\u0165a\u017e Viano\u010dn\u00e1 piese\u0148 2019.\u00a0 Ob\u010dianske zdru\u017eenie \u0160tart organizuje prv\u00fd ro\u010dn\u00edk S\u00fa\u0165a\u017ee v speve adventn\u00fdch a viano\u010dn\u00fdch piesn\u00ed s n\u00e1zvom Viano\u010dn\u00e1 piese\u0148 2019. S\u00fa\u0165a\u017e sa uskuto\u010dn\u00ed 18. decembra 2019 v Divadle ARTEATRO v Bratislave a je ur\u010den\u00e1 najm\u00e4 \u017eiakom z\u00e1kladn\u00fdch a z\u00e1kladn\u00fdch umeleck\u00fdch \u0161k\u00f4l, stredn\u00fdch \u0161k\u00f4l, jednotlivcom, duet\u00e1m,\u2026","rel":"","context":"V &quot;PODUJATIA&quot;","img":{"alt_text":"","src":"https:\/\/i0.wp.com\/www.satb.sk\/wp-content\/uploads\/2019\/11\/Document-page-001.jpg?fit=1200%2C578&ssl=1&resize=350%2C200","width":350,"height":200},"classes":[]},{"id":5121,"url":"https:\/\/www.satb.sk\/index.php\/2020\/02\/11\/svatki-pisni\/","url_meta":{"origin":5489,"position":5},"title":"Zapojte sa do Sviatkov piesn\u00ed!","date":"11 febru\u00e1ra, 2020","format":false,"excerpt":"Festival Sv\u00e1tky p\u00edsni znovu otv\u00e1ra svoje br\u00e1ny a poz\u00fdva slovensk\u00e9 zbory na najv\u00e4\u010d\u0161iu zborov\u00fa udalos\u0165 v \u010ceskej republike. Od utorka 2. j\u00fana a\u017e do nedele 7. j\u00fana 2020 sa Olomouc zapln\u00ed spev\u00e1kmi a hudobn\u00edkmi zo v\u0161etk\u00fdch k\u00fatov sveta. Uskuto\u010dn\u00ed sa tam 48. ro\u010dn\u00edk podujatia Sv\u00e1tki p\u00edsni, najv\u00e4\u010d\u0161ieho \u010desk\u00e9ho festivalu pre\u2026","rel":"","context":"V &quot;AKTU\u00c1LNE&quot;","img":{"alt_text":"","src":"https:\/\/i1.wp.com\/www.satb.sk\/wp-content\/uploads\/2020\/02\/2019_SPO_Absolutni\u0301-vi\u0301te\u030cz-Choir-of-the-University-of-Economics-in-Katowice_1.6._Sa\u0301l-Reduta_DSC_9162.jpg?fit=1200%2C800&ssl=1&resize=350%2C200","width":350,"height":200},"classes":[]}],"_links":{"self":[{"href":"https:\/\/www.satb.sk\/index.php\/wp-json\/wp\/v2\/posts\/5489"}],"collection":[{"href":"https:\/\/www.satb.sk\/index.php\/wp-json\/wp\/v2\/posts"}],"about":[{"href":"https:\/\/www.satb.sk\/index.php\/wp-json\/wp\/v2\/types\/post"}],"author":[{"embeddable":true,"href":"https:\/\/www.satb.sk\/index.php\/wp-json\/wp\/v2\/users\/1"}],"replies":[{"embeddable":true,"href":"https:\/\/www.satb.sk\/index.php\/wp-json\/wp\/v2\/comments?post=5489"}],"version-history":[{"count":5,"href":"https:\/\/www.satb.sk\/index.php\/wp-json\/wp\/v2\/posts\/5489\/revisions"}],"predecessor-version":[{"id":5499,"href":"https:\/\/www.satb.sk\/index.php\/wp-json\/wp\/v2\/posts\/5489\/revisions\/5499"}],"wp:featuredmedia":[{"embeddable":true,"href":"https:\/\/www.satb.sk\/index.php\/wp-json\/wp\/v2\/media\/5492"}],"wp:attachment":[{"href":"https:\/\/www.satb.sk\/index.php\/wp-json\/wp\/v2\/media?parent=5489"}],"wp:term":[{"taxonomy":"category","embeddable":true,"href":"https:\/\/www.satb.sk\/index.php\/wp-json\/wp\/v2\/categories?post=5489"},{"taxonomy":"post_tag","embeddable":true,"href":"https:\/\/www.satb.sk\/index.php\/wp-json\/wp\/v2\/tags?post=5489"}],"curies":[{"name":"wp","href":"https:\/\/api.w.org\/{rel}","templated":true}]}}