{"id":5527,"date":"2020-12-01T19:57:06","date_gmt":"2020-12-01T19:57:06","guid":{"rendered":"https:\/\/www.satb.sk\/?p=5527"},"modified":"2020-12-01T19:58:38","modified_gmt":"2020-12-01T19:58:38","slug":"pripravte-sa-s-piesnami-na-vianoce","status":"publish","type":"post","link":"https:\/\/www.satb.sk\/index.php\/2020\/12\/01\/pripravte-sa-s-piesnami-na-vianoce\/","title":{"rendered":"Pripravte sa s pies\u0148ami na Vianoce"},"content":{"rendered":"<p><em><strong>Adventn\u00fd kalend\u00e1r 2020 bude pln\u00fd kvalitn\u00fdch piesn\u00ed pre v\u00e1\u0161 zbor.\u00a0<\/strong><\/em><\/p>\n<p><!--more--><\/p>\n<p>Aj tento rok v\u00e1m prinesieme dvadsa\u0165\u0161tyri in\u0161piruj\u00facich skladieb, ktor\u00e9 m\u00f4\u017eete spieva\u0165 so svoj\u00edm zborom po\u010das adventn\u00e9ho i viano\u010dn\u00e9ho obdobia. Skladby, ktor\u00e9 vyber\u00e1me s\u00fa ur\u010den\u00e9 pre r\u00f4zne typy spev\u00e1ckych zborov \u2013 pre detsk\u00e9 a ml\u00e1de\u017en\u00edcke zbory, \u017eensk\u00e9 i mu\u017esk\u00e9 zbory, ale aj pre mie\u0161an\u00e9 zbory a a cappella zoskupenia. Bonusom je, \u017ee ku v\u0161etk\u00fdm skladb\u00e1m priklad\u00e1me aj odkaz na webov\u00e9 str\u00e1nky, na ktor\u00fdch n\u00e1jdete notov\u00fd materi\u00e1l. Kalend\u00e1r bude obsahova\u0165 skladby r\u00f4znych \u017e\u00e1nrov od dom\u00e1cich i zahrani\u010dn\u00fdch skladate\u013eov.<br \/>\nTak ktor\u00fa skladbu si vyberiete do svojho viano\u010dn\u00e9ho reperto\u00e1ra?<\/p>\n<h3 style=\"text-align: center;\"><span style=\"color: #33a7a4;\"><a style=\"color: #33a7a4;\" href=\"https:\/\/www.satb.sk\/index.php\/magazin\/notovy-material\/adventny-kalendar\/adventny-kalendar-2020\/\"><strong>ADVENTN\u00dd KALEND\u00c1R 2020<\/strong><\/a><\/span><\/h3>\n<p>Pripravilo: <em>satb.sK<\/em><\/p>\n","protected":false},"excerpt":{"rendered":"<p>Adventn\u00fd kalend\u00e1r 2020 bude pln\u00fd kvalitn\u00fdch piesn\u00ed pre v\u00e1\u0161 zbor.\u00a0<\/p>\n","protected":false},"author":1,"featured_media":5532,"comment_status":"closed","ping_status":"closed","sticky":false,"template":"","format":"standard","meta":{"om_disable_all_campaigns":false,"_monsterinsights_skip_tracking":false,"_monsterinsights_sitenote_active":false,"_monsterinsights_sitenote_note":"","_monsterinsights_sitenote_category":0,"spay_email":"","footnotes":"","jetpack_publicize_message":"","jetpack_is_tweetstorm":false},"categories":[122,49],"tags":[36,121],"class_list":["post-5527","post","type-post","status-publish","format-standard","has-post-thumbnail","hentry","category-adventny-kalendar-2020","category-aktualne","tag-adventny-kalendar","tag-noty"],"aioseo_notices":[],"jetpack_featured_media_url":"https:\/\/i1.wp.com\/www.satb.sk\/wp-content\/uploads\/2020\/12\/Adventny\u0301-kalenda\u0301r-2020-vizua\u0301l.png?fit=1800%2C1200&ssl=1","jetpack_publicize_connections":[],"jetpack_sharing_enabled":true,"jetpack_shortlink":"https:\/\/wp.me\/pav5wC-1r9","jetpack-related-posts":[{"id":4741,"url":"https:\/\/www.satb.sk\/index.php\/2019\/12\/01\/adventny-kalendar-2019\/","url_meta":{"origin":5527,"position":0},"title":"Adventn\u00fd kalend\u00e1r 2019","date":"1 decembra, 2019","format":false,"excerpt":"Aj tento rok sme pre v\u00e1s pripravili adventn\u00fd kalend\u00e1r so zauj\u00edmav\u00fdmi skladbami. Nechajte sa in\u0161pirova\u0165 na\u0161im adventn\u00fdm v\u00fdberom. Ka\u017ed\u00fd de\u0148 po\u010das adventu v\u00e1m predstav\u00edme jednu skladbu s viano\u010dnou t\u00e9matikou, ktor\u00e1 obohat\u00ed v\u00e1\u0161 viano\u010dn\u00fd reperto\u00e1r.\u00a0Skladby bud\u00fa ur\u010den\u00e9 pre r\u00f4zne typy spev\u00e1ckych zborov - pre detsk\u00e9 a ml\u00e1de\u017en\u00edcke zbory, \u017eensk\u00e9 i mu\u017esk\u00e9\u2026","rel":"","context":"V &quot;ADVENTN\u00dd KALEND\u00c1R 2019&quot;","img":{"alt_text":"","src":"https:\/\/i0.wp.com\/www.satb.sk\/wp-content\/uploads\/2019\/12\/Add-a-heading.png?fit=1200%2C578&ssl=1&resize=350%2C200","width":350,"height":200},"classes":[]},{"id":419,"url":"https:\/\/www.satb.sk\/index.php\/2018\/11\/30\/pripravte-sa-s-nami-na-vianoce\/","url_meta":{"origin":5527,"position":1},"title":"Pripravte sa s nami na Vianoce!","date":"30 novembra, 2018","format":false,"excerpt":"Vianoce sa u\u017e nepam\u00e4ti sp\u00e1jaj\u00fa s obdob\u00edm adventu. Ale ak\u00fd by to bol advent bez adventn\u00e9ho kalend\u00e1ra? Preto sme pre v\u00e1s pripravili ADVENTN\u00dd KALEND\u00c1R PRE SPEV\u00c1CKE ZBORY. A\u017e do Vianoc v\u00e1m ka\u017ed\u00fd de\u0148 predstav\u00edme na na\u0161ej str\u00e1nke jedno dielo\u00a0pre spev\u00e1cke zbory s viano\u010dnou t\u00e9matikou. N\u00e1\u0161 adventn\u00fd kalend\u00e1r bude obsahova\u0165 diela\u2026","rel":"","context":"V &quot;ADVENTN\u00dd KALEND\u00c1R 2018&quot;","img":{"alt_text":"","src":"https:\/\/i1.wp.com\/www.satb.sk\/wp-content\/uploads\/2018\/11\/ADVENT-SO-ZBOROM-1.png?fit=820%2C312&ssl=1&resize=350%2C200","width":350,"height":200},"classes":[]},{"id":6080,"url":"https:\/\/www.satb.sk\/index.php\/2021\/12\/18\/18-den-u-betlema\/","url_meta":{"origin":5527,"position":2},"title":"18. de\u0148: U Betl\u00e9ma","date":"18 decembra, 2021","format":false,"excerpt":"Chv\u00e1la na nebi Bohu.\u00a0 V\u010deraj\u0161\u00ed de\u0148 patril \u010deskej kolede, ktor\u00e1 sa spieva nielen v \u010cesku, ale aj na Slovensku. Na podobn\u00fd v\u00fdber sme stavili aj dnes. Do adventn\u00e9ho kalend\u00e1ra sme zaradili zn\u00e1mu koledu U Betl\u00e9ma. Jednoduch\u00e1 mel\u00f3dia s pr\u00edjemn\u00fdm textom, ktor\u00fd rozpr\u00e1va pr\u00edbeh narodenia Krista je \u013eahko spievate\u013en\u00e1 aj pre\u2026","rel":"","context":"V &quot;ADVENTN\u00dd KALEND\u00c1R 2021&quot;","img":{"alt_text":"","src":"https:\/\/i0.wp.com\/www.satb.sk\/wp-content\/uploads\/2021\/12\/U-betlema.png?fit=1200%2C450&ssl=1&resize=350%2C200","width":350,"height":200},"classes":[]},{"id":449,"url":"https:\/\/www.satb.sk\/index.php\/2018\/12\/02\/2-den-a-jubilant-song\/","url_meta":{"origin":5527,"position":3},"title":"2. de\u0148: A Jubilant Song","date":"2 decembra, 2018","format":false,"excerpt":"V r\u00e1mci druh\u00e9ho d\u0148a adventn\u00e9ho kalend\u00e1ra v\u00e1m predstav\u00edme skladbu od Mary Lynn Lightfoot. A Jubilant Song. Skladate\u013eka Mary Lynn Lightfoot (1952) poch\u00e1dza z Missouri (USA) a tvorbe pre spev\u00e1cke zbory sa venuje u\u017e nieko\u013eko rokov. Na svojom konte m\u00e1 u\u017e viac ako 230 skomponovan\u00fdch diel a \u00faprav pre zbory. Medzi\u2026","rel":"","context":"V &quot;ADVENTN\u00dd KALEND\u00c1R 2018&quot;","img":{"alt_text":"","src":"https:\/\/i0.wp.com\/www.satb.sk\/wp-content\/uploads\/2018\/12\/1-1.png?fit=820%2C312&ssl=1&resize=350%2C200","width":350,"height":200},"classes":[]},{"id":6075,"url":"https:\/\/www.satb.sk\/index.php\/2021\/12\/17\/17-den-jak-si-krasne-nevinatko\/","url_meta":{"origin":5527,"position":4},"title":"17. de\u0148: Jak si kr\u00e1sne, nevi\u0148\u00e1tko","date":"17 decembra, 2021","format":false,"excerpt":"Pre Tebou pad\u00e1me, dary Ti d\u00e1vame.\u00a0 Ak\u00fd by to bol adventn\u00fd kalend\u00e1r, ak by sme do neho nezaradili aj \u010desk\u00e9 koledy? Jednou z nich je aj piese\u0148 Jak si kr\u00e1sn\u00e9, nevi\u0148\u00e1tko. T\u00fato tradi\u010dn\u00fa \u010desk\u00fa \u013eudov\u00fa koledu spievaj\u00fa na koncertoch predov\u0161etk\u00fdm deti alebo detsk\u00e9 spev\u00e1cke zbory, no existuj\u00fa aj ve\u013emi pekn\u00e9\u2026","rel":"","context":"V &quot;ADVENTN\u00dd KALEND\u00c1R 2021&quot;","img":{"alt_text":"","src":"https:\/\/i1.wp.com\/www.satb.sk\/wp-content\/uploads\/2021\/12\/17.-Jak-si-krasne-nevinatko_AK21_web.png?fit=1200%2C450&ssl=1&resize=350%2C200","width":350,"height":200},"classes":[]},{"id":5523,"url":"https:\/\/www.satb.sk\/index.php\/2020\/12\/01\/1-den-a-clare-benediction\/","url_meta":{"origin":5527,"position":5},"title":"1. de\u0148: A Clare Benediction","date":"1 decembra, 2020","format":false,"excerpt":"Prv\u00fd de\u0148 adventn\u00e9ho kalend\u00e1ra bude patri\u0165 s\u00fa\u010dasn\u00e9mu klasikovi zborovej literat\u00fary. Anglick\u00e9ho skladate\u013ea Johna Ruttera (*1945) nemus\u00edme predstavova\u0165 \u017eiadnemu zborov\u00e9mu nad\u0161encovi. V r\u00e1mci svojej tvorby sa u\u017e roky venuje predov\u0161etk\u00fdm vok\u00e1lnej a vok\u00e1lno in\u0161trument\u00e1lnej hudbe. Skladbu A Clare Benediction skomponoval v roku 1998 pre mie\u0161an\u00fd spev\u00e1cky zbor, organ a orchester. Text\u2026","rel":"","context":"V &quot;ADVENTN\u00dd KALEND\u00c1R 2020&quot;","img":{"alt_text":"","src":"https:\/\/i2.wp.com\/www.satb.sk\/wp-content\/uploads\/2020\/12\/1.A-Clare-Benedictione_AK2020.png?fit=1200%2C450&ssl=1&resize=350%2C200","width":350,"height":200},"classes":[]}],"_links":{"self":[{"href":"https:\/\/www.satb.sk\/index.php\/wp-json\/wp\/v2\/posts\/5527"}],"collection":[{"href":"https:\/\/www.satb.sk\/index.php\/wp-json\/wp\/v2\/posts"}],"about":[{"href":"https:\/\/www.satb.sk\/index.php\/wp-json\/wp\/v2\/types\/post"}],"author":[{"embeddable":true,"href":"https:\/\/www.satb.sk\/index.php\/wp-json\/wp\/v2\/users\/1"}],"replies":[{"embeddable":true,"href":"https:\/\/www.satb.sk\/index.php\/wp-json\/wp\/v2\/comments?post=5527"}],"version-history":[{"count":1,"href":"https:\/\/www.satb.sk\/index.php\/wp-json\/wp\/v2\/posts\/5527\/revisions"}],"predecessor-version":[{"id":5533,"href":"https:\/\/www.satb.sk\/index.php\/wp-json\/wp\/v2\/posts\/5527\/revisions\/5533"}],"wp:featuredmedia":[{"embeddable":true,"href":"https:\/\/www.satb.sk\/index.php\/wp-json\/wp\/v2\/media\/5532"}],"wp:attachment":[{"href":"https:\/\/www.satb.sk\/index.php\/wp-json\/wp\/v2\/media?parent=5527"}],"wp:term":[{"taxonomy":"category","embeddable":true,"href":"https:\/\/www.satb.sk\/index.php\/wp-json\/wp\/v2\/categories?post=5527"},{"taxonomy":"post_tag","embeddable":true,"href":"https:\/\/www.satb.sk\/index.php\/wp-json\/wp\/v2\/tags?post=5527"}],"curies":[{"name":"wp","href":"https:\/\/api.w.org\/{rel}","templated":true}]}}