{"id":5560,"date":"2020-12-02T20:56:32","date_gmt":"2020-12-02T20:56:32","guid":{"rendered":"https:\/\/www.satb.sk\/?p=5560"},"modified":"2020-12-02T20:56:32","modified_gmt":"2020-12-02T20:56:32","slug":"2-den-w-zlobie-lezy","status":"publish","type":"post","link":"https:\/\/www.satb.sk\/index.php\/2020\/12\/02\/2-den-w-zlobie-lezy\/","title":{"rendered":"2. de\u0148: W \u017c\u0142obie le\u017cy"},"content":{"rendered":"<h6><em><strong>Kto pobe\u017e\u00ed priv\u00edta\u0165 spasite\u013ea, ktor\u00fd sa pr\u00e1ve narodil?\u00a0<\/strong><\/em><\/h6>\n<p><!--more--><\/p>\n<p><span style=\"font-weight: 400;\">Opustil pokojn\u00e9 nebes\u00e1, zost\u00fapil na Zem, aby n\u00e1s vyk\u00fapil a \u010dak\u00e1 na na\u0161e pozdravenie v jasli\u010dk\u00e1ch. Po\u013esk\u00fd n\u00e1rod je podobne ako my n\u00e1rod spevav\u00fd, a preto chc\u00fa jeho obyvatelia pr\u00edchod mal\u00e9ho Je\u017ei\u0161ka osl\u00e1vi\u0165 pr\u00e1ve spevom. Piese\u0148 <\/span><i><span style=\"font-weight: 400;\">W \u017c\u0142obie le\u017cy<\/span><\/i><span style=\"font-weight: 400;\"> vznikla v 17. storo\u010d\u00ed a autorom textu bol Piotr Skarga (1536 \u2013 1612), ktor\u00fd prevzal mel\u00f3diu z polon\u00e9zy kr\u00e1\u013ea Wladyslawa IV. Koleda <\/span><i><span style=\"font-weight: 400;\">W \u017c\u0142obie le\u017cy<\/span><\/i><span style=\"font-weight: 400;\"> sa od svojho vzniku te\u0161ila popularite, \u010do zaru\u010dilo samozrejme sl\u00e1vu i jej autorovi. Dodnes patr\u00ed medzi najob\u013e\u00fabenej\u0161ie po\u013esk\u00e9 koledy, a preto ju n\u00e1jdeme v r\u00f4znych vok\u00e1lno-in\u0161trument\u00e1lnych prevedeniach. Odkaz na \u013eudov\u00fa kult\u00faru skrz mot\u00edvy, rytmy i v\u00fdber s\u00f3lov\u00fdch n\u00e1strojov (husle) a z\u00e1rove\u0148 d\u00f4sledn\u00e1 tempov\u00e1 dramaturgia je pr\u00edzna\u010dn\u00e1 predov\u0161etk\u00fdm pre po\u013esk\u00e9ho skladate\u013ea Macieja Maleckeho (1940). Jeho aran\u017en\u00e1m koledy <i>W \u017c\u0142obie le\u017cy <\/i>si m\u00f4\u017eete vypo\u010du\u0165 v ni\u017e\u0161ie prilo\u017eenom videu.\u00a0<\/span><\/p>\n<p style=\"text-align: center;\"><a href=\"http:\/\/religijne.org\/galeria\/W_zlobie_lezy_516315_1.pdf\"><strong>Jednohlasn\u00e1 \u00faprava<\/strong><\/a> piesne <em>W \u017c\u0142obie le\u017cy<br \/>\n<\/em>\u00daprava pre <a href=\"http:\/\/nuty.pl\/opracowanie\/ch%f3r,_g%b3osy:_SAB_i_organy\/W_%bf%b3obie_le%bfy.html\"><strong>SAB a organ<\/strong><\/a><br \/>\n\u00daprava pre a cappella <a href=\"http:\/\/nuty.pl\/opracowanie\/ch%f3r,_g%b3osy:_TTBB_a_cappella\/W_%bf%b3obie_le%bfy.html\"><strong>mu\u017esk\u00fd spev\u00e1cky zbor<\/strong><\/a><br \/>\n\u00daprava pre a cappella <a href=\"http:\/\/nuty.pl\/opracowanie\/ch%f3r,_g%b3osy:_SSAA_a_cappella\/W_%bf%b3obie_le%bfy.html\"><strong>\u017eensk\u00fd spev\u00e1cky zbor<\/strong><\/a><br \/>\n\u00daprava pre <a href=\"http:\/\/nuty.pl\/opracowanie\/ch%f3r,_g%b3osy:_SATB_a_cappella\/W_%bf%b3obie_le%bfy.html\"><strong>mie\u0161an\u00fd spev\u00e1cky zbor<\/strong><\/a><\/p>\n<p><span class=\"embed-youtube\" style=\"text-align:center; display: block;\"><iframe loading=\"lazy\" class=\"youtube-player\" width=\"837\" height=\"471\" src=\"https:\/\/www.youtube.com\/embed\/cnSnSnpCcNE?version=3&#038;rel=1&#038;showsearch=0&#038;showinfo=1&#038;iv_load_policy=1&#038;fs=1&#038;hl=sk-SK&#038;autohide=2&#038;wmode=transparent\" allowfullscreen=\"true\" style=\"border:0;\" sandbox=\"allow-scripts allow-same-origin allow-popups allow-presentation\"><\/iframe><\/span><\/p>\n<p>&nbsp;<\/p>\n<p>Pripravila: Krist\u00edna Gotthardty<\/p>\n","protected":false},"excerpt":{"rendered":"<p>Kto pobe\u017e\u00ed priv\u00edta\u0165 spasite\u013ea, ktor\u00fd sa pr\u00e1ve narodil?\u00a0<\/p>\n","protected":false},"author":1,"featured_media":5562,"comment_status":"closed","ping_status":"closed","sticky":false,"template":"","format":"standard","meta":{"om_disable_all_campaigns":false,"_monsterinsights_skip_tracking":false,"_monsterinsights_sitenote_active":false,"_monsterinsights_sitenote_note":"","_monsterinsights_sitenote_category":0,"spay_email":"","footnotes":"","jetpack_publicize_message":"","jetpack_is_tweetstorm":false},"categories":[122],"tags":[36,126,127],"class_list":["post-5560","post","type-post","status-publish","format-standard","has-post-thumbnail","hentry","category-adventny-kalendar-2020","tag-adventny-kalendar","tag-koledy","tag-polska-hudba"],"aioseo_notices":[],"jetpack_featured_media_url":"https:\/\/i2.wp.com\/www.satb.sk\/wp-content\/uploads\/2020\/12\/2.-W-z\u0307\u0142obie-lez\u0307y_AK2020_web.png?fit=3120%2C1170&ssl=1","jetpack_publicize_connections":[],"jetpack_sharing_enabled":true,"jetpack_shortlink":"https:\/\/wp.me\/pav5wC-1rG","jetpack-related-posts":[{"id":6063,"url":"https:\/\/www.satb.sk\/index.php\/2021\/12\/14\/14-den-ai-nama-mamina\/","url_meta":{"origin":5560,"position":0},"title":"14. de\u0148: Ai, nama mamina","date":"14 decembra, 2021","format":false,"excerpt":"No\u017ee, otvorte koledn\u00edkom z Loty\u0161ska! Pobalstk\u00e9 krajiny maj\u00fa vo svojich kult\u00farach ve\u013ek\u00fa zborov\u00fa trad\u00edciu. Zborov\u00fd spev je pre nich vyjadren\u00edm n\u00e1rodnej identity a jednoty, a preto nie je prekvapen\u00edm, \u017ee po\u010das viano\u010dn\u00e9ho obdobia maj\u00fa koledy svoje nezastupite\u013en\u00e9 miesto v reperto\u00e1ri tamoj\u0161\u00edch zborov. Jednou z nich je aj koleda Ai, nama\u2026","rel":"","context":"V &quot;ADVENTN\u00dd KALEND\u00c1R 2021&quot;","img":{"alt_text":"","src":"https:\/\/i1.wp.com\/www.satb.sk\/wp-content\/uploads\/2021\/12\/14.-Ai-nama-mamina_AK21_web.png?fit=1200%2C450&ssl=1&resize=350%2C200","width":350,"height":200},"classes":[]},{"id":6031,"url":"https:\/\/www.satb.sk\/index.php\/2021\/12\/09\/9-den-good-will-to-men-and-peace-on-earth\/","url_meta":{"origin":5560,"position":1},"title":"9. de\u0148: Good-will to men, and peace on Earth","date":"9 decembra, 2021","format":false,"excerpt":"Ke\u010f si britsk\u00fd vysielate\u013e objedn\u00e1 koledu.\u00a0 Jeden z najzn\u00e1mej\u0161\u00edch svetov\u00fdch vysielate\u013eov, britsk\u00e1 BBC stanica, m\u00e1 u\u017e nieko\u013eko rokov ve\u013emi mil\u00fa viano\u010dn\u00fa trad\u00edciu. Ka\u017ed\u00fd rok oslov\u00ed jedn\u00e9ho s\u00fa\u010dasn\u00e9ho skladate\u013ea, aby nap\u00edsal viano\u010dn\u00fa skladbu. V roku 2019 BBC oslovilo na spolupr\u00e1cu britsko-bulharsk\u00fa skladate\u013eku Dobrinku Tabakovo (*1980). Pri komponovan\u00ed sa Tabakova rozhodla zachova\u0165\u2026","rel":"","context":"V &quot;ADVENTN\u00dd KALEND\u00c1R 2021&quot;","img":{"alt_text":"","src":"https:\/\/i0.wp.com\/www.satb.sk\/wp-content\/uploads\/2021\/12\/9.-Good-will-to-men_AK2021_web.png?fit=1200%2C450&ssl=1&resize=350%2C200","width":350,"height":200},"classes":[]},{"id":6040,"url":"https:\/\/www.satb.sk\/index.php\/2021\/12\/11\/11-den-ya-vienen-los-reyes\/","url_meta":{"origin":5560,"position":2},"title":"11. de\u0148: Ya, Vienen Los Reyes","date":"11 decembra, 2021","format":false,"excerpt":"Traja kr\u00e1li zo \u0160panielska.\u00a0 Sviatok Troch kr\u00e1\u013eov sa na Slovensku sp\u00e1ja v\u00e4\u010d\u0161inou s koncom viano\u010dn\u00e9ho obdobia, no pre pravosl\u00e1vnych veriacich je v\u0161ak pr\u00e1ve tento de\u0148 d\u0148om Vianoc. V \u0160panielsku je zas trojkr\u00e1\u013eov\u00fd sviatok \u0161peci\u00e1lny hlavne pre deti, ktor\u00e9 v ten de\u0148 dostan\u00fa dar\u010deky. Symbolizuje to dary, ktor\u00e9 dostal pr\u00e1ve naroden\u00fd\u2026","rel":"","context":"V &quot;ADVENTN\u00dd KALEND\u00c1R 2021&quot;","img":{"alt_text":"","src":"https:\/\/i0.wp.com\/www.satb.sk\/wp-content\/uploads\/2021\/12\/11.-Ya-Vienen-Los-Reyes_AK21_web.png?fit=1200%2C450&ssl=1&resize=350%2C200","width":350,"height":200},"classes":[]},{"id":5975,"url":"https:\/\/www.satb.sk\/index.php\/2021\/12\/03\/3-den-din-cer-senin\/","url_meta":{"origin":5560,"position":3},"title":"3. de\u0148: Din Cer Senin","date":"3 decembra, 2021","format":false,"excerpt":"Ke\u010f sa anjeli rozhodn\u00fa spieva\u0165 po rumunsky.\u00a0 Viano\u010dn\u00e9 sviatky maj\u00fa v ka\u017edej kult\u00fare a v ka\u017edej krajine svoju vlastn\u00fa a nezameti\u013en\u00fa podobu. Ka\u017ed\u00fd n\u00e1rod m\u00e1 na Vianoce svoje tradi\u010dn\u00e9 jedlo, na ktor\u00e9 ned\u00e1 dopusti\u0165. Podobne je to aj s viano\u010dn\u00fdmi pies\u0148ami - koledami. Ka\u017ed\u00e1 krajina m\u00e1 tie svoje, ktor\u00e9 ku\u2026","rel":"","context":"V &quot;ADVENTN\u00dd KALEND\u00c1R 2021&quot;","img":{"alt_text":"","src":"https:\/\/i1.wp.com\/www.satb.sk\/wp-content\/uploads\/2021\/12\/3.-Din-Cer-Senin_AK2021_web.png?fit=1200%2C450&ssl=1&resize=350%2C200","width":350,"height":200},"classes":[]},{"id":6091,"url":"https:\/\/www.satb.sk\/index.php\/2021\/12\/20\/20-den-vstavajte-pastieri\/","url_meta":{"origin":5560,"position":4},"title":"20. de\u0148: Vst\u00e1vajte, pastieri","date":"20 decembra, 2021","format":false,"excerpt":"Koleda v \u00faprave slovensk\u00e9ho majstra.\u00a0 Po\u010das posledn\u00fdch dvadsiatich dn\u00ed sme pre\u0161li koledy z r\u00f4znych kraj\u00edn - od Ukrajiny a\u017e po Kanadu. Dnes sme do adventn\u00e9ho kalend\u00e1ra zaradili zn\u00e1mu koledu v \u00faprave od v\u00fdznamen\u00e9ho slovensk\u00e9ho skladate\u013ea Alexandra Moyzesa (1906 \u2013 1984) . Alexander Moyzes, syn Mikul\u00e1\u0161a Moyzesa, patr\u00ed medzi najd\u00f4le\u017eitej\u0161\u00edch slovensk\u00fdch\u2026","rel":"","context":"V &quot;ADVENTN\u00dd KALEND\u00c1R 2021&quot;","img":{"alt_text":"","src":"https:\/\/i1.wp.com\/www.satb.sk\/wp-content\/uploads\/2021\/12\/20.-Vstavajte-pastieri_AK21_web.png?fit=1200%2C450&ssl=1&resize=350%2C200","width":350,"height":200},"classes":[]},{"id":5986,"url":"https:\/\/www.satb.sk\/index.php\/2021\/12\/05\/5-den-radostne-dnes-spievajme\/","url_meta":{"origin":5560,"position":5},"title":"5. de\u0148: Radostne dnes spievajme","date":"5 decembra, 2021","format":false,"excerpt":"Skladba, ktor\u00fa nacisti chceli pretextova\u0165. Skladba, ktor\u00fa v\u00e1m dnes predstav\u00edme m\u00e1 viacero n\u00e1zvov. V latin\u010dine ju n\u00e1jdete pod menom Flos de radice Jesse (Kvet z kme\u0148a Jesseho), v angli\u010dine Lo, how a rose e'er blooming (H\u013ea ako kvitne ru\u017ea),\u00a0no najzn\u00e1mej\u0161\u00ed je jej p\u00f4vodn\u00fd nemeck\u00fd n\u00e1zov Es ist ein Ros entsprungen\u2026","rel":"","context":"V &quot;ADVENTN\u00dd KALEND\u00c1R 2021&quot;","img":{"alt_text":"","src":"https:\/\/i0.wp.com\/www.satb.sk\/wp-content\/uploads\/2021\/12\/5.-Radostne-dnes-spievajme_AK2021_web.png?fit=1200%2C450&ssl=1&resize=350%2C200","width":350,"height":200},"classes":[]}],"_links":{"self":[{"href":"https:\/\/www.satb.sk\/index.php\/wp-json\/wp\/v2\/posts\/5560"}],"collection":[{"href":"https:\/\/www.satb.sk\/index.php\/wp-json\/wp\/v2\/posts"}],"about":[{"href":"https:\/\/www.satb.sk\/index.php\/wp-json\/wp\/v2\/types\/post"}],"author":[{"embeddable":true,"href":"https:\/\/www.satb.sk\/index.php\/wp-json\/wp\/v2\/users\/1"}],"replies":[{"embeddable":true,"href":"https:\/\/www.satb.sk\/index.php\/wp-json\/wp\/v2\/comments?post=5560"}],"version-history":[{"count":2,"href":"https:\/\/www.satb.sk\/index.php\/wp-json\/wp\/v2\/posts\/5560\/revisions"}],"predecessor-version":[{"id":5563,"href":"https:\/\/www.satb.sk\/index.php\/wp-json\/wp\/v2\/posts\/5560\/revisions\/5563"}],"wp:featuredmedia":[{"embeddable":true,"href":"https:\/\/www.satb.sk\/index.php\/wp-json\/wp\/v2\/media\/5562"}],"wp:attachment":[{"href":"https:\/\/www.satb.sk\/index.php\/wp-json\/wp\/v2\/media?parent=5560"}],"wp:term":[{"taxonomy":"category","embeddable":true,"href":"https:\/\/www.satb.sk\/index.php\/wp-json\/wp\/v2\/categories?post=5560"},{"taxonomy":"post_tag","embeddable":true,"href":"https:\/\/www.satb.sk\/index.php\/wp-json\/wp\/v2\/tags?post=5560"}],"curies":[{"name":"wp","href":"https:\/\/api.w.org\/{rel}","templated":true}]}}