{"id":5600,"date":"2020-12-08T17:12:02","date_gmt":"2020-12-08T17:12:02","guid":{"rendered":"https:\/\/www.satb.sk\/?p=5600"},"modified":"2021-11-17T18:11:51","modified_gmt":"2021-11-17T18:11:51","slug":"8-den-festejo-de-navidad","status":"publish","type":"post","link":"https:\/\/www.satb.sk\/index.php\/2020\/12\/08\/8-den-festejo-de-navidad\/","title":{"rendered":"8. de\u0148: Festejo de Navidad"},"content":{"rendered":"<h6><em><strong>Zvesela oslavujme narodenie P\u00e1na ako v Peru!<\/strong><\/em><\/h6>\n<p><!--more--><\/p>\n<p>Mel\u00f3dia kompoz\u00edcie <em>Festejo de Navidad<\/em> je odvoden\u00e1 z tradi\u010dnej afro-peru\u00e1nskej piesne, ktor\u00e1 oslavuje pr\u00edchod P\u00e1na. Spont\u00e1nnu rados\u0165 mo\u017eno po\u010du\u0165 v tempe kompoz\u00edcie a tie\u017e v \u017eivelnosti mel\u00f3die. Autorom popul\u00e1rneho aran\u017em\u00e1nu je kardiol\u00f3g a hudobn\u00edk Herbert Bittrich (*1932) , ktor\u00fd hudobne ve\u013emi v\u00fdsti\u017ene skr\u00e1\u0161lil text Alfreda Ostoja. V texte sa spom\u00ednaj\u00fa r\u00f4znorod\u00e9 dary, ktor\u00e9 dones\u00fa traja kr\u00e1li novorodeniatku, pri\u010dom s\u00fa vymenovan\u00e9 tradi\u010dn\u00e9 potraviny pre peru\u00e1nsku oblas\u0165. V momente, kedy treba upokoji\u0165 pla\u010d\u00faceho Je\u017ei\u0161a sa piese\u0148 na \u010das spomal\u00ed a potom sa op\u00e4\u0165 radostne rozbehne. Kompoz\u00edcia <em>Festejo de Navidad<\/em> sa rokmi stala \u017eiadanou reperto\u00e1rovou chu\u0165ovkou, ktor\u00fa m\u00f4\u017eu spieva\u0165 i pokro\u010dil\u00e9 detsk\u00e9 zbory, ve\u010f pos\u00fa\u010fte sami.<\/p>\n<p style=\"text-align: center;\">Notov\u00fd materi\u00e1l pre <a href=\"https:\/\/www.sheetmusicplus.com\/title\/festejo-de-navidad-sheet-music\/20027455\"><strong>mie\u0161an\u00fd spev\u00e1cky zbor<\/strong><\/a><br \/>\nNotov\u00fd materi\u00e1l pre <a href=\"https:\/\/www.cpdl.org\/wiki\/images\/b\/b8\/Ws-brit-fes.pdf\"><strong>mie\u0161an\u00fd zbor na stiahnutie<\/strong><\/a><\/p>\n<p>&nbsp;<\/p>\n<p><span class=\"embed-youtube\" style=\"text-align:center; display: block;\"><iframe loading=\"lazy\" class=\"youtube-player\" width=\"837\" height=\"471\" src=\"https:\/\/www.youtube.com\/embed\/1bpx78_5wqE?version=3&#038;rel=1&#038;showsearch=0&#038;showinfo=1&#038;iv_load_policy=1&#038;fs=1&#038;hl=sk-SK&#038;autohide=2&#038;wmode=transparent\" allowfullscreen=\"true\" style=\"border:0;\" sandbox=\"allow-scripts allow-same-origin allow-popups allow-presentation\"><\/iframe><\/span><\/p>\n<p>Pripravila: Krist\u00edna Gotthardty<\/p>\n","protected":false},"excerpt":{"rendered":"<p>Zvesela oslavujme narodenie P\u00e1na ako v Peru!<\/p>\n","protected":false},"author":1,"featured_media":5602,"comment_status":"closed","ping_status":"closed","sticky":false,"template":"","format":"standard","meta":{"om_disable_all_campaigns":false,"_monsterinsights_skip_tracking":false,"_monsterinsights_sitenote_active":false,"_monsterinsights_sitenote_note":"","_monsterinsights_sitenote_category":0,"spay_email":"","footnotes":"","jetpack_publicize_message":"","jetpack_is_tweetstorm":false},"categories":[122],"tags":[36,45],"class_list":["post-5600","post","type-post","status-publish","format-standard","has-post-thumbnail","hentry","category-adventny-kalendar-2020","tag-adventny-kalendar","tag-miesany-zbor"],"aioseo_notices":[],"jetpack_featured_media_url":"https:\/\/i2.wp.com\/www.satb.sk\/wp-content\/uploads\/2020\/12\/8.-Festejo-de-Navidad_AK2020_web-1.png?fit=2080%2C780&ssl=1","jetpack_publicize_connections":[],"jetpack_sharing_enabled":true,"jetpack_shortlink":"https:\/\/wp.me\/pav5wC-1sk","jetpack-related-posts":[{"id":6104,"url":"https:\/\/www.satb.sk\/index.php\/2021\/12\/23\/24-den-laudate-dominum\/","url_meta":{"origin":5600,"position":0},"title":"23. de\u0148: Laudate Dominum","date":"23 decembra, 2021","format":false,"excerpt":"Skladba od klasika klasicizmu.\u00a0 V predve\u010der \u0160tedr\u00e9ho d\u0148a sme do adventn\u00e9ho kalend\u00e1ra zaradili zn\u00e1mu skladbu od jedn\u00e9ho z najv\u00e4\u010d\u0161\u00edch skladate\u013eov v hist\u00f3rii klasickej hudby - Wolfganga Amadea Mozarta (1756 \u2013 1791). Mozart po\u010das svojho kr\u00e1tkeho \u017eivota skomponoval viac ako 600 diel r\u00f4znych \u017e\u00e1nrov od opery a\u017e po jednoduch\u00e9 son\u00e1ty. V\u2026","rel":"","context":"V &quot;ADVENTN\u00dd KALEND\u00c1R 2021&quot;","img":{"alt_text":"","src":"https:\/\/i0.wp.com\/www.satb.sk\/wp-content\/uploads\/2021\/12\/23.-Laudate-Dominum_AK21_web.png?fit=1200%2C450&ssl=1&resize=350%2C200","width":350,"height":200},"classes":[]},{"id":5594,"url":"https:\/\/www.satb.sk\/index.php\/2020\/12\/07\/7-den-la-vifleem-colo-n-jos\/","url_meta":{"origin":5600,"position":1},"title":"7. de\u0148: La Vifleem, colo-n jos","date":"7 decembra, 2020","format":false,"excerpt":"Z\u00e1hadn\u00e1 rumunsk\u00e1 koleda so \u0161\u0165astn\u00fdm koncom. Rumunsk\u00fd skladate\u013e Nicolae Lungu (1900 \u2013 1993) komponoval preva\u017ene religi\u00f3znu hudbu a bol tie\u017e hudobn\u00fdm pedag\u00f3gom a zborov\u00fdm dirigentom. V r\u00e1mci svojho \u017eivota upravil a vydal viacero rumunsk\u00fdch kolied. Piese\u0148 La Vifleem, colo-n jos pojedn\u00e1va o pr\u00edchode P\u00e1na na svet. V Betleheme \u017eiari nebesk\u00e1\u2026","rel":"","context":"V &quot;ADVENTN\u00dd KALEND\u00c1R 2020&quot;","img":{"alt_text":"","src":"https:\/\/i2.wp.com\/www.satb.sk\/wp-content\/uploads\/2020\/12\/7.-La-Vifleem-colo-n-jos_AK2020_web.png?fit=1200%2C450&ssl=1&resize=350%2C200","width":350,"height":200},"classes":[]},{"id":5651,"url":"https:\/\/www.satb.sk\/index.php\/2020\/12\/20\/20-den-amuworo-ayi-otu-nwa\/","url_meta":{"origin":5600,"position":2},"title":"20. de\u0148: Amuworo ayi otu nwa","date":"20 decembra, 2020","format":false,"excerpt":"Nigersk\u00e1 rados\u0165 z narodenia P\u00e1na. Ka\u017ed\u00fd n\u00e1rod, \u010di kult\u00fara pre\u017e\u00edvania sviato\u010dn\u00e9 dni s in\u00fdm temperamentom. Vianoce sa sl\u00e1via skrz kolonizovanie a misijn\u00fa \u010dinnos\u0165 i na Africkom kontinente. Ako budeme po\u010du\u0165 v piesni Amuworo ayi otu nwa tamoj\u0161\u00ed sp\u00f4sob oslavovania je o \u010dosi radostnej\u0161\u00ed a spont\u00e1nnej\u0161\u00ed ako ten n\u00e1\u0161 eur\u00f3psky. Nigersk\u00fd\u2026","rel":"","context":"V &quot;ADVENTN\u00dd KALEND\u00c1R 2020&quot;","img":{"alt_text":"","src":"https:\/\/i0.wp.com\/www.satb.sk\/wp-content\/uploads\/2020\/12\/20.-Amuworo-ayi-otu-nwa_AK2020_web.png?fit=1200%2C450&ssl=1&resize=350%2C200","width":350,"height":200},"classes":[]},{"id":4956,"url":"https:\/\/www.satb.sk\/index.php\/2019\/12\/23\/22-den-african-noel\/","url_meta":{"origin":5600,"position":3},"title":"22. de\u0148: African Noel","date":"23 decembra, 2019","format":false,"excerpt":"Koledn\u00edcky duch z Afriky. Ak sa v zbore neboj\u00edte rytmizova\u0165, mohla by v\u00e1s zauja\u0165 \u00faprava tradi\u010dnej africkej koledy Sing Noel! od americk\u00e9ho skladate\u013ea Victora. C. Johnsona (*1978). Postupn\u00e9 nap\u00e1janie sa hlasov, jednoduch\u00e9, no efektn\u00e9 harm\u00f3nie, letm\u00e9 polyf\u00f3nie a neut\u00edchaj\u00faca rados\u0165 zo spevu - to s\u00fa hlavn\u00e9 zbrane tejto kompoz\u00edcie. Ver\u00edme,\u2026","rel":"","context":"V &quot;ADVENTN\u00dd KALEND\u00c1R 2019&quot;","img":{"alt_text":"","src":"https:\/\/i1.wp.com\/www.satb.sk\/wp-content\/uploads\/2019\/12\/22.African-Noel_AK19_baner.png?fit=820%2C312&ssl=1&resize=350%2C200","width":350,"height":200},"classes":[]},{"id":5618,"url":"https:\/\/www.satb.sk\/index.php\/2020\/12\/12\/12-den-vois-sur-ton-chemin\/","url_meta":{"origin":5600,"position":4},"title":"12. de\u0148: Vois sur ton chemin","date":"12 decembra, 2020","format":false,"excerpt":"Ke\u010f spievaj\u00fa sl\u00e1vici v klietke.\u00a0 Piese\u0148 Vois sur ton chemin (H\u013ea\u010f na svoju cestu) bola pou\u017eit\u00e1 v roku 2004 vo franc\u00fazskom filme Les Choristers (Sl\u00e1vici v klietke). Hudbu a text nap\u00edsali skladate\u013e Bruno Coulais and re\u017eis\u00e9r Christophe Barratier. Dej filmu je o u\u010dite\u013eovi, ktor\u00fd pri\u0161iel u\u010dit do intern\u00e1tnej \u0161koly pre\u2026","rel":"","context":"V &quot;ADVENTN\u00dd KALEND\u00c1R 2020&quot;","img":{"alt_text":"","src":"https:\/\/i0.wp.com\/www.satb.sk\/wp-content\/uploads\/2020\/12\/12.-Vois-sur-ton-chemin_AK2020_web.png?fit=1200%2C450&ssl=1&resize=350%2C200","width":350,"height":200},"classes":[]},{"id":5622,"url":"https:\/\/www.satb.sk\/index.php\/2020\/12\/14\/14-den-ave-verum\/","url_meta":{"origin":5600,"position":5},"title":"14. de\u0148: Ave Verum","date":"14 decembra, 2020","format":false,"excerpt":"Ke\u010f klav\u00edrny virtu\u00f3z nap\u00ed\u0161e skladbu pre spev\u00e1cky zbor.\u00a0 Ke\u010f sa povie Ave Verum, v\u00e4\u010d\u0161ina \u013eud\u00ed si spomenie na skladbu Wolfganga Amadea Mozarta. M\u00e1lokomu sa t\u00e1to skladba spoj\u00ed s legend\u00e1rnym klav\u00edrnym g\u00e9niom Franzom Lisztom (1811 - 1886). Liszt zlo\u017eil t\u00fato skladbu pre mie\u0161an\u00fd spev\u00e1cky zbor v sprievode organu a skladba ofici\u00e1lne\u2026","rel":"","context":"V &quot;ADVENTN\u00dd KALEND\u00c1R 2020&quot;","img":{"alt_text":"","src":"https:\/\/i1.wp.com\/www.satb.sk\/wp-content\/uploads\/2020\/12\/14.-Ave-verum_AK2020_web.png?fit=1200%2C450&ssl=1&resize=350%2C200","width":350,"height":200},"classes":[]}],"_links":{"self":[{"href":"https:\/\/www.satb.sk\/index.php\/wp-json\/wp\/v2\/posts\/5600"}],"collection":[{"href":"https:\/\/www.satb.sk\/index.php\/wp-json\/wp\/v2\/posts"}],"about":[{"href":"https:\/\/www.satb.sk\/index.php\/wp-json\/wp\/v2\/types\/post"}],"author":[{"embeddable":true,"href":"https:\/\/www.satb.sk\/index.php\/wp-json\/wp\/v2\/users\/1"}],"replies":[{"embeddable":true,"href":"https:\/\/www.satb.sk\/index.php\/wp-json\/wp\/v2\/comments?post=5600"}],"version-history":[{"count":4,"href":"https:\/\/www.satb.sk\/index.php\/wp-json\/wp\/v2\/posts\/5600\/revisions"}],"predecessor-version":[{"id":5899,"href":"https:\/\/www.satb.sk\/index.php\/wp-json\/wp\/v2\/posts\/5600\/revisions\/5899"}],"wp:featuredmedia":[{"embeddable":true,"href":"https:\/\/www.satb.sk\/index.php\/wp-json\/wp\/v2\/media\/5602"}],"wp:attachment":[{"href":"https:\/\/www.satb.sk\/index.php\/wp-json\/wp\/v2\/media?parent=5600"}],"wp:term":[{"taxonomy":"category","embeddable":true,"href":"https:\/\/www.satb.sk\/index.php\/wp-json\/wp\/v2\/categories?post=5600"},{"taxonomy":"post_tag","embeddable":true,"href":"https:\/\/www.satb.sk\/index.php\/wp-json\/wp\/v2\/tags?post=5600"}],"curies":[{"name":"wp","href":"https:\/\/api.w.org\/{rel}","templated":true}]}}