{"id":5610,"date":"2020-12-10T19:51:16","date_gmt":"2020-12-10T19:51:16","guid":{"rendered":"https:\/\/www.satb.sk\/?p=5610"},"modified":"2020-12-10T19:51:16","modified_gmt":"2020-12-10T19:51:16","slug":"10-den-stromecku-nechod-spat","status":"publish","type":"post","link":"https:\/\/www.satb.sk\/index.php\/2020\/12\/10\/10-den-stromecku-nechod-spat\/","title":{"rendered":"10. de\u0148: Strome\u010dku, necho\u010f sp\u00e1t"},"content":{"rendered":"<h6><em><strong>Ke\u010f jedna n\u00e1v\u0161teva detsk\u00e9ho domova vytvor\u00ed sple\u0165 t\u00f3nov.<\/strong><\/em><\/h6>\n<p><!--more--><\/p>\n<p>Skladate\u013e Petr Eben (1929 \u2013 2007) patr\u00ed k najv\u00fdznamnej\u0161\u00edm \u010desk\u00fdm skladate\u013eom. Jeho rozsiahla skladate\u013esk\u00e1 tvorba zasahovala do r\u00f4znych \u017e\u00e1nrov vr\u00e1tane opery, baletu \u010di duchovnej hudby. V zozname jeho diel n\u00e1jdeme aj ve\u013emi ve\u013ea skladieb pre spev\u00e1cke zbory. K nim patr\u00ed aj \u0161tvordielny cyklus <em>Viano\u010dn\u00e9 piesne. <\/em>Eben skomponoval hudbu na texty rozhlasov\u00e9ho redaktora Pavla Tuml\u00ed\u0159e. Tuml\u00ed\u0159 ich nap\u00edsal v roku 1960 po n\u00e1v\u0161teve Detsk\u00e9ho domova, kam sa vybral vo viano\u010dnom obdob\u00ed ako redaktor \u010ceskoslovensk\u00e9ho rozhlasu. O dva roky nesk\u00f4r sa uskuto\u010dnila premi\u00e9ra skladbi\u010diek v podan\u00ed Plzensk\u00e9ho detsk\u00e9ho zboru a odvtedy boli piesne u\u017e pravidelne s\u00fa\u010das\u0165ou viano\u010dn\u00fdch zborov\u00fdch programov. Cyklus obsahuje spolu \u0161tyri skladby: <em>Strome\u010dku, necho\u010f sp\u00e1t \u2013 Koleda \u2013 Tajemstv\u00ed \u2013 O t\u0159ech zvone\u010dc\u00edch<\/em>. Skladbi\u010dky s\u00fa ur\u010den\u00e9 pre dvojhlasn\u00fd alebo trojhlasn\u00fd detsk\u00fd zbor v sprievode klav\u00edra.<\/p>\n<p style=\"text-align: center;\">Notov\u00fd materi\u00e1l pre <a href=\"https:\/\/www.radioteka.cz\/detail\/cronoty-479482-petr-eben-ctyri-vanocni-pisne-ctyri-lidove-pisne-podzimni-ctyri-lidove-pisne-zimni\"><strong>detsk\u00fd spev\u00e1cky zbor<\/strong><\/a><\/p>\n<p><span class=\"embed-youtube\" style=\"text-align:center; display: block;\"><iframe loading=\"lazy\" class=\"youtube-player\" width=\"837\" height=\"471\" src=\"https:\/\/www.youtube.com\/embed\/HJ569ZcGcHI?version=3&#038;rel=1&#038;showsearch=0&#038;showinfo=1&#038;iv_load_policy=1&#038;fs=1&#038;hl=sk-SK&#038;autohide=2&#038;wmode=transparent&#038;listType=playlist&#038;list=OLAK5uy_nhsl_wxGTFLQ6Q3ecjDW7TuwF0FqpyfQ4\" allowfullscreen=\"true\" style=\"border:0;\" sandbox=\"allow-scripts allow-same-origin allow-popups allow-presentation\"><\/iframe><\/span><\/p>\n<p>Pripravila: <em>satb.sK<\/em><\/p>\n<p>&nbsp;<\/p>\n","protected":false},"excerpt":{"rendered":"<p>Ke\u010f jedna n\u00e1v\u0161teva detsk\u00e9ho domova vytvor\u00ed sple\u0165 t\u00f3nov.<\/p>\n","protected":false},"author":1,"featured_media":5611,"comment_status":"closed","ping_status":"closed","sticky":false,"template":"","format":"standard","meta":{"om_disable_all_campaigns":false,"_monsterinsights_skip_tracking":false,"_monsterinsights_sitenote_active":false,"_monsterinsights_sitenote_note":"","_monsterinsights_sitenote_category":0,"spay_email":"","footnotes":"","jetpack_publicize_message":"","jetpack_is_tweetstorm":false},"categories":[122],"tags":[36,51,134],"class_list":["post-5610","post","type-post","status-publish","format-standard","has-post-thumbnail","hentry","category-adventny-kalendar-2020","tag-adventny-kalendar","tag-detsky-zbor","tag-petr-eben"],"aioseo_notices":[],"jetpack_featured_media_url":"https:\/\/i1.wp.com\/www.satb.sk\/wp-content\/uploads\/2020\/12\/10.-Stromec\u030cku-nechod\u030c-spa\u0301t_AK2020_web.png?fit=2080%2C780&ssl=1","jetpack_publicize_connections":[],"jetpack_sharing_enabled":true,"jetpack_shortlink":"https:\/\/wp.me\/pav5wC-1su","jetpack-related-posts":[{"id":4787,"url":"https:\/\/www.satb.sk\/index.php\/2019\/12\/06\/6-den-ave-maria\/","url_meta":{"origin":5610,"position":0},"title":"6. de\u0148: Ave Maria","date":"6 decembra, 2019","format":false,"excerpt":"Hudobn\u00e1 n\u00e1dielka od skuto\u010dn\u00e9ho Mikul\u00e1\u0161a.\u00a0 Ke\u010f sa povie Ave Maria, v\u00e4\u010d\u0161ina \u013eud\u00ed si v hlave vybav\u00ed zn\u00e1me skladby od Charlesa Gounoda \u010di Giulia Cacciniho. Vedeli ste v\u0161ak, \u017ee existuje aj verzia od slovensk\u00e9ho skladate\u013ea? Skladate\u013e, dirigent a hudobn\u00fd pedag\u00f3g Mikul\u00e1\u0161 Scheider-Trnavsk\u00fd (1881 - 1958) patr\u00ed k predstavite\u013eom star\u0161ej \u0161koly slovensk\u00fdch\u2026","rel":"","context":"V &quot;ADVENTN\u00dd KALEND\u00c1R 2019&quot;","img":{"alt_text":"","src":"https:\/\/i2.wp.com\/www.satb.sk\/wp-content\/uploads\/2019\/12\/6.Ave-Maria_AK19_baner.png?fit=820%2C312&ssl=1&resize=350%2C200","width":350,"height":200},"classes":[]},{"id":5644,"url":"https:\/\/www.satb.sk\/index.php\/2020\/12\/18\/18-den-gesu-bambino\/","url_meta":{"origin":5610,"position":1},"title":"18. de\u0148: Ges\u00f9 bambino","date":"18 decembra, 2020","format":false,"excerpt":"Ke\u010f organista sklad\u00e1 koledy.\u00a0 P\u00edsal sa rok 1907.\u00a0 John. B. Young, k\u0148az v Kostole sv. Franti\u0161ka Xaversk\u00e9ho v Manhattane, odi\u0161iel na slu\u017eobn\u00fa cestu do R\u00edma. Cie\u013e bol okrem in\u00e9ho n\u00e1js\u0165 n\u00e1hradu za\u00a0 kostoln\u00e9ho organistu Gastona Dethiera, ktor\u00fd zo slu\u017eby odch\u00e1dzal kv\u00f4li koncertnej kari\u00e9re. Ke\u010f Young po\u010dul hra\u0165 vo Vatik\u00e1ne Pietra\u2026","rel":"","context":"V &quot;ADVENTN\u00dd KALEND\u00c1R 2020&quot;","img":{"alt_text":"","src":"https:\/\/i2.wp.com\/www.satb.sk\/wp-content\/uploads\/2020\/12\/18.-Gesu\u0300-bambino_AK2020_web.png?fit=1200%2C450&ssl=1&resize=350%2C200","width":350,"height":200},"classes":[]},{"id":5663,"url":"https:\/\/www.satb.sk\/index.php\/2020\/12\/24\/24-den-khristos-spasitel\/","url_meta":{"origin":5610,"position":2},"title":"24. de\u0148: Khristos Spasite\u013e","date":"24 decembra, 2020","format":false,"excerpt":"Pomp\u00e9zny a z\u00e1rove\u0148 skromn\u00fd z\u00e1ver adventn\u00e9ho kalend\u00e1ra.\u00a0 Z\u00e1ver tohtoro\u010dn\u00e9ho kalend\u00e1ra uzatvor\u00edme n\u00e1dhernou pravosl\u00e1vnou koledou. O po\u0302vode slov tejto koledy vieme len ma\u0301lo. Hudba piesne patr\u00ed k s\u00fa\u010dasnej tvorbe a zloz\u030cil ju igumen Teofan (Ziborov), absolvent \u0161peci\u00e1lnej triedy pre nadan\u00fdch \u0161tudentov pri Azerbajd\u017eanskom konzervat\u00f3riu v odbore klav\u00edr a skladate\u013estvo. Nesk\u00f4r ukon\u010dil\u2026","rel":"","context":"V &quot;ADVENTN\u00dd KALEND\u00c1R 2020&quot;","img":{"alt_text":"","src":"https:\/\/i0.wp.com\/www.satb.sk\/wp-content\/uploads\/2020\/12\/24.-Kristos-Spasitel_AK2020_web.png?fit=1200%2C450&ssl=1&resize=350%2C200","width":350,"height":200},"classes":[]},{"id":6080,"url":"https:\/\/www.satb.sk\/index.php\/2021\/12\/18\/18-den-u-betlema\/","url_meta":{"origin":5610,"position":3},"title":"18. de\u0148: U Betl\u00e9ma","date":"18 decembra, 2021","format":false,"excerpt":"Chv\u00e1la na nebi Bohu.\u00a0 V\u010deraj\u0161\u00ed de\u0148 patril \u010deskej kolede, ktor\u00e1 sa spieva nielen v \u010cesku, ale aj na Slovensku. Na podobn\u00fd v\u00fdber sme stavili aj dnes. Do adventn\u00e9ho kalend\u00e1ra sme zaradili zn\u00e1mu koledu U Betl\u00e9ma. Jednoduch\u00e1 mel\u00f3dia s pr\u00edjemn\u00fdm textom, ktor\u00fd rozpr\u00e1va pr\u00edbeh narodenia Krista je \u013eahko spievate\u013en\u00e1 aj pre\u2026","rel":"","context":"V &quot;ADVENTN\u00dd KALEND\u00c1R 2021&quot;","img":{"alt_text":"","src":"https:\/\/i0.wp.com\/www.satb.sk\/wp-content\/uploads\/2021\/12\/U-betlema.png?fit=1200%2C450&ssl=1&resize=350%2C200","width":350,"height":200},"classes":[]},{"id":6083,"url":"https:\/\/www.satb.sk\/index.php\/2021\/12\/19\/19-den-the-huron-carol\/","url_meta":{"origin":5610,"position":4},"title":"19. de\u0148: The Huron Carol","date":"19 decembra, 2021","format":false,"excerpt":"Najstar\u0161ia kanadsk\u00e1 koleda.\u00a0 P\u00edsal sa rok 1625, ke\u010f do kanadsk\u00e9ho Qu\u00e9becu pr\u00e1ve pri\u0161iel mlad\u00fd jezuitsk\u00fd mn\u00edch Jean de Br\u00e9beuf (1593 \u2013 1649). Jeho hlavnou misiou bolo roz\u0161\u00edri\u0165 kres\u0165ansk\u00fa vieru medzi p\u00f4vodn\u00fdmi severoamerick\u00fdmi kme\u0148mi. Jeho mision\u00e1rske poslanie nakoniec na\u0161lo uplatnenie u Hur\u00f3nov. Br\u00e9beuf sa do svojej misie \u00faplne ponoril - sledoval\u2026","rel":"","context":"V &quot;ADVENTN\u00dd KALEND\u00c1R 2021&quot;","img":{"alt_text":"","src":"https:\/\/i1.wp.com\/www.satb.sk\/wp-content\/uploads\/2021\/12\/19.-The-Huron-Carol_AK21_web.png?fit=1200%2C450&ssl=1&resize=350%2C200","width":350,"height":200},"classes":[]},{"id":600,"url":"https:\/\/www.satb.sk\/index.php\/2018\/12\/20\/20-den-ninaj-nijaj\/","url_meta":{"origin":5610,"position":5},"title":"20. de\u0148: Ninaj, nijaj","date":"20 decembra, 2018","format":false,"excerpt":"Dvadsiaty de\u0148 adventn\u00e9ho kalend\u00e1ra patr\u00ed kolede v \u00faprave \u010fal\u0161ieho slovensk\u00e9ho velik\u00e1na. Ninaj, ninaj.\u00a0 J\u00e1n Cikker\u00a0(1911 - 1989) patril medzi slovensk\u00fdch skladate\u013eov, ktor\u00fdch tvorba bola silne in\u0161pirovan\u00e1 \u013eudovou tvorbou. Preto nie je prekvapuj\u00face, \u017ee aj on upravil a spracoval slovensk\u00e9 koledy pre mie\u0161an\u00fd spev\u00e1cky zbor. Koleda Ninaj, Ninaj patr\u00ed k jeho\u2026","rel":"","context":"V &quot;ADVENTN\u00dd KALEND\u00c1R 2018&quot;","img":{"alt_text":"","src":"https:\/\/i1.wp.com\/www.satb.sk\/wp-content\/uploads\/2018\/12\/20.png?fit=820%2C312&ssl=1&resize=350%2C200","width":350,"height":200},"classes":[]}],"_links":{"self":[{"href":"https:\/\/www.satb.sk\/index.php\/wp-json\/wp\/v2\/posts\/5610"}],"collection":[{"href":"https:\/\/www.satb.sk\/index.php\/wp-json\/wp\/v2\/posts"}],"about":[{"href":"https:\/\/www.satb.sk\/index.php\/wp-json\/wp\/v2\/types\/post"}],"author":[{"embeddable":true,"href":"https:\/\/www.satb.sk\/index.php\/wp-json\/wp\/v2\/users\/1"}],"replies":[{"embeddable":true,"href":"https:\/\/www.satb.sk\/index.php\/wp-json\/wp\/v2\/comments?post=5610"}],"version-history":[{"count":1,"href":"https:\/\/www.satb.sk\/index.php\/wp-json\/wp\/v2\/posts\/5610\/revisions"}],"predecessor-version":[{"id":5612,"href":"https:\/\/www.satb.sk\/index.php\/wp-json\/wp\/v2\/posts\/5610\/revisions\/5612"}],"wp:featuredmedia":[{"embeddable":true,"href":"https:\/\/www.satb.sk\/index.php\/wp-json\/wp\/v2\/media\/5611"}],"wp:attachment":[{"href":"https:\/\/www.satb.sk\/index.php\/wp-json\/wp\/v2\/media?parent=5610"}],"wp:term":[{"taxonomy":"category","embeddable":true,"href":"https:\/\/www.satb.sk\/index.php\/wp-json\/wp\/v2\/categories?post=5610"},{"taxonomy":"post_tag","embeddable":true,"href":"https:\/\/www.satb.sk\/index.php\/wp-json\/wp\/v2\/tags?post=5610"}],"curies":[{"name":"wp","href":"https:\/\/api.w.org\/{rel}","templated":true}]}}