{"id":5654,"date":"2020-12-23T15:17:58","date_gmt":"2020-12-23T15:17:58","guid":{"rendered":"https:\/\/www.satb.sk\/?p=5654"},"modified":"2020-12-23T15:18:37","modified_gmt":"2020-12-23T15:18:37","slug":"23-den-panacek-spi","status":"publish","type":"post","link":"https:\/\/www.satb.sk\/index.php\/2020\/12\/23\/23-den-panacek-spi\/","title":{"rendered":"23. de\u0148: Pan\u00e1\u010dek sp\u00ed"},"content":{"rendered":"<h6><em><strong>Ke\u010f z viano\u010dnej mel\u00f3die c\u00edti\u0165 renesanciu.\u00a0<\/strong><\/em><\/h6>\n<p><!--more--><\/p>\n<p>Koleda <em>Pan\u00e1\u010dek sp\u00ed<\/em> patr\u00ed k tradi\u010dn\u00e9mu viano\u010dn\u00e9mu reperto\u00e1ru u na\u0161ich \u010desk\u00fdch susedov. Jednoduch\u00e1 mel\u00f3dia, ktor\u00e1 okma\u017eite evokuje obdobie renesancie m\u00e1 korene v 16. storo\u010d\u00ed. Text piesne <em>Puer Natus in Betlehem <\/em>poch\u00e1dza e\u0161te z obdobia stredoveku a je to tradi\u010dn\u00fd viano\u010dn\u00fd kres\u0165ansk\u00fd hymnus. Autor textu nie je zn\u00e1my, no hymnus pou\u017eili vo svojich dielach viacer\u00ed hudobn\u00ed skladatelia.<\/p>\n<p style=\"text-align: center;\">Notov\u00fd materi\u00e1l pre <a href=\"https:\/\/sborkytlice.files.wordpress.com\/2016\/01\/panacek-spi-4.pdf\"><strong>mie\u0161an\u00fd spev\u00e1cky zbor<\/strong><\/a><\/p>\n<p><span class=\"embed-youtube\" style=\"text-align:center; display: block;\"><iframe loading=\"lazy\" class=\"youtube-player\" width=\"837\" height=\"471\" src=\"https:\/\/www.youtube.com\/embed\/KItlloeqfB4?version=3&#038;rel=1&#038;showsearch=0&#038;showinfo=1&#038;iv_load_policy=1&#038;fs=1&#038;hl=sk-SK&#038;autohide=2&#038;wmode=transparent\" allowfullscreen=\"true\" style=\"border:0;\" sandbox=\"allow-scripts allow-same-origin allow-popups allow-presentation\"><\/iframe><\/span><\/p>\n<p>Pripravilo: <em>satb.sK<\/em><\/p>\n","protected":false},"excerpt":{"rendered":"<p>Ke\u010f z viano\u010dnej mel\u00f3die c\u00edti\u0165 renesanciu.\u00a0<\/p>\n","protected":false},"author":1,"featured_media":5668,"comment_status":"closed","ping_status":"closed","sticky":false,"template":"","format":"standard","meta":{"om_disable_all_campaigns":false,"_monsterinsights_skip_tracking":false,"_monsterinsights_sitenote_active":false,"_monsterinsights_sitenote_note":"","_monsterinsights_sitenote_category":0,"spay_email":"","footnotes":"","jetpack_publicize_message":"","jetpack_is_tweetstorm":false},"categories":[122],"tags":[36,45],"class_list":["post-5654","post","type-post","status-publish","format-standard","has-post-thumbnail","hentry","category-adventny-kalendar-2020","tag-adventny-kalendar","tag-miesany-zbor"],"aioseo_notices":[],"jetpack_featured_media_url":"https:\/\/i0.wp.com\/www.satb.sk\/wp-content\/uploads\/2020\/12\/23.-Panacek-spi_AK2020_web.png?fit=2080%2C780&ssl=1","jetpack_publicize_connections":[],"jetpack_sharing_enabled":true,"jetpack_shortlink":"https:\/\/wp.me\/pav5wC-1tc","jetpack-related-posts":[{"id":5986,"url":"https:\/\/www.satb.sk\/index.php\/2021\/12\/05\/5-den-radostne-dnes-spievajme\/","url_meta":{"origin":5654,"position":0},"title":"5. de\u0148: Radostne dnes spievajme","date":"5 decembra, 2021","format":false,"excerpt":"Skladba, ktor\u00fa nacisti chceli pretextova\u0165. Skladba, ktor\u00fa v\u00e1m dnes predstav\u00edme m\u00e1 viacero n\u00e1zvov. V latin\u010dine ju n\u00e1jdete pod menom Flos de radice Jesse (Kvet z kme\u0148a Jesseho), v angli\u010dine Lo, how a rose e'er blooming (H\u013ea ako kvitne ru\u017ea),\u00a0no najzn\u00e1mej\u0161\u00ed je jej p\u00f4vodn\u00fd nemeck\u00fd n\u00e1zov Es ist ein Ros entsprungen\u2026","rel":"","context":"V &quot;ADVENTN\u00dd KALEND\u00c1R 2021&quot;","img":{"alt_text":"","src":"https:\/\/i0.wp.com\/www.satb.sk\/wp-content\/uploads\/2021\/12\/5.-Radostne-dnes-spievajme_AK2021_web.png?fit=1200%2C450&ssl=1&resize=350%2C200","width":350,"height":200},"classes":[]},{"id":506,"url":"https:\/\/www.satb.sk\/index.php\/2018\/12\/07\/7-den-o-nata-lux\/","url_meta":{"origin":5654,"position":1},"title":"7. de\u0148: O Nata Lux","date":"7 decembra, 2018","format":false,"excerpt":"V r\u00e1mci siedmeho d\u0148a adventn\u00e9ho kalend\u00e1ra v\u00e1m predstav\u00edme dvojak\u00e9 spracovanie diela. O Nata Lux. Latinsk\u00fd hymnus O Nata Lux Lumine, v preklade \"svetlo zroden\u00e9 zo svetla\", zhudobnili u\u017e viacer\u00ed skladatelia, napr\u00edklad Thomas Tallis, Danis Mason, Mark Chapman \u010di Scott Villard. Najpopul\u00e1rnej\u0161ou verziou sa v\u0161ak stala \u00faprava od americk\u00e9ho skladate\u013ea Mortena\u2026","rel":"","context":"V &quot;ADVENTN\u00dd KALEND\u00c1R 2018&quot;","img":{"alt_text":"","src":"https:\/\/i1.wp.com\/www.satb.sk\/wp-content\/uploads\/2018\/12\/7.png?fit=820%2C312&ssl=1&resize=350%2C200","width":350,"height":200},"classes":[]},{"id":6075,"url":"https:\/\/www.satb.sk\/index.php\/2021\/12\/17\/17-den-jak-si-krasne-nevinatko\/","url_meta":{"origin":5654,"position":2},"title":"17. de\u0148: Jak si kr\u00e1sne, nevi\u0148\u00e1tko","date":"17 decembra, 2021","format":false,"excerpt":"Pre Tebou pad\u00e1me, dary Ti d\u00e1vame.\u00a0 Ak\u00fd by to bol adventn\u00fd kalend\u00e1r, ak by sme do neho nezaradili aj \u010desk\u00e9 koledy? Jednou z nich je aj piese\u0148 Jak si kr\u00e1sn\u00e9, nevi\u0148\u00e1tko. T\u00fato tradi\u010dn\u00fa \u010desk\u00fa \u013eudov\u00fa koledu spievaj\u00fa na koncertoch predov\u0161etk\u00fdm deti alebo detsk\u00e9 spev\u00e1cke zbory, no existuj\u00fa aj ve\u013emi pekn\u00e9\u2026","rel":"","context":"V &quot;ADVENTN\u00dd KALEND\u00c1R 2021&quot;","img":{"alt_text":"","src":"https:\/\/i1.wp.com\/www.satb.sk\/wp-content\/uploads\/2021\/12\/17.-Jak-si-krasne-nevinatko_AK21_web.png?fit=1200%2C450&ssl=1&resize=350%2C200","width":350,"height":200},"classes":[]},{"id":5573,"url":"https:\/\/www.satb.sk\/index.php\/2020\/12\/05\/5-den-oj-djetesce-moje-drago\/","url_meta":{"origin":5654,"position":3},"title":"5. de\u0148: Oj, Djete\u0161ce Moje Drago","date":"5 decembra, 2020","format":false,"excerpt":"Die\u0165a moje, blaho moje. Hol\u00fabok m\u00f4j milen\u00fd, ty si prav\u00fd Bo\u017e\u00ed syn a nik in\u00fd. Piese\u0148 Oj, Djete\u0161ce Moje Drago je akoby M\u00e1riinou usp\u00e1vankou pre mal\u00e9ho Je\u017ei\u0161a. Nemo\u017eno sa teda divi\u0165, \u017ee v zborovej \u00faprave sa t\u00e1to chorv\u00e1tska \u013eudov\u00e1 koleda vyskytuje i v obsaden\u00ed pre \u017eensk\u00fd spev\u00e1cky zbor. Pr\u00edjemn\u00e1 farba\u2026","rel":"","context":"V &quot;ADVENTN\u00dd KALEND\u00c1R 2020&quot;","img":{"alt_text":"","src":"https:\/\/i1.wp.com\/www.satb.sk\/wp-content\/uploads\/2020\/12\/5.-Oj-Djetes\u030cce-Moje-Drago_AK2020_web.png?fit=1200%2C450&ssl=1&resize=350%2C200","width":350,"height":200},"classes":[]},{"id":5982,"url":"https:\/\/www.satb.sk\/index.php\/2021\/12\/04\/4-den-amazing-grace\/","url_meta":{"origin":5654,"position":4},"title":"4. de\u0148: Amazing Grace","date":"4 decembra, 2021","format":false,"excerpt":"\u00da\u017easn\u00e1 je milos\u0165, ktor\u00fa n\u00e1jdete v tejto piesni.\u00a0 P\u00edsal sa rok 1748. Dvadsa\u0165triro\u010dn\u00fd John Newton (1725 \u2013 1807) sl\u00fa\u017eiaci v n\u00e1morn\u00edctve sa ocitne uprostred z\u00fariacej b\u00farky na mori bl\u00edzko \u00edrskeho pobre\u017eia. B\u00farka je tak\u00e1 zl\u00e1, \u017ee mlad\u00edk v z\u00fafalstve pros\u00ed Boha o milos\u0165, aby ho zachr\u00e1nil. Lo\u010f sa zb\u00farky napokon\u2026","rel":"","context":"V &quot;ADVENTN\u00dd KALEND\u00c1R 2021&quot;","img":{"alt_text":"","src":"https:\/\/i0.wp.com\/www.satb.sk\/wp-content\/uploads\/2021\/12\/4.-Amazing-Grace_AK2021_web.png?fit=1200%2C450&ssl=1&resize=350%2C200","width":350,"height":200},"classes":[]},{"id":6104,"url":"https:\/\/www.satb.sk\/index.php\/2021\/12\/23\/24-den-laudate-dominum\/","url_meta":{"origin":5654,"position":5},"title":"23. de\u0148: Laudate Dominum","date":"23 decembra, 2021","format":false,"excerpt":"Skladba od klasika klasicizmu.\u00a0 V predve\u010der \u0160tedr\u00e9ho d\u0148a sme do adventn\u00e9ho kalend\u00e1ra zaradili zn\u00e1mu skladbu od jedn\u00e9ho z najv\u00e4\u010d\u0161\u00edch skladate\u013eov v hist\u00f3rii klasickej hudby - Wolfganga Amadea Mozarta (1756 \u2013 1791). Mozart po\u010das svojho kr\u00e1tkeho \u017eivota skomponoval viac ako 600 diel r\u00f4znych \u017e\u00e1nrov od opery a\u017e po jednoduch\u00e9 son\u00e1ty. V\u2026","rel":"","context":"V &quot;ADVENTN\u00dd KALEND\u00c1R 2021&quot;","img":{"alt_text":"","src":"https:\/\/i0.wp.com\/www.satb.sk\/wp-content\/uploads\/2021\/12\/23.-Laudate-Dominum_AK21_web.png?fit=1200%2C450&ssl=1&resize=350%2C200","width":350,"height":200},"classes":[]}],"_links":{"self":[{"href":"https:\/\/www.satb.sk\/index.php\/wp-json\/wp\/v2\/posts\/5654"}],"collection":[{"href":"https:\/\/www.satb.sk\/index.php\/wp-json\/wp\/v2\/posts"}],"about":[{"href":"https:\/\/www.satb.sk\/index.php\/wp-json\/wp\/v2\/types\/post"}],"author":[{"embeddable":true,"href":"https:\/\/www.satb.sk\/index.php\/wp-json\/wp\/v2\/users\/1"}],"replies":[{"embeddable":true,"href":"https:\/\/www.satb.sk\/index.php\/wp-json\/wp\/v2\/comments?post=5654"}],"version-history":[{"count":2,"href":"https:\/\/www.satb.sk\/index.php\/wp-json\/wp\/v2\/posts\/5654\/revisions"}],"predecessor-version":[{"id":5667,"href":"https:\/\/www.satb.sk\/index.php\/wp-json\/wp\/v2\/posts\/5654\/revisions\/5667"}],"wp:featuredmedia":[{"embeddable":true,"href":"https:\/\/www.satb.sk\/index.php\/wp-json\/wp\/v2\/media\/5668"}],"wp:attachment":[{"href":"https:\/\/www.satb.sk\/index.php\/wp-json\/wp\/v2\/media?parent=5654"}],"wp:term":[{"taxonomy":"category","embeddable":true,"href":"https:\/\/www.satb.sk\/index.php\/wp-json\/wp\/v2\/categories?post=5654"},{"taxonomy":"post_tag","embeddable":true,"href":"https:\/\/www.satb.sk\/index.php\/wp-json\/wp\/v2\/tags?post=5654"}],"curies":[{"name":"wp","href":"https:\/\/api.w.org\/{rel}","templated":true}]}}