{"id":5657,"date":"2020-12-21T18:32:19","date_gmt":"2020-12-21T18:32:19","guid":{"rendered":"https:\/\/www.satb.sk\/?p=5657"},"modified":"2020-12-21T18:32:19","modified_gmt":"2020-12-21T18:32:19","slug":"21-den-narodil-sa-kristus-pan","status":"publish","type":"post","link":"https:\/\/www.satb.sk\/index.php\/2020\/12\/21\/21-den-narodil-sa-kristus-pan\/","title":{"rendered":"21. de\u0148: Narodil sa Kristus P\u00e1n"},"content":{"rendered":"<h6><em><strong>Klasick\u00e1 koleda v podan\u00ed s\u00fa\u010dasn\u00e9ho slovensk\u00e9ho skladate\u013ea.\u00a0<\/strong><\/em><\/h6>\n<p><!--more--><\/p>\n<p><span style=\"font-weight: 400;\">Pomaly sa bl\u00ed\u017ei de\u0148, kedy sl\u00e1vime narodenie Je\u017ei\u0161a Krista. \u013dudia na celom svete k tejto pr\u00edle\u017eitosti vytvorili desiatky piesn\u00ed, ktor\u00fdmi chc\u00fa osl\u00e1vi\u0165 pr\u00edchod P\u00e1na. V slovenskej pies\u0148ovej trad\u00edcii to nie je inak, \u013eudov\u00e9 koledy zaran\u017eovalo pre zborov\u00e9 obsadenie viacero skladate\u013eov. Jedn\u00fdm z nich je i Pavol Kr\u0161ka &#8211; skladate\u013e a pedag\u00f3g, ktor\u00fd p\u00f4sobil dlh\u00e9 roky na \u017eilinskom konzervat\u00f3riu a vychoval cel\u00fa gener\u00e1ciu mlad\u00fdch skladate\u013eov. Nap\u00edsal viacero vok\u00e1lno-in\u0161trument\u00e1lnych diel &#8211; <\/span><i><span style=\"font-weight: 400;\">Viano\u010dn\u00e1 om\u0161a<\/span><\/i><span style=\"font-weight: 400;\">, <\/span><i><span style=\"font-weight: 400;\">Missa brevis<\/span><\/i><span style=\"font-weight: 400;\">, <\/span><i><span style=\"font-weight: 400;\">Magnificat<\/span><\/i><span style=\"font-weight: 400;\">, <\/span><i><span style=\"font-weight: 400;\">Stabat Mater<\/span><\/i><span style=\"font-weight: 400;\"> aj <\/span><i><span style=\"font-weight: 400;\">Rekviem<\/span><\/i><span style=\"font-weight: 400;\">. Upravil i nieko\u013eko kolied, z ktor\u00fdch sme dnes vybrali piese\u0148 <\/span><i><span style=\"font-weight: 400;\">Narodil sa Kristus P\u00e1n<\/span><\/i><span style=\"font-weight: 400;\">. Kr\u0161ka prist\u00fapil k aran\u017em\u00e1nu celkom humorne, nako\u013eko bas a tenor robia hlavnej mel\u00f3dii v sopr\u00e1ne sprievod stroh\u00fdm, ale za to rytmick\u00fdm pam pam. Sopr\u00e1n a alt nes\u00fa mel\u00f3diu, ktor\u00e1 si vzdu\u0161ne lieta nad mu\u017esk\u00fdmi hlasmi a prin\u00e1\u0161a rados\u0165 z pr\u00edchodu P\u00e1na v\u0161etk\u00fdm posluch\u00e1\u010dom.<\/span><\/p>\n<p style=\"text-align: center;\">Notov\u00fd materi\u00e1l je dostupn\u00fd priamo u skladate\u013ea na adrese:<br \/>\n<a href=\"http:\/\/pavolkrska.sk\/\"><strong>info@pavolkrska.sk<\/strong><\/a><\/p>\n<p><span class=\"embed-youtube\" style=\"text-align:center; display: block;\"><iframe loading=\"lazy\" class=\"youtube-player\" width=\"837\" height=\"471\" src=\"https:\/\/www.youtube.com\/embed\/gqJ6VmrxH8c?version=3&#038;rel=1&#038;showsearch=0&#038;showinfo=1&#038;iv_load_policy=1&#038;fs=1&#038;hl=sk-SK&#038;autohide=2&#038;wmode=transparent\" allowfullscreen=\"true\" style=\"border:0;\" sandbox=\"allow-scripts allow-same-origin allow-popups allow-presentation\"><\/iframe><\/span><\/p>\n<p>Pripravila: Krist\u00edna Gotthardty<\/p>\n","protected":false},"excerpt":{"rendered":"<p>Klasick\u00e1 koleda v podan\u00ed s\u00fa\u010dasn\u00e9ho slovensk\u00e9ho skladate\u013ea.\u00a0<\/p>\n","protected":false},"author":1,"featured_media":5658,"comment_status":"closed","ping_status":"closed","sticky":false,"template":"","format":"standard","meta":{"om_disable_all_campaigns":false,"_monsterinsights_skip_tracking":false,"_monsterinsights_sitenote_active":false,"_monsterinsights_sitenote_note":"","_monsterinsights_sitenote_category":0,"spay_email":"","footnotes":"","jetpack_publicize_message":"","jetpack_is_tweetstorm":false},"categories":[122],"tags":[],"class_list":["post-5657","post","type-post","status-publish","format-standard","has-post-thumbnail","hentry","category-adventny-kalendar-2020"],"aioseo_notices":[],"jetpack_featured_media_url":"https:\/\/i1.wp.com\/www.satb.sk\/wp-content\/uploads\/2020\/12\/21.-Narodil-sa-Kristus-Pa\u0301n_AK2020_web.png?fit=2080%2C780&ssl=1","jetpack_publicize_connections":[],"jetpack_sharing_enabled":true,"jetpack_shortlink":"https:\/\/wp.me\/pav5wC-1tf","jetpack-related-posts":[{"id":435,"url":"https:\/\/www.satb.sk\/index.php\/2018\/12\/01\/1-den-veni-veni-emmanuel\/","url_meta":{"origin":5657,"position":0},"title":"1. de\u0148: Veni, Veni Emmanuel","date":"1 decembra, 2018","format":false,"excerpt":"Prv\u00fd de\u0148 Adventn\u00e9ho kalend\u00e1ra pre spev\u00e1cke zbory za\u010dneme skladbou, ktor\u00e1 sa s adventom sp\u00e1ja u\u017e nieko\u013eko storo\u010d\u00ed. Veni, Veni Emmanuel (Pr\u00ed\u010f, Pr\u00ed\u010f Emmanuel). Text tohto hymnusu bol prv\u00fdkr\u00e1t vydan\u00fd v r\u00e1mci zbierky Psalteriolum Cantionum Catholicarum v Kol\u00edne v roku 1710. P\u00f4vodn\u00fd text v\u0161ak m\u00f4\u017eeme n\u00e1js\u0165 u\u017e pribli\u017ene v 9. storo\u010d\u00ed\u2026","rel":"","context":"V &quot;ADVENTN\u00dd KALEND\u00c1R 2018&quot;","img":{"alt_text":"","src":"https:\/\/i0.wp.com\/www.satb.sk\/wp-content\/uploads\/2018\/12\/1-5.png?fit=820%2C312&ssl=1&resize=350%2C200","width":350,"height":200},"classes":[]},{"id":3813,"url":"https:\/\/www.satb.sk\/index.php\/2019\/03\/18\/tento-spevacky-zbor-sa-stal-milacikom-publika\/","url_meta":{"origin":5657,"position":1},"title":"Tento spev\u00e1cky zbor sa stal mil\u00e1\u010dikom publika","date":"18 marca, 2019","format":false,"excerpt":"Na ACDA konferencii za\u017eiarilo viacero spev\u00e1ckych zborov. No najviac si publikum z\u00edskal vynikaj\u00faci spev\u00e1cky zbor Aeolians z Oakwood Univerzity v Alabame. Spev\u00e1cky zbor\u00a0Aeolians bol zalo\u017een\u00fd v roku 1946 dirigentkou Evou B. Dykes. U\u017e od svojho vzniku patril ku \u0161pi\u010dkov\u00fdm spev\u00e1ckym zborom. Koncertoval napr\u00edklad v Kennedyho centre vo Washingtone \u010di v\u2026","rel":"","context":"V &quot;MAGAZ\u00cdN&quot;","img":{"alt_text":"","src":"https:\/\/i0.wp.com\/www.satb.sk\/wp-content\/uploads\/2019\/03\/20017599_1360492570703548_6781390756574016467_o.jpg?fit=1024%2C682&ssl=1&resize=350%2C200","width":350,"height":200},"classes":[]},{"id":5965,"url":"https:\/\/www.satb.sk\/index.php\/2021\/12\/02\/2-den-the-lords-prayer\/","url_meta":{"origin":5657,"position":2},"title":"2. de\u0148: The Lord's Prayer","date":"2 decembra, 2021","format":false,"excerpt":"Ke\u010f si od Disneyho odbehnete skomponova\u0165 modlitbu. V zborovom svete azda neexistuje spev\u00e1k, \u010di dirigent, ktor\u00fd by nepoznal modlitbu Ot\u010de n\u00e1\u0161 zn\u00e1mu v anglickom preklade pod n\u00e1zvom The Lord's Prayer. Text tejto najbe\u017enej\u0161ej modlitby pou\u017eilo vo svojej tvorbe tis\u00edcky skladate\u013eov r\u00f4zneho \u017e\u00e1nru, obdobia i n\u00e1rodnosti. Ke\u010f dostal americk\u00fd klavirista a\u2026","rel":"","context":"V &quot;ADVENTN\u00dd KALEND\u00c1R 2021&quot;","img":{"alt_text":"","src":"https:\/\/i0.wp.com\/www.satb.sk\/wp-content\/uploads\/2021\/12\/2.-The-Lords-Prayer_AK2021_web.png?fit=1200%2C450&ssl=1&resize=350%2C200","width":350,"height":200},"classes":[]},{"id":5091,"url":"https:\/\/www.satb.sk\/index.php\/2020\/02\/10\/hladaju-sa-spevaci-zo-slovenska-do-unikatneho-projektu\/","url_meta":{"origin":5657,"position":3},"title":"H\u013eadaj\u00fa sa spev\u00e1ci zo Slovenska do unik\u00e1tneho projektu","date":"10 febru\u00e1ra, 2020","format":false,"excerpt":"Zapojte sa do Eur\u00f3pskeho ml\u00e1de\u017en\u00edckeho zboru a sta\u0148te sa s\u00fa\u010das\u0165ou Beethovenov\u00fdch osl\u00e1v v Nemecku a Belgicku. Rok 2020 je pre svet klasickej hudby ve\u013emi v\u00fdnimo\u010dn\u00fd. Pripom\u00edname si 250. v\u00fdro\u010die narodenia jedn\u00e9ho z najv\u00fdznamnej\u0161\u00edch skladate\u013eov v hist\u00f3rii hudby -\u00a0Ludwiga van Beethovena (1770 - 1827). Pri tejto pr\u00edle\u017eitosti organizuje Eur\u00f3pska zborov\u00e1 asoci\u00e1cia\u2026","rel":"","context":"V &quot;AKTU\u00c1LNE&quot;","img":{"alt_text":"","src":"https:\/\/i0.wp.com\/www.satb.sk\/wp-content\/uploads\/2020\/02\/fbe1debc-c16f-4252-b713-8d266e528fd5-e1581522786295.jpg?fit=1023%2C442&ssl=1&resize=350%2C200","width":350,"height":200},"classes":[]},{"id":4469,"url":"https:\/\/www.satb.sk\/index.php\/2019\/10\/16\/workshop-pre-dirigentov-spevackych-zborov\/","url_meta":{"origin":5657,"position":4},"title":"Workshop pre dirigentov spev\u00e1ckych zborov","date":"16 okt\u00f3bra, 2019","format":false,"excerpt":"V Smi\u017eanoch sa uskuto\u010dn\u00ed \u0161kolenie na rozvoj dirigentsk\u00fdch zru\u010dnost\u00ed.\u00a0 Spi\u0161sk\u00e9 osvetov\u00e9 stredisko v Spi\u0161skej Novej Vsi organizuje workshop pre dirigentov spev\u00e1ckych zborov.\u00a0Cie\u013eom workshopu je skvalitni\u0165 pr\u00edpravu dirigentov v\u0161etk\u00fdch druhov spev\u00e1ckych zborov a zv\u00fd\u0161i\u0165 ich umeleck\u00fa \u00farove\u0148. Odbornou lektorkou \u0161kolenia bud\u00fa Tatiana \u0160vajkov\u00e1, zbormajsterka a pedagogi\u010dka Filozofickej fakulty Pre\u0161ovskej univerzity v\u2026","rel":"","context":"V &quot;PODUJATIA&quot;","img":{"alt_text":"","src":"https:\/\/i1.wp.com\/www.satb.sk\/wp-content\/uploads\/2019\/10\/Sni\u0301mka-obrazovky-2019-10-15-o-9.09.39.png?fit=951%2C630&ssl=1&resize=350%2C200","width":350,"height":200},"classes":[]},{"id":5641,"url":"https:\/\/www.satb.sk\/index.php\/2020\/12\/17\/17-den-giv-mig-ej-glans-ej-guld-ej-prakt\/","url_meta":{"origin":5657,"position":5},"title":"17. de\u0148: Giv mig ej glans, ej guld, ej prakt","date":"17 decembra, 2020","format":false,"excerpt":"Pokojn\u00e1 koleda z najsevernej\u0161\u00edch \u010dast\u00ed Eur\u00f3py. Viano\u010dn\u00fd \u010das sl\u00e1via aj seversk\u00e9 krajiny, v ktor\u00fdch je po\u010das tohto obdobia ve\u013emi kr\u00e1tky de\u0148. Krajina je v \u0161ere a tme po v\u00e4\u010d\u0161inu \u010dasu, \u010do mo\u017eno vpl\u00fdva aj na hudobn\u00fdch skladate\u013eov. V roku 1895 tridsiatnik Jean Sibelius (1865 \u2013 1957) zhudobnil \u0161tyri b\u00e1sne Zachariasa\u2026","rel":"","context":"V &quot;ADVENTN\u00dd KALEND\u00c1R 2020&quot;","img":{"alt_text":"","src":"https:\/\/i0.wp.com\/www.satb.sk\/wp-content\/uploads\/2020\/12\/17.-Giv-mig-ej-glans-ej-guld-ej-prakt_AK2020_web.png?fit=1200%2C450&ssl=1&resize=350%2C200","width":350,"height":200},"classes":[]}],"_links":{"self":[{"href":"https:\/\/www.satb.sk\/index.php\/wp-json\/wp\/v2\/posts\/5657"}],"collection":[{"href":"https:\/\/www.satb.sk\/index.php\/wp-json\/wp\/v2\/posts"}],"about":[{"href":"https:\/\/www.satb.sk\/index.php\/wp-json\/wp\/v2\/types\/post"}],"author":[{"embeddable":true,"href":"https:\/\/www.satb.sk\/index.php\/wp-json\/wp\/v2\/users\/1"}],"replies":[{"embeddable":true,"href":"https:\/\/www.satb.sk\/index.php\/wp-json\/wp\/v2\/comments?post=5657"}],"version-history":[{"count":1,"href":"https:\/\/www.satb.sk\/index.php\/wp-json\/wp\/v2\/posts\/5657\/revisions"}],"predecessor-version":[{"id":5659,"href":"https:\/\/www.satb.sk\/index.php\/wp-json\/wp\/v2\/posts\/5657\/revisions\/5659"}],"wp:featuredmedia":[{"embeddable":true,"href":"https:\/\/www.satb.sk\/index.php\/wp-json\/wp\/v2\/media\/5658"}],"wp:attachment":[{"href":"https:\/\/www.satb.sk\/index.php\/wp-json\/wp\/v2\/media?parent=5657"}],"wp:term":[{"taxonomy":"category","embeddable":true,"href":"https:\/\/www.satb.sk\/index.php\/wp-json\/wp\/v2\/categories?post=5657"},{"taxonomy":"post_tag","embeddable":true,"href":"https:\/\/www.satb.sk\/index.php\/wp-json\/wp\/v2\/tags?post=5657"}],"curies":[{"name":"wp","href":"https:\/\/api.w.org\/{rel}","templated":true}]}}