{"id":5680,"date":"2021-02-07T11:03:32","date_gmt":"2021-02-07T11:03:32","guid":{"rendered":"https:\/\/www.satb.sk\/?p=5680"},"modified":"2021-02-07T11:11:20","modified_gmt":"2021-02-07T11:11:20","slug":"spievanie-v-zbore-z-pohodlia-obyvacky","status":"publish","type":"post","link":"https:\/\/www.satb.sk\/index.php\/2021\/02\/07\/spievanie-v-zbore-z-pohodlia-obyvacky\/","title":{"rendered":"Spievanie v zbore z pohodlia ob\u00fdva\u010dky"},"content":{"rendered":"<h6 class=\"p2\"><strong><i>Online zborov\u00e1 kni\u017enica spev\u00e1ckeho zboru Technik STU.<\/i> <\/strong><\/h6>\n<p><!--more--><\/p>\n<p class=\"p2\">Je to u\u017e takmer rok, \u010do svet zasiahla pand\u00e9mia koronav\u00edrusu. T\u00e1 v\u00fdrazne skomplikovala aj n\u00e1cviky spev\u00e1ckych zborov a aj preto viacer\u00e9 z nich u\u017e takmer rok nemali spolo\u010dn\u00fa sk\u00fa\u0161ku. Dirigenti a zbory sa v\u0161ak nevzdali a napriek komplikovanej situ\u00e1ci\u00ed sa st\u00e1le sna\u017eia r\u00f4znymi aktivitami podporova\u0165 zborov\u00fd spev. S unik\u00e1tnou my\u0161lienkou pri\u0161iel aj spev\u00e1cky zbor Technik STU. Pre slovensk\u00e9 spev\u00e1cke zbory vytvoril online zborov\u00fa kni\u017enicu.<\/p>\n<h6 class=\"p2\"><em>Pomoc nov\u00fdm spev\u00e1kom<\/em><\/h6>\n<p class=\"p2\">My\u0161lienka online zborovej kni\u017enice sa vyv\u00edjala postupne. \u201cBoli sme n\u00faten\u00ed hl\u030cadat\u030c sp\u00f4sob, ako spievat\u030c aj bez toho, aby sme sa stretli,\u201c hovor\u00ed dirigentka zboru Technik STU Petra Torko\u0161ov\u00e1. Po\u010das pand\u00e9mie za\u010dal zbor okrem online n\u00e1cvikov, online konkurzov, \u010di karant\u00e9nnej nahr\u00e1vky <i>Ak\u00e1 si mi kr\u00e1sna<\/i>, pripravova\u0165 aj v\u00fdu\u010dbov\u00e9 nahr\u00e1vky pre nov\u00fdch \u010dlenov zboru, ktor\u00ed s Technikom e\u0161te nespievali. Nahr\u00e1vky mali medzi nov\u00fdmi spev\u00e1kmi ve\u013ek\u00fd \u00faspech. Preto sa zbor rozhodol, \u017ee ich spr\u00edstupni aj spev\u00e1kom z in\u00fdch zborov. Tak vznikol projekt online kni\u017enice pre spev\u00e1cke zbory.<\/p>\n<p><span class=\"embed-youtube\" style=\"text-align:center; display: block;\"><iframe loading=\"lazy\" class=\"youtube-player\" width=\"837\" height=\"471\" src=\"https:\/\/www.youtube.com\/embed\/yWPz_6C72oU?version=3&#038;rel=1&#038;showsearch=0&#038;showinfo=1&#038;iv_load_policy=1&#038;fs=1&#038;hl=sk-SK&#038;autohide=2&#038;wmode=transparent\" allowfullscreen=\"true\" style=\"border:0;\" sandbox=\"allow-scripts allow-same-origin allow-popups allow-presentation\"><\/iframe><\/span><\/p>\n<h6 class=\"p2\"><em>Kni\u017enica pln\u00e1 slovensk\u00fdch autorov<\/em><\/h6>\n<p class=\"p2\">Online kni\u017enica umo\u017en\u00ed zborov\u00fdm spev\u00e1kom vysk\u00fa\u0161a\u0165 si spievanie z pohodlia vlastnej ob\u00fdva\u010dky. Obsah kni\u017enice sa zameriava predov\u0161etk\u00fdm na tvorbu slovensk\u00fdch autorov a moment\u00e1lne v nej n\u00e1jdeme dev\u00e4\u0165 piesn\u00ed. Do fin\u00e1lneho v\u00fdberu piesn\u00ed zasiahli aj dirigenti in\u00fdch zborov, ktor\u00fdch n\u00e1vrhy sa stali s\u00fac\u030cast\u030cou obsahu kni\u017enice.<\/p>\n<p class=\"p2\">Aktu\u00e1lne je v r\u00e1mci online kni\u017enice spracovan\u00fdch dev\u00e4\u0165 piesn\u00ed:<\/p>\n<ul class=\"ul1\">\n<li class=\"li2\"><span class=\"s1\"><a href=\"http:\/\/www.zbortechnik.sk\/svadobna-odobierka-peter-breiner\/\"><span class=\"s2\">Breiner Peter: Svadobn\u00e1 odobierka (arr. Mat\u00fa\u0161 Uhliarik, verzia pre zmie\u0161an\u00fd zbor)<\/span><\/a><\/span><\/li>\n<li class=\"li2\"><span class=\"s1\"><a href=\"http:\/\/www.zbortechnik.sk\/isol-mily-orac-peter-con\/\"><span class=\"s2\">C\u00f3n Peter: I\u0161ol mil\u00fd orac<\/span><\/a><\/span><\/li>\n<li class=\"li2\"><span class=\"s1\"><a href=\"http:\/\/www.zbortechnik.sk\/ej-hrajteze-mi-hrajte-jajze-lucka-zelenucka-ivan-hrusovsky\/\"><span class=\"s2\">Hru\u0161ovsk\u00fd Ivan: Ej, hrajte\u017ee mi, hrajte; Jaj\u017ee, lu\u010dka zelenu\u010dka<\/span><\/a><\/span><\/li>\n<li class=\"li2\"><span class=\"s1\"><a href=\"http:\/\/www.zbortechnik.sk\/nevandruj-mili-moj-ivan-hrusovsky-vyucbova-nahravka\/\"><span class=\"s2\">Hru\u0161ovsk\u00fd Ivan: \u0147evandruj, mil\u00ed moj<\/span><\/a><\/span><\/li>\n<li class=\"li2\"><span class=\"s1\"><a href=\"http:\/\/www.zbortechnik.sk\/oddavac-se-budu-jan-rozehnal\/\"><span class=\"s2\">Rozehnal Jan: Oddavac \u0161e budu<\/span><\/a><\/span><\/li>\n<li class=\"li2\"><span class=\"s1\"><a href=\"http:\/\/www.zbortechnik.sk\/aka-si-mi-krasna-eugen-suchon\/\"><span class=\"s2\">Sucho\u0148 Eugen: Ak\u00e1 si mi kr\u00e1sna<\/span><\/a><\/span><\/li>\n<li class=\"li2\"><span class=\"s1\"><a href=\"http:\/\/www.zbortechnik.sk\/bodaj-by-vas-certi-vzali-eugen-suchon\/\"><span class=\"s2\">Sucho\u0148 Eugen:\u00a0Bodaj by v\u00e1s \u010derti vzali<\/span><\/a><\/span><\/li>\n<li class=\"li2\"><span class=\"s1\"><a href=\"http:\/\/www.zbortechnik.sk\/palenocka-dobrej-moci-najedla-se-stara-baba-miroslav-smid\/\"><span class=\"s2\">\u0160m\u00edd Miroslav: Pa\u013eeno\u010dka dobrej moci; Najedla \u0161e star\u00e1 baba<\/span><\/a><\/span><\/li>\n<li class=\"li2\"><span class=\"s1\"><a href=\"http:\/\/www.zbortechnik.sk\/tancuj-tancuj-miroslav-smid\/\"><span class=\"s2\">\u0160m\u00edd Miroslav: Tancuj, tancuj<\/span><\/a><\/span><\/li>\n<\/ul>\n<p class=\"p2\">Ku ka\u017edej piesni je k dispoz\u00edci\u00ed notov\u00fd materi\u00e1l a tie\u017e nahr\u00e1vky rozdelen\u00e9 pod\u013ea hlasov\u00fdch skup\u00edn (sopr\u00e1n, alt, tenor, bas). Pri ka\u017edej hlasovej skupine s\u00fa pri jednotliv\u00fdch skladb\u00e1ch dve nahr\u00e1vky. V prvej nahr\u00e1vke je dynamicky zv\u00fdraznen\u00e1 hlasov\u00e1 skupina spev\u00e1ka, v\u010faka \u010domu sa spev\u00e1k m\u00f4\u017ee nau\u010di\u0165 svoj part. Druh\u00e1 nahr\u00e1vka je naopak bez hlasovej skupiny spev\u00e1ka, aby si spev\u00e1k mohol precvi\u010di\u0165 spievanie s ostatn\u00fdmi hlasmi bez pomoci svojej hlasovej skupiny. Nahr\u00e1vky partov naspievali vybran\u00ed spev\u00e1ci spev\u00e1ckeho zboru Technik STU. Do kni\u017enice \u010doskoro pribudn\u00fa aj piesne <i>Na kamene\u010dku sedela<\/i> od J\u00e1na Cikkera, <i>Rytmus<\/i> (Ave Eva) od Ivana Hru\u0161ovsk\u00e9ho, <i>\u010cerven\u00e9 jab\u013a\u010dko<\/i> od Juraja Jartima a skladba <i>Ave Maria<\/i> od Mirka Kraj\u010diho.<\/p>\n<p><span class=\"embed-youtube\" style=\"text-align:center; display: block;\"><iframe loading=\"lazy\" class=\"youtube-player\" width=\"837\" height=\"471\" src=\"https:\/\/www.youtube.com\/embed\/wCVH4yECtww?version=3&#038;rel=1&#038;showsearch=0&#038;showinfo=1&#038;iv_load_policy=1&#038;fs=1&#038;hl=sk-SK&#038;autohide=2&#038;wmode=transparent\" allowfullscreen=\"true\" style=\"border:0;\" sandbox=\"allow-scripts allow-same-origin allow-popups allow-presentation\"><\/iframe><\/span><\/p>\n<h6 class=\"p2\"><em>Nielen pre Slov\u00e1kov<\/em><\/h6>\n<p class=\"p2\">Kni\u017enica pam\u00e4t\u00e1 aj na zahrani\u010dn\u00e9 zbory, a preto m\u00e1 aj svoju anglick\u00fa verziu. Pri ka\u017edej spracovanej piesni je okrem prekladov aj v\u00fdslovnost\u030c slovensk\u00e9ho textu prep\u00edsan\u00e1 do medzin\u00e1rodnej fonetickej abecedy. Svojich prv\u00fdch u\u017e\u00edvatel\u030cov si v\u010faka tomu kni\u017enica na\u0161la napr\u00edklad v USA. Slovensk\u00e1 svadobn\u00e1 odobierka <span class=\"s3\"><i>Oddavac \u0161e budu<\/i><\/span> v \u00faprave od Jana Rozehnala sa dostala do reperto\u00e1ru americk\u00e9ho zboru Philadelphia Women*s Slavic Ensemble.<br \/>\n\u201cVer\u00edme, \u017ee online kni\u017enica prinesie k n\u00e1m ako aj do d\u030cal\u0161\u00edch slovensk\u00fdch zborov nov\u00fdch c\u030clenov,\u201d povedala Torko\u0161ov\u00e1 a dodala, \u017ee ka\u017ed\u00fd sa vie aspon\u030c trochu pripravit\u030c na spievanie v kolekt\u00edve a prekonat\u030c prvotn\u00fd ostych. Z\u00e1roven\u030c je to pod\u013ea nej n\u00e1stroj, ktor\u00fd dok\u00e1\u017ee l\u030cud\u00ed udr\u017eiavat\u030c v spev\u00e1ckej kond\u00edcii, ak z ak\u00e9hokol\u030cvek d\u00f4vodu nem\u00f4\u017eu chodit\u030c na sk\u00fa\u0161ky do zboru.<\/p>\n<h3 class=\"p2\" style=\"text-align: center;\"><span style=\"color: #33a7a4;\"><strong>Online kni\u017enica je dostupn\u00e1 <\/strong><\/span><br \/>\n<span style=\"color: #33a7a4;\"><a style=\"color: #33a7a4;\" href=\"http:\/\/www.zbortechnik.sk\/kniznica\/\"><strong>na webstr\u00e1nke spev\u00e1ckeho zboru Technik STU.<\/strong><\/a><\/span><\/h3>\n<p class=\"p2\">\nKni\u017enicu podporil z verejn\u00fdch zdrojov Fond na podporu umenia.<\/p>\n<p>&nbsp;<\/p>\n<p>Pripravilo: <em>satb.sK<\/em><\/p>\n","protected":false},"excerpt":{"rendered":"<p>Online zborov\u00e1 kni\u017enica spev\u00e1ckeho zboru Technik STU.<\/p>\n","protected":false},"author":1,"featured_media":5681,"comment_status":"closed","ping_status":"closed","sticky":false,"template":"","format":"standard","meta":{"om_disable_all_campaigns":false,"_monsterinsights_skip_tracking":false,"_monsterinsights_sitenote_active":false,"_monsterinsights_sitenote_note":"","_monsterinsights_sitenote_category":0,"spay_email":"","footnotes":"","jetpack_publicize_message":"","jetpack_is_tweetstorm":false},"categories":[49],"tags":[106],"class_list":["post-5680","post","type-post","status-publish","format-standard","has-post-thumbnail","hentry","category-aktualne","tag-zborova-kniznica"],"aioseo_notices":[],"jetpack_featured_media_url":"https:\/\/i1.wp.com\/www.satb.sk\/wp-content\/uploads\/2021\/02\/Online-kniz\u030cnica.png?fit=1920%2C1080&ssl=1","jetpack_publicize_connections":[],"jetpack_sharing_enabled":true,"jetpack_shortlink":"https:\/\/wp.me\/pav5wC-1tC","jetpack-related-posts":[{"id":4355,"url":"https:\/\/www.satb.sk\/index.php\/2019\/08\/19\/slovenska-zborova-tvorba-na-severe-europy\/","url_meta":{"origin":5680,"position":0},"title":"Slovensk\u00e1 zborov\u00e1 tvorba na severe Eur\u00f3py","date":"19 augusta, 2019","format":false,"excerpt":"Minul\u00fd t\u00fd\u017ede\u0148 sme v\u00e1s informovali o \u00faspechu slovensk\u00fdch zborov na Eur\u00f3pskych zborov\u00fdch hr\u00e1ch vo \u0160v\u00e9dsku. Pre\u010d\u00edtajte si ako toto podujatie vn\u00edmal zbor Technik STU. \u201eNevandruj, mil\u00fd m\u00f4j, nevandruj s\u00e1m.\u201c Veru, otupno je \u010dloveku sam\u00e9mu po svete chodi\u0165, preto sa spolo\u010dne vybralo 34 technik\u00e1rov na \u010dele s\u00a0dirigentkou Ivetou Weis Viskupovou sk\u00fasi\u0165,\u2026","rel":"","context":"V &quot;AKTU\u00c1LNE&quot;","img":{"alt_text":"","src":"https:\/\/i0.wp.com\/www.satb.sk\/wp-content\/uploads\/2019\/08\/20190805_154811.jpg?fit=1200%2C900&ssl=1&resize=350%2C200","width":350,"height":200},"classes":[]},{"id":3971,"url":"https:\/\/www.satb.sk\/index.php\/2019\/05\/06\/obrovsky-uspech-slovenskeho-zboru-na-festivale-slovakia-cantat\/","url_meta":{"origin":5680,"position":1},"title":"Obrovsk\u00fd \u00faspech slovensk\u00e9ho zboru na festivale Slovakia Cantat","date":"6 m\u00e1ja, 2019","format":false,"excerpt":"Spev\u00e1cky zbor slovensk\u00fdch u\u010dite\u013eov sa minul\u00fd v\u00edkend z\u00fa\u010dastnil v Bratislave medzin\u00e1rodn\u00e9ho festivalu Slovakia Cantat. Zo s\u00fa\u0165a\u017ee si odniesol \u0161tyri v\u00fdznamn\u00e9 ocenenia. Podujatie\u00a0Slovakia Cantat\u00a0je s\u00fa\u0165a\u017e ur\u010den\u00e1 pre detsk\u00e9, ml\u00e1de\u017en\u00edcke a dospel\u00e9 spev\u00e1cke zbory a pre orchestre. Tento rok sa konal u\u017e trin\u00e1sty ro\u010dn\u00edk tohto festivalu a z\u00fa\u010dastnilo sa ho celkovo 15\u2026","rel":"","context":"V &quot;AKTU\u00c1LNE&quot;","img":{"alt_text":"","src":"https:\/\/i1.wp.com\/www.satb.sk\/wp-content\/uploads\/2019\/04\/58763387_2214143352012874_4909211086059732992_n-1.jpg?fit=960%2C540&ssl=1&resize=350%2C200","width":350,"height":200},"classes":[]},{"id":329,"url":"https:\/\/www.satb.sk\/index.php\/2018\/11\/26\/spevacky-zbor-technik-stu-sme-komunita-ktora-sa-rozhodla-spievat-spolocne\/","url_meta":{"origin":5680,"position":2},"title":"Spev\u00e1cky zbor Technik STU: Sme komunita, ktor\u00e1 sa rozhodla spieva\u0165 spolo\u010dne","date":"26 novembra, 2018","format":false,"excerpt":"Na zborovej sc\u00e9ne s\u00fa u\u017e 63 rokov a ako jeden z m\u00e1la zborov na Slovensku p\u00f4sobia na univerzitnej p\u00f4de. Radi \u0161okuj\u00fa okolie, preto\u017ee\u00a0spievaj\u00fa kdeko\u013evek, kedyko\u013evek a\u00a0\u010doko\u013evek. Predstavujeme v\u00e1m Spev\u00e1cky zbor Technik STU o\u010dami (ale aj u\u0161ami) jeho \u010dlenov. Sme \u013eudia, \u010do maj\u00fa zvl\u00e1\u0161tne hobby, ktor\u00e9 kr\u00e1\u0161li du\u0161e a hlasy. Je\u2026","rel":"","context":"V &quot;O\u010cAMI ZBOROV&quot;","img":{"alt_text":"","src":"https:\/\/i2.wp.com\/www.satb.sk\/wp-content\/uploads\/2018\/11\/P8203669.jpg?fit=1200%2C676&ssl=1&resize=350%2C200","width":350,"height":200},"classes":[]},{"id":4174,"url":"https:\/\/www.satb.sk\/index.php\/2019\/07\/15\/nove-uspechy-slovenskych-zboristov\/","url_meta":{"origin":5680,"position":3},"title":"Nov\u00e9 \u00faspechy slovensk\u00fdch zboristov na zahrani\u010dn\u00fdch p\u00f3di\u00e1ch","date":"15 j\u00fala, 2019","format":false,"excerpt":"Po \u00faspechu spev\u00e1ckeho zboru Pro Musica - Magn\u00f3lia si ocenenia zo zahrani\u010dn\u00fdch festivalov priniesli aj \u010fal\u0161ie dva spev\u00e1cke zbory zo Slovenska. Prv\u00fdm z nich bol \u017densk\u00fd spev\u00e1cky zbor Vocals z Pre\u0161ova, ktor\u00fd sa z\u00fa\u010dastnil\u00a0Medzin\u00e1rodn\u00e9ho festivalu Severnoje Belcanto v Petrohrade. Zo s\u00fa\u0165a\u017ee si doniesol tretie miesto v kateg\u00f3ri\u00ed \u017eensk\u00e9 zbory, prv\u00e9\u2026","rel":"","context":"V &quot;AKTU\u00c1LNE&quot;","img":{"alt_text":"","src":"https:\/\/i2.wp.com\/www.satb.sk\/wp-content\/uploads\/2019\/07\/65602526_2804127446295554_5188464336317710336_n.jpg?fit=960%2C540&ssl=1&resize=350%2C200","width":350,"height":200},"classes":[]},{"id":5751,"url":"https:\/\/www.satb.sk\/index.php\/2021\/09\/13\/nova-hymna-i-skladba-venovana-frantiskovi-takto-nacvicovali-slovenske-zbory-pre-papeza\/","url_meta":{"origin":5680,"position":4},"title":"Nov\u00e1 hymna i skladba venovan\u00e1 Franti\u0161kovi. Takto nacvi\u010dovali slovensk\u00e9 zbory pre p\u00e1pe\u017ea","date":"13 septembra, 2021","format":false,"excerpt":"Pozreli sme sa ako vyzerali pr\u00edpravy spev\u00e1ckych zborov na vz\u00e1cnu n\u00e1v\u0161tevu z Vatik\u00e1nu.\u00a0 Slovensko aktu\u00e1lne \u017eije dlhoo\u010dak\u00e1van\u00fdm pr\u00edchodom p\u00e1pe\u017ea Franti\u0161ka. Jeho n\u00e1v\u0161tevu sprev\u00e1dzaj\u00fa rozsiahle organiza\u010dn\u00e9 pr\u00edpravy, ktor\u00e9 sa v\u0161ak net\u00fdkaj\u00fa len bezpe\u010dnosti \u010di dopravy, ale aj umeleckej \u010dasti programu n\u00e1v\u0161tevy. Stovky spev\u00e1kov, tane\u010dn\u00edkov i in\u0161trument\u00e1lnych hr\u00e1\u010dov sa u\u017e nieko\u013eko mesiacov\u2026","rel":"","context":"V &quot;AKTU\u00c1LNE&quot;","img":{"alt_text":"","src":"https:\/\/i0.wp.com\/www.satb.sk\/wp-content\/uploads\/2021\/09\/114-Zbor-a-orchester-04-09-2021-\u00a9-jan.f.lukas_-1-scaled.jpg?fit=1200%2C801&ssl=1&resize=350%2C200","width":350,"height":200},"classes":[]},{"id":4336,"url":"https:\/\/www.satb.sk\/index.php\/2019\/08\/12\/slovenske-zbory-ziskali-dalsie-cenne-kovy\/","url_meta":{"origin":5680,"position":5},"title":"Slovensk\u00e9 zbory z\u00edskali \u010fal\u0161ie cenn\u00e9 kovy","date":"12 augusta, 2019","format":false,"excerpt":"Jedna strieborn\u00e1 a \u0161tyri zlat\u00e9 medaily. To s\u00fa ocenenia, ktor\u00e9 z Eur\u00f3pskych zborov\u00fdch hier priniesli spev\u00e1cke zbory zo Slovenska. Eur\u00f3pske zborov\u00e9 hry patria k najv\u00e4\u010d\u0161\u00edm a najprest\u00ed\u017enej\u0161\u00edm zborov\u00fdm podujatiam v Eur\u00f3pe. \u0160tvrt\u00fd ro\u010dn\u00edk hier sa tento rok uskuto\u010dnil od 3. - 10. augusta v \u0161v\u00e9dskom meste G\u00f6teborg a z\u00fa\u010dastnilo sa\u2026","rel":"","context":"V &quot;Nezaraden\u00e9&quot;","img":{"alt_text":"","src":"https:\/\/i2.wp.com\/www.satb.sk\/wp-content\/uploads\/2019\/08\/68453454_343333016612361_8097268866389901312_n.jpg?fit=1024%2C768&ssl=1&resize=350%2C200","width":350,"height":200},"classes":[]}],"_links":{"self":[{"href":"https:\/\/www.satb.sk\/index.php\/wp-json\/wp\/v2\/posts\/5680"}],"collection":[{"href":"https:\/\/www.satb.sk\/index.php\/wp-json\/wp\/v2\/posts"}],"about":[{"href":"https:\/\/www.satb.sk\/index.php\/wp-json\/wp\/v2\/types\/post"}],"author":[{"embeddable":true,"href":"https:\/\/www.satb.sk\/index.php\/wp-json\/wp\/v2\/users\/1"}],"replies":[{"embeddable":true,"href":"https:\/\/www.satb.sk\/index.php\/wp-json\/wp\/v2\/comments?post=5680"}],"version-history":[{"count":3,"href":"https:\/\/www.satb.sk\/index.php\/wp-json\/wp\/v2\/posts\/5680\/revisions"}],"predecessor-version":[{"id":5684,"href":"https:\/\/www.satb.sk\/index.php\/wp-json\/wp\/v2\/posts\/5680\/revisions\/5684"}],"wp:featuredmedia":[{"embeddable":true,"href":"https:\/\/www.satb.sk\/index.php\/wp-json\/wp\/v2\/media\/5681"}],"wp:attachment":[{"href":"https:\/\/www.satb.sk\/index.php\/wp-json\/wp\/v2\/media?parent=5680"}],"wp:term":[{"taxonomy":"category","embeddable":true,"href":"https:\/\/www.satb.sk\/index.php\/wp-json\/wp\/v2\/categories?post=5680"},{"taxonomy":"post_tag","embeddable":true,"href":"https:\/\/www.satb.sk\/index.php\/wp-json\/wp\/v2\/tags?post=5680"}],"curies":[{"name":"wp","href":"https:\/\/api.w.org\/{rel}","templated":true}]}}