{"id":5718,"date":"2021-04-18T16:53:22","date_gmt":"2021-04-18T16:53:22","guid":{"rendered":"https:\/\/www.satb.sk\/?p=5718"},"modified":"2021-04-18T17:22:09","modified_gmt":"2021-04-18T17:22:09","slug":"o-zboroch-zbormajstroch-a-zboristoch","status":"publish","type":"post","link":"https:\/\/www.satb.sk\/index.php\/2021\/04\/18\/o-zboroch-zbormajstroch-a-zboristoch\/","title":{"rendered":"O zboroch, zbormajstroch a zboristoch"},"content":{"rendered":"<h6><strong><em>Pozrite sa do &#8220;kuchyne&#8221; zborov\u00e9ho umenia s nov\u00fdm podcastom <del>ZBORY<\/del>.\u00a0<\/em><\/strong><\/h6>\n<p><!--more--><\/p>\n<p>Ke\u010f nem\u00f4\u017eete \u00eds\u0165 na zbor, pr\u00edde zbor k v\u00e1m. Aj to by sa dalo poveda\u0165 o novom podcaste, ktor\u00fd vznikol za \u00fa\u010delom propagovania zborovej hudby. Podcasty, v preklade zvukov\u00e9ho z\u00e1znamy umiestnen\u00e9 na internete, sa aktu\u00e1lne vo svete, ale aj na Slovensku, te\u0161ia ve\u013ekej ob\u013eube. Ich hlavnou v\u00fdhodou je, \u017ee ich posluch\u00e1\u010d m\u00f4\u017ee po\u010d\u00fava\u0165 kedy chce a kde chce. Svoje vlastn\u00e9 podcasty dnes tvoria rozhlasov\u00e9 stanice, mienkotvorn\u00e9 m\u00e9dia, r\u00f4zne organiz\u00e1cie, ale aj jednotlivci, ktor\u00ed sa zauj\u00edmaj\u00fa o r\u00f4zne t\u00e9my. K t\u00fdmto jednotlivcom patr\u00ed aj <strong>mlad\u00fd dirigent Luk\u00e1\u0161 Kunst,<\/strong> ktor\u00fd vytvoril <strong>podcast <\/strong><del><strong>ZBORY<\/strong><\/del>\u00a0&#8211; prv\u00fd podcast v r\u00e1mci Slovenka a \u010ceska venuj\u00faci sa v\u00fdlu\u010dne zborov\u00e9mu spevu.<\/p>\n<p>vznikom podcastu je snaha spropagova\u0165 zborov\u00e9 umenie. &#8220;<em>Za\u010diatkom marca som v \u010ceskom rozhlase objavil p\u00e4\u0165 kr\u00e1tkych rozhovorov s \u010desk\u00fdmi zbormajstrami o tom, ako zvl\u00e1daj\u00fa pandemick\u00fa situ\u00e1ciu. Uvedomil som si, \u017ee na Slovensku, ale aj v \u010cech\u00e1ch ch\u00fdba v\u00e4\u010d\u0161ia pozornos\u0165 zameran\u00e1 na toto umenie, a tak som sa rozhodol o zborovom speve vytvori\u0165 podcast.&#8221; <\/em>hovor\u00ed Kunst o tom ako vznikla my\u0161lienka realiz\u00e1cie podcastu.<\/p>\n<p>Podcast je ur\u010den\u00fd pre v\u0161etk\u00fdch, ktor\u00ed sa chc\u00fa dozvedie\u0165 \u010dosi viac o zborovom speve. Posluch\u00e1\u010dom pribl\u00ed\u017ei nielen umeleck\u00e9 profily slovensk\u00fdch a \u010desk\u00fdch zbormajstrov, ale priestor dostan\u00fa aj zboristi, ktor\u00ed predstavia poh\u013ead na zborov\u00e9 umenie o\u010dami zborov\u00e9ho spev\u00e1ka. V podcaste s\u00fa z\u00e1rove\u0148 aj inform\u00e1cie o pripravovan\u00fdch koncertoch a pl\u00e1novan\u00fdch aktivit\u00e1ch a nech\u00fdbaj\u00fa ani uk\u00e1\u017eky zo zborov\u00e9ho umenia. <em>&#8220;Zborov\u00e1 komunita je pomerne \u0161irok\u00e1. Mal som pocit, \u017ee dne\u0161n\u00e9 m\u00e9dia, ktor\u00e9 p\u00f4sobia v oblasti umenia a kult\u00fary na t\u00fato oblas\u0165 zab\u00fadaj\u00fa. Podcast z\u00e1rove\u0148 d\u00e1va mo\u017enos\u0165 zborov\u00fdm teles\u00e1m vz\u00e1jomne sa bli\u017e\u0161ie medzi sebou spozna\u0165 a tie\u017e vytv\u00e1ra prostredie pre v\u00e4\u010d\u0161iu anga\u017eovanos\u0165 \u010deskej alebo slovenskej zborovej sc\u00e9ny.&#8221;<\/em> dod\u00e1va Kunst.<\/p>\n<p>Podcast <del>ZBORY<\/del> vych\u00e1dza ka\u017ed\u00fa nede\u013eu o 18.00 hod. a je dostupn\u00fd na platform\u00e1ch <a href=\"https:\/\/open.spotify.com\/show\/6vda5dA2Rn6METFDiSsHcy?si=qFtpntDpTFyDYLjLOKybxg&amp;nd=1\" target=\"_blank\" rel=\"noopener\"><strong>Spotify,<\/strong><\/a> <a href=\"https:\/\/podcasts.apple.com\/sk\/podcast\/zbory\/id1560912667\" target=\"_blank\" rel=\"noopener\"><strong>Apple<\/strong><\/a> a <a href=\"https:\/\/soundcloud.com\/user-56271114-187504323\/zbory-voli-tereza-toufarova-auris-brunensis\" target=\"_blank\" rel=\"noopener\"><strong>Soundcloud.<\/strong><\/a> Aktu\u00e1lne s\u00fa u\u017e k dispoz\u00edci\u00ed prv\u00e9 diely a pripravuj\u00fa sa \u010fal\u0161ie. <em>&#8220;V \u0161tvrtom diely sa posluch\u00e1\u010di m\u00f4\u017eu te\u0161i\u0165 na \u010desk\u00fa dirigentku a zbormajsterku Zuzanu Kadl\u010dik Pirnerov\u00fa a v \u010fal\u0161\u00edch \u010dastiach na dirigenta Ondreja \u0160araya, zbormajstersku Alenu Csjakov\u00fa, ale aj na zboristov opery Slovensk\u00e9ho n\u00e1rodn\u00e9ho divala \u010di Slovenskej filharm\u00f3nie.&#8221;<\/em><\/p>\n<p>Vypo\u010dujte si najnov\u0161iu \u010das\u0165 podcastu <del>ZBORY<\/del>:<\/p>\n<p><iframe loading=\"lazy\" title=\"ZBORY - Vol.II Dominika Hanko by Lukas Kunst\" width=\"837\" height=\"400\" scrolling=\"no\" frameborder=\"no\" src=\"https:\/\/w.soundcloud.com\/player\/?visual=true&#038;url=https%3A%2F%2Fapi.soundcloud.com%2Ftracks%2F1022144128&#038;show_artwork=true&#038;maxwidth=837&#038;maxheight=1000&#038;dnt=1\"><\/iframe><\/p>\n<p>&nbsp;<\/p>\n<p>Pripravil: <em>satb.sK<\/em><\/p>\n","protected":false},"excerpt":{"rendered":"<p>Pozrite sa do &#8220;kuchyne&#8221; zborov\u00e9ho umenia s nov\u00fdm podcastom ZBORY.\u00a0<\/p>\n","protected":false},"author":1,"featured_media":5724,"comment_status":"closed","ping_status":"closed","sticky":false,"template":"","format":"standard","meta":{"om_disable_all_campaigns":false,"_monsterinsights_skip_tracking":false,"_monsterinsights_sitenote_active":false,"_monsterinsights_sitenote_note":"","_monsterinsights_sitenote_category":0,"spay_email":"","footnotes":"","jetpack_publicize_message":"","jetpack_is_tweetstorm":false},"categories":[49],"tags":[139],"class_list":["post-5718","post","type-post","status-publish","format-standard","has-post-thumbnail","hentry","category-aktualne","tag-podcast"],"aioseo_notices":[],"jetpack_featured_media_url":"https:\/\/i1.wp.com\/www.satb.sk\/wp-content\/uploads\/2021\/04\/Zbory.png?fit=1920%2C1080&ssl=1","jetpack_publicize_connections":[],"jetpack_sharing_enabled":true,"jetpack_shortlink":"https:\/\/wp.me\/pav5wC-1ue","jetpack-related-posts":[{"id":5527,"url":"https:\/\/www.satb.sk\/index.php\/2020\/12\/01\/pripravte-sa-s-piesnami-na-vianoce\/","url_meta":{"origin":5718,"position":0},"title":"Pripravte sa s pies\u0148ami na Vianoce","date":"1 decembra, 2020","format":false,"excerpt":"Adventn\u00fd kalend\u00e1r 2020 bude pln\u00fd kvalitn\u00fdch piesn\u00ed pre v\u00e1\u0161 zbor.\u00a0 Aj tento rok v\u00e1m prinesieme dvadsa\u0165\u0161tyri in\u0161piruj\u00facich skladieb, ktor\u00e9 m\u00f4\u017eete spieva\u0165 so svoj\u00edm zborom po\u010das adventn\u00e9ho i viano\u010dn\u00e9ho obdobia. Skladby, ktor\u00e9 vyber\u00e1me s\u00fa ur\u010den\u00e9 pre r\u00f4zne typy spev\u00e1ckych zborov \u2013 pre detsk\u00e9 a ml\u00e1de\u017en\u00edcke zbory, \u017eensk\u00e9 i mu\u017esk\u00e9 zbory, ale\u2026","rel":"","context":"V &quot;ADVENTN\u00dd KALEND\u00c1R 2020&quot;","img":{"alt_text":"","src":"https:\/\/i1.wp.com\/www.satb.sk\/wp-content\/uploads\/2020\/12\/Adventny\u0301-kalenda\u0301r-2020-vizua\u0301l.png?fit=1200%2C800&ssl=1&resize=350%2C200","width":350,"height":200},"classes":[]},{"id":6116,"url":"https:\/\/www.satb.sk\/index.php\/2022\/01\/22\/stefan-sedlicky-s-podmienkami-ake-na-slovensku-mame-je-az-obdivuhodne-aka-je-u-nas-kvalita-niektorych-zborov\/","url_meta":{"origin":5718,"position":1},"title":"\u0160tefan Sedlick\u00fd: S\u00a0podmienkami ak\u00e9 na Slovensku m\u00e1me je a\u017e obdivuhodn\u00e9 ak\u00e1 je u n\u00e1s kvalita zborov","date":"22 janu\u00e1ra, 2022","format":false,"excerpt":"O slovensk\u00fdch zboroch, zborovom speve a ich dne\u0161nom postaven\u00ed na Slovensku. Rozhovor s dirigentom a pedag\u00f3gom \u0160tefanom Sedlick\u00fdm. P\u00e1n Sedlick\u00fd, po\u010fme \u00faplne na za\u010diatok Va\u0161ej dirigentskej kari\u00e9ry. Kedy bol V\u00e1\u0161 prv\u00fd kontakt s\u00a0hudbou? Poch\u00e1dzam v podstate z hudobn\u00edckej rodiny, otec bol u\u010dite\u013eom hudby a nesk\u00f4r sa vypracoval a\u017e na docenta\u2026","rel":"","context":"V &quot;ROZHOVORY&quot;","img":{"alt_text":"","src":"https:\/\/i0.wp.com\/www.satb.sk\/wp-content\/uploads\/2022\/01\/609_sucas.dirigent.jpeg?fit=881%2C614&ssl=1&resize=350%2C200","width":350,"height":200},"classes":[]},{"id":4596,"url":"https:\/\/www.satb.sk\/index.php\/2019\/11\/03\/spevom-dojali-krajanov-i-potomkov-slovakov\/","url_meta":{"origin":5718,"position":2},"title":"Spevom dojali krajanov i potomkov Slov\u00e1kov","date":"3 novembra, 2019","format":false,"excerpt":"Spev\u00e1ci z mesta Humenn\u00e9 vycestovali zaspieva\u0165 si so svojimi izraelsk\u00fdmi kolegami. Po\u010das nieko\u013ek\u00fdch dn\u00ed spievali pre ve\u013evyslanca, pre krajanov \u017eij\u00facich v zahrani\u010d\u00ed i pre potomkov Slov\u00e1kov, ktor\u00ed pri\u0161li do Izraela po\u010das druhej svetovej vojny. Spev\u00e1cky zbor mesta Humenn\u00e9 u\u017e 17 rokov organizuje festivalov\u00e9 koncerty pod n\u00e1zvom \"Hudba - k\u013e\u00fa\u010d k\u2026","rel":"","context":"V &quot;AKTU\u00c1LNE&quot;","img":{"alt_text":"","src":"https:\/\/i1.wp.com\/www.satb.sk\/wp-content\/uploads\/2019\/11\/20191018_151552.jpg?fit=1200%2C583&ssl=1&resize=350%2C200","width":350,"height":200},"classes":[]},{"id":5680,"url":"https:\/\/www.satb.sk\/index.php\/2021\/02\/07\/spievanie-v-zbore-z-pohodlia-obyvacky\/","url_meta":{"origin":5718,"position":3},"title":"Spievanie v zbore z pohodlia ob\u00fdva\u010dky","date":"7 febru\u00e1ra, 2021","format":false,"excerpt":"Online zborov\u00e1 kni\u017enica spev\u00e1ckeho zboru Technik STU. Je to u\u017e takmer rok, \u010do svet zasiahla pand\u00e9mia koronav\u00edrusu. T\u00e1 v\u00fdrazne skomplikovala aj n\u00e1cviky spev\u00e1ckych zborov a aj preto viacer\u00e9 z nich u\u017e takmer rok nemali spolo\u010dn\u00fa sk\u00fa\u0161ku. Dirigenti a zbory sa v\u0161ak nevzdali a napriek komplikovanej situ\u00e1ci\u00ed sa st\u00e1le sna\u017eia r\u00f4znymi\u2026","rel":"","context":"V &quot;AKTU\u00c1LNE&quot;","img":{"alt_text":"","src":"https:\/\/i1.wp.com\/www.satb.sk\/wp-content\/uploads\/2021\/02\/Online-kniz\u030cnica.png?fit=1200%2C675&ssl=1&resize=350%2C200","width":350,"height":200},"classes":[]},{"id":6080,"url":"https:\/\/www.satb.sk\/index.php\/2021\/12\/18\/18-den-u-betlema\/","url_meta":{"origin":5718,"position":4},"title":"18. de\u0148: U Betl\u00e9ma","date":"18 decembra, 2021","format":false,"excerpt":"Chv\u00e1la na nebi Bohu.\u00a0 V\u010deraj\u0161\u00ed de\u0148 patril \u010deskej kolede, ktor\u00e1 sa spieva nielen v \u010cesku, ale aj na Slovensku. Na podobn\u00fd v\u00fdber sme stavili aj dnes. Do adventn\u00e9ho kalend\u00e1ra sme zaradili zn\u00e1mu koledu U Betl\u00e9ma. Jednoduch\u00e1 mel\u00f3dia s pr\u00edjemn\u00fdm textom, ktor\u00fd rozpr\u00e1va pr\u00edbeh narodenia Krista je \u013eahko spievate\u013en\u00e1 aj pre\u2026","rel":"","context":"V &quot;ADVENTN\u00dd KALEND\u00c1R 2021&quot;","img":{"alt_text":"","src":"https:\/\/i0.wp.com\/www.satb.sk\/wp-content\/uploads\/2021\/12\/U-betlema.png?fit=1200%2C450&ssl=1&resize=350%2C200","width":350,"height":200},"classes":[]},{"id":5318,"url":"https:\/\/www.satb.sk\/index.php\/2020\/03\/21\/domaca-skola-hudby-doprajte-vasim-detom-kvalitne-hudobne-vzdelanie-aj-pocas-karanteny\/","url_meta":{"origin":5718,"position":5},"title":"Dom\u00e1ca \u0161kola hudby. Doprajte va\u0161im de\u0165om kvalitn\u00e9 hudobn\u00e9 vzdelanie aj po\u010das karant\u00e9ny","date":"21 marca, 2020","format":false,"excerpt":"Bratislavsk\u00fd chlap\u010densk\u00fd zbor pripravil pre deti a mlad\u00fdch \u013eud\u00ed online hudobn\u00fa \u0161kolu. V\u010faka nej sa m\u00f4\u017eu u\u010di\u0165\u00a0o hudbe aj\u00a0doma. Bratislavsk\u00fd chlap\u010densk\u00fd zbor pozn\u00e1 v\u00e4\u010d\u0161ina z n\u00e1s ako vynikaj\u00face zborov\u00e9 teleso. No okrem spievania je zbor z\u00e1rove\u0148 spolo\u010densky zodpovedn\u00e1 organiz\u00e1cia, ktor\u00e1 chce deti a mlad\u00fdch \u013eud\u00ed na Slovensku privies\u0165 k hudbe\u2026","rel":"","context":"V &quot;AKTU\u00c1LNE&quot;","img":{"alt_text":"","src":"https:\/\/i1.wp.com\/www.satb.sk\/wp-content\/uploads\/2020\/03\/77057665_2637843996251908_5832959835901001728_o.jpg?fit=1200%2C800&ssl=1&resize=350%2C200","width":350,"height":200},"classes":[]}],"_links":{"self":[{"href":"https:\/\/www.satb.sk\/index.php\/wp-json\/wp\/v2\/posts\/5718"}],"collection":[{"href":"https:\/\/www.satb.sk\/index.php\/wp-json\/wp\/v2\/posts"}],"about":[{"href":"https:\/\/www.satb.sk\/index.php\/wp-json\/wp\/v2\/types\/post"}],"author":[{"embeddable":true,"href":"https:\/\/www.satb.sk\/index.php\/wp-json\/wp\/v2\/users\/1"}],"replies":[{"embeddable":true,"href":"https:\/\/www.satb.sk\/index.php\/wp-json\/wp\/v2\/comments?post=5718"}],"version-history":[{"count":7,"href":"https:\/\/www.satb.sk\/index.php\/wp-json\/wp\/v2\/posts\/5718\/revisions"}],"predecessor-version":[{"id":5730,"href":"https:\/\/www.satb.sk\/index.php\/wp-json\/wp\/v2\/posts\/5718\/revisions\/5730"}],"wp:featuredmedia":[{"embeddable":true,"href":"https:\/\/www.satb.sk\/index.php\/wp-json\/wp\/v2\/media\/5724"}],"wp:attachment":[{"href":"https:\/\/www.satb.sk\/index.php\/wp-json\/wp\/v2\/media?parent=5718"}],"wp:term":[{"taxonomy":"category","embeddable":true,"href":"https:\/\/www.satb.sk\/index.php\/wp-json\/wp\/v2\/categories?post=5718"},{"taxonomy":"post_tag","embeddable":true,"href":"https:\/\/www.satb.sk\/index.php\/wp-json\/wp\/v2\/tags?post=5718"}],"curies":[{"name":"wp","href":"https:\/\/api.w.org\/{rel}","templated":true}]}}