{"id":5751,"date":"2021-09-13T23:34:07","date_gmt":"2021-09-13T23:34:07","guid":{"rendered":"https:\/\/www.satb.sk\/?p=5751"},"modified":"2021-09-14T05:49:54","modified_gmt":"2021-09-14T05:49:54","slug":"nova-hymna-i-skladba-venovana-frantiskovi-takto-nacvicovali-slovenske-zbory-pre-papeza","status":"publish","type":"post","link":"https:\/\/www.satb.sk\/index.php\/2021\/09\/13\/nova-hymna-i-skladba-venovana-frantiskovi-takto-nacvicovali-slovenske-zbory-pre-papeza\/","title":{"rendered":"Nov\u00e1 hymna i skladba venovan\u00e1 Franti\u0161kovi. Takto nacvi\u010dovali slovensk\u00e9 zbory pre p\u00e1pe\u017ea"},"content":{"rendered":"<h5 class=\"p1\"><em><strong>Pozreli sme sa ako vyzerali pr\u00edpravy spev\u00e1ckych zborov na vz\u00e1cnu n\u00e1v\u0161tevu z Vatik\u00e1nu.\u00a0<\/strong><\/em><\/h5>\n<p><!--more--><\/p>\n<p>Slovensko aktu\u00e1lne \u017eije dlhoo\u010dak\u00e1van\u00fdm pr\u00edchodom p\u00e1pe\u017ea Franti\u0161ka. Jeho n\u00e1v\u0161tevu sprev\u00e1dzaj\u00fa rozsiahle organiza\u010dn\u00e9 pr\u00edpravy, ktor\u00e9 sa v\u0161ak net\u00fdkaj\u00fa len bezpe\u010dnosti \u010di dopravy, ale aj umeleckej \u010dasti programu n\u00e1v\u0161tevy. Stovky spev\u00e1kov, tane\u010dn\u00edkov i in\u0161trument\u00e1lnych hr\u00e1\u010dov sa u\u017e nieko\u013eko mesiacov v r\u00f4znych k\u00fatoch Slovenska usilovne pripravovalo, aby mohli poda\u0165 \u010do najlep\u0161\u00ed v\u00fdkon.<\/p>\n<h6 class=\"p1\"><em><strong>V Pre\u0161ove a cappella a v staroslovien\u010dine<\/strong><\/em><\/h6>\n<p class=\"p1\">Prv\u00e9 stretnutie s p\u00e1pe\u017eom, na ktor\u00e9 sa mohli be\u017en\u00ed \u013eudia zaregistrova\u0165, je Bo\u017e\u0161k\u00e1 liturgia sv\u00e4t\u00e9ho J\u00e1na Zlato\u00fasteho pred Mestskou \u0161portovou halou v Pre\u0161ove. Po\u010das tejto liturgie, ktorej bude predseda\u0165 p\u00e1pe\u017e, bud\u00fa spolo\u010dne spieva\u0165 dva gr\u00e9ckokatol\u00edcke mie\u0161an\u00e9 zbory &#8211; <span style=\"color: #33a7a4;\"><strong>Katedr\u00e1lny zbor sv. Cyrila a Metoda Ko\u0161ice<\/strong><\/span> a <span style=\"color: #33a7a4;\"><strong><a style=\"color: #33a7a4;\" href=\"https:\/\/www.satb.sk\/index.php\/2020\/02\/17\/chramovy-zbor-bl-p-p-gojdica-kazde-vystupenie-je-pre-nas-uspechom\/\" target=\"_blank\" rel=\"noopener\">Zbor sv\u00e4t\u00e9ho Pavla Petra\u00a0Gojdi\u010da Vranov nad Top\u013eou &#8211; \u010cemern\u00e9.<\/a><span class=\"Apple-converted-space\">\u00a0<\/span><\/strong><\/span><\/p>\n<p>\u201c<em>Prv\u00fdm krokom pri n\u00e1cvikoch bolo zjednotenie sa v hudobnom prejave a uvedomenie si sily a mo\u017enosti v\u00e4\u010d\u0161ieho telesa.\u201d<\/em> hovor\u00ed Lucia Lova\u0161ov\u00e1, hlavn\u00e1 dirigentka zboru, ktor\u00e1 z\u00e1rove\u0148 vedie ko\u0161ick\u00fd zbor. \u201c<em>Pr\u00e1ca so zbormi, predov\u0161etk\u00fdm v\u0161ak s M\u00e1riou \u0160andorovou &#8211; dirigentkou Zboru sv. P. P. Gojdi\u010da, prispeli k tomu, \u017ee spolo\u010dn\u00e1 pr\u00e1ca so v\u0161etk\u00fdmi \u010dlenmi tohto vy\u0161e 60-\u010dlenn\u00e9ho zboru bola dynamick\u00e1, in\u0161pirat\u00edvna a nesmierne obohacuj\u00faca. Je mi c\u0165ou dirigova\u0165 t\u00fdchto \u013eud\u00ed, ktor\u00ed do pr\u00edpravy vlo\u017eili ve\u013ea obety, energie a pokory a ktor\u00fdch spev je prejavom modlitby, ktor\u00e1 vych\u00e1dza z ich srdca.\u201d<\/em> dod\u00e1va Lova\u0161ov\u00e1.<\/p>\n<p class=\"p3\">Pri zostavovan\u00ed reperto\u00e1ru sa kl\u00e1dol d\u00f4raz na celistvos\u0165 sv\u00e4tej liturgie, aby zborov\u00e9 skladby, ktor\u00e9 zaznej\u00fa boli predov\u0161etk\u00fdm oslavnou modlitbou. Z d\u00f4vodu kr\u00e1tkeho \u010dasov\u00e9ho \u00faseku na pr\u00edpravu sa vybrali skladby tvoriace z\u00e1klad reperto\u00e1ru spomenut\u00fdch zborov. <span style=\"color: #33a7a4;\"><strong>Fin\u00e1lny reperto\u00e1r tvoria kompoz\u00edcie viacer\u00fdch autorov byzantskej hudby a okrem nich aj liturgick\u00fd spev \u013eudov\u00fdch n\u00e1pevov &#8211; tzv. prostopinije.<\/strong><\/span> V\u0161etky liturgick\u00e9 n\u00e1pevy a zborov\u00e9 skladby navy\u0161e zaznej\u00fa v staroslovien\u010dine viachlasne bez ak\u00e9hoko\u013evek hudobn\u00e9ho sprievodu.<\/p>\n<figure id=\"attachment_5753\" aria-describedby=\"caption-attachment-5753\" style=\"width: 895px\" class=\"wp-caption alignnone\"><img loading=\"lazy\" decoding=\"async\" data-attachment-id=\"5753\" data-permalink=\"https:\/\/www.satb.sk\/index.php\/2021\/09\/13\/nova-hymna-i-skladba-venovana-frantiskovi-takto-nacvicovali-slovenske-zbory-pre-papeza\/241443120_4506501176079152_3332314875999403998_n\/\" data-orig-file=\"https:\/\/i2.wp.com\/www.satb.sk\/wp-content\/uploads\/2021\/09\/241443120_4506501176079152_3332314875999403998_n.jpeg?fit=1890%2C1261&amp;ssl=1\" data-orig-size=\"1890,1261\" data-comments-opened=\"0\" data-image-meta=\"{&quot;aperture&quot;:&quot;0&quot;,&quot;credit&quot;:&quot;Picasa&quot;,&quot;camera&quot;:&quot;&quot;,&quot;caption&quot;:&quot;&quot;,&quot;created_timestamp&quot;:&quot;0&quot;,&quot;copyright&quot;:&quot;&quot;,&quot;focal_length&quot;:&quot;0&quot;,&quot;iso&quot;:&quot;0&quot;,&quot;shutter_speed&quot;:&quot;0&quot;,&quot;title&quot;:&quot;&quot;,&quot;orientation&quot;:&quot;0&quot;}\" data-image-title=\"241443120_4506501176079152_3332314875999403998_n\" data-image-description=\"\" data-image-caption=\"\" data-medium-file=\"https:\/\/i2.wp.com\/www.satb.sk\/wp-content\/uploads\/2021\/09\/241443120_4506501176079152_3332314875999403998_n.jpeg?fit=300%2C200&amp;ssl=1\" data-large-file=\"https:\/\/i2.wp.com\/www.satb.sk\/wp-content\/uploads\/2021\/09\/241443120_4506501176079152_3332314875999403998_n.jpeg?fit=837%2C558&amp;ssl=1\" class=\"wp-image-5753\" src=\"https:\/\/i2.wp.com\/www.satb.sk\/wp-content\/uploads\/2021\/09\/241443120_4506501176079152_3332314875999403998_n.jpeg?resize=837%2C557&#038;ssl=1\" alt=\"\" width=\"837\" height=\"557\" srcset=\"https:\/\/i2.wp.com\/www.satb.sk\/wp-content\/uploads\/2021\/09\/241443120_4506501176079152_3332314875999403998_n.jpeg?resize=300%2C200&amp;ssl=1 300w, https:\/\/i2.wp.com\/www.satb.sk\/wp-content\/uploads\/2021\/09\/241443120_4506501176079152_3332314875999403998_n.jpeg?resize=1024%2C683&amp;ssl=1 1024w, https:\/\/i2.wp.com\/www.satb.sk\/wp-content\/uploads\/2021\/09\/241443120_4506501176079152_3332314875999403998_n.jpeg?resize=768%2C512&amp;ssl=1 768w, https:\/\/i2.wp.com\/www.satb.sk\/wp-content\/uploads\/2021\/09\/241443120_4506501176079152_3332314875999403998_n.jpeg?resize=1536%2C1025&amp;ssl=1 1536w, https:\/\/i2.wp.com\/www.satb.sk\/wp-content\/uploads\/2021\/09\/241443120_4506501176079152_3332314875999403998_n.jpeg?resize=600%2C400&amp;ssl=1 600w, https:\/\/i2.wp.com\/www.satb.sk\/wp-content\/uploads\/2021\/09\/241443120_4506501176079152_3332314875999403998_n.jpeg?resize=272%2C182&amp;ssl=1 272w, https:\/\/i2.wp.com\/www.satb.sk\/wp-content\/uploads\/2021\/09\/241443120_4506501176079152_3332314875999403998_n.jpeg?w=1890&amp;ssl=1 1890w, https:\/\/i2.wp.com\/www.satb.sk\/wp-content\/uploads\/2021\/09\/241443120_4506501176079152_3332314875999403998_n.jpeg?w=1674&amp;ssl=1 1674w\" sizes=\"(max-width: 837px) 100vw, 837px\" data-recalc-dims=\"1\" \/><figcaption id=\"caption-attachment-5753\" class=\"wp-caption-text\"><em>Z n\u00e1cviku zborov: Katedr\u00e1lny zbor sv. Cyrila a Metoda Ko\u0161ice a Zbor sv. P. P. Gojdi\u010da Vranov nad Top\u013eou &#8211; \u010cemern\u00e9. Dirigentka Lucia Lova\u0161ov\u00e1. Foto: Facebookov\u00e1 str\u00e1nka Gr\u00e9ckokatol\u00edcky chr\u00e1mov\u00fd zbor bl. P. P. Gojdi\u010da, Vranov n. Top\u013eou &#8211; \u010cemern\u00e9<\/em><\/figcaption><\/figure>\n<h6><\/h6>\n<h6><em><strong>Osveta pre mlad\u00fdch<\/strong><\/em><em><strong> v Ko\u0161iciach<\/strong><\/em><\/h6>\n<p>\u010eal\u0161ie v\u00e4\u010die podujatie, kde \u013eudia m\u00f4\u017eu vidie\u0165 p\u00e1pe\u017ea, je Stretnutie s mlad\u00fdmi na \u0160tadi\u00f3ne Lokomot\u00edva v Ko\u0161iciach. Ako hlavn\u00fd zbor bol osloven\u00fd <span style=\"color: #33a7a4;\"><strong>Zbor sv. Cec\u00edlie spolu s orchestrom,<\/strong><\/span> ktor\u00fd pravidelne \u00fa\u010dinkuje pri ve\u013ek\u00fdch sl\u00e1vnostiach v D\u00f3me sv. Al\u017ebety v Ko\u0161iciach. Okrem zboru boli ku spevom prizvan\u00ed aj \u0161tudenti, \u010dlenovia gymn\u00e1zi\u00e1lnych zborov a mlad\u00ed \u013eudia pri reholi Salezi\u00e1nov. Zbor m\u00e1 tak celkovo takmer 100 \u010dlenov, pri\u010dom v \u0148om dominuj\u00fa \u017eensk\u00e9 hlasy. <i>\u201cV Zbore sv. Cec\u00edlie to berieme ako osvetu medzi mlad\u00fdmi, ktor\u00ed nespievaj\u00fa pravidelne \u0161tvorhlasn\u00e9 skladby. Je to zatia\u013e ve\u013emi pekn\u00e1 spolupr\u00e1ca.\u201d<\/i> povedal <span style=\"color: #33a7a4;\"><strong>Viliam Gurba\u013e,<\/strong> <\/span>hlavn\u00fd dirigent zboru. So zlo\u017een\u00fdm zborom nacvi\u010doval od 13. augusta dvakr\u00e1t do t\u00fd\u017ed\u0148a a koncom augusta sa ku zboru pridal aj 30-\u010dlenn\u00fd orchester.<span class=\"Apple-converted-space\">\u00a0<\/span><\/p>\n<figure id=\"attachment_5776\" aria-describedby=\"caption-attachment-5776\" style=\"width: 900px\" class=\"wp-caption alignnone\"><img loading=\"lazy\" decoding=\"async\" data-attachment-id=\"5776\" data-permalink=\"https:\/\/www.satb.sk\/index.php\/2021\/09\/13\/nova-hymna-i-skladba-venovana-frantiskovi-takto-nacvicovali-slovenske-zbory-pre-papeza\/241791091_4620497647983211_1756973816680883726_n-2\/\" data-orig-file=\"https:\/\/i0.wp.com\/www.satb.sk\/wp-content\/uploads\/2021\/09\/241791091_4620497647983211_1756973816680883726_n-1-e1631598501292.jpeg?fit=671%2C530&amp;ssl=1\" data-orig-size=\"671,530\" data-comments-opened=\"0\" data-image-meta=\"{&quot;aperture&quot;:&quot;0&quot;,&quot;credit&quot;:&quot;&quot;,&quot;camera&quot;:&quot;&quot;,&quot;caption&quot;:&quot;&quot;,&quot;created_timestamp&quot;:&quot;0&quot;,&quot;copyright&quot;:&quot;&quot;,&quot;focal_length&quot;:&quot;0&quot;,&quot;iso&quot;:&quot;0&quot;,&quot;shutter_speed&quot;:&quot;0&quot;,&quot;title&quot;:&quot;&quot;,&quot;orientation&quot;:&quot;0&quot;}\" data-image-title=\"241791091_4620497647983211_1756973816680883726_n\" data-image-description=\"\" data-image-caption=\"\" data-medium-file=\"https:\/\/i0.wp.com\/www.satb.sk\/wp-content\/uploads\/2021\/09\/241791091_4620497647983211_1756973816680883726_n-1-e1631598501292.jpeg?fit=300%2C237&amp;ssl=1\" data-large-file=\"https:\/\/i0.wp.com\/www.satb.sk\/wp-content\/uploads\/2021\/09\/241791091_4620497647983211_1756973816680883726_n-1-e1631598501292.jpeg?fit=671%2C530&amp;ssl=1\" class=\"wp-image-5776 \" src=\"https:\/\/i0.wp.com\/www.satb.sk\/wp-content\/uploads\/2021\/09\/241791091_4620497647983211_1756973816680883726_n-1-e1631598501292-300x237.jpeg?resize=837%2C662&#038;ssl=1\" alt=\"\" width=\"837\" height=\"662\" srcset=\"https:\/\/i0.wp.com\/www.satb.sk\/wp-content\/uploads\/2021\/09\/241791091_4620497647983211_1756973816680883726_n-1-e1631598501292.jpeg?resize=300%2C237&amp;ssl=1 300w, https:\/\/i0.wp.com\/www.satb.sk\/wp-content\/uploads\/2021\/09\/241791091_4620497647983211_1756973816680883726_n-1-e1631598501292.jpeg?resize=600%2C474&amp;ssl=1 600w, https:\/\/i0.wp.com\/www.satb.sk\/wp-content\/uploads\/2021\/09\/241791091_4620497647983211_1756973816680883726_n-1-e1631598501292.jpeg?w=671&amp;ssl=1 671w\" sizes=\"(max-width: 837px) 100vw, 837px\" data-recalc-dims=\"1\" \/><figcaption id=\"caption-attachment-5776\" class=\"wp-caption-text\"><em>Ko\u0161ice u\u017e maj\u00fa gener\u00e1lku za sebou. Foto: Viliam Gurbal<\/em><\/figcaption><\/figure>\n<p>&nbsp;<\/p>\n<h6><em><strong>Nov\u00e1 hymna i argent\u00ednske tango<\/strong><\/em><em><strong>\u00a0<\/strong><\/em><\/h6>\n<p>V Ko\u0161iciach sa p\u00e1pe\u017e stretne s mlad\u00fdmi bez bohoslu\u017eby, preto aj hudobn\u00fd program bude ma\u0165 oproti Pre\u0161ovu, \u010di \u0160a\u0161t\u00ednu in\u00fd charakter. &#8220;<em>Dr\u017eali sme sa princ\u00edpu &#8211; vyjadri\u0165 ml\u00e1de\u017en\u00edcku rados\u0165, spont\u00e1nnos\u0165, jednoduchos\u0165 vo vyjadrovan\u00ed a pou\u017eitie slovensk\u00e9ho jazyka. Pomedzi tieto skladby sme sa sna\u017eili vlo\u017ei\u0165 aj trochu klasiky.\u201d <\/em>hovor\u00ed Gurba\u013e. V reperto\u00e1ri s\u00fa zahrnut\u00e9 zn\u00e1me skladby ako <i>Nech ten chr\u00e1m zaplav\u00ed, <\/i>ob\u013e\u00faben\u00e1 piese\u0148 <i>Kr\u00ed\u017e je znakom sp\u00e1sy <\/i>Richarda La\u010dn\u00e9ho, ale aj zn\u00e1me H\u00e4ndlovo <em>Hallelujah!<\/em>, \u010di E<em>cce Sacerdos Magnus<\/em> od Ji\u0159\u00edho Strejca. <span style=\"color: #33a7a4;\"><strong>Na stretnut\u00ed zaznie aj nov\u00e1 hymna, ktor\u00fa nap\u00edsal Martin Husovsk\u00fd z kapely Komajota.<\/strong> <\/span>S\u00fa\u010dasn\u00fa liturgick\u00fa hudbu zastupuje skladba <em>Cho\u010fte do cel\u00e9ho sveta<\/em> od <span style=\"color: #33a7a4;\"><strong>slovensk\u00e9ho skladate\u013ea Stanislava \u0160urina <\/strong><\/span>a o in\u0161trument\u00e1ciu sa postaral dirigent a jazzov\u00fd hudobn\u00edk <span style=\"color: #33a7a4;\"><strong>Adri\u00e1n Harvan.<span class=\"Apple-converted-space\">\u00a0<\/span><\/strong><\/span><\/p>\n<p>\u0160pecialitou programu bude uvedenie skladby <span style=\"color: #33a7a4;\"><strong>Astora Piazzollu<\/strong> <\/span>(1921 \u2013 1992) <strong><span style=\"color: #33a7a4;\"><em>Libertango<\/em> spolu s tane\u010dn\u00fdm s\u00faborom<\/span><\/strong>. Zaradenie skladby od tohto argent\u00ednskeho skladate\u013ea nadv\u00e4zuje na krajinu, z ktorej p\u00e1pe\u017e poch\u00e1dza, no z\u00e1rove\u0148 m\u00e1 aj in\u00fa funkciu. Tane\u010dn\u00e9 p\u00e1ry, ktor\u00e9 bud\u00fa po\u010das tanca \u00fa\u010dinkova\u0165 bud\u00fa z r\u00f4znych krajov, resp. r\u00f4znych etn\u00edk, bud\u00fa rus\u00ednske, zempl\u00ednske, r\u00f3mske, ma\u010farsk\u00e9 a latinsko-americk\u00e9.<\/p>\n<h6 class=\"p1\"><em><strong>Ke\u010f sa stretne \u0161es\u0165 zborov<\/strong><\/em><\/h6>\n<p class=\"p1\">Sk\u00fa\u0161ky spev\u00e1ckych zborov prebiehali aj na z\u00e1pade Slovenska. V sobotu 28. augusta za\u010dal sk\u00fa\u0161a\u0165 <span style=\"color: #33a7a4;\"><strong>zmie\u0161an\u00fd spev\u00e1cky zbor, ktor\u00fd bude sprev\u00e1dza\u0165 liturgiu sl\u00e1vnostnej bohoslu\u017eby s p\u00e1pe\u017eom v \u0160a\u0161t\u00edne.<\/strong><\/span> Tak ako v Pre\u0161ove a Ko\u0161iciach, tak aj v tomto pr\u00edpade je zbor zlo\u017een\u00fd z viacer\u00fdch spev\u00e1ckych telies, konkr\u00e9tne: <span style=\"color: #33a7a4;\"><strong>Chorus Salvatoris<\/strong> <\/span>(Bratislava), <strong><span style=\"color: #33a7a4;\">Psallite Deo<\/span><\/strong> (Nitra), <span style=\"color: #33a7a4;\"><strong>Piarissimo<\/strong> <\/span>(Tren\u010d\u00edn), <strong><span style=\"color: #33a7a4;\">Chr\u00e1mov\u00fd zbor baziliky Sedembolestnej<\/span><\/strong> (\u0160a\u0161t\u00edn), <span style=\"color: #33a7a4;\"><strong>zbor z Konzervat\u00f3ria<\/strong><\/span> (Bratislava), <strong><span style=\"color: #33a7a4;\">Osmi\u010dk\u00e1ri<\/span> <\/strong>(Bratislava). Zbor sprev\u00e1dza aj 26-\u010dlenn\u00fd orchester zostaven\u00fd z hr\u00e1\u010dov p\u00f4sobiacich v r\u00f4znych profesion\u00e1lnych zoskupeniach. Rozsiahle hudobn\u00e9 teleso vyst\u00fapi pod taktovkou dvojice dirigentov \u2013 <span style=\"color: #33a7a4;\"><strong>Zuzany Buchovej Holi\u010dkovej<\/strong> <\/span>a <span style=\"color: #33a7a4;\"><strong>R\u00f3berta Mes\u00e1ro\u0161a<\/strong><\/span>. S\u00f3lov\u00fdch spev\u00e1ckych partov sa zhostia <span style=\"color: #33a7a4;\"><strong>Hilda Guly\u00e1s, M\u00e1ria Zaj\u00ed\u010dkov\u00e1 Kr\u00e1likov\u00e1 a Marek Cepko.<\/strong><\/span> Koncertn\u00fdm majstrom orchestra je popredn\u00fd slovensk\u00fd huslista <span style=\"color: #33a7a4;\"><strong>Juraj Tomka.<\/strong><\/span><\/p>\n<figure id=\"attachment_5768\" aria-describedby=\"caption-attachment-5768\" style=\"width: 948px\" class=\"wp-caption alignnone\"><img loading=\"lazy\" decoding=\"async\" data-attachment-id=\"5768\" data-permalink=\"https:\/\/www.satb.sk\/index.php\/2021\/09\/13\/nova-hymna-i-skladba-venovana-frantiskovi-takto-nacvicovali-slovenske-zbory-pre-papeza\/137-zbor-a-orchester-04-09-2021-jan-f-lukas\/\" data-orig-file=\"https:\/\/i2.wp.com\/www.satb.sk\/wp-content\/uploads\/2021\/09\/137-Zbor-a-orchester-04-09-2021-\u00a9-jan.f.lukas_-scaled.jpg?fit=2560%2C1709&amp;ssl=1\" data-orig-size=\"2560,1709\" data-comments-opened=\"0\" data-image-meta=\"{&quot;aperture&quot;:&quot;0&quot;,&quot;credit&quot;:&quot;&quot;,&quot;camera&quot;:&quot;&quot;,&quot;caption&quot;:&quot;&quot;,&quot;created_timestamp&quot;:&quot;0&quot;,&quot;copyright&quot;:&quot;&quot;,&quot;focal_length&quot;:&quot;0&quot;,&quot;iso&quot;:&quot;0&quot;,&quot;shutter_speed&quot;:&quot;0&quot;,&quot;title&quot;:&quot;&quot;,&quot;orientation&quot;:&quot;0&quot;}\" data-image-title=\"\" data-image-description=\"&lt;p&gt;Foto: J\u00e1n Luk\u00e1\u0161&lt;\/p&gt;\n\" data-image-caption=\"\" data-medium-file=\"https:\/\/i2.wp.com\/www.satb.sk\/wp-content\/uploads\/2021\/09\/137-Zbor-a-orchester-04-09-2021-\u00a9-jan.f.lukas_-scaled.jpg?fit=300%2C200&amp;ssl=1\" data-large-file=\"https:\/\/i2.wp.com\/www.satb.sk\/wp-content\/uploads\/2021\/09\/137-Zbor-a-orchester-04-09-2021-\u00a9-jan.f.lukas_-scaled.jpg?fit=837%2C559&amp;ssl=1\" class=\"wp-image-5768\" src=\"https:\/\/i1.wp.com\/www.satb.sk\/wp-content\/uploads\/2021\/09\/137-Zbor-a-orchester-04-09-2021-\u00a9-jan.f.lukas_.jpg?resize=837%2C558&#038;ssl=1\" alt=\"\" width=\"837\" height=\"558\" srcset=\"https:\/\/i2.wp.com\/www.satb.sk\/wp-content\/uploads\/2021\/09\/137-Zbor-a-orchester-04-09-2021-\u00a9-jan.f.lukas_-scaled.jpg?resize=300%2C200&amp;ssl=1 300w, https:\/\/i2.wp.com\/www.satb.sk\/wp-content\/uploads\/2021\/09\/137-Zbor-a-orchester-04-09-2021-\u00a9-jan.f.lukas_-scaled.jpg?resize=1024%2C684&amp;ssl=1 1024w, https:\/\/i2.wp.com\/www.satb.sk\/wp-content\/uploads\/2021\/09\/137-Zbor-a-orchester-04-09-2021-\u00a9-jan.f.lukas_-scaled.jpg?resize=768%2C513&amp;ssl=1 768w, https:\/\/i2.wp.com\/www.satb.sk\/wp-content\/uploads\/2021\/09\/137-Zbor-a-orchester-04-09-2021-\u00a9-jan.f.lukas_-scaled.jpg?resize=1536%2C1025&amp;ssl=1 1536w, https:\/\/i2.wp.com\/www.satb.sk\/wp-content\/uploads\/2021\/09\/137-Zbor-a-orchester-04-09-2021-\u00a9-jan.f.lukas_-scaled.jpg?resize=2048%2C1367&amp;ssl=1 2048w, https:\/\/i2.wp.com\/www.satb.sk\/wp-content\/uploads\/2021\/09\/137-Zbor-a-orchester-04-09-2021-\u00a9-jan.f.lukas_-scaled.jpg?resize=600%2C401&amp;ssl=1 600w, https:\/\/i2.wp.com\/www.satb.sk\/wp-content\/uploads\/2021\/09\/137-Zbor-a-orchester-04-09-2021-\u00a9-jan.f.lukas_-scaled.jpg?resize=272%2C182&amp;ssl=1 272w, https:\/\/i2.wp.com\/www.satb.sk\/wp-content\/uploads\/2021\/09\/137-Zbor-a-orchester-04-09-2021-\u00a9-jan.f.lukas_-scaled.jpg?w=1674&amp;ssl=1 1674w, https:\/\/i2.wp.com\/www.satb.sk\/wp-content\/uploads\/2021\/09\/137-Zbor-a-orchester-04-09-2021-\u00a9-jan.f.lukas_-scaled.jpg?w=2511&amp;ssl=1 2511w\" sizes=\"(max-width: 837px) 100vw, 837px\" data-recalc-dims=\"1\" \/><figcaption id=\"caption-attachment-5768\" class=\"wp-caption-text\"><em>Z n\u00e1cviku v \u0160a\u0161t\u00edne. Foto: J\u00e1n Luk\u00e1\u0161<\/em><\/figcaption><\/figure>\n<h6 class=\"p1\"><b><i><br \/>\nIn\u0161trukcie priamo z Vatik\u00e1nu<\/i><\/b><\/h6>\n<p class=\"p1\">Proces pr\u00edpravy a na\u0161tudovania hudobnej \u010dasti liturgie v \u0160a\u0161t\u00edne prebiehal aj v tomto pr\u00edpade ve\u013emi intenz\u00edvne. <em>&#8220;Prizn\u00e1m sa, \u017ee predstava pr\u00e1ce so sto\u010dlenn\u00fdm zborom ma spo\u010diatku trochu vypla\u0161ila a od za\u010diatku som mala ve\u013ek\u00fd re\u0161pekt.&#8221; <\/em>vyjadrila sa na margo n\u00e1cvikov dirigentka Zuzana Buchov\u00e1 Holi\u010dkov\u00e1. Spev\u00e1kov pochv\u00e1lila:<em> &#8220;Zbory v\u0161ak pri\u0161li v\u00fdborne pripraven\u00e9 a aj ke\u010f sme doteraz nespolupracovali, reaguj\u00fa ve\u013emi dobre a flexibilne na v\u0161etky po\u017eiadavky, \u010di u\u017e z mojej alebo zo strany dirigenta R\u00f3berta Mes\u00e1ro\u0161a. Mus\u00edm tie\u017e oceni\u0165 ich nesmiernu trpezlivos\u0165 a odhodlanie, lebo vlastne viac ako polovica z nich musela na ka\u017ed\u00fa spolo\u010dn\u00fa sk\u00fa\u0161ku cestova\u0165 z pomerne ve\u013ekej vzdialenosti.&#8221;\u00a0<\/em><\/p>\n<p class=\"p1\">Hudobn\u00fa dramaturgiu zborov mal na starosti <span style=\"color: #33a7a4;\"><strong>jezuita Vlastimil Dufka SJ a Vladim\u00edr Kopec<\/strong><\/span>, s\u00fa\u010dasn\u00fd organista Baziliky sv. Emer\u00e1ma v Nitre a z\u00e1rove\u0148 dirigent katedr\u00e1lneho spev\u00e1ckeho zboru Psallite Deo. <i>\u201cPri pr\u00edprave hudobnej zlo\u017eky liturgie sme siahli najprv po tom, \u010do sme mohli pou\u017ei\u0165 a \u010do u\u017e bolo skomponovan\u00e9, nako\u013eko \u010das na pr\u00edpravu bol ve\u013emi kr\u00e1tky.\u201d <\/i>hovor\u00ed Vladim\u00edr Kopec.<span class=\"Apple-converted-space\">\u00a0<\/span><\/p>\n<p class=\"p1\">Ke\u010f\u017ee bohoslu\u017eba v \u0160a\u0161t\u00edne pripad\u00e1 na sl\u00e1vnos\u0165 Sedembolestnej Panny M\u00e1rie, Patr\u00f3nky Slovenska, bol <span style=\"color: #33a7a4;\"><strong>v\u00fdber hudobnej \u010dasti liturgie prisp\u00f4soben\u00fd mari\u00e1nskej t\u00e9matike.<\/strong><\/span><span class=\"Apple-converted-space\">\u00a0<\/span><i>\u201cNajsk\u00f4r sme vybrali piesne z Jednotn\u00e9ho katol\u00edckeho spevn\u00edka a Liturgick\u00e9ho spevn\u00edka, ktor\u00e9 s\u00fa vhodn\u00e9 na sviatok Sedembolestnej Panny M\u00e1rie. Z\u00e1rove\u0148 sme chceli zosta\u0165 vern\u00ed cirkevn\u00fdm dokumentom, ktor\u00e9 klad\u00fa na prv\u00e9 miesto gregori\u00e1nsky spev a polyf\u00f3niu, preto\u017e tak pri\u0161la aj in\u0161trukcia z Vatik\u00e1nu.\u201d<\/i> ozrejmuje v\u00fdber reperto\u00e1ru Kopec. Pred spevom <em>Aleluja<\/em> vybrali teda ako sekvenciu starobyl\u00fd spev <i>Stabat Mater<\/i> a hymnus <i>Jesu dulcis memoria <\/i>v \u00faprave do sloven\u010diny, kde sa striedaj\u00fa pas\u00e1\u017ee \u013eudu s organom s polyf\u00f3nnymi pas\u00e1\u017eami a cappella zboru.<\/p>\n<p>Niektor\u00e9 spevy v\u0161ak bolo potrebn\u00e9 napriek tomu dokomponova\u0165. \u201c<i>Ako in\u0161pir\u00e1cia posl\u00fa\u017eili texty zo Sv\u00e4t\u00e9ho p\u00edsma, ktor\u00e9 priliehali k danej liturgii. Tak vznikol napr\u00edklad spev na prij\u00edmanie Radujte sa, ktor\u00e9ho text je v R\u00edmskom mis\u00e1li ako spev na prij\u00edmanie. V\u0161etko sme, samozrejme, konzultovali s R\u00edmom a s p\u00e1pe\u017esk\u00fdmi ceremoni\u00e1rmi.\u201d <\/i>dod\u00e1va Kopec.<\/p>\n<p><span class=\"embed-youtube\" style=\"text-align:center; display: block;\"><iframe loading=\"lazy\" class=\"youtube-player\" width=\"837\" height=\"471\" src=\"https:\/\/www.youtube.com\/embed\/sbzqeOinAnY?version=3&#038;rel=1&#038;showsearch=0&#038;showinfo=1&#038;iv_load_policy=1&#038;fs=1&#038;hl=sk-SK&#038;autohide=2&#038;wmode=transparent\" allowfullscreen=\"true\" style=\"border:0;\" sandbox=\"allow-scripts allow-same-origin allow-popups allow-presentation\"><\/iframe><\/span><\/p>\n<h6 class=\"p1\"><b><i>Skladba venovan\u00e1 Franti\u0161kovi<\/i><\/b><\/h6>\n<p class=\"p1\"><strong><span style=\"color: #33a7a4;\">Zauj\u00edmavou skladbou je Kopecova skladba <em>Tu es Petrus,<\/em> <\/span><\/strong>ktor\u00e1 zaznie na \u00favod pr\u00edchodu pap\u00e9\u017ea na bohoslu\u017ebu v \u0160a\u0161t\u00edne. Vladim\u00edr Kopec nap\u00edsal prv\u00e9 n\u00e1\u010drty skladby e\u0161te ako \u0161tudent Konzervat\u00f3ria sv. Cec\u00edlie v R\u00edme v roku 2009. Skladbu, vtedy e\u0161te v krat\u0161ej verzii, venoval Sixt\u00ednskemu zboru v Bazilike sv. Petra, ktor\u00fa v tom \u010dase viedol Mons. Giuseppe Liberto a nakr\u00e1tko zaznela aj p\u00e1pe\u017eovi Benediktovi XVI. Text skladby poch\u00e1dza z biblie a jeho preklad znamen\u00e1 \u201c<em>Ty si Peter a na tejto skale postav\u00edm svoju Cirkev a pekeln\u00e9 br\u00e1ny ju neprem\u00f4\u017eu, tebe d\u00e1m k\u013e\u00fa\u010de od nebesk\u00e9ho kr\u00e1\u013eovstva\u201d.<\/em><\/p>\n<p>\u201c<em>Ke\u010f sme uva\u017eovali, \u010do by sa hodilo ako prv\u00e9 po\u010das v\u00edtania p\u00e1pe\u017ea medzi \u013eu\u010fmi na papamobile, napadlo mi, \u017ee by som mohol dokon\u010di\u0165 a prekomponova\u0165 t\u00fato skladbu. Mal som pocit, \u017ee text skladby bol ako stvoren\u00fd na tento okamih. Vznikla tak z toho skladba, ktor\u00fa u\u017e nepl\u00e1nujem meni\u0165 a zostane takto &#8211; venovan\u00e1 p\u00e1pe\u017eovi Franti\u0161kovi.\u201d<\/em> povedal Kopec, \u010do st\u00e1lo za v\u00fdberom skladby.<span class=\"Apple-converted-space\">\u00a0<\/span><\/p>\n<p class=\"p1\">Nejde pritom o prv\u00fa skladbu, ktor\u00fa Kopec p\u00e1pe\u017eovi Franti\u0161kovi venoval. V roku 2016 nap\u00edsal pri pr\u00edle\u017eitosti jubilejn\u00e9ho roka Bo\u017eieho milosrdenstva, ktor\u00fd vyhl\u00e1sil p\u00e1pe\u017e Franti\u0161ek, orat\u00f3rium <i>Misericordia<\/i>, ktor\u00e9 mu venoval. Reakcia p\u00e1pe\u017ea Franti\u0161ka ho milo prekvapila: \u201c<i>O p\u00e1r mesiacov nesk\u00f4r som objavil doma v schr\u00e1nke list vlastnoru\u010dne p\u00edsan\u00fd p\u00e1pe\u017eom Franti\u0161kom, v ktorom mi \u010fakuje za toto dielo. Ve\u013emi si to v\u00e1\u017eim a aj preto som c\u00edtil potrebu venova\u0165 mu spom\u00ednan\u00fa \u00favodn\u00fa skladbu.\u201d\u00a0<\/i><\/p>\n<div class=\"tiled-gallery type-square tiled-gallery-unresized\" data-original-width=\"837\" data-carousel-extra='{&quot;blog_id&quot;:1,&quot;permalink&quot;:&quot;https:\\\/\\\/www.satb.sk\\\/index.php\\\/2021\\\/09\\\/13\\\/nova-hymna-i-skladba-venovana-frantiskovi-takto-nacvicovali-slovenske-zbory-pre-papeza\\\/&quot;,&quot;likes_blog_id&quot;:155172770}' itemscope itemtype=\"http:\/\/schema.org\/ImageGallery\" > <div class=\"gallery-row\" style=\"width: 837px; height: 139px;\" data-original-width=\"837\" data-original-height=\"139\" > <div class=\"gallery-group\" style=\"width: 139px; height: 139px;\" data-original-width=\"139\" data-original-height=\"139\" > <div class=\"tiled-gallery-item \" itemprop=\"associatedMedia\" itemscope itemtype=\"http:\/\/schema.org\/ImageObject\"> <a href=\"https:\/\/www.satb.sk\/index.php\/2021\/09\/13\/nova-hymna-i-skladba-venovana-frantiskovi-takto-nacvicovali-slovenske-zbory-pre-papeza\/114-zbor-a-orchester-04-09-2021-jan-f-lukas\/\" border=\"0\" itemprop=\"url\"> <meta itemprop=\"width\" content=\"135\"> <meta itemprop=\"height\" content=\"135\"> <img loading=\"lazy\" decoding=\"async\" data-attachment-id=\"5754\" data-orig-file=\"https:\/\/www.satb.sk\/wp-content\/uploads\/2021\/09\/114-Zbor-a-orchester-04-09-2021-\u00a9-jan.f.lukas_-scaled.jpg\" data-orig-size=\"2560,1709\" data-comments-opened=\"\" data-image-meta=\"{&quot;aperture&quot;:&quot;0&quot;,&quot;credit&quot;:&quot;&quot;,&quot;camera&quot;:&quot;&quot;,&quot;caption&quot;:&quot;&quot;,&quot;created_timestamp&quot;:&quot;0&quot;,&quot;copyright&quot;:&quot;&quot;,&quot;focal_length&quot;:&quot;0&quot;,&quot;iso&quot;:&quot;0&quot;,&quot;shutter_speed&quot;:&quot;0&quot;,&quot;title&quot;:&quot;&quot;,&quot;orientation&quot;:&quot;0&quot;}\" data-image-title=\"114 Zbor a orchester 04 09 2021 \u00a9 jan.f.lukas\" data-image-description=\"&lt;p&gt;Foto: J\u00e1n Luk\u00e1\u0161&lt;\/p&gt; \" data-medium-file=\"https:\/\/i2.wp.com\/www.satb.sk\/wp-content\/uploads\/2021\/09\/114-Zbor-a-orchester-04-09-2021-\u00a9-jan.f.lukas_-scaled.jpg?fit=300%2C200&#038;ssl=1\" data-large-file=\"https:\/\/i2.wp.com\/www.satb.sk\/wp-content\/uploads\/2021\/09\/114-Zbor-a-orchester-04-09-2021-\u00a9-jan.f.lukas_-scaled.jpg?fit=837%2C559&#038;ssl=1\" src=\"https:\/\/i2.wp.com\/www.satb.sk\/wp-content\/uploads\/2021\/09\/114-Zbor-a-orchester-04-09-2021-\u00a9-jan.f.lukas_-scaled.jpg?w=135&#038;h=135&#038;crop=1&#038;ssl=1\" width=\"135\" height=\"135\" data-original-width=\"135\" data-original-height=\"135\" itemprop=\"http:\/\/schema.org\/image\" title=\"114 Zbor a orchester 04 09 2021 \u00a9 jan.f.lukas\" alt=\"Foto: J\u00e1n Luk\u00e1\u0161\" style=\"width: 135px; height: 135px;\" \/> <\/a> <div class=\"tiled-gallery-caption\" itemprop=\"caption description\"> Foto: J\u00e1n Luk\u00e1\u0161 <\/div> <\/div> <\/div> <div class=\"gallery-group\" style=\"width: 139px; height: 139px;\" data-original-width=\"139\" data-original-height=\"139\" > <div class=\"tiled-gallery-item \" itemprop=\"associatedMedia\" itemscope itemtype=\"http:\/\/schema.org\/ImageObject\"> <a href=\"https:\/\/www.satb.sk\/index.php\/2021\/09\/13\/nova-hymna-i-skladba-venovana-frantiskovi-takto-nacvicovali-slovenske-zbory-pre-papeza\/106-zbor-a-orchester-04-09-2021-jan-f-lukas\/\" border=\"0\" itemprop=\"url\"> <meta itemprop=\"width\" content=\"135\"> <meta itemprop=\"height\" content=\"135\"> <img loading=\"lazy\" decoding=\"async\" data-attachment-id=\"5755\" data-orig-file=\"https:\/\/www.satb.sk\/wp-content\/uploads\/2021\/09\/106-Zbor-a-orchester-04-09-2021-\u00a9-jan.f.lukas_-scaled.jpg\" data-orig-size=\"2560,2400\" data-comments-opened=\"\" data-image-meta=\"{&quot;aperture&quot;:&quot;0&quot;,&quot;credit&quot;:&quot;&quot;,&quot;camera&quot;:&quot;&quot;,&quot;caption&quot;:&quot;&quot;,&quot;created_timestamp&quot;:&quot;0&quot;,&quot;copyright&quot;:&quot;&quot;,&quot;focal_length&quot;:&quot;0&quot;,&quot;iso&quot;:&quot;0&quot;,&quot;shutter_speed&quot;:&quot;0&quot;,&quot;title&quot;:&quot;&quot;,&quot;orientation&quot;:&quot;0&quot;}\" data-image-title=\"106 Zbor a orchester 04 09 2021 \u00a9 jan.f.lukas\" data-image-description=\"\" data-medium-file=\"https:\/\/i2.wp.com\/www.satb.sk\/wp-content\/uploads\/2021\/09\/106-Zbor-a-orchester-04-09-2021-\u00a9-jan.f.lukas_-scaled.jpg?fit=300%2C281&#038;ssl=1\" data-large-file=\"https:\/\/i2.wp.com\/www.satb.sk\/wp-content\/uploads\/2021\/09\/106-Zbor-a-orchester-04-09-2021-\u00a9-jan.f.lukas_-scaled.jpg?fit=837%2C785&#038;ssl=1\" src=\"https:\/\/i2.wp.com\/www.satb.sk\/wp-content\/uploads\/2021\/09\/106-Zbor-a-orchester-04-09-2021-\u00a9-jan.f.lukas_-scaled.jpg?w=135&#038;h=135&#038;crop=1&#038;ssl=1\" width=\"135\" height=\"135\" data-original-width=\"135\" data-original-height=\"135\" itemprop=\"http:\/\/schema.org\/image\" title=\"106 Zbor a orchester 04 09 2021 \u00a9 jan.f.lukas\" alt=\"Foto: J\u00e1n Luk\u00e1\u0161\" style=\"width: 135px; height: 135px;\" \/> <\/a> <div class=\"tiled-gallery-caption\" itemprop=\"caption description\"> Foto: J\u00e1n Luk\u00e1\u0161 <\/div> <\/div> <\/div> <div class=\"gallery-group\" style=\"width: 139px; height: 139px;\" data-original-width=\"139\" data-original-height=\"139\" > <div class=\"tiled-gallery-item \" itemprop=\"associatedMedia\" itemscope itemtype=\"http:\/\/schema.org\/ImageObject\"> <a href=\"https:\/\/www.satb.sk\/index.php\/2021\/09\/13\/nova-hymna-i-skladba-venovana-frantiskovi-takto-nacvicovali-slovenske-zbory-pre-papeza\/114-zbor-a-orchester-04-09-2021-jan-f-lukas-2\/\" border=\"0\" itemprop=\"url\"> <meta itemprop=\"width\" content=\"135\"> <meta itemprop=\"height\" content=\"135\"> <img loading=\"lazy\" decoding=\"async\" data-attachment-id=\"5756\" data-orig-file=\"https:\/\/www.satb.sk\/wp-content\/uploads\/2021\/09\/114-Zbor-a-orchester-04-09-2021-\u00a9-jan.f.lukas_-1-scaled.jpg\" data-orig-size=\"2560,1709\" data-comments-opened=\"\" data-image-meta=\"{&quot;aperture&quot;:&quot;0&quot;,&quot;credit&quot;:&quot;&quot;,&quot;camera&quot;:&quot;&quot;,&quot;caption&quot;:&quot;&quot;,&quot;created_timestamp&quot;:&quot;0&quot;,&quot;copyright&quot;:&quot;&quot;,&quot;focal_length&quot;:&quot;0&quot;,&quot;iso&quot;:&quot;0&quot;,&quot;shutter_speed&quot;:&quot;0&quot;,&quot;title&quot;:&quot;&quot;,&quot;orientation&quot;:&quot;0&quot;}\" data-image-title=\"114 Zbor a orchester 04 09 2021 \u00a9 jan.f.lukas\" data-image-description=\"&lt;p&gt;Foto: J\u00e1n Luk\u00e1\u0161&lt;\/p&gt; \" data-medium-file=\"https:\/\/i0.wp.com\/www.satb.sk\/wp-content\/uploads\/2021\/09\/114-Zbor-a-orchester-04-09-2021-\u00a9-jan.f.lukas_-1-scaled.jpg?fit=300%2C200&#038;ssl=1\" data-large-file=\"https:\/\/i0.wp.com\/www.satb.sk\/wp-content\/uploads\/2021\/09\/114-Zbor-a-orchester-04-09-2021-\u00a9-jan.f.lukas_-1-scaled.jpg?fit=837%2C559&#038;ssl=1\" src=\"https:\/\/i0.wp.com\/www.satb.sk\/wp-content\/uploads\/2021\/09\/114-Zbor-a-orchester-04-09-2021-\u00a9-jan.f.lukas_-1-scaled.jpg?w=135&#038;h=135&#038;crop=1&#038;ssl=1\" width=\"135\" height=\"135\" data-original-width=\"135\" data-original-height=\"135\" itemprop=\"http:\/\/schema.org\/image\" title=\"114 Zbor a orchester 04 09 2021 \u00a9 jan.f.lukas\" alt=\"Foto: J\u00e1n Luk\u00e1\u0161\" style=\"width: 135px; height: 135px;\" \/> <\/a> <div class=\"tiled-gallery-caption\" itemprop=\"caption description\"> Foto: J\u00e1n Luk\u00e1\u0161 <\/div> <\/div> <\/div> <div class=\"gallery-group\" style=\"width: 139px; height: 139px;\" data-original-width=\"139\" data-original-height=\"139\" > <div class=\"tiled-gallery-item \" itemprop=\"associatedMedia\" itemscope itemtype=\"http:\/\/schema.org\/ImageObject\"> <a href=\"https:\/\/www.satb.sk\/index.php\/2021\/09\/13\/nova-hymna-i-skladba-venovana-frantiskovi-takto-nacvicovali-slovenske-zbory-pre-papeza\/241443120_4506501176079152_3332314875999403998_n-2\/\" border=\"0\" itemprop=\"url\"> <meta itemprop=\"width\" content=\"135\"> <meta itemprop=\"height\" content=\"135\"> <img loading=\"lazy\" decoding=\"async\" data-attachment-id=\"5757\" data-orig-file=\"https:\/\/www.satb.sk\/wp-content\/uploads\/2021\/09\/241443120_4506501176079152_3332314875999403998_n-1.jpeg\" data-orig-size=\"1890,1261\" data-comments-opened=\"\" data-image-meta=\"{&quot;aperture&quot;:&quot;0&quot;,&quot;credit&quot;:&quot;Picasa&quot;,&quot;camera&quot;:&quot;&quot;,&quot;caption&quot;:&quot;&quot;,&quot;created_timestamp&quot;:&quot;0&quot;,&quot;copyright&quot;:&quot;&quot;,&quot;focal_length&quot;:&quot;0&quot;,&quot;iso&quot;:&quot;0&quot;,&quot;shutter_speed&quot;:&quot;0&quot;,&quot;title&quot;:&quot;&quot;,&quot;orientation&quot;:&quot;0&quot;}\" data-image-title=\"241443120_4506501176079152_3332314875999403998_n\" data-image-description=\"\" data-medium-file=\"https:\/\/i0.wp.com\/www.satb.sk\/wp-content\/uploads\/2021\/09\/241443120_4506501176079152_3332314875999403998_n-1.jpeg?fit=300%2C200&#038;ssl=1\" data-large-file=\"https:\/\/i0.wp.com\/www.satb.sk\/wp-content\/uploads\/2021\/09\/241443120_4506501176079152_3332314875999403998_n-1.jpeg?fit=837%2C558&#038;ssl=1\" src=\"https:\/\/i0.wp.com\/www.satb.sk\/wp-content\/uploads\/2021\/09\/241443120_4506501176079152_3332314875999403998_n-1.jpeg?w=135&#038;h=135&#038;crop=1&#038;ssl=1\" width=\"135\" height=\"135\" data-original-width=\"135\" data-original-height=\"135\" itemprop=\"http:\/\/schema.org\/image\" title=\"241443120_4506501176079152_3332314875999403998_n\" alt=\"Foto: J\u00e1n Luk\u00e1\u0161\" style=\"width: 135px; height: 135px;\" \/> <\/a> <div class=\"tiled-gallery-caption\" itemprop=\"caption description\"> Foto: J\u00e1n Luk\u00e1\u0161 <\/div> <\/div> <\/div> <div class=\"gallery-group\" style=\"width: 139px; height: 139px;\" data-original-width=\"139\" data-original-height=\"139\" > <div class=\"tiled-gallery-item \" itemprop=\"associatedMedia\" itemscope itemtype=\"http:\/\/schema.org\/ImageObject\"> <a href=\"https:\/\/www.satb.sk\/index.php\/2021\/09\/13\/nova-hymna-i-skladba-venovana-frantiskovi-takto-nacvicovali-slovenske-zbory-pre-papeza\/img_9220\/\" border=\"0\" itemprop=\"url\"> <meta itemprop=\"width\" content=\"135\"> <meta itemprop=\"height\" content=\"135\"> <img loading=\"lazy\" decoding=\"async\" data-attachment-id=\"5758\" data-orig-file=\"https:\/\/www.satb.sk\/wp-content\/uploads\/2021\/09\/IMG_9220-scaled.jpeg\" data-orig-size=\"2560,1920\" data-comments-opened=\"\" data-image-meta=\"{&quot;aperture&quot;:&quot;2.4&quot;,&quot;credit&quot;:&quot;&quot;,&quot;camera&quot;:&quot;iPhone 12 Pro&quot;,&quot;caption&quot;:&quot;&quot;,&quot;created_timestamp&quot;:&quot;1630145588&quot;,&quot;copyright&quot;:&quot;&quot;,&quot;focal_length&quot;:&quot;1.54&quot;,&quot;iso&quot;:&quot;200&quot;,&quot;shutter_speed&quot;:&quot;0.01&quot;,&quot;title&quot;:&quot;&quot;,&quot;orientation&quot;:&quot;1&quot;}\" data-image-title=\"IMG_9220\" data-image-description=\"\" data-medium-file=\"https:\/\/i2.wp.com\/www.satb.sk\/wp-content\/uploads\/2021\/09\/IMG_9220-scaled.jpeg?fit=300%2C225&#038;ssl=1\" data-large-file=\"https:\/\/i2.wp.com\/www.satb.sk\/wp-content\/uploads\/2021\/09\/IMG_9220-scaled.jpeg?fit=837%2C628&#038;ssl=1\" src=\"https:\/\/i2.wp.com\/www.satb.sk\/wp-content\/uploads\/2021\/09\/IMG_9220-scaled.jpeg?w=135&#038;h=135&#038;crop=1&#038;ssl=1\" width=\"135\" height=\"135\" data-original-width=\"135\" data-original-height=\"135\" itemprop=\"http:\/\/schema.org\/image\" title=\"IMG_9220\" alt=\"Foto: J\u00e1n Luk\u00e1\u0161\" style=\"width: 135px; height: 135px;\" \/> <\/a> <div class=\"tiled-gallery-caption\" itemprop=\"caption description\"> Foto: J\u00e1n Luk\u00e1\u0161 <\/div> <\/div> <\/div> <div class=\"gallery-group\" style=\"width: 139px; height: 139px;\" data-original-width=\"139\" data-original-height=\"139\" > <div class=\"tiled-gallery-item \" itemprop=\"associatedMedia\" itemscope itemtype=\"http:\/\/schema.org\/ImageObject\"> <a href=\"https:\/\/www.satb.sk\/index.php\/2021\/09\/13\/nova-hymna-i-skladba-venovana-frantiskovi-takto-nacvicovali-slovenske-zbory-pre-papeza\/74-zbor-a-orchester-04-09-2021-jan-f-lukas\/\" border=\"0\" itemprop=\"url\"> <meta itemprop=\"width\" content=\"135\"> <meta itemprop=\"height\" content=\"135\"> <img loading=\"lazy\" decoding=\"async\" data-attachment-id=\"5759\" data-orig-file=\"https:\/\/www.satb.sk\/wp-content\/uploads\/2021\/09\/74-Zbor-a-orchester-04-09-2021-\u00a9-jan.f.lukas_-scaled.jpg\" data-orig-size=\"2560,1706\" data-comments-opened=\"\" data-image-meta=\"{&quot;aperture&quot;:&quot;0&quot;,&quot;credit&quot;:&quot;&quot;,&quot;camera&quot;:&quot;&quot;,&quot;caption&quot;:&quot;&quot;,&quot;created_timestamp&quot;:&quot;0&quot;,&quot;copyright&quot;:&quot;&quot;,&quot;focal_length&quot;:&quot;0&quot;,&quot;iso&quot;:&quot;0&quot;,&quot;shutter_speed&quot;:&quot;0&quot;,&quot;title&quot;:&quot;&quot;,&quot;orientation&quot;:&quot;0&quot;}\" data-image-title=\"74 Zbor a orchester 04 09 2021 \u00a9 jan.f.lukas\" data-image-description=\"\" data-medium-file=\"https:\/\/i2.wp.com\/www.satb.sk\/wp-content\/uploads\/2021\/09\/74-Zbor-a-orchester-04-09-2021-\u00a9-jan.f.lukas_-scaled.jpg?fit=300%2C200&#038;ssl=1\" data-large-file=\"https:\/\/i2.wp.com\/www.satb.sk\/wp-content\/uploads\/2021\/09\/74-Zbor-a-orchester-04-09-2021-\u00a9-jan.f.lukas_-scaled.jpg?fit=837%2C558&#038;ssl=1\" src=\"https:\/\/i2.wp.com\/www.satb.sk\/wp-content\/uploads\/2021\/09\/74-Zbor-a-orchester-04-09-2021-\u00a9-jan.f.lukas_-scaled.jpg?w=135&#038;h=135&#038;crop=1&#038;ssl=1\" width=\"135\" height=\"135\" data-original-width=\"135\" data-original-height=\"135\" itemprop=\"http:\/\/schema.org\/image\" title=\"74 Zbor a orchester 04 09 2021 \u00a9 jan.f.lukas\" alt=\"Foto: J\u00e1n Luk\u00e1\u0161\" style=\"width: 135px; height: 135px;\" \/> <\/a> <div class=\"tiled-gallery-caption\" itemprop=\"caption description\"> Foto: J\u00e1n Luk\u00e1\u0161 <\/div> <\/div> <\/div> <\/div> <div class=\"gallery-row\" style=\"width: 837px; height: 139px;\" data-original-width=\"837\" data-original-height=\"139\" > <div class=\"gallery-group\" style=\"width: 139px; height: 139px;\" data-original-width=\"139\" data-original-height=\"139\" > <div class=\"tiled-gallery-item \" itemprop=\"associatedMedia\" itemscope itemtype=\"http:\/\/schema.org\/ImageObject\"> <a href=\"https:\/\/www.satb.sk\/index.php\/2021\/09\/13\/nova-hymna-i-skladba-venovana-frantiskovi-takto-nacvicovali-slovenske-zbory-pre-papeza\/6-zbor-a-orchester-04-09-2021-jan-f-lukas\/\" border=\"0\" itemprop=\"url\"> <meta itemprop=\"width\" content=\"135\"> <meta itemprop=\"height\" content=\"135\"> <img loading=\"lazy\" decoding=\"async\" data-attachment-id=\"5760\" data-orig-file=\"https:\/\/www.satb.sk\/wp-content\/uploads\/2021\/09\/6-Zbor-a-orchester-04-09-2021-\u00a9-jan.f.lukas_-scaled.jpg\" data-orig-size=\"2560,1578\" data-comments-opened=\"\" data-image-meta=\"{&quot;aperture&quot;:&quot;0&quot;,&quot;credit&quot;:&quot;&quot;,&quot;camera&quot;:&quot;&quot;,&quot;caption&quot;:&quot;&quot;,&quot;created_timestamp&quot;:&quot;0&quot;,&quot;copyright&quot;:&quot;&quot;,&quot;focal_length&quot;:&quot;0&quot;,&quot;iso&quot;:&quot;0&quot;,&quot;shutter_speed&quot;:&quot;0&quot;,&quot;title&quot;:&quot;&quot;,&quot;orientation&quot;:&quot;0&quot;}\" data-image-title=\"6 Zbor a orchester 04 09 2021 \u00a9 jan.f.lukas\" data-image-description=\"\" data-medium-file=\"https:\/\/i1.wp.com\/www.satb.sk\/wp-content\/uploads\/2021\/09\/6-Zbor-a-orchester-04-09-2021-\u00a9-jan.f.lukas_-scaled.jpg?fit=300%2C185&#038;ssl=1\" data-large-file=\"https:\/\/i1.wp.com\/www.satb.sk\/wp-content\/uploads\/2021\/09\/6-Zbor-a-orchester-04-09-2021-\u00a9-jan.f.lukas_-scaled.jpg?fit=837%2C516&#038;ssl=1\" src=\"https:\/\/i1.wp.com\/www.satb.sk\/wp-content\/uploads\/2021\/09\/6-Zbor-a-orchester-04-09-2021-\u00a9-jan.f.lukas_-scaled.jpg?w=135&#038;h=135&#038;crop=1&#038;ssl=1\" width=\"135\" height=\"135\" data-original-width=\"135\" data-original-height=\"135\" itemprop=\"http:\/\/schema.org\/image\" title=\"6 Zbor a orchester 04 09 2021 \u00a9 jan.f.lukas\" alt=\"Foto: J\u00e1n Luk\u00e1\u0161\" style=\"width: 135px; height: 135px;\" \/> <\/a> <div class=\"tiled-gallery-caption\" itemprop=\"caption description\"> Foto: J\u00e1n Luk\u00e1\u0161 <\/div> <\/div> <\/div> <div class=\"gallery-group\" style=\"width: 139px; height: 139px;\" data-original-width=\"139\" data-original-height=\"139\" > <div class=\"tiled-gallery-item \" itemprop=\"associatedMedia\" itemscope itemtype=\"http:\/\/schema.org\/ImageObject\"> <a href=\"https:\/\/www.satb.sk\/index.php\/2021\/09\/13\/nova-hymna-i-skladba-venovana-frantiskovi-takto-nacvicovali-slovenske-zbory-pre-papeza\/41-zbor-a-orchester-04-09-2021-jan-f-lukas\/\" border=\"0\" itemprop=\"url\"> <meta itemprop=\"width\" content=\"135\"> <meta itemprop=\"height\" content=\"135\"> <img loading=\"lazy\" decoding=\"async\" data-attachment-id=\"5761\" data-orig-file=\"https:\/\/www.satb.sk\/wp-content\/uploads\/2021\/09\/41-Zbor-a-orchester-04-09-2021-\u00a9-jan.f.lukas_-scaled.jpg\" data-orig-size=\"2560,1706\" data-comments-opened=\"\" data-image-meta=\"{&quot;aperture&quot;:&quot;0&quot;,&quot;credit&quot;:&quot;&quot;,&quot;camera&quot;:&quot;&quot;,&quot;caption&quot;:&quot;&quot;,&quot;created_timestamp&quot;:&quot;0&quot;,&quot;copyright&quot;:&quot;&quot;,&quot;focal_length&quot;:&quot;0&quot;,&quot;iso&quot;:&quot;0&quot;,&quot;shutter_speed&quot;:&quot;0&quot;,&quot;title&quot;:&quot;&quot;,&quot;orientation&quot;:&quot;0&quot;}\" data-image-title=\"41 Zbor a orchester 04 09 2021 \u00a9 jan.f.lukas\" data-image-description=\"\" data-medium-file=\"https:\/\/i2.wp.com\/www.satb.sk\/wp-content\/uploads\/2021\/09\/41-Zbor-a-orchester-04-09-2021-\u00a9-jan.f.lukas_-scaled.jpg?fit=300%2C200&#038;ssl=1\" data-large-file=\"https:\/\/i2.wp.com\/www.satb.sk\/wp-content\/uploads\/2021\/09\/41-Zbor-a-orchester-04-09-2021-\u00a9-jan.f.lukas_-scaled.jpg?fit=837%2C558&#038;ssl=1\" src=\"https:\/\/i2.wp.com\/www.satb.sk\/wp-content\/uploads\/2021\/09\/41-Zbor-a-orchester-04-09-2021-\u00a9-jan.f.lukas_-scaled.jpg?w=135&#038;h=135&#038;crop=1&#038;ssl=1\" width=\"135\" height=\"135\" data-original-width=\"135\" data-original-height=\"135\" itemprop=\"http:\/\/schema.org\/image\" title=\"41 Zbor a orchester 04 09 2021 \u00a9 jan.f.lukas\" alt=\"Foto: J\u00e1n Luk\u00e1\u0161\" style=\"width: 135px; height: 135px;\" \/> <\/a> <div class=\"tiled-gallery-caption\" itemprop=\"caption description\"> Foto: J\u00e1n Luk\u00e1\u0161 <\/div> <\/div> <\/div> <div class=\"gallery-group\" style=\"width: 139px; height: 139px;\" data-original-width=\"139\" data-original-height=\"139\" > <div class=\"tiled-gallery-item \" itemprop=\"associatedMedia\" itemscope itemtype=\"http:\/\/schema.org\/ImageObject\"> <a href=\"https:\/\/www.satb.sk\/index.php\/2021\/09\/13\/nova-hymna-i-skladba-venovana-frantiskovi-takto-nacvicovali-slovenske-zbory-pre-papeza\/37-zbor-a-orchester-04-09-2021-jan-f-lukas\/\" border=\"0\" itemprop=\"url\"> <meta itemprop=\"width\" content=\"135\"> <meta itemprop=\"height\" content=\"135\"> <img loading=\"lazy\" decoding=\"async\" data-attachment-id=\"5762\" data-orig-file=\"https:\/\/www.satb.sk\/wp-content\/uploads\/2021\/09\/37-Zbor-a-orchester-04-09-2021-\u00a9-jan.f.lukas_-scaled.jpg\" data-orig-size=\"2560,1708\" data-comments-opened=\"\" data-image-meta=\"{&quot;aperture&quot;:&quot;0&quot;,&quot;credit&quot;:&quot;&quot;,&quot;camera&quot;:&quot;&quot;,&quot;caption&quot;:&quot;&quot;,&quot;created_timestamp&quot;:&quot;0&quot;,&quot;copyright&quot;:&quot;&quot;,&quot;focal_length&quot;:&quot;0&quot;,&quot;iso&quot;:&quot;0&quot;,&quot;shutter_speed&quot;:&quot;0&quot;,&quot;title&quot;:&quot;&quot;,&quot;orientation&quot;:&quot;0&quot;}\" data-image-title=\"37 Zbor a orchester 04 09 2021 \u00a9 jan.f.lukas\" data-image-description=\"\" data-medium-file=\"https:\/\/i1.wp.com\/www.satb.sk\/wp-content\/uploads\/2021\/09\/37-Zbor-a-orchester-04-09-2021-\u00a9-jan.f.lukas_-scaled.jpg?fit=300%2C200&#038;ssl=1\" data-large-file=\"https:\/\/i1.wp.com\/www.satb.sk\/wp-content\/uploads\/2021\/09\/37-Zbor-a-orchester-04-09-2021-\u00a9-jan.f.lukas_-scaled.jpg?fit=837%2C558&#038;ssl=1\" src=\"https:\/\/i1.wp.com\/www.satb.sk\/wp-content\/uploads\/2021\/09\/37-Zbor-a-orchester-04-09-2021-\u00a9-jan.f.lukas_-scaled.jpg?w=135&#038;h=135&#038;crop=1&#038;ssl=1\" width=\"135\" height=\"135\" data-original-width=\"135\" data-original-height=\"135\" itemprop=\"http:\/\/schema.org\/image\" title=\"37 Zbor a orchester 04 09 2021 \u00a9 jan.f.lukas\" alt=\"Foto: J\u00e1n Luk\u00e1\u0161\" style=\"width: 135px; height: 135px;\" \/> <\/a> <div class=\"tiled-gallery-caption\" itemprop=\"caption description\"> Foto: J\u00e1n Luk\u00e1\u0161 <\/div> <\/div> <\/div> <div class=\"gallery-group\" style=\"width: 139px; height: 139px;\" data-original-width=\"139\" data-original-height=\"139\" > <div class=\"tiled-gallery-item \" itemprop=\"associatedMedia\" itemscope itemtype=\"http:\/\/schema.org\/ImageObject\"> <a href=\"https:\/\/www.satb.sk\/index.php\/2021\/09\/13\/nova-hymna-i-skladba-venovana-frantiskovi-takto-nacvicovali-slovenske-zbory-pre-papeza\/29-zbor-a-orchester-04-09-2021-jan-f-lukas\/\" border=\"0\" itemprop=\"url\"> <meta itemprop=\"width\" content=\"135\"> <meta itemprop=\"height\" content=\"135\"> <img loading=\"lazy\" decoding=\"async\" data-attachment-id=\"5763\" data-orig-file=\"https:\/\/www.satb.sk\/wp-content\/uploads\/2021\/09\/29-Zbor-a-orchester-04-09-2021-\u00a9-jan.f.lukas_-scaled.jpg\" data-orig-size=\"2560,1719\" data-comments-opened=\"\" data-image-meta=\"{&quot;aperture&quot;:&quot;0&quot;,&quot;credit&quot;:&quot;&quot;,&quot;camera&quot;:&quot;&quot;,&quot;caption&quot;:&quot;&quot;,&quot;created_timestamp&quot;:&quot;0&quot;,&quot;copyright&quot;:&quot;&quot;,&quot;focal_length&quot;:&quot;0&quot;,&quot;iso&quot;:&quot;0&quot;,&quot;shutter_speed&quot;:&quot;0&quot;,&quot;title&quot;:&quot;&quot;,&quot;orientation&quot;:&quot;0&quot;}\" data-image-title=\"29 Zbor a orchester 04 09 2021 \u00a9 jan.f.lukas\" data-image-description=\"\" data-medium-file=\"https:\/\/i0.wp.com\/www.satb.sk\/wp-content\/uploads\/2021\/09\/29-Zbor-a-orchester-04-09-2021-\u00a9-jan.f.lukas_-scaled.jpg?fit=300%2C201&#038;ssl=1\" data-large-file=\"https:\/\/i0.wp.com\/www.satb.sk\/wp-content\/uploads\/2021\/09\/29-Zbor-a-orchester-04-09-2021-\u00a9-jan.f.lukas_-scaled.jpg?fit=837%2C562&#038;ssl=1\" src=\"https:\/\/i0.wp.com\/www.satb.sk\/wp-content\/uploads\/2021\/09\/29-Zbor-a-orchester-04-09-2021-\u00a9-jan.f.lukas_-scaled.jpg?w=135&#038;h=135&#038;crop=1&#038;ssl=1\" width=\"135\" height=\"135\" data-original-width=\"135\" data-original-height=\"135\" itemprop=\"http:\/\/schema.org\/image\" title=\"29 Zbor a orchester 04 09 2021 \u00a9 jan.f.lukas\" alt=\"Foto: J\u00e1n Luk\u00e1\u0161\" style=\"width: 135px; height: 135px;\" \/> <\/a> <div class=\"tiled-gallery-caption\" itemprop=\"caption description\"> Foto: J\u00e1n Luk\u00e1\u0161 <\/div> <\/div> <\/div> <div class=\"gallery-group\" style=\"width: 139px; height: 139px;\" data-original-width=\"139\" data-original-height=\"139\" > <div class=\"tiled-gallery-item \" itemprop=\"associatedMedia\" itemscope itemtype=\"http:\/\/schema.org\/ImageObject\"> <a href=\"https:\/\/www.satb.sk\/index.php\/2021\/09\/13\/nova-hymna-i-skladba-venovana-frantiskovi-takto-nacvicovali-slovenske-zbory-pre-papeza\/28-zbor-a-orchester-04-09-2021-jan-f-lukas\/\" border=\"0\" itemprop=\"url\"> <meta itemprop=\"width\" content=\"135\"> <meta itemprop=\"height\" content=\"135\"> <img loading=\"lazy\" decoding=\"async\" data-attachment-id=\"5764\" data-orig-file=\"https:\/\/www.satb.sk\/wp-content\/uploads\/2021\/09\/28-Zbor-a-orchester-04-09-2021-\u00a9-jan.f.lukas_-scaled.jpg\" data-orig-size=\"2560,1523\" data-comments-opened=\"\" data-image-meta=\"{&quot;aperture&quot;:&quot;0&quot;,&quot;credit&quot;:&quot;&quot;,&quot;camera&quot;:&quot;&quot;,&quot;caption&quot;:&quot;&quot;,&quot;created_timestamp&quot;:&quot;0&quot;,&quot;copyright&quot;:&quot;&quot;,&quot;focal_length&quot;:&quot;0&quot;,&quot;iso&quot;:&quot;0&quot;,&quot;shutter_speed&quot;:&quot;0&quot;,&quot;title&quot;:&quot;&quot;,&quot;orientation&quot;:&quot;0&quot;}\" data-image-title=\"28 Zbor a orchester 04 09 2021 \u00a9 jan.f.lukas\" data-image-description=\"\" data-medium-file=\"https:\/\/i2.wp.com\/www.satb.sk\/wp-content\/uploads\/2021\/09\/28-Zbor-a-orchester-04-09-2021-\u00a9-jan.f.lukas_-scaled.jpg?fit=300%2C179&#038;ssl=1\" data-large-file=\"https:\/\/i2.wp.com\/www.satb.sk\/wp-content\/uploads\/2021\/09\/28-Zbor-a-orchester-04-09-2021-\u00a9-jan.f.lukas_-scaled.jpg?fit=837%2C498&#038;ssl=1\" src=\"https:\/\/i2.wp.com\/www.satb.sk\/wp-content\/uploads\/2021\/09\/28-Zbor-a-orchester-04-09-2021-\u00a9-jan.f.lukas_-scaled.jpg?w=135&#038;h=135&#038;crop=1&#038;ssl=1\" width=\"135\" height=\"135\" data-original-width=\"135\" data-original-height=\"135\" itemprop=\"http:\/\/schema.org\/image\" title=\"28 Zbor a orchester 04 09 2021 \u00a9 jan.f.lukas\" alt=\"Foto: J\u00e1n Luk\u00e1\u0161\" style=\"width: 135px; height: 135px;\" \/> <\/a> <div class=\"tiled-gallery-caption\" itemprop=\"caption description\"> Foto: J\u00e1n Luk\u00e1\u0161 <\/div> <\/div> <\/div> <div class=\"gallery-group\" style=\"width: 139px; height: 139px;\" data-original-width=\"139\" data-original-height=\"139\" > <div class=\"tiled-gallery-item \" itemprop=\"associatedMedia\" itemscope itemtype=\"http:\/\/schema.org\/ImageObject\"> <a href=\"https:\/\/www.satb.sk\/index.php\/2021\/09\/13\/nova-hymna-i-skladba-venovana-frantiskovi-takto-nacvicovali-slovenske-zbory-pre-papeza\/img_9214\/\" border=\"0\" itemprop=\"url\"> <meta itemprop=\"width\" content=\"135\"> <meta itemprop=\"height\" content=\"135\"> <img loading=\"lazy\" decoding=\"async\" data-attachment-id=\"5765\" data-orig-file=\"https:\/\/www.satb.sk\/wp-content\/uploads\/2021\/09\/IMG_9214-scaled.jpeg\" data-orig-size=\"2560,1920\" data-comments-opened=\"\" data-image-meta=\"{&quot;aperture&quot;:&quot;2&quot;,&quot;credit&quot;:&quot;&quot;,&quot;camera&quot;:&quot;iPhone 12 Pro&quot;,&quot;caption&quot;:&quot;&quot;,&quot;created_timestamp&quot;:&quot;1630145555&quot;,&quot;copyright&quot;:&quot;&quot;,&quot;focal_length&quot;:&quot;6&quot;,&quot;iso&quot;:&quot;200&quot;,&quot;shutter_speed&quot;:&quot;0.01&quot;,&quot;title&quot;:&quot;&quot;,&quot;orientation&quot;:&quot;0&quot;}\" data-image-title=\"IMG_9214\" data-image-description=\"\" data-medium-file=\"https:\/\/i1.wp.com\/www.satb.sk\/wp-content\/uploads\/2021\/09\/IMG_9214-scaled.jpeg?fit=300%2C225&#038;ssl=1\" data-large-file=\"https:\/\/i1.wp.com\/www.satb.sk\/wp-content\/uploads\/2021\/09\/IMG_9214-scaled.jpeg?fit=837%2C628&#038;ssl=1\" src=\"https:\/\/i1.wp.com\/www.satb.sk\/wp-content\/uploads\/2021\/09\/IMG_9214-scaled.jpeg?w=135&#038;h=135&#038;crop=1&#038;ssl=1\" width=\"135\" height=\"135\" data-original-width=\"135\" data-original-height=\"135\" itemprop=\"http:\/\/schema.org\/image\" title=\"IMG_9214\" alt=\"Foto: J\u00e1n Luk\u00e1\u0161\" style=\"width: 135px; height: 135px;\" \/> <\/a> <div class=\"tiled-gallery-caption\" itemprop=\"caption description\"> Foto: J\u00e1n Luk\u00e1\u0161 <\/div> <\/div> <\/div> <\/div> <\/div>\n<p class=\"p1\">P\u00e1pe\u017e Franti\u0161ek pricestoval na Slovensko v nede\u013eu v poobedn\u00fdch hodin\u00e1ch a na Slovensku bude do 15. septembra. Po\u010das \u0161tyroch dn\u00ed svojej n\u00e1v\u0161tevy mu okrem zborov v Pre\u0161ove, Ko\u0161iciach a \u0160a\u0161t\u00edne zaspievaj\u00fa aj in\u00e9 hudobn\u00e9 teles\u00e1, \u010di umelci napr\u00edklad na stretnut\u00ed v Katedr\u00e1le sv. Martina alebo apo\u010das n\u00e1v\u0161tevy na Lun\u00edku IX. Aj t\u00fdmto sp\u00f4sobom tak umocnia z\u00e1\u017eitok z jeho n\u00e1v\u0161tevy Slovenska.<\/p>\n<p>&nbsp;<\/p>\n<p>Pripravila: Dominika Sema\u0148\u00e1kov\u00e1<br \/>\nTituln\u00e1 foto: J\u00e1n Luk\u00e1\u0161<\/p>\n<p class=\"p3\">\n","protected":false},"excerpt":{"rendered":"<p>Pozreli sme sa ako vyzerali pr\u00edpravy spev\u00e1ckych zborov na vz\u00e1cnu n\u00e1v\u0161tevu z Vatik\u00e1nu.\u00a0<\/p>\n","protected":false},"author":1,"featured_media":5756,"comment_status":"closed","ping_status":"closed","sticky":false,"template":"","format":"standard","meta":{"om_disable_all_campaigns":false,"_monsterinsights_skip_tracking":false,"_monsterinsights_sitenote_active":false,"_monsterinsights_sitenote_note":"","_monsterinsights_sitenote_category":0,"spay_email":"","footnotes":"","jetpack_publicize_message":"","jetpack_is_tweetstorm":false},"categories":[49,29],"tags":[],"class_list":["post-5751","post","type-post","status-publish","format-standard","has-post-thumbnail","hentry","category-aktualne","category-domov"],"aioseo_notices":[],"jetpack_featured_media_url":"https:\/\/i0.wp.com\/www.satb.sk\/wp-content\/uploads\/2021\/09\/114-Zbor-a-orchester-04-09-2021-\u00a9-jan.f.lukas_-1-scaled.jpg?fit=2560%2C1709&ssl=1","jetpack_publicize_connections":[],"jetpack_sharing_enabled":true,"jetpack_shortlink":"https:\/\/wp.me\/pav5wC-1uL","jetpack-related-posts":[{"id":4194,"url":"https:\/\/www.satb.sk\/index.php\/2019\/07\/17\/vypadok-elektriny-v-new-yorku-vyhnal-spevakov-a-spevacke-zbory-do-ulic\/","url_meta":{"origin":5751,"position":0},"title":"V\u00fdpadok elektriny v New Yorku vyhnal spev\u00e1kov a spev\u00e1cke zbory do ul\u00edc","date":"17 j\u00fala, 2019","format":false,"excerpt":"Mesto New York sa pred p\u00e1r d\u0148ami muselo vysporiada\u0165 s neo\u010dak\u00e1van\u00fdm v\u00fdpadkom elektriny. Tmav\u00e9 budovy prin\u00fatili umelcov vyjs\u0165 do ul\u00edc. V\u00fdpadok elektriny postihol predov\u0161etk\u00fdm rozsiahlu \u010das\u0165 newyorsk\u00e9ho Manhattannu. Manhattan patr\u00ed k naj\u013eudnatej\u0161\u00edm \u010dastiam New Yorku a v tejto oblasti sa nach\u00e1dza mnoho kult\u00farnych in\u0161tit\u00faci\u00ed ako Metropolitn\u00e1 opera, Carniege Hall \u010di\u2026","rel":"","context":"V &quot;AKTU\u00c1LNE&quot;","img":{"alt_text":"","src":"https:\/\/i1.wp.com\/www.satb.sk\/wp-content\/uploads\/2019\/07\/IMG_9576-e1563344322931.jpg?fit=1200%2C684&ssl=1&resize=350%2C200","width":350,"height":200},"classes":[]},{"id":6180,"url":"https:\/\/www.satb.sk\/index.php\/2024\/05\/13\/mladez-spieva-2024-plna-slovenskej-tvorby-a-kvalitnych-vykonov\/","url_meta":{"origin":5751,"position":1},"title":"Ml\u00e1de\u017e spieva 2024 pln\u00e1 slovenskej tvorby a\u00a0kvalitn\u00fdch umeleck\u00fdch v\u00fdkonov","date":"13 m\u00e1ja, 2024","format":false,"excerpt":"Pozn\u00e1me v\u00ed\u0165azov celo\u0161t\u00e1tnej s\u00fa\u0165a\u017ee a prehliadky Ml\u00e1de\u017e spieva 2024. Premi\u00e9ry slovensk\u00fdch skladieb, bohat\u00fd program a\u00a0predov\u0161etk\u00fdm vysok\u00e1 umeleck\u00e1 \u00farove\u0148. Aj tak by sa dal op\u00edsa\u0165 52. ro\u010dn\u00edk celo\u0161t\u00e1tnej s\u00fa\u0165a\u017ee a\u00a0prehliadky detsk\u00fdch a\u00a0ml\u00e1de\u017en\u00edckych spev\u00e1ckych zborov Ml\u00e1de\u017e spieva 2024. Celo\u0161t\u00e1tne kolo s\u00fa\u0165a\u017ee Ml\u00e1de\u017e spieva sa uskuto\u010dnilo 10. \u2013 11. m\u00e1ja 2024 v\u00a0Prievidzi a\u00a0z\u00fa\u010dastnilo\u2026","rel":"","context":"V &quot;AKTU\u00c1LNE&quot;","img":{"alt_text":"","src":"https:\/\/i0.wp.com\/www.satb.sk\/wp-content\/uploads\/2024\/05\/IMG_0433-scaled.jpg?fit=1200%2C900&ssl=1&resize=350%2C200","width":350,"height":200},"classes":[]},{"id":5718,"url":"https:\/\/www.satb.sk\/index.php\/2021\/04\/18\/o-zboroch-zbormajstroch-a-zboristoch\/","url_meta":{"origin":5751,"position":2},"title":"O zboroch, zbormajstroch a zboristoch","date":"18 apr\u00edla, 2021","format":false,"excerpt":"Pozrite sa do \"kuchyne\" zborov\u00e9ho umenia s nov\u00fdm podcastom ZBORY.\u00a0 Ke\u010f nem\u00f4\u017eete \u00eds\u0165 na zbor, pr\u00edde zbor k v\u00e1m. Aj to by sa dalo poveda\u0165 o novom podcaste, ktor\u00fd vznikol za \u00fa\u010delom propagovania zborovej hudby. Podcasty, v preklade zvukov\u00e9ho z\u00e1znamy umiestnen\u00e9 na internete, sa aktu\u00e1lne vo svete, ale aj na\u2026","rel":"","context":"V &quot;AKTU\u00c1LNE&quot;","img":{"alt_text":"","src":"https:\/\/i1.wp.com\/www.satb.sk\/wp-content\/uploads\/2021\/04\/Zbory.png?fit=1200%2C675&ssl=1&resize=350%2C200","width":350,"height":200},"classes":[]},{"id":4596,"url":"https:\/\/www.satb.sk\/index.php\/2019\/11\/03\/spevom-dojali-krajanov-i-potomkov-slovakov\/","url_meta":{"origin":5751,"position":3},"title":"Spevom dojali krajanov i potomkov Slov\u00e1kov","date":"3 novembra, 2019","format":false,"excerpt":"Spev\u00e1ci z mesta Humenn\u00e9 vycestovali zaspieva\u0165 si so svojimi izraelsk\u00fdmi kolegami. Po\u010das nieko\u013ek\u00fdch dn\u00ed spievali pre ve\u013evyslanca, pre krajanov \u017eij\u00facich v zahrani\u010d\u00ed i pre potomkov Slov\u00e1kov, ktor\u00ed pri\u0161li do Izraela po\u010das druhej svetovej vojny. Spev\u00e1cky zbor mesta Humenn\u00e9 u\u017e 17 rokov organizuje festivalov\u00e9 koncerty pod n\u00e1zvom \"Hudba - k\u013e\u00fa\u010d k\u2026","rel":"","context":"V &quot;AKTU\u00c1LNE&quot;","img":{"alt_text":"","src":"https:\/\/i1.wp.com\/www.satb.sk\/wp-content\/uploads\/2019\/11\/20191018_151552.jpg?fit=1200%2C583&ssl=1&resize=350%2C200","width":350,"height":200},"classes":[]},{"id":6159,"url":"https:\/\/www.satb.sk\/index.php\/2022\/04\/03\/prihlaste-svoj-zbor-na-festival-v-bratislave\/","url_meta":{"origin":5751,"position":4},"title":"Prihl\u00e1ste svoj zbor na festival v Bratislave","date":"3 apr\u00edla, 2022","format":false,"excerpt":"Bratislava Music Agency poz\u00fdva spev\u00e1cke zbory na festivaly zborov\u00e9ho spevu.\u00a0 Zborov\u00e9 podujatia po dvoch rokoch pand\u00e9mie kone\u010dne otv\u00e1raj\u00fa svoje br\u00e1ny pre spev\u00e1cke zbory. K nim patria aj \u00faspe\u0161n\u00e9 medzin\u00e1rodn\u00e9 festivalov\u00e9 podujatia agent\u00fary Bratislava Music Agency, ktor\u00e9 sa konali ka\u017edoro\u010dne v Bratislave. \"Po dvoch rokoch prest\u00e1vky a v\u010faka postupne sa zlep\u0161uj\u00facej\u2026","rel":"","context":"V &quot;AKTU\u00c1LNE&quot;","img":{"alt_text":"","src":"https:\/\/i1.wp.com\/www.satb.sk\/wp-content\/uploads\/2022\/04\/242752831_240158434792446_3392868837901045435_n.jpeg?fit=1200%2C800&ssl=1&resize=350%2C200","width":350,"height":200},"classes":[]},{"id":2505,"url":"https:\/\/www.satb.sk\/index.php\/2019\/02\/11\/festival-akademicka-banska-bystrica\/","url_meta":{"origin":5751,"position":5},"title":"Festival Akademick\u00e1 Bansk\u00e1 Bystrica","date":"11 febru\u00e1ra, 2019","format":false,"excerpt":"Po podujat\u00ed\u00a0Ml\u00e1de\u017e spieva a po\u00a0Vranovsk\u00fdch zborov\u00fdch sl\u00e1vnostiach zverejnili s\u00fa\u0165a\u017en\u00e9 propoz\u00edcie aj organiz\u00e1tori \u010fal\u0161ieho zborov\u00e9ho festivalu na Slovensku. Po dvoch rokoch sa n\u00e1m znovu vracia medzin\u00e1rodn\u00fd s\u00fa\u0165a\u017en\u00fd festival Akademick\u00e1 Bansk\u00e1 Bystrica. Toto podujatie m\u00e1 dvojro\u010dn\u00fa periodicitu a u\u017e osemn\u00e1s\u0165 rokov sa te\u0161\u00ed ob\u013eube u dom\u00e1cich, ale i u zahrani\u010dn\u00fdch spev\u00e1ckych zborov.\u2026","rel":"","context":"V &quot;AKTU\u00c1LNE&quot;","img":{"alt_text":"","src":"https:\/\/i2.wp.com\/www.satb.sk\/wp-content\/uploads\/2019\/02\/siteIcon-4829.jpg?fit=570%2C388&ssl=1&resize=350%2C200","width":350,"height":200},"classes":[]}],"_links":{"self":[{"href":"https:\/\/www.satb.sk\/index.php\/wp-json\/wp\/v2\/posts\/5751"}],"collection":[{"href":"https:\/\/www.satb.sk\/index.php\/wp-json\/wp\/v2\/posts"}],"about":[{"href":"https:\/\/www.satb.sk\/index.php\/wp-json\/wp\/v2\/types\/post"}],"author":[{"embeddable":true,"href":"https:\/\/www.satb.sk\/index.php\/wp-json\/wp\/v2\/users\/1"}],"replies":[{"embeddable":true,"href":"https:\/\/www.satb.sk\/index.php\/wp-json\/wp\/v2\/comments?post=5751"}],"version-history":[{"count":9,"href":"https:\/\/www.satb.sk\/index.php\/wp-json\/wp\/v2\/posts\/5751\/revisions"}],"predecessor-version":[{"id":5777,"href":"https:\/\/www.satb.sk\/index.php\/wp-json\/wp\/v2\/posts\/5751\/revisions\/5777"}],"wp:featuredmedia":[{"embeddable":true,"href":"https:\/\/www.satb.sk\/index.php\/wp-json\/wp\/v2\/media\/5756"}],"wp:attachment":[{"href":"https:\/\/www.satb.sk\/index.php\/wp-json\/wp\/v2\/media?parent=5751"}],"wp:term":[{"taxonomy":"category","embeddable":true,"href":"https:\/\/www.satb.sk\/index.php\/wp-json\/wp\/v2\/categories?post=5751"},{"taxonomy":"post_tag","embeddable":true,"href":"https:\/\/www.satb.sk\/index.php\/wp-json\/wp\/v2\/tags?post=5751"}],"curies":[{"name":"wp","href":"https:\/\/api.w.org\/{rel}","templated":true}]}}