{"id":6053,"date":"2021-12-12T10:49:33","date_gmt":"2021-12-12T10:49:33","guid":{"rendered":"https:\/\/www.satb.sk\/?p=6053"},"modified":"2021-12-12T10:55:27","modified_gmt":"2021-12-12T10:55:27","slug":"12-den-o-magnum-mysterium","status":"publish","type":"post","link":"https:\/\/www.satb.sk\/index.php\/2021\/12\/12\/12-den-o-magnum-mysterium\/","title":{"rendered":"12. de\u0148: O Magnum Mysterium"},"content":{"rendered":"<h5><em><strong>\u00d3 ve\u013ek\u00e9 tajomstvo a n\u00e1dhern\u00e1 sviatos\u0165.<\/strong><\/em><\/h5>\n<p><!--more--><\/p>\n<p>Franc\u00fazsky skladate\u013e <strong>Francis Poulenc<\/strong> (1899 \u2013 1963) dokon\u010dil v roku 1952 v\u00fdnimo\u010dn\u00e9 dielo &#8211; <em>Quatre Motets pour le temps de No\u00ebl (\u0160tyri motet\u00e1 na \u010das Vianoc). <\/em>Tieto \u0161tyri miniat\u00fary ukazuj\u00fa jednotliv\u00e9 v\u00fdjavy z Betlehema. Prv\u00e9 z nich &#8211; moteto <em><strong>O Magnum Mysterium<\/strong><\/em> zachyt\u00e1va \u00fadiv a tajomstvo narodenia Je\u017ei\u0161a a oslavu Panny M\u00e1rie, jeho matky. T\u00e1to skladba je najhlb\u0161ia zo v\u0161etk\u00fdch \u0161tyroch Poulencov\u00fdch motet. Pozvo\u013en\u00e9 tempo a stroh\u00e9 harm\u00f3nie pomaly naberaj\u00fa na intenzite, a\u017e k\u00fdm sa nedost\u00e1n\u00fa ku zv\u00fdrazneniu hlavn\u00e9ho posolstva skladby &#8211; \u00d3, ve\u013ek\u00e9 tajomstvo tvojho narodenia. Text <em>O Magnum Mysterium<\/em> poch\u00e1dza z responz\u00f3ria gregori\u00e1nskeho chor\u00e1lu, spievan\u00e9ho na Vianoce.<\/p>\n<p style=\"text-align: center;\">Notov\u00fd materi\u00e1l <a href=\"https:\/\/petruccimusiclibrary.ca\/files\/imglnks\/caimg\/3\/33\/IMSLP309966-PMLP500974-Poulenc_F_(1)_O_magnum_mysterium.pdf\" target=\"_blank\" rel=\"noopener\"><strong>pre mie\u0161an\u00fd spev\u00e1cky zbor<\/strong><\/a><\/p>\n<p><span class=\"embed-youtube\" style=\"text-align:center; display: block;\"><iframe loading=\"lazy\" class=\"youtube-player\" width=\"837\" height=\"471\" src=\"https:\/\/www.youtube.com\/embed\/M3TJT6s50R0?version=3&#038;rel=1&#038;showsearch=0&#038;showinfo=1&#038;iv_load_policy=1&#038;fs=1&#038;hl=sk-SK&#038;autohide=2&#038;wmode=transparent\" allowfullscreen=\"true\" style=\"border:0;\" sandbox=\"allow-scripts allow-same-origin allow-popups allow-presentation\"><\/iframe><\/span><\/p>\n<p>Pripravilo: <em>satb.sK<\/em><\/p>\n<p>&nbsp;<\/p>\n<p>&nbsp;<\/p>\n<p>&nbsp;<\/p>\n","protected":false},"excerpt":{"rendered":"<p>\u00d3 ve\u013ek\u00e9 tajomstvo a n\u00e1dhern\u00e1 sviatos\u0165.<\/p>\n","protected":false},"author":1,"featured_media":6054,"comment_status":"closed","ping_status":"closed","sticky":false,"template":"","format":"standard","meta":{"om_disable_all_campaigns":false,"_monsterinsights_skip_tracking":false,"_monsterinsights_sitenote_active":false,"_monsterinsights_sitenote_note":"","_monsterinsights_sitenote_category":0,"spay_email":"","footnotes":"","jetpack_publicize_message":"","jetpack_is_tweetstorm":false},"categories":[144,49],"tags":[],"class_list":["post-6053","post","type-post","status-publish","format-standard","has-post-thumbnail","hentry","category-adventny-kalendar-2021","category-aktualne"],"aioseo_notices":[],"jetpack_featured_media_url":"https:\/\/i1.wp.com\/www.satb.sk\/wp-content\/uploads\/2021\/12\/12.-O-Magnum-Mysterium_AK21_web.png?fit=2080%2C780&ssl=1","jetpack_publicize_connections":[],"jetpack_sharing_enabled":true,"jetpack_shortlink":"https:\/\/wp.me\/pav5wC-1zD","jetpack-related-posts":[{"id":6034,"url":"https:\/\/www.satb.sk\/index.php\/2021\/12\/10\/10-den-coventry-carol\/","url_meta":{"origin":6053,"position":0},"title":"10. de\u0148: Coventry Carol","date":"10 decembra, 2021","format":false,"excerpt":"Koleda s ve\u013emi smutn\u00fdm pr\u00edbehom.\u00a0 Koleda, ktor\u00fa dnes predstav\u00edme v adventom kalend\u00e1ri m\u00e1 svoje korene u\u017e v \u0161trn\u00e1stom storo\u010d\u00ed. Pr\u00e1ve v tomto storo\u010d\u00ed sa prv\u00fdkr\u00e1t objavuje zmienka o n\u00e1bo\u017eenskej hre - myst\u00e9riu s n\u00e1zvom The Pageant of the Shearmen and Tailors.\u00a0Myst\u00e9rium sa tradi\u010dne hr\u00e1valo v anglickom meste Coventry a opisovalo\u2026","rel":"","context":"V &quot;ADVENTN\u00dd KALEND\u00c1R 2021&quot;","img":{"alt_text":"","src":"https:\/\/i2.wp.com\/www.satb.sk\/wp-content\/uploads\/2021\/12\/10.-Coventry-Carol_AK21_web.png?fit=1200%2C450&ssl=1&resize=350%2C200","width":350,"height":200},"classes":[]},{"id":5187,"url":"https:\/\/www.satb.sk\/index.php\/2020\/02\/28\/sviatocny-okamih-alebo-ked-sa-neprofesionalni-spevaci-spoja-s-profesionalmi\/","url_meta":{"origin":6053,"position":1},"title":"Sviato\u010dn\u00fd okamih alebo ke\u010f sa neprofesion\u00e1lni spev\u00e1ci spoja s profesion\u00e1lmi","date":"28 febru\u00e1ra, 2020","format":false,"excerpt":"Slovensk\u00fd filharmonick\u00fd zbor si zaspieval s neprofesion\u00e1lnymi spev\u00e1ckymi zbormi priamo na p\u00f3diu Slovenskej filharm\u00f3nie. Slovensk\u00fd filharmonick\u00fd zbor patr\u00ed k jedn\u00fdm z m\u00e1la profesion\u00e1lnych telies na slovenskej zborovej sc\u00e9ne. Ako neoddelite\u013en\u00e1 \u010das\u0165 Slovenskej filharm\u00f3nie dost\u00e1va preto ka\u017edoro\u010dne priestor na samostatn\u00fd koncert. Tento rok v\u0161ak zbor na p\u00f3diu nezostal s\u00e1m. Vedenie Slovenskej\u2026","rel":"","context":"V &quot;AKTU\u00c1LNE&quot;","img":{"alt_text":"","src":"https:\/\/i1.wp.com\/www.satb.sk\/wp-content\/uploads\/2020\/02\/84623111_2715649645180271_4793249180975890432_o-1.jpg?fit=950%2C635&ssl=1&resize=350%2C200","width":350,"height":200},"classes":[]},{"id":5369,"url":"https:\/\/www.satb.sk\/index.php\/2020\/03\/29\/zomrel-polsky-skladatel-a-dirigent-krzysztof-penderecki\/","url_meta":{"origin":6053,"position":2},"title":"Zomrel po\u013esk\u00fd skladate\u013e a dirigent Krzysztof Penderecki","date":"29 marca, 2020","format":false,"excerpt":"Vo veku 86 rokov zomrel v Krakowe jeden z najv\u00fdraznej\u0161\u00edch predstavite\u013eov hudobnej avantgardy 20. storo\u010dia. Krzysztof Penderecki sa narodil v roku 1933 v po\u013eskom meste Debnice. V roku 1946 za\u010dal \u0161tudova\u0165 na gymn\u00e1ziu a popri tom sa u\u010dil hra\u0165 na husle u tamoj\u0161ieho dirigenta vojensk\u00e9ho orchestra\u00a0Stanis\u0142awa Dar\u0142aka. Po maturite v\u2026","rel":"","context":"V &quot;AKTU\u00c1LNE&quot;","img":{"alt_text":"","src":"https:\/\/i0.wp.com\/www.satb.sk\/wp-content\/uploads\/2020\/03\/80f3adb7-0671-4f17-8df0-c3749bd76648.jpg?fit=1200%2C660&ssl=1&resize=350%2C200","width":350,"height":200},"classes":[]},{"id":521,"url":"https:\/\/www.satb.sk\/index.php\/2018\/12\/10\/olga-budinska-nadsenie-a-tradicia-pre-zborovy-spev-su-vo-vojvodine-naozaj-velke\/","url_meta":{"origin":6053,"position":3},"title":"O\u013ega Budinsk\u00e1: Nad\u0161enie a\u00a0trad\u00edcia pre zborov\u00fd spev s\u00fa vo Vojvodine naozaj ve\u013ek\u00e9","date":"10 decembra, 2018","format":false,"excerpt":"V B\u00e1\u010dskom Petrovci vo Vojvodine (Srbsko) sa ned\u00e1vno uskuto\u010dnil Koncert slovensk\u00fdch spev\u00e1ckych zborov. Slovensko na tomto podujat\u00ed reprezentoval \u017densk\u00fd spev\u00e1cky zbor Belius. O\u013ega Budinsk\u00e1, dirigentka tohto zboru, n\u00e1m v kr\u00e1tkom rozhovore porozpr\u00e1vala ako prebiehal ich pobyt a ak\u00e1 je aktu\u00e1lna situ\u00e1cia slovensk\u00fdch spev\u00e1ckych zborov vo Vojvodine. O\u013ega, ako sa dostal\u2026","rel":"","context":"V &quot;MAGAZ\u00cdN&quot;","img":{"alt_text":"","src":"https:\/\/i1.wp.com\/www.satb.sk\/wp-content\/uploads\/2018\/12\/46091959_582789868844935_3852187813101436928_o.jpg?fit=1200%2C800&ssl=1&resize=350%2C200","width":350,"height":200},"classes":[]},{"id":5651,"url":"https:\/\/www.satb.sk\/index.php\/2020\/12\/20\/20-den-amuworo-ayi-otu-nwa\/","url_meta":{"origin":6053,"position":4},"title":"20. de\u0148: Amuworo ayi otu nwa","date":"20 decembra, 2020","format":false,"excerpt":"Nigersk\u00e1 rados\u0165 z narodenia P\u00e1na. Ka\u017ed\u00fd n\u00e1rod, \u010di kult\u00fara pre\u017e\u00edvania sviato\u010dn\u00e9 dni s in\u00fdm temperamentom. Vianoce sa sl\u00e1via skrz kolonizovanie a misijn\u00fa \u010dinnos\u0165 i na Africkom kontinente. Ako budeme po\u010du\u0165 v piesni Amuworo ayi otu nwa tamoj\u0161\u00ed sp\u00f4sob oslavovania je o \u010dosi radostnej\u0161\u00ed a spont\u00e1nnej\u0161\u00ed ako ten n\u00e1\u0161 eur\u00f3psky. Nigersk\u00fd\u2026","rel":"","context":"V &quot;ADVENTN\u00dd KALEND\u00c1R 2020&quot;","img":{"alt_text":"","src":"https:\/\/i0.wp.com\/www.satb.sk\/wp-content\/uploads\/2020\/12\/20.-Amuworo-ayi-otu-nwa_AK2020_web.png?fit=1200%2C450&ssl=1&resize=350%2C200","width":350,"height":200},"classes":[]},{"id":5975,"url":"https:\/\/www.satb.sk\/index.php\/2021\/12\/03\/3-den-din-cer-senin\/","url_meta":{"origin":6053,"position":5},"title":"3. de\u0148: Din Cer Senin","date":"3 decembra, 2021","format":false,"excerpt":"Ke\u010f sa anjeli rozhodn\u00fa spieva\u0165 po rumunsky.\u00a0 Viano\u010dn\u00e9 sviatky maj\u00fa v ka\u017edej kult\u00fare a v ka\u017edej krajine svoju vlastn\u00fa a nezameti\u013en\u00fa podobu. Ka\u017ed\u00fd n\u00e1rod m\u00e1 na Vianoce svoje tradi\u010dn\u00e9 jedlo, na ktor\u00e9 ned\u00e1 dopusti\u0165. Podobne je to aj s viano\u010dn\u00fdmi pies\u0148ami - koledami. Ka\u017ed\u00e1 krajina m\u00e1 tie svoje, ktor\u00e9 ku\u2026","rel":"","context":"V &quot;ADVENTN\u00dd KALEND\u00c1R 2021&quot;","img":{"alt_text":"","src":"https:\/\/i1.wp.com\/www.satb.sk\/wp-content\/uploads\/2021\/12\/3.-Din-Cer-Senin_AK2021_web.png?fit=1200%2C450&ssl=1&resize=350%2C200","width":350,"height":200},"classes":[]}],"_links":{"self":[{"href":"https:\/\/www.satb.sk\/index.php\/wp-json\/wp\/v2\/posts\/6053"}],"collection":[{"href":"https:\/\/www.satb.sk\/index.php\/wp-json\/wp\/v2\/posts"}],"about":[{"href":"https:\/\/www.satb.sk\/index.php\/wp-json\/wp\/v2\/types\/post"}],"author":[{"embeddable":true,"href":"https:\/\/www.satb.sk\/index.php\/wp-json\/wp\/v2\/users\/1"}],"replies":[{"embeddable":true,"href":"https:\/\/www.satb.sk\/index.php\/wp-json\/wp\/v2\/comments?post=6053"}],"version-history":[{"count":1,"href":"https:\/\/www.satb.sk\/index.php\/wp-json\/wp\/v2\/posts\/6053\/revisions"}],"predecessor-version":[{"id":6059,"href":"https:\/\/www.satb.sk\/index.php\/wp-json\/wp\/v2\/posts\/6053\/revisions\/6059"}],"wp:featuredmedia":[{"embeddable":true,"href":"https:\/\/www.satb.sk\/index.php\/wp-json\/wp\/v2\/media\/6054"}],"wp:attachment":[{"href":"https:\/\/www.satb.sk\/index.php\/wp-json\/wp\/v2\/media?parent=6053"}],"wp:term":[{"taxonomy":"category","embeddable":true,"href":"https:\/\/www.satb.sk\/index.php\/wp-json\/wp\/v2\/categories?post=6053"},{"taxonomy":"post_tag","embeddable":true,"href":"https:\/\/www.satb.sk\/index.php\/wp-json\/wp\/v2\/tags?post=6053"}],"curies":[{"name":"wp","href":"https:\/\/api.w.org\/{rel}","templated":true}]}}