{"id":6075,"date":"2021-12-17T18:06:01","date_gmt":"2021-12-17T18:06:01","guid":{"rendered":"https:\/\/www.satb.sk\/?p=6075"},"modified":"2021-12-17T18:06:01","modified_gmt":"2021-12-17T18:06:01","slug":"17-den-jak-si-krasne-nevinatko","status":"publish","type":"post","link":"https:\/\/www.satb.sk\/index.php\/2021\/12\/17\/17-den-jak-si-krasne-nevinatko\/","title":{"rendered":"17. de\u0148: Jak si kr\u00e1sne, nevi\u0148\u00e1tko"},"content":{"rendered":"<h5><em><strong>Pre Tebou pad\u00e1me, dary Ti d\u00e1vame.\u00a0<\/strong><\/em><\/h5>\n<p><!--more--><\/p>\n<p>Ak\u00fd by to bol adventn\u00fd kalend\u00e1r, ak by sme do neho nezaradili aj \u010desk\u00e9 koledy? Jednou z nich je aj piese\u0148 <em><strong>Jak si kr\u00e1sn\u00e9, nevi\u0148\u00e1tko.<\/strong><\/em> T\u00fato tradi\u010dn\u00fa \u010desk\u00fa \u013eudov\u00fa koledu spievaj\u00fa na koncertoch predov\u0161etk\u00fdm deti alebo detsk\u00e9 spev\u00e1cke zbory, no existuj\u00fa aj ve\u013emi pekn\u00e9 \u00fapravy pre dospel\u00e9 zbory. Koleda sa spieva dokonca aj na Slovensku &#8211; v slovenskom preklade <em>Jak si kr\u00e1sne, Jezulitako.<\/em><\/p>\n<p style=\"text-align: center;\">Notov\u00fd materi\u00e1l <a href=\"https:\/\/sborkytlice.files.wordpress.com\/2016\/01\/jak-jsi-krasne-jezulatko-satb.pdf\" target=\"_blank\" rel=\"noopener\"><strong>pre mie\u0161an\u00fd spev\u00e1cky zbor<\/strong><\/a><br \/>\nSlovensk\u00fd text n\u00e1jdete <a href=\"https:\/\/vianoce.sk\/18241-sk\/jak-si-krasne-jezuliatko.php\" target=\"_blank\" rel=\"noopener\"><strong>TU<\/strong><\/a><\/p>\n<p><span class=\"embed-youtube\" style=\"text-align:center; display: block;\"><iframe loading=\"lazy\" class=\"youtube-player\" width=\"837\" height=\"471\" src=\"https:\/\/www.youtube.com\/embed\/HkHuUZcDqzs?version=3&#038;rel=1&#038;showsearch=0&#038;showinfo=1&#038;iv_load_policy=1&#038;fs=1&#038;hl=sk-SK&#038;autohide=2&#038;wmode=transparent\" allowfullscreen=\"true\" style=\"border:0;\" sandbox=\"allow-scripts allow-same-origin allow-popups allow-presentation\"><\/iframe><\/span><\/p>\n<p>Pripravilo: <em>satb.sK<\/em><\/p>\n","protected":false},"excerpt":{"rendered":"<p>Pre Tebou pad\u00e1me, dary Ti d\u00e1vame.\u00a0<\/p>\n","protected":false},"author":1,"featured_media":6078,"comment_status":"closed","ping_status":"closed","sticky":false,"template":"","format":"standard","meta":{"om_disable_all_campaigns":false,"_monsterinsights_skip_tracking":false,"_monsterinsights_sitenote_active":false,"_monsterinsights_sitenote_note":"","_monsterinsights_sitenote_category":0,"spay_email":"","footnotes":"","jetpack_publicize_message":"","jetpack_is_tweetstorm":false},"categories":[144,49],"tags":[36,143],"class_list":["post-6075","post","type-post","status-publish","format-standard","has-post-thumbnail","hentry","category-adventny-kalendar-2021","category-aktualne","tag-adventny-kalendar","tag-adventny-kalendar-2021"],"aioseo_notices":[],"jetpack_featured_media_url":"https:\/\/i1.wp.com\/www.satb.sk\/wp-content\/uploads\/2021\/12\/17.-Jak-si-krasne-nevinatko_AK21_web.png?fit=2080%2C780&ssl=1","jetpack_publicize_connections":[],"jetpack_sharing_enabled":true,"jetpack_shortlink":"https:\/\/wp.me\/pav5wC-1zZ","jetpack-related-posts":[{"id":4741,"url":"https:\/\/www.satb.sk\/index.php\/2019\/12\/01\/adventny-kalendar-2019\/","url_meta":{"origin":6075,"position":0},"title":"Adventn\u00fd kalend\u00e1r 2019","date":"1 decembra, 2019","format":false,"excerpt":"Aj tento rok sme pre v\u00e1s pripravili adventn\u00fd kalend\u00e1r so zauj\u00edmav\u00fdmi skladbami. Nechajte sa in\u0161pirova\u0165 na\u0161im adventn\u00fdm v\u00fdberom. Ka\u017ed\u00fd de\u0148 po\u010das adventu v\u00e1m predstav\u00edme jednu skladbu s viano\u010dnou t\u00e9matikou, ktor\u00e1 obohat\u00ed v\u00e1\u0161 viano\u010dn\u00fd reperto\u00e1r.\u00a0Skladby bud\u00fa ur\u010den\u00e9 pre r\u00f4zne typy spev\u00e1ckych zborov - pre detsk\u00e9 a ml\u00e1de\u017en\u00edcke zbory, \u017eensk\u00e9 i mu\u017esk\u00e9\u2026","rel":"","context":"V &quot;ADVENTN\u00dd KALEND\u00c1R 2019&quot;","img":{"alt_text":"","src":"https:\/\/i0.wp.com\/www.satb.sk\/wp-content\/uploads\/2019\/12\/Add-a-heading.png?fit=1200%2C578&ssl=1&resize=350%2C200","width":350,"height":200},"classes":[]},{"id":6080,"url":"https:\/\/www.satb.sk\/index.php\/2021\/12\/18\/18-den-u-betlema\/","url_meta":{"origin":6075,"position":1},"title":"18. de\u0148: U Betl\u00e9ma","date":"18 decembra, 2021","format":false,"excerpt":"Chv\u00e1la na nebi Bohu.\u00a0 V\u010deraj\u0161\u00ed de\u0148 patril \u010deskej kolede, ktor\u00e1 sa spieva nielen v \u010cesku, ale aj na Slovensku. Na podobn\u00fd v\u00fdber sme stavili aj dnes. Do adventn\u00e9ho kalend\u00e1ra sme zaradili zn\u00e1mu koledu U Betl\u00e9ma. Jednoduch\u00e1 mel\u00f3dia s pr\u00edjemn\u00fdm textom, ktor\u00fd rozpr\u00e1va pr\u00edbeh narodenia Krista je \u013eahko spievate\u013en\u00e1 aj pre\u2026","rel":"","context":"V &quot;ADVENTN\u00dd KALEND\u00c1R 2021&quot;","img":{"alt_text":"","src":"https:\/\/i0.wp.com\/www.satb.sk\/wp-content\/uploads\/2021\/12\/U-betlema.png?fit=1200%2C450&ssl=1&resize=350%2C200","width":350,"height":200},"classes":[]},{"id":5527,"url":"https:\/\/www.satb.sk\/index.php\/2020\/12\/01\/pripravte-sa-s-piesnami-na-vianoce\/","url_meta":{"origin":6075,"position":2},"title":"Pripravte sa s pies\u0148ami na Vianoce","date":"1 decembra, 2020","format":false,"excerpt":"Adventn\u00fd kalend\u00e1r 2020 bude pln\u00fd kvalitn\u00fdch piesn\u00ed pre v\u00e1\u0161 zbor.\u00a0 Aj tento rok v\u00e1m prinesieme dvadsa\u0165\u0161tyri in\u0161piruj\u00facich skladieb, ktor\u00e9 m\u00f4\u017eete spieva\u0165 so svoj\u00edm zborom po\u010das adventn\u00e9ho i viano\u010dn\u00e9ho obdobia. Skladby, ktor\u00e9 vyber\u00e1me s\u00fa ur\u010den\u00e9 pre r\u00f4zne typy spev\u00e1ckych zborov \u2013 pre detsk\u00e9 a ml\u00e1de\u017en\u00edcke zbory, \u017eensk\u00e9 i mu\u017esk\u00e9 zbory, ale\u2026","rel":"","context":"V &quot;ADVENTN\u00dd KALEND\u00c1R 2020&quot;","img":{"alt_text":"","src":"https:\/\/i1.wp.com\/www.satb.sk\/wp-content\/uploads\/2020\/12\/Adventny\u0301-kalenda\u0301r-2020-vizua\u0301l.png?fit=1200%2C800&ssl=1&resize=350%2C200","width":350,"height":200},"classes":[]},{"id":6101,"url":"https:\/\/www.satb.sk\/index.php\/2021\/12\/22\/22-den-lux-aurumque\/","url_meta":{"origin":6075,"position":3},"title":"22. de\u0148: Lux Aurumque","date":"22 decembra, 2021","format":false,"excerpt":"Ke\u010f sa spoj\u00ed svetlo a zlato v jednej piesni.\u00a0 Ke\u010f si americk\u00fd skladate\u013e Eric Whitacre (*1970) pre\u010d\u00edtal kr\u00e1tku anglick\u00fa b\u00e1se\u0148 Light and Gold (Svetlo a Zlato), ostal o\u010daren\u00fd jej jednoduchos\u0165ou a eleganciou. Whitacre preto oslovil americk\u00e9ho b\u00e1snika Charlesa Anthonyho Silvestriho, aby toto kratu\u010dk\u00e9 dielo prelo\u017eil do latin\u010diny. Silvestri tak urobil\u2026","rel":"","context":"V &quot;ADVENTN\u00dd KALEND\u00c1R 2021&quot;","img":{"alt_text":"","src":"https:\/\/i0.wp.com\/www.satb.sk\/wp-content\/uploads\/2021\/12\/22.-Lux-Aurumque_AK21_web.png?fit=1200%2C450&ssl=1&resize=350%2C200","width":350,"height":200},"classes":[]},{"id":419,"url":"https:\/\/www.satb.sk\/index.php\/2018\/11\/30\/pripravte-sa-s-nami-na-vianoce\/","url_meta":{"origin":6075,"position":4},"title":"Pripravte sa s nami na Vianoce!","date":"30 novembra, 2018","format":false,"excerpt":"Vianoce sa u\u017e nepam\u00e4ti sp\u00e1jaj\u00fa s obdob\u00edm adventu. Ale ak\u00fd by to bol advent bez adventn\u00e9ho kalend\u00e1ra? Preto sme pre v\u00e1s pripravili ADVENTN\u00dd KALEND\u00c1R PRE SPEV\u00c1CKE ZBORY. A\u017e do Vianoc v\u00e1m ka\u017ed\u00fd de\u0148 predstav\u00edme na na\u0161ej str\u00e1nke jedno dielo\u00a0pre spev\u00e1cke zbory s viano\u010dnou t\u00e9matikou. N\u00e1\u0161 adventn\u00fd kalend\u00e1r bude obsahova\u0165 diela\u2026","rel":"","context":"V &quot;ADVENTN\u00dd KALEND\u00c1R 2018&quot;","img":{"alt_text":"","src":"https:\/\/i1.wp.com\/www.satb.sk\/wp-content\/uploads\/2018\/11\/ADVENT-SO-ZBOROM-1.png?fit=820%2C312&ssl=1&resize=350%2C200","width":350,"height":200},"classes":[]},{"id":449,"url":"https:\/\/www.satb.sk\/index.php\/2018\/12\/02\/2-den-a-jubilant-song\/","url_meta":{"origin":6075,"position":5},"title":"2. de\u0148: A Jubilant Song","date":"2 decembra, 2018","format":false,"excerpt":"V r\u00e1mci druh\u00e9ho d\u0148a adventn\u00e9ho kalend\u00e1ra v\u00e1m predstav\u00edme skladbu od Mary Lynn Lightfoot. A Jubilant Song. Skladate\u013eka Mary Lynn Lightfoot (1952) poch\u00e1dza z Missouri (USA) a tvorbe pre spev\u00e1cke zbory sa venuje u\u017e nieko\u013eko rokov. Na svojom konte m\u00e1 u\u017e viac ako 230 skomponovan\u00fdch diel a \u00faprav pre zbory. Medzi\u2026","rel":"","context":"V &quot;ADVENTN\u00dd KALEND\u00c1R 2018&quot;","img":{"alt_text":"","src":"https:\/\/i0.wp.com\/www.satb.sk\/wp-content\/uploads\/2018\/12\/1-1.png?fit=820%2C312&ssl=1&resize=350%2C200","width":350,"height":200},"classes":[]}],"_links":{"self":[{"href":"https:\/\/www.satb.sk\/index.php\/wp-json\/wp\/v2\/posts\/6075"}],"collection":[{"href":"https:\/\/www.satb.sk\/index.php\/wp-json\/wp\/v2\/posts"}],"about":[{"href":"https:\/\/www.satb.sk\/index.php\/wp-json\/wp\/v2\/types\/post"}],"author":[{"embeddable":true,"href":"https:\/\/www.satb.sk\/index.php\/wp-json\/wp\/v2\/users\/1"}],"replies":[{"embeddable":true,"href":"https:\/\/www.satb.sk\/index.php\/wp-json\/wp\/v2\/comments?post=6075"}],"version-history":[{"count":2,"href":"https:\/\/www.satb.sk\/index.php\/wp-json\/wp\/v2\/posts\/6075\/revisions"}],"predecessor-version":[{"id":6079,"href":"https:\/\/www.satb.sk\/index.php\/wp-json\/wp\/v2\/posts\/6075\/revisions\/6079"}],"wp:featuredmedia":[{"embeddable":true,"href":"https:\/\/www.satb.sk\/index.php\/wp-json\/wp\/v2\/media\/6078"}],"wp:attachment":[{"href":"https:\/\/www.satb.sk\/index.php\/wp-json\/wp\/v2\/media?parent=6075"}],"wp:term":[{"taxonomy":"category","embeddable":true,"href":"https:\/\/www.satb.sk\/index.php\/wp-json\/wp\/v2\/categories?post=6075"},{"taxonomy":"post_tag","embeddable":true,"href":"https:\/\/www.satb.sk\/index.php\/wp-json\/wp\/v2\/tags?post=6075"}],"curies":[{"name":"wp","href":"https:\/\/api.w.org\/{rel}","templated":true}]}}